{"id":5470,"date":"2010-03-15T18:00:00","date_gmt":"2010-03-15T18:00:00","guid":{"rendered":"https:\/\/www.fraczinet.cl\/sitio\/2010\/03\/15\/habitantes-de-dichato-tendran-acceso-a-telecentro-movil-cdi-chile-durante-esta-semana\/"},"modified":"2022-10-06T23:24:09","modified_gmt":"2022-10-06T23:24:09","slug":"habitantes-de-dichato-tendran-acceso-a-telecentro-movil-cdi-chile-durante-esta-semana","status":"publish","type":"post","link":"https:\/\/www.fraczinet.cl\/sitio\/2010\/03\/15\/habitantes-de-dichato-tendran-acceso-a-telecentro-movil-cdi-chile-durante-esta-semana\/","title":{"rendered":"Habitantes De Dichato Tendr\u00e1n Acceso A Telecentro M\u00f3vil CDI Chile Durante Esta Semana"},"content":{"rendered":"<div style=\"text-align: justify;\">La campa\u00f1a \u00abDona a quienes saben c\u00f3mo ayudar\u00bb, liderada por la ONG CDI Chile y que permite recorrer diversas localidades afectadas por el terremoto y maremoto del pasado s\u00e1bado 27 de febrero, a partir de hoy ofrecer\u00e1 cobertura a los habitantes de Dichato a trav\u00e9s de su Telecentro M\u00f3vil, equipado con 10 notebooks, conexi\u00f3n a internet y llamadas nacionales e internacionales gratuitas a red fija.<\/div>\n<div style=\"text-align: justify;\"><\/div>\n<div style=\"text-align: justify;\">Dicha parada es un pueblo costero perteneciente a la comuna de Tom\u00e9, ubicado a 40 kil\u00f3metros de Concepci\u00f3n, y que sufri\u00f3 graves consecuencias por los constantes sismos y el maremoto de hace algunas semanas.<\/div>\n<div style=\"text-align: justify;\"><\/div>\n<div style=\"text-align: justify;\">El objetivo all\u00ed es brindar conectividad a aquellas personas que viven moment\u00e1neamente en albergues de la zona y que no han logrado comunicarse con sus seres queridos, ya que lo han perdido todo.<\/div>\n<div style=\"text-align: justify;\"><\/div>\n<div style=\"text-align: justify;\">Algunos aportes recibidos por parte de CDI Chile y su campa\u00f1a provienen de Skype (donaci\u00f3n de llamadas nacionales e internacionales a red fija), Embajada de Canad\u00e1 (entidad que cubri\u00f3 la puesta en marcha y actividades de las dos primeras semanas del proyecto), TechSoup Global (red global de organizaciones sin fines de lucro vinculadas a la tecnolog\u00eda que ha apoyado por medio de la difusi\u00f3n el proyecto) y CDI Matriz (punto de encuentro de los CDI regionales presentes en Am\u00e9rica Latina y el Medio Oriente, el cual ofrece su ayuda en difusi\u00f3n).<\/div>\n<div style=\"text-align: justify;\"><\/div>\n<p><\/p>\n","protected":false},"excerpt":{"rendered":"<p>La campa\u00f1a \u00abDona a quienes saben c\u00f3mo ayudar\u00bb, liderada por la ONG CDI Chile y que permite recorrer diversas localidades afectadas por el terremoto y maremoto del pasado s\u00e1bado 27 de febrero, a partir de hoy ofrecer\u00e1 cobertura a los habitantes de Dichato a trav\u00e9s de su Telecentro M\u00f3vil, equipado con 10 notebooks, conexi\u00f3n a [&hellip;]<\/p>\n","protected":false},"author":1,"featured_media":0,"comment_status":"open","ping_status":"open","sticky":false,"template":"","format":"standard","meta":{"footnotes":""},"categories":[131],"tags":[],"class_list":["post-5470","post","type-post","status-publish","format-standard","hentry","category-politica"],"yoast_head":"<!-- This site is optimized with the Yoast SEO plugin v25.0 - https:\/\/yoast.com\/wordpress\/plugins\/seo\/ -->\n<title>Habitantes De Dichato Tendr\u00e1n Acceso A Telecentro M\u00f3vil CDI Chile Durante Esta Semana - Nuestro Bio B\u00edo<\/title>\n<meta name=\"robots\" content=\"index, follow, max-snippet:-1, max-image-preview:large, max-video-preview:-1\" \/>\n<link rel=\"canonical\" href=\"https:\/\/www.fraczinet.cl\/sitio\/2010\/03\/15\/habitantes-de-dichato-tendran-acceso-a-telecentro-movil-cdi-chile-durante-esta-semana\/\" \/>\n<meta property=\"og:locale\" content=\"es_ES\" \/>\n<meta property=\"og:type\" content=\"article\" \/>\n<meta property=\"og:title\" content=\"Habitantes De Dichato Tendr\u00e1n Acceso A Telecentro M\u00f3vil CDI Chile Durante Esta Semana - Nuestro Bio B\u00edo\" \/>\n<meta property=\"og:description\" content=\"La campa\u00f1a \u00abDona a quienes saben c\u00f3mo ayudar\u00bb, liderada por la ONG CDI Chile y que permite recorrer diversas localidades afectadas por el terremoto y maremoto del pasado s\u00e1bado 27 de febrero, a partir de hoy ofrecer\u00e1 cobertura a los habitantes de Dichato a trav\u00e9s de su Telecentro M\u00f3vil, equipado con 10 notebooks, conexi\u00f3n a [&hellip;]\" \/>\n<meta property=\"og:url\" content=\"https:\/\/www.fraczinet.cl\/sitio\/2010\/03\/15\/habitantes-de-dichato-tendran-acceso-a-telecentro-movil-cdi-chile-durante-esta-semana\/\" \/>\n<meta property=\"og:site_name\" content=\"Nuestro Bio B\u00edo\" \/>\n<meta property=\"article:published_time\" content=\"2010-03-15T18:00:00+00:00\" \/>\n<meta property=\"article:modified_time\" content=\"2022-10-06T23:24:09+00:00\" \/>\n<meta property=\"og:image\" content=\"https:\/\/www.fraczinet.cl\/sitio\/wp-content\/uploads\/2021\/07\/bannerlogo-1.gif\" \/>\n\t<meta property=\"og:image:width\" content=\"159\" \/>\n\t<meta property=\"og:image:height\" content=\"79\" \/>\n\t<meta property=\"og:image:type\" content=\"image\/gif\" \/>\n<meta name=\"author\" content=\"admin\" \/>\n<meta name=\"twitter:card\" content=\"summary_large_image\" \/>\n<meta name=\"twitter:creator\" content=\"@nuestrobiobio\" \/>\n<meta name=\"twitter:site\" content=\"@nuestrobiobio\" \/>\n<meta name=\"twitter:label1\" content=\"Escrito por\" \/>\n\t<meta name=\"twitter:data1\" content=\"admin\" \/>\n\t<meta name=\"twitter:label2\" content=\"Tiempo de lectura\" \/>\n\t<meta name=\"twitter:data2\" content=\"1 minuto\" \/>\n<script type=\"application\/ld+json\" class=\"yoast-schema-graph\">{\"@context\":\"https:\/\/schema.org\",\"@graph\":[{\"@type\":\"Article\",\"@id\":\"https:\/\/www.fraczinet.cl\/sitio\/2010\/03\/15\/habitantes-de-dichato-tendran-acceso-a-telecentro-movil-cdi-chile-durante-esta-semana\/#article\",\"isPartOf\":{\"@id\":\"https:\/\/www.fraczinet.cl\/sitio\/2010\/03\/15\/habitantes-de-dichato-tendran-acceso-a-telecentro-movil-cdi-chile-durante-esta-semana\/\"},\"author\":{\"name\":\"admin\",\"@id\":\"https:\/\/www.fraczinet.cl\/sitio\/#\/schema\/person\/bc30f98e9cb10ae7e119dbe14bc93784\"},\"headline\":\"Habitantes De Dichato Tendr\u00e1n Acceso A Telecentro M\u00f3vil CDI Chile Durante Esta Semana\",\"datePublished\":\"2010-03-15T18:00:00+00:00\",\"dateModified\":\"2022-10-06T23:24:09+00:00\",\"mainEntityOfPage\":{\"@id\":\"https:\/\/www.fraczinet.cl\/sitio\/2010\/03\/15\/habitantes-de-dichato-tendran-acceso-a-telecentro-movil-cdi-chile-durante-esta-semana\/\"},\"wordCount\":250,\"commentCount\":0,\"publisher\":{\"@id\":\"https:\/\/www.fraczinet.cl\/sitio\/#\/schema\/person\/aec8ee4da68df2b9b0eefdad24a0d582\"},\"articleSection\":[\"Pol\u00edtica\"],\"inLanguage\":\"es\",\"potentialAction\":[{\"@type\":\"CommentAction\",\"name\":\"Comment\",\"target\":[\"https:\/\/www.fraczinet.cl\/sitio\/2010\/03\/15\/habitantes-de-dichato-tendran-acceso-a-telecentro-movil-cdi-chile-durante-esta-semana\/#respond\"]}]},{\"@type\":\"WebPage\",\"@id\":\"https:\/\/www.fraczinet.cl\/sitio\/2010\/03\/15\/habitantes-de-dichato-tendran-acceso-a-telecentro-movil-cdi-chile-durante-esta-semana\/\",\"url\":\"https:\/\/www.fraczinet.cl\/sitio\/2010\/03\/15\/habitantes-de-dichato-tendran-acceso-a-telecentro-movil-cdi-chile-durante-esta-semana\/\",\"name\":\"Habitantes De Dichato Tendr\u00e1n Acceso A Telecentro M\u00f3vil CDI Chile Durante Esta Semana - Nuestro Bio B\u00edo\",\"isPartOf\":{\"@id\":\"https:\/\/www.fraczinet.cl\/sitio\/#website\"},\"datePublished\":\"2010-03-15T18:00:00+00:00\",\"dateModified\":\"2022-10-06T23:24:09+00:00\",\"breadcrumb\":{\"@id\":\"https:\/\/www.fraczinet.cl\/sitio\/2010\/03\/15\/habitantes-de-dichato-tendran-acceso-a-telecentro-movil-cdi-chile-durante-esta-semana\/#breadcrumb\"},\"inLanguage\":\"es\",\"potentialAction\":[{\"@type\":\"ReadAction\",\"target\":[\"https:\/\/www.fraczinet.cl\/sitio\/2010\/03\/15\/habitantes-de-dichato-tendran-acceso-a-telecentro-movil-cdi-chile-durante-esta-semana\/\"]}]},{\"@type\":\"BreadcrumbList\",\"@id\":\"https:\/\/www.fraczinet.cl\/sitio\/2010\/03\/15\/habitantes-de-dichato-tendran-acceso-a-telecentro-movil-cdi-chile-durante-esta-semana\/#breadcrumb\",\"itemListElement\":[{\"@type\":\"ListItem\",\"position\":1,\"name\":\"Portada\",\"item\":\"https:\/\/www.fraczinet.cl\/sitio\/\"},{\"@type\":\"ListItem\",\"position\":2,\"name\":\"Habitantes De Dichato Tendr\u00e1n Acceso A Telecentro M\u00f3vil CDI Chile Durante Esta Semana\"}]},{\"@type\":\"WebSite\",\"@id\":\"https:\/\/www.fraczinet.cl\/sitio\/#website\",\"url\":\"https:\/\/www.fraczinet.cl\/sitio\/\",\"name\":\"Nuestro Bio B\u00edo\",\"description\":\"Tierra de Encuentros\",\"publisher\":{\"@id\":\"https:\/\/www.fraczinet.cl\/sitio\/#\/schema\/person\/aec8ee4da68df2b9b0eefdad24a0d582\"},\"potentialAction\":[{\"@type\":\"SearchAction\",\"target\":{\"@type\":\"EntryPoint\",\"urlTemplate\":\"https:\/\/www.fraczinet.cl\/sitio\/?s={search_term_string}\"},\"query-input\":{\"@type\":\"PropertyValueSpecification\",\"valueRequired\":true,\"valueName\":\"search_term_string\"}}],\"inLanguage\":\"es\"},{\"@type\":[\"Person\",\"Organization\"],\"@id\":\"https:\/\/www.fraczinet.cl\/sitio\/#\/schema\/person\/aec8ee4da68df2b9b0eefdad24a0d582\",\"name\":\"Luis Fernando Fraczinet\",\"image\":{\"@type\":\"ImageObject\",\"inLanguage\":\"es\",\"@id\":\"https:\/\/www.fraczinet.cl\/sitio\/#\/schema\/person\/image\/\",\"url\":\"https:\/\/www.fraczinet.cl\/sitio\/wp-content\/uploads\/2021\/07\/bannerlogo-1.gif\",\"contentUrl\":\"https:\/\/www.fraczinet.cl\/sitio\/wp-content\/uploads\/2021\/07\/bannerlogo-1.gif\",\"width\":159,\"height\":79,\"caption\":\"Luis Fernando Fraczinet\"},\"logo\":{\"@id\":\"https:\/\/www.fraczinet.cl\/sitio\/#\/schema\/person\/image\/\"},\"sameAs\":[\"https:\/\/www.fraczinet.cl\/sitio\/\"]},{\"@type\":\"Person\",\"@id\":\"https:\/\/www.fraczinet.cl\/sitio\/#\/schema\/person\/bc30f98e9cb10ae7e119dbe14bc93784\",\"name\":\"admin\",\"image\":{\"@type\":\"ImageObject\",\"inLanguage\":\"es\",\"@id\":\"https:\/\/www.fraczinet.cl\/sitio\/#\/schema\/person\/image\/\",\"url\":\"https:\/\/secure.gravatar.com\/avatar\/d5ad3cf7ef3b23a2bb5be73be780c86b2fc8545c3ad6b149f3913ff458c00099?s=96&d=mm&r=g\",\"contentUrl\":\"https:\/\/secure.gravatar.com\/avatar\/d5ad3cf7ef3b23a2bb5be73be780c86b2fc8545c3ad6b149f3913ff458c00099?s=96&d=mm&r=g\",\"caption\":\"admin\"},\"sameAs\":[\"https:\/\/www.fraczinet.cl\/sitio\"]}]}<\/script>\n<!-- \/ Yoast SEO plugin. -->","yoast_head_json":{"title":"Habitantes De Dichato Tendr\u00e1n Acceso A Telecentro M\u00f3vil CDI Chile Durante Esta Semana - Nuestro Bio B\u00edo","robots":{"index":"index","follow":"follow","max-snippet":"max-snippet:-1","max-image-preview":"max-image-preview:large","max-video-preview":"max-video-preview:-1"},"canonical":"https:\/\/www.fraczinet.cl\/sitio\/2010\/03\/15\/habitantes-de-dichato-tendran-acceso-a-telecentro-movil-cdi-chile-durante-esta-semana\/","og_locale":"es_ES","og_type":"article","og_title":"Habitantes De Dichato Tendr\u00e1n Acceso A Telecentro M\u00f3vil CDI Chile Durante Esta Semana - Nuestro Bio B\u00edo","og_description":"La campa\u00f1a \u00abDona a quienes saben c\u00f3mo ayudar\u00bb, liderada por la ONG CDI Chile y que permite recorrer diversas localidades afectadas por el terremoto y maremoto del pasado s\u00e1bado 27 de febrero, a partir de hoy ofrecer\u00e1 cobertura a los habitantes de Dichato a trav\u00e9s de su Telecentro M\u00f3vil, equipado con 10 notebooks, conexi\u00f3n a [&hellip;]","og_url":"https:\/\/www.fraczinet.cl\/sitio\/2010\/03\/15\/habitantes-de-dichato-tendran-acceso-a-telecentro-movil-cdi-chile-durante-esta-semana\/","og_site_name":"Nuestro Bio B\u00edo","article_published_time":"2010-03-15T18:00:00+00:00","article_modified_time":"2022-10-06T23:24:09+00:00","og_image":[{"width":159,"height":79,"url":"https:\/\/www.fraczinet.cl\/sitio\/wp-content\/uploads\/2021\/07\/bannerlogo-1.gif","type":"image\/gif"}],"author":"admin","twitter_card":"summary_large_image","twitter_creator":"@nuestrobiobio","twitter_site":"@nuestrobiobio","twitter_misc":{"Escrito por":"admin","Tiempo de lectura":"1 minuto"},"schema":{"@context":"https:\/\/schema.org","@graph":[{"@type":"Article","@id":"https:\/\/www.fraczinet.cl\/sitio\/2010\/03\/15\/habitantes-de-dichato-tendran-acceso-a-telecentro-movil-cdi-chile-durante-esta-semana\/#article","isPartOf":{"@id":"https:\/\/www.fraczinet.cl\/sitio\/2010\/03\/15\/habitantes-de-dichato-tendran-acceso-a-telecentro-movil-cdi-chile-durante-esta-semana\/"},"author":{"name":"admin","@id":"https:\/\/www.fraczinet.cl\/sitio\/#\/schema\/person\/bc30f98e9cb10ae7e119dbe14bc93784"},"headline":"Habitantes De Dichato Tendr\u00e1n Acceso A Telecentro M\u00f3vil CDI Chile Durante Esta Semana","datePublished":"2010-03-15T18:00:00+00:00","dateModified":"2022-10-06T23:24:09+00:00","mainEntityOfPage":{"@id":"https:\/\/www.fraczinet.cl\/sitio\/2010\/03\/15\/habitantes-de-dichato-tendran-acceso-a-telecentro-movil-cdi-chile-durante-esta-semana\/"},"wordCount":250,"commentCount":0,"publisher":{"@id":"https:\/\/www.fraczinet.cl\/sitio\/#\/schema\/person\/aec8ee4da68df2b9b0eefdad24a0d582"},"articleSection":["Pol\u00edtica"],"inLanguage":"es","potentialAction":[{"@type":"CommentAction","name":"Comment","target":["https:\/\/www.fraczinet.cl\/sitio\/2010\/03\/15\/habitantes-de-dichato-tendran-acceso-a-telecentro-movil-cdi-chile-durante-esta-semana\/#respond"]}]},{"@type":"WebPage","@id":"https:\/\/www.fraczinet.cl\/sitio\/2010\/03\/15\/habitantes-de-dichato-tendran-acceso-a-telecentro-movil-cdi-chile-durante-esta-semana\/","url":"https:\/\/www.fraczinet.cl\/sitio\/2010\/03\/15\/habitantes-de-dichato-tendran-acceso-a-telecentro-movil-cdi-chile-durante-esta-semana\/","name":"Habitantes De Dichato Tendr\u00e1n Acceso A Telecentro M\u00f3vil CDI Chile Durante Esta Semana - Nuestro Bio B\u00edo","isPartOf":{"@id":"https:\/\/www.fraczinet.cl\/sitio\/#website"},"datePublished":"2010-03-15T18:00:00+00:00","dateModified":"2022-10-06T23:24:09+00:00","breadcrumb":{"@id":"https:\/\/www.fraczinet.cl\/sitio\/2010\/03\/15\/habitantes-de-dichato-tendran-acceso-a-telecentro-movil-cdi-chile-durante-esta-semana\/#breadcrumb"},"inLanguage":"es","potentialAction":[{"@type":"ReadAction","target":["https:\/\/www.fraczinet.cl\/sitio\/2010\/03\/15\/habitantes-de-dichato-tendran-acceso-a-telecentro-movil-cdi-chile-durante-esta-semana\/"]}]},{"@type":"BreadcrumbList","@id":"https:\/\/www.fraczinet.cl\/sitio\/2010\/03\/15\/habitantes-de-dichato-tendran-acceso-a-telecentro-movil-cdi-chile-durante-esta-semana\/#breadcrumb","itemListElement":[{"@type":"ListItem","position":1,"name":"Portada","item":"https:\/\/www.fraczinet.cl\/sitio\/"},{"@type":"ListItem","position":2,"name":"Habitantes De Dichato Tendr\u00e1n Acceso A Telecentro M\u00f3vil CDI Chile Durante Esta Semana"}]},{"@type":"WebSite","@id":"https:\/\/www.fraczinet.cl\/sitio\/#website","url":"https:\/\/www.fraczinet.cl\/sitio\/","name":"Nuestro Bio B\u00edo","description":"Tierra de Encuentros","publisher":{"@id":"https:\/\/www.fraczinet.cl\/sitio\/#\/schema\/person\/aec8ee4da68df2b9b0eefdad24a0d582"},"potentialAction":[{"@type":"SearchAction","target":{"@type":"EntryPoint","urlTemplate":"https:\/\/www.fraczinet.cl\/sitio\/?s={search_term_string}"},"query-input":{"@type":"PropertyValueSpecification","valueRequired":true,"valueName":"search_term_string"}}],"inLanguage":"es"},{"@type":["Person","Organization"],"@id":"https:\/\/www.fraczinet.cl\/sitio\/#\/schema\/person\/aec8ee4da68df2b9b0eefdad24a0d582","name":"Luis Fernando Fraczinet","image":{"@type":"ImageObject","inLanguage":"es","@id":"https:\/\/www.fraczinet.cl\/sitio\/#\/schema\/person\/image\/","url":"https:\/\/www.fraczinet.cl\/sitio\/wp-content\/uploads\/2021\/07\/bannerlogo-1.gif","contentUrl":"https:\/\/www.fraczinet.cl\/sitio\/wp-content\/uploads\/2021\/07\/bannerlogo-1.gif","width":159,"height":79,"caption":"Luis Fernando Fraczinet"},"logo":{"@id":"https:\/\/www.fraczinet.cl\/sitio\/#\/schema\/person\/image\/"},"sameAs":["https:\/\/www.fraczinet.cl\/sitio\/"]},{"@type":"Person","@id":"https:\/\/www.fraczinet.cl\/sitio\/#\/schema\/person\/bc30f98e9cb10ae7e119dbe14bc93784","name":"admin","image":{"@type":"ImageObject","inLanguage":"es","@id":"https:\/\/www.fraczinet.cl\/sitio\/#\/schema\/person\/image\/","url":"https:\/\/secure.gravatar.com\/avatar\/d5ad3cf7ef3b23a2bb5be73be780c86b2fc8545c3ad6b149f3913ff458c00099?s=96&d=mm&r=g","contentUrl":"https:\/\/secure.gravatar.com\/avatar\/d5ad3cf7ef3b23a2bb5be73be780c86b2fc8545c3ad6b149f3913ff458c00099?s=96&d=mm&r=g","caption":"admin"},"sameAs":["https:\/\/www.fraczinet.cl\/sitio"]}]}},"_links":{"self":[{"href":"https:\/\/www.fraczinet.cl\/sitio\/wp-json\/wp\/v2\/posts\/5470","targetHints":{"allow":["GET"]}}],"collection":[{"href":"https:\/\/www.fraczinet.cl\/sitio\/wp-json\/wp\/v2\/posts"}],"about":[{"href":"https:\/\/www.fraczinet.cl\/sitio\/wp-json\/wp\/v2\/types\/post"}],"author":[{"embeddable":true,"href":"https:\/\/www.fraczinet.cl\/sitio\/wp-json\/wp\/v2\/users\/1"}],"replies":[{"embeddable":true,"href":"https:\/\/www.fraczinet.cl\/sitio\/wp-json\/wp\/v2\/comments?post=5470"}],"version-history":[{"count":1,"href":"https:\/\/www.fraczinet.cl\/sitio\/wp-json\/wp\/v2\/posts\/5470\/revisions"}],"predecessor-version":[{"id":14362,"href":"https:\/\/www.fraczinet.cl\/sitio\/wp-json\/wp\/v2\/posts\/5470\/revisions\/14362"}],"wp:attachment":[{"href":"https:\/\/www.fraczinet.cl\/sitio\/wp-json\/wp\/v2\/media?parent=5470"}],"wp:term":[{"taxonomy":"category","embeddable":true,"href":"https:\/\/www.fraczinet.cl\/sitio\/wp-json\/wp\/v2\/categories?post=5470"},{"taxonomy":"post_tag","embeddable":true,"href":"https:\/\/www.fraczinet.cl\/sitio\/wp-json\/wp\/v2\/tags?post=5470"}],"curies":[{"name":"wp","href":"https:\/\/api.w.org\/{rel}","templated":true}]}}