{"id":5507,"date":"2010-02-26T17:31:00","date_gmt":"2010-02-26T17:31:00","guid":{"rendered":"https:\/\/www.fraczinet.cl\/sitio\/2010\/02\/26\/ballet-de-la-corporacion-sinfonica-de-concepcion\/"},"modified":"2010-02-26T17:31:00","modified_gmt":"2010-02-26T17:31:00","slug":"ballet-de-la-corporacion-sinfonica-de-concepcion","status":"publish","type":"post","link":"https:\/\/www.fraczinet.cl\/sitio\/2010\/02\/26\/ballet-de-la-corporacion-sinfonica-de-concepcion\/","title":{"rendered":"Ballet De La Corporaci\u00f3n Sinf\u00f3nica De Concepci\u00f3n"},"content":{"rendered":"<div style=\"text-align: justify;\">El Ballet Folkl\u00f3rico Latinoamericano de la Corporaci\u00f3n Sinf\u00f3nica de Concepci\u00f3n nace en el a\u00f1o 1994, con el prop\u00f3sito de satisfacer las necesidades de expresi\u00f3n art\u00edstica de la comunidad penquista. Sus integrantes, j\u00f3venes entre 15 y 25 a\u00f1os, deleitan en cada una de sus presentaciones con toda la gracia, la alegr\u00eda y el talento que los caracteriza.<\/div>\n<div style=\"text-align: justify;\"><\/div>\n<div style=\"text-align: justify;\">Desde el a\u00f1o 2000 en adelante, el Grupo ha innovado en su desarrollo art\u00edstico, logrando cambiar su esquema de danzas chilenas a Ballet de Danzas Folkl\u00f3ricas Latinoamericanas. En la actualidad su l\u00ednea de trabajo est\u00e1 basada principalmente en el estilo Ballet Folkl\u00f3rico.<\/div>\n<div style=\"text-align: justify;\"><\/div>\n<div style=\"text-align: justify;\">Actualmente su Director y Core\u00f3grafo es el destacado bailar\u00edn Cesar Parada Mar\u00edn, quien ha impulsado al grupo a emprender nuevos e interesantes desaf\u00edos art\u00edsticos que han sido ejecutados con gran profesionalismo y destreza por los integrantes del ballet.<\/div>\n<div style=\"text-align: justify;\"><\/div>\n<div style=\"text-align: justify;\">En sus 14 a\u00f1os de trayectoria, han desarrollado con esfuerzo, constancias y mucha creatividad una variada gama de estilos representativos de nuestra Am\u00e9rica Morena con todo el colorido y la belleza que caracteriza a esta hermosa disciplina.<\/div>\n<div style=\"text-align: justify;\"><\/div>\n<div style=\"text-align: justify;\">El ballet se presenta este s\u00e1bado en el Parque Alessandri, lea la nota en: <a href=\"http:\/\/nuestrobiobio.blogspot.com\/2010\/02\/musica-y-danza-latinoamericana-en-los.html\">http:\/\/nuestrobiobio.blogspot.com\/2010\/02\/musica-y-danza-latinoamericana-en-los.html<\/a><\/div>\n","protected":false},"excerpt":{"rendered":"<p>El Ballet Folkl\u00f3rico Latinoamericano de la Corporaci\u00f3n Sinf\u00f3nica de Concepci\u00f3n nace en el a\u00f1o 1994, con el prop\u00f3sito de satisfacer las necesidades de expresi\u00f3n art\u00edstica de la comunidad penquista. Sus integrantes, j\u00f3venes entre 15 y 25 a\u00f1os, deleitan en cada una de sus presentaciones con toda la gracia, la alegr\u00eda y el talento que los [&hellip;]<\/p>\n","protected":false},"author":1,"featured_media":0,"comment_status":"open","ping_status":"open","sticky":false,"template":"","format":"standard","meta":{"footnotes":""},"categories":[212],"tags":[],"class_list":["post-5507","post","type-post","status-publish","format-standard","hentry","category-danza"],"yoast_head":"<!-- This site is optimized with the Yoast SEO plugin v25.0 - https:\/\/yoast.com\/wordpress\/plugins\/seo\/ -->\n<title>Ballet De La Corporaci\u00f3n Sinf\u00f3nica De Concepci\u00f3n - Nuestro Bio B\u00edo<\/title>\n<meta name=\"robots\" content=\"index, follow, max-snippet:-1, max-image-preview:large, max-video-preview:-1\" \/>\n<link rel=\"canonical\" href=\"https:\/\/www.fraczinet.cl\/sitio\/2010\/02\/26\/ballet-de-la-corporacion-sinfonica-de-concepcion\/\" \/>\n<meta property=\"og:locale\" content=\"es_ES\" \/>\n<meta property=\"og:type\" content=\"article\" \/>\n<meta property=\"og:title\" content=\"Ballet De La Corporaci\u00f3n Sinf\u00f3nica De Concepci\u00f3n - Nuestro Bio B\u00edo\" \/>\n<meta property=\"og:description\" content=\"El Ballet Folkl\u00f3rico Latinoamericano de la Corporaci\u00f3n Sinf\u00f3nica de Concepci\u00f3n nace en el a\u00f1o 1994, con el prop\u00f3sito de satisfacer las necesidades de expresi\u00f3n art\u00edstica de la comunidad penquista. Sus integrantes, j\u00f3venes entre 15 y 25 a\u00f1os, deleitan en cada una de sus presentaciones con toda la gracia, la alegr\u00eda y el talento que los [&hellip;]\" \/>\n<meta property=\"og:url\" content=\"https:\/\/www.fraczinet.cl\/sitio\/2010\/02\/26\/ballet-de-la-corporacion-sinfonica-de-concepcion\/\" \/>\n<meta property=\"og:site_name\" content=\"Nuestro Bio B\u00edo\" \/>\n<meta property=\"article:published_time\" content=\"2010-02-26T17:31:00+00:00\" \/>\n<meta property=\"og:image\" content=\"https:\/\/www.fraczinet.cl\/sitio\/wp-content\/uploads\/2021\/07\/bannerlogo-1.gif\" \/>\n\t<meta property=\"og:image:width\" content=\"159\" \/>\n\t<meta property=\"og:image:height\" content=\"79\" \/>\n\t<meta property=\"og:image:type\" content=\"image\/gif\" \/>\n<meta name=\"author\" content=\"admin\" \/>\n<meta name=\"twitter:card\" content=\"summary_large_image\" \/>\n<meta name=\"twitter:creator\" content=\"@nuestrobiobio\" \/>\n<meta name=\"twitter:site\" content=\"@nuestrobiobio\" \/>\n<meta name=\"twitter:label1\" content=\"Escrito por\" \/>\n\t<meta name=\"twitter:data1\" content=\"admin\" \/>\n\t<meta name=\"twitter:label2\" content=\"Tiempo de lectura\" \/>\n\t<meta name=\"twitter:data2\" content=\"1 minuto\" \/>\n<script type=\"application\/ld+json\" class=\"yoast-schema-graph\">{\"@context\":\"https:\/\/schema.org\",\"@graph\":[{\"@type\":\"Article\",\"@id\":\"https:\/\/www.fraczinet.cl\/sitio\/2010\/02\/26\/ballet-de-la-corporacion-sinfonica-de-concepcion\/#article\",\"isPartOf\":{\"@id\":\"https:\/\/www.fraczinet.cl\/sitio\/2010\/02\/26\/ballet-de-la-corporacion-sinfonica-de-concepcion\/\"},\"author\":{\"name\":\"admin\",\"@id\":\"https:\/\/www.fraczinet.cl\/sitio\/#\/schema\/person\/bc30f98e9cb10ae7e119dbe14bc93784\"},\"headline\":\"Ballet De La Corporaci\u00f3n Sinf\u00f3nica De Concepci\u00f3n\",\"datePublished\":\"2010-02-26T17:31:00+00:00\",\"mainEntityOfPage\":{\"@id\":\"https:\/\/www.fraczinet.cl\/sitio\/2010\/02\/26\/ballet-de-la-corporacion-sinfonica-de-concepcion\/\"},\"wordCount\":222,\"commentCount\":0,\"publisher\":{\"@id\":\"https:\/\/www.fraczinet.cl\/sitio\/#\/schema\/person\/aec8ee4da68df2b9b0eefdad24a0d582\"},\"articleSection\":[\"Danza\"],\"inLanguage\":\"es\",\"potentialAction\":[{\"@type\":\"CommentAction\",\"name\":\"Comment\",\"target\":[\"https:\/\/www.fraczinet.cl\/sitio\/2010\/02\/26\/ballet-de-la-corporacion-sinfonica-de-concepcion\/#respond\"]}]},{\"@type\":\"WebPage\",\"@id\":\"https:\/\/www.fraczinet.cl\/sitio\/2010\/02\/26\/ballet-de-la-corporacion-sinfonica-de-concepcion\/\",\"url\":\"https:\/\/www.fraczinet.cl\/sitio\/2010\/02\/26\/ballet-de-la-corporacion-sinfonica-de-concepcion\/\",\"name\":\"Ballet De La Corporaci\u00f3n Sinf\u00f3nica De Concepci\u00f3n - Nuestro Bio B\u00edo\",\"isPartOf\":{\"@id\":\"https:\/\/www.fraczinet.cl\/sitio\/#website\"},\"datePublished\":\"2010-02-26T17:31:00+00:00\",\"breadcrumb\":{\"@id\":\"https:\/\/www.fraczinet.cl\/sitio\/2010\/02\/26\/ballet-de-la-corporacion-sinfonica-de-concepcion\/#breadcrumb\"},\"inLanguage\":\"es\",\"potentialAction\":[{\"@type\":\"ReadAction\",\"target\":[\"https:\/\/www.fraczinet.cl\/sitio\/2010\/02\/26\/ballet-de-la-corporacion-sinfonica-de-concepcion\/\"]}]},{\"@type\":\"BreadcrumbList\",\"@id\":\"https:\/\/www.fraczinet.cl\/sitio\/2010\/02\/26\/ballet-de-la-corporacion-sinfonica-de-concepcion\/#breadcrumb\",\"itemListElement\":[{\"@type\":\"ListItem\",\"position\":1,\"name\":\"Portada\",\"item\":\"https:\/\/www.fraczinet.cl\/sitio\/\"},{\"@type\":\"ListItem\",\"position\":2,\"name\":\"Ballet De La Corporaci\u00f3n Sinf\u00f3nica De Concepci\u00f3n\"}]},{\"@type\":\"WebSite\",\"@id\":\"https:\/\/www.fraczinet.cl\/sitio\/#website\",\"url\":\"https:\/\/www.fraczinet.cl\/sitio\/\",\"name\":\"Nuestro Bio B\u00edo\",\"description\":\"Tierra de Encuentros\",\"publisher\":{\"@id\":\"https:\/\/www.fraczinet.cl\/sitio\/#\/schema\/person\/aec8ee4da68df2b9b0eefdad24a0d582\"},\"potentialAction\":[{\"@type\":\"SearchAction\",\"target\":{\"@type\":\"EntryPoint\",\"urlTemplate\":\"https:\/\/www.fraczinet.cl\/sitio\/?s={search_term_string}\"},\"query-input\":{\"@type\":\"PropertyValueSpecification\",\"valueRequired\":true,\"valueName\":\"search_term_string\"}}],\"inLanguage\":\"es\"},{\"@type\":[\"Person\",\"Organization\"],\"@id\":\"https:\/\/www.fraczinet.cl\/sitio\/#\/schema\/person\/aec8ee4da68df2b9b0eefdad24a0d582\",\"name\":\"Luis Fernando Fraczinet\",\"image\":{\"@type\":\"ImageObject\",\"inLanguage\":\"es\",\"@id\":\"https:\/\/www.fraczinet.cl\/sitio\/#\/schema\/person\/image\/\",\"url\":\"https:\/\/www.fraczinet.cl\/sitio\/wp-content\/uploads\/2021\/07\/bannerlogo-1.gif\",\"contentUrl\":\"https:\/\/www.fraczinet.cl\/sitio\/wp-content\/uploads\/2021\/07\/bannerlogo-1.gif\",\"width\":159,\"height\":79,\"caption\":\"Luis Fernando Fraczinet\"},\"logo\":{\"@id\":\"https:\/\/www.fraczinet.cl\/sitio\/#\/schema\/person\/image\/\"},\"sameAs\":[\"https:\/\/www.fraczinet.cl\/sitio\/\"]},{\"@type\":\"Person\",\"@id\":\"https:\/\/www.fraczinet.cl\/sitio\/#\/schema\/person\/bc30f98e9cb10ae7e119dbe14bc93784\",\"name\":\"admin\",\"image\":{\"@type\":\"ImageObject\",\"inLanguage\":\"es\",\"@id\":\"https:\/\/www.fraczinet.cl\/sitio\/#\/schema\/person\/image\/\",\"url\":\"https:\/\/secure.gravatar.com\/avatar\/d5ad3cf7ef3b23a2bb5be73be780c86b2fc8545c3ad6b149f3913ff458c00099?s=96&d=mm&r=g\",\"contentUrl\":\"https:\/\/secure.gravatar.com\/avatar\/d5ad3cf7ef3b23a2bb5be73be780c86b2fc8545c3ad6b149f3913ff458c00099?s=96&d=mm&r=g\",\"caption\":\"admin\"},\"sameAs\":[\"https:\/\/www.fraczinet.cl\/sitio\"]}]}<\/script>\n<!-- \/ Yoast SEO plugin. -->","yoast_head_json":{"title":"Ballet De La Corporaci\u00f3n Sinf\u00f3nica De Concepci\u00f3n - Nuestro Bio B\u00edo","robots":{"index":"index","follow":"follow","max-snippet":"max-snippet:-1","max-image-preview":"max-image-preview:large","max-video-preview":"max-video-preview:-1"},"canonical":"https:\/\/www.fraczinet.cl\/sitio\/2010\/02\/26\/ballet-de-la-corporacion-sinfonica-de-concepcion\/","og_locale":"es_ES","og_type":"article","og_title":"Ballet De La Corporaci\u00f3n Sinf\u00f3nica De Concepci\u00f3n - Nuestro Bio B\u00edo","og_description":"El Ballet Folkl\u00f3rico Latinoamericano de la Corporaci\u00f3n Sinf\u00f3nica de Concepci\u00f3n nace en el a\u00f1o 1994, con el prop\u00f3sito de satisfacer las necesidades de expresi\u00f3n art\u00edstica de la comunidad penquista. Sus integrantes, j\u00f3venes entre 15 y 25 a\u00f1os, deleitan en cada una de sus presentaciones con toda la gracia, la alegr\u00eda y el talento que los [&hellip;]","og_url":"https:\/\/www.fraczinet.cl\/sitio\/2010\/02\/26\/ballet-de-la-corporacion-sinfonica-de-concepcion\/","og_site_name":"Nuestro Bio B\u00edo","article_published_time":"2010-02-26T17:31:00+00:00","og_image":[{"width":159,"height":79,"url":"https:\/\/www.fraczinet.cl\/sitio\/wp-content\/uploads\/2021\/07\/bannerlogo-1.gif","type":"image\/gif"}],"author":"admin","twitter_card":"summary_large_image","twitter_creator":"@nuestrobiobio","twitter_site":"@nuestrobiobio","twitter_misc":{"Escrito por":"admin","Tiempo de lectura":"1 minuto"},"schema":{"@context":"https:\/\/schema.org","@graph":[{"@type":"Article","@id":"https:\/\/www.fraczinet.cl\/sitio\/2010\/02\/26\/ballet-de-la-corporacion-sinfonica-de-concepcion\/#article","isPartOf":{"@id":"https:\/\/www.fraczinet.cl\/sitio\/2010\/02\/26\/ballet-de-la-corporacion-sinfonica-de-concepcion\/"},"author":{"name":"admin","@id":"https:\/\/www.fraczinet.cl\/sitio\/#\/schema\/person\/bc30f98e9cb10ae7e119dbe14bc93784"},"headline":"Ballet De La Corporaci\u00f3n Sinf\u00f3nica De Concepci\u00f3n","datePublished":"2010-02-26T17:31:00+00:00","mainEntityOfPage":{"@id":"https:\/\/www.fraczinet.cl\/sitio\/2010\/02\/26\/ballet-de-la-corporacion-sinfonica-de-concepcion\/"},"wordCount":222,"commentCount":0,"publisher":{"@id":"https:\/\/www.fraczinet.cl\/sitio\/#\/schema\/person\/aec8ee4da68df2b9b0eefdad24a0d582"},"articleSection":["Danza"],"inLanguage":"es","potentialAction":[{"@type":"CommentAction","name":"Comment","target":["https:\/\/www.fraczinet.cl\/sitio\/2010\/02\/26\/ballet-de-la-corporacion-sinfonica-de-concepcion\/#respond"]}]},{"@type":"WebPage","@id":"https:\/\/www.fraczinet.cl\/sitio\/2010\/02\/26\/ballet-de-la-corporacion-sinfonica-de-concepcion\/","url":"https:\/\/www.fraczinet.cl\/sitio\/2010\/02\/26\/ballet-de-la-corporacion-sinfonica-de-concepcion\/","name":"Ballet De La Corporaci\u00f3n Sinf\u00f3nica De Concepci\u00f3n - Nuestro Bio B\u00edo","isPartOf":{"@id":"https:\/\/www.fraczinet.cl\/sitio\/#website"},"datePublished":"2010-02-26T17:31:00+00:00","breadcrumb":{"@id":"https:\/\/www.fraczinet.cl\/sitio\/2010\/02\/26\/ballet-de-la-corporacion-sinfonica-de-concepcion\/#breadcrumb"},"inLanguage":"es","potentialAction":[{"@type":"ReadAction","target":["https:\/\/www.fraczinet.cl\/sitio\/2010\/02\/26\/ballet-de-la-corporacion-sinfonica-de-concepcion\/"]}]},{"@type":"BreadcrumbList","@id":"https:\/\/www.fraczinet.cl\/sitio\/2010\/02\/26\/ballet-de-la-corporacion-sinfonica-de-concepcion\/#breadcrumb","itemListElement":[{"@type":"ListItem","position":1,"name":"Portada","item":"https:\/\/www.fraczinet.cl\/sitio\/"},{"@type":"ListItem","position":2,"name":"Ballet De La Corporaci\u00f3n Sinf\u00f3nica De Concepci\u00f3n"}]},{"@type":"WebSite","@id":"https:\/\/www.fraczinet.cl\/sitio\/#website","url":"https:\/\/www.fraczinet.cl\/sitio\/","name":"Nuestro Bio B\u00edo","description":"Tierra de Encuentros","publisher":{"@id":"https:\/\/www.fraczinet.cl\/sitio\/#\/schema\/person\/aec8ee4da68df2b9b0eefdad24a0d582"},"potentialAction":[{"@type":"SearchAction","target":{"@type":"EntryPoint","urlTemplate":"https:\/\/www.fraczinet.cl\/sitio\/?s={search_term_string}"},"query-input":{"@type":"PropertyValueSpecification","valueRequired":true,"valueName":"search_term_string"}}],"inLanguage":"es"},{"@type":["Person","Organization"],"@id":"https:\/\/www.fraczinet.cl\/sitio\/#\/schema\/person\/aec8ee4da68df2b9b0eefdad24a0d582","name":"Luis Fernando Fraczinet","image":{"@type":"ImageObject","inLanguage":"es","@id":"https:\/\/www.fraczinet.cl\/sitio\/#\/schema\/person\/image\/","url":"https:\/\/www.fraczinet.cl\/sitio\/wp-content\/uploads\/2021\/07\/bannerlogo-1.gif","contentUrl":"https:\/\/www.fraczinet.cl\/sitio\/wp-content\/uploads\/2021\/07\/bannerlogo-1.gif","width":159,"height":79,"caption":"Luis Fernando Fraczinet"},"logo":{"@id":"https:\/\/www.fraczinet.cl\/sitio\/#\/schema\/person\/image\/"},"sameAs":["https:\/\/www.fraczinet.cl\/sitio\/"]},{"@type":"Person","@id":"https:\/\/www.fraczinet.cl\/sitio\/#\/schema\/person\/bc30f98e9cb10ae7e119dbe14bc93784","name":"admin","image":{"@type":"ImageObject","inLanguage":"es","@id":"https:\/\/www.fraczinet.cl\/sitio\/#\/schema\/person\/image\/","url":"https:\/\/secure.gravatar.com\/avatar\/d5ad3cf7ef3b23a2bb5be73be780c86b2fc8545c3ad6b149f3913ff458c00099?s=96&d=mm&r=g","contentUrl":"https:\/\/secure.gravatar.com\/avatar\/d5ad3cf7ef3b23a2bb5be73be780c86b2fc8545c3ad6b149f3913ff458c00099?s=96&d=mm&r=g","caption":"admin"},"sameAs":["https:\/\/www.fraczinet.cl\/sitio"]}]}},"_links":{"self":[{"href":"https:\/\/www.fraczinet.cl\/sitio\/wp-json\/wp\/v2\/posts\/5507","targetHints":{"allow":["GET"]}}],"collection":[{"href":"https:\/\/www.fraczinet.cl\/sitio\/wp-json\/wp\/v2\/posts"}],"about":[{"href":"https:\/\/www.fraczinet.cl\/sitio\/wp-json\/wp\/v2\/types\/post"}],"author":[{"embeddable":true,"href":"https:\/\/www.fraczinet.cl\/sitio\/wp-json\/wp\/v2\/users\/1"}],"replies":[{"embeddable":true,"href":"https:\/\/www.fraczinet.cl\/sitio\/wp-json\/wp\/v2\/comments?post=5507"}],"version-history":[{"count":0,"href":"https:\/\/www.fraczinet.cl\/sitio\/wp-json\/wp\/v2\/posts\/5507\/revisions"}],"wp:attachment":[{"href":"https:\/\/www.fraczinet.cl\/sitio\/wp-json\/wp\/v2\/media?parent=5507"}],"wp:term":[{"taxonomy":"category","embeddable":true,"href":"https:\/\/www.fraczinet.cl\/sitio\/wp-json\/wp\/v2\/categories?post=5507"},{"taxonomy":"post_tag","embeddable":true,"href":"https:\/\/www.fraczinet.cl\/sitio\/wp-json\/wp\/v2\/tags?post=5507"}],"curies":[{"name":"wp","href":"https:\/\/api.w.org\/{rel}","templated":true}]}}