{"id":5512,"date":"2010-02-24T12:39:00","date_gmt":"2010-02-24T12:39:00","guid":{"rendered":"https:\/\/www.fraczinet.cl\/sitio\/2010\/02\/24\/alianza-francesa-de-concepcion-cursos-marzo-abril-2010\/"},"modified":"2010-02-24T12:39:00","modified_gmt":"2010-02-24T12:39:00","slug":"alianza-francesa-de-concepcion-cursos-marzo-abril-2010","status":"publish","type":"post","link":"https:\/\/www.fraczinet.cl\/sitio\/2010\/02\/24\/alianza-francesa-de-concepcion-cursos-marzo-abril-2010\/","title":{"rendered":"Alianza Francesa De Concepci\u00f3n &#8211; Cursos Marzo\/Abril 2010"},"content":{"rendered":"<div style=\"text-align: justify;\">La Alianza Francesa de Concepci\u00f3n abre sus cursos de franc\u00e9s en diferentes niveles. Matr\u00edculas abiertas hasta el 5 de marzo.<\/div>\n<div style=\"text-align: justify;\"><\/div>\n<div style=\"text-align: justify;\">Informes : Colo Colo, 1 (frente al parque Ecuador)<\/div>\n<div style=\"text-align: justify;\">(41) 3220528 \/ 3220525<\/div>\n<div style=\"text-align: justify;\"><\/div>\n<div style=\"text-align: justify;\">Debutantes 1 (conocimiento cero 32 horas): <\/div>\n<div style=\"text-align: justify;\"><\/div>\n<div style=\"text-align: justify;\">&#8211; Curso Intensivo: Clases de lunes a viernes de 18:00 a 21:00<\/div>\n<div style=\"text-align: justify;\">&#8211; Curso semi-intensivo: Clases de lunes a jueves de 10:30 a 12:30 o de 18:00 a 20:00.<\/div>\n<div style=\"text-align: justify;\">&#8211; Curso regular: Clases lunes y mi\u00e9rcoles, o martes y jueves, de 10:30 a 12:30 o de 19:00 a 21:00, o solamente los s\u00e1bados de 9:00 a 13:00<\/div>\n<div style=\"text-align: justify;\"><\/div>\n<div style=\"text-align: justify;\">Debutantes 2 (32 horas):<\/div>\n<div style=\"text-align: justify;\"><\/div>\n<div style=\"text-align: justify;\">&#8211; Curso semi-intensivo: Clases de lunes a jueves de18:00 a 20:00.<\/div>\n<div style=\"text-align: justify;\">&#8211; Curso regular: Clases martes y jueves 19:00 a 21:00, o solamente los s\u00e1bados de 9:00 a 13:00<\/div>\n<div style=\"text-align: justify;\"><\/div>\n<div style=\"text-align: justify;\">Debutantes 3 (32 horas): <\/div>\n<div style=\"text-align: justify;\"><\/div>\n<div style=\"text-align: justify;\">&#8211; Curso semi-intensivo: Clases de lunes a jueves de19:00 a 21:00.<\/div>\n<div style=\"text-align: justify;\">&#8211; Curso regular: Clases martes y jueves 19:00 a 21:00, o solamente los s\u00e1bados de 9:00 a 13:00<\/div>\n<div style=\"text-align: justify;\"><\/div>\n<div style=\"text-align: justify;\">Elemental 2 (32 horas):: Clases martes y jueves de 19:00 a 21:00 <\/div>\n<div style=\"text-align: justify;\"><\/div>\n<div style=\"text-align: justify;\">Elemental 3 (32 horas):: Clases martes y jueves de 19:00 a 21:00 <\/div>\n<div style=\"text-align: justify;\"><\/div>\n<div style=\"text-align: justify;\">Intermedio 3 (32 horas):: Clases lunes y mi\u00e9rcoles de 19:00 a 21:00 <\/div>\n<div style=\"text-align: justify;\"><\/div>\n<div style=\"text-align: justify;\">Curso para ni\u00f1os (24 horas): Clases los s\u00e1bados de 10:00 a 13:00 <\/div>\n<div style=\"text-align: justify;\"><\/div>\n<div style=\"text-align: justify;\">Los costos son los siguientes: <\/div>\n<div style=\"text-align: justify;\"><\/div>\n<div style=\"text-align: justify;\">&#8211; Costo por 32 horas: $ 90.000<\/div>\n<div style=\"text-align: justify;\">&#8211; Costo por los libros: $ 20.000 (cada 6 meses o cada a\u00f1o segun el ritmo)<\/div>\n<div style=\"text-align: justify;\">&#8211; Adhesi\u00f3n ANUAL  a la biblioteca: \u00b7$10.000<\/div>\n<div style=\"text-align: justify;\"><\/div>\n<div style=\"text-align: justify;\">TOTAL POR EL CURSO: $ 120.000 (por la primera inscripci\u00f3n)<\/div>\n<div style=\"text-align: justify;\"><\/div>\n<div style=\"text-align: justify;\">Curso para ni\u00f1os: <\/div>\n<div style=\"text-align: justify;\"><\/div>\n<div style=\"text-align: justify;\">&#8211; Costo por 24 horas: $ 70.000<\/div>\n<div style=\"text-align: justify;\">&#8211; Costo por los libros: $ 20.000<\/div>\n<div style=\"text-align: justify;\">&#8211; Adhesi\u00f3n ANUAL a la biblioteca: \u00b7$10.000<\/div>\n<div style=\"text-align: justify;\"><\/div>\n<div style=\"text-align: justify;\">TOTAL POR EL CURSO: $100.000.- (por la primera inscrici\u00f3n)<\/div>\n","protected":false},"excerpt":{"rendered":"<p>La Alianza Francesa de Concepci\u00f3n abre sus cursos de franc\u00e9s en diferentes niveles. Matr\u00edculas abiertas hasta el 5 de marzo. Informes : Colo Colo, 1 (frente al parque Ecuador) (41) 3220528 \/ 3220525 Debutantes 1 (conocimiento cero 32 horas): &#8211; Curso Intensivo: Clases de lunes a viernes de 18:00 a 21:00 &#8211; Curso semi-intensivo: Clases [&hellip;]<\/p>\n","protected":false},"author":1,"featured_media":0,"comment_status":"open","ping_status":"open","sticky":false,"template":"","format":"standard","meta":{"footnotes":""},"categories":[242],"tags":[],"class_list":["post-5512","post","type-post","status-publish","format-standard","hentry","category-cursos"],"yoast_head":"<!-- This site is optimized with the Yoast SEO plugin v25.0 - https:\/\/yoast.com\/wordpress\/plugins\/seo\/ -->\n<title>Alianza Francesa De Concepci\u00f3n - Cursos Marzo\/Abril 2010 - Nuestro Bio B\u00edo<\/title>\n<meta name=\"robots\" content=\"index, follow, max-snippet:-1, max-image-preview:large, max-video-preview:-1\" \/>\n<link rel=\"canonical\" href=\"https:\/\/www.fraczinet.cl\/sitio\/2010\/02\/24\/alianza-francesa-de-concepcion-cursos-marzo-abril-2010\/\" \/>\n<meta property=\"og:locale\" content=\"es_ES\" \/>\n<meta property=\"og:type\" content=\"article\" \/>\n<meta property=\"og:title\" content=\"Alianza Francesa De Concepci\u00f3n - Cursos Marzo\/Abril 2010 - Nuestro Bio B\u00edo\" \/>\n<meta property=\"og:description\" content=\"La Alianza Francesa de Concepci\u00f3n abre sus cursos de franc\u00e9s en diferentes niveles. Matr\u00edculas abiertas hasta el 5 de marzo. Informes : Colo Colo, 1 (frente al parque Ecuador) (41) 3220528 \/ 3220525 Debutantes 1 (conocimiento cero 32 horas): &#8211; Curso Intensivo: Clases de lunes a viernes de 18:00 a 21:00 &#8211; Curso semi-intensivo: Clases [&hellip;]\" \/>\n<meta property=\"og:url\" content=\"https:\/\/www.fraczinet.cl\/sitio\/2010\/02\/24\/alianza-francesa-de-concepcion-cursos-marzo-abril-2010\/\" \/>\n<meta property=\"og:site_name\" content=\"Nuestro Bio B\u00edo\" \/>\n<meta property=\"article:published_time\" content=\"2010-02-24T12:39:00+00:00\" \/>\n<meta property=\"og:image\" content=\"https:\/\/www.fraczinet.cl\/sitio\/wp-content\/uploads\/2021\/07\/bannerlogo-1.gif\" \/>\n\t<meta property=\"og:image:width\" content=\"159\" \/>\n\t<meta property=\"og:image:height\" content=\"79\" \/>\n\t<meta property=\"og:image:type\" content=\"image\/gif\" \/>\n<meta name=\"author\" content=\"admin\" \/>\n<meta name=\"twitter:card\" content=\"summary_large_image\" \/>\n<meta name=\"twitter:creator\" content=\"@nuestrobiobio\" \/>\n<meta name=\"twitter:site\" content=\"@nuestrobiobio\" \/>\n<meta name=\"twitter:label1\" content=\"Escrito por\" \/>\n\t<meta name=\"twitter:data1\" content=\"admin\" \/>\n\t<meta name=\"twitter:label2\" content=\"Tiempo de lectura\" \/>\n\t<meta name=\"twitter:data2\" content=\"1 minuto\" \/>\n<script type=\"application\/ld+json\" class=\"yoast-schema-graph\">{\"@context\":\"https:\/\/schema.org\",\"@graph\":[{\"@type\":\"Article\",\"@id\":\"https:\/\/www.fraczinet.cl\/sitio\/2010\/02\/24\/alianza-francesa-de-concepcion-cursos-marzo-abril-2010\/#article\",\"isPartOf\":{\"@id\":\"https:\/\/www.fraczinet.cl\/sitio\/2010\/02\/24\/alianza-francesa-de-concepcion-cursos-marzo-abril-2010\/\"},\"author\":{\"name\":\"admin\",\"@id\":\"https:\/\/www.fraczinet.cl\/sitio\/#\/schema\/person\/bc30f98e9cb10ae7e119dbe14bc93784\"},\"headline\":\"Alianza Francesa De Concepci\u00f3n &#8211; Cursos Marzo\/Abril 2010\",\"datePublished\":\"2010-02-24T12:39:00+00:00\",\"mainEntityOfPage\":{\"@id\":\"https:\/\/www.fraczinet.cl\/sitio\/2010\/02\/24\/alianza-francesa-de-concepcion-cursos-marzo-abril-2010\/\"},\"wordCount\":248,\"commentCount\":0,\"publisher\":{\"@id\":\"https:\/\/www.fraczinet.cl\/sitio\/#\/schema\/person\/aec8ee4da68df2b9b0eefdad24a0d582\"},\"articleSection\":[\"Cursos\"],\"inLanguage\":\"es\",\"potentialAction\":[{\"@type\":\"CommentAction\",\"name\":\"Comment\",\"target\":[\"https:\/\/www.fraczinet.cl\/sitio\/2010\/02\/24\/alianza-francesa-de-concepcion-cursos-marzo-abril-2010\/#respond\"]}]},{\"@type\":\"WebPage\",\"@id\":\"https:\/\/www.fraczinet.cl\/sitio\/2010\/02\/24\/alianza-francesa-de-concepcion-cursos-marzo-abril-2010\/\",\"url\":\"https:\/\/www.fraczinet.cl\/sitio\/2010\/02\/24\/alianza-francesa-de-concepcion-cursos-marzo-abril-2010\/\",\"name\":\"Alianza Francesa De Concepci\u00f3n - Cursos Marzo\/Abril 2010 - Nuestro Bio B\u00edo\",\"isPartOf\":{\"@id\":\"https:\/\/www.fraczinet.cl\/sitio\/#website\"},\"datePublished\":\"2010-02-24T12:39:00+00:00\",\"breadcrumb\":{\"@id\":\"https:\/\/www.fraczinet.cl\/sitio\/2010\/02\/24\/alianza-francesa-de-concepcion-cursos-marzo-abril-2010\/#breadcrumb\"},\"inLanguage\":\"es\",\"potentialAction\":[{\"@type\":\"ReadAction\",\"target\":[\"https:\/\/www.fraczinet.cl\/sitio\/2010\/02\/24\/alianza-francesa-de-concepcion-cursos-marzo-abril-2010\/\"]}]},{\"@type\":\"BreadcrumbList\",\"@id\":\"https:\/\/www.fraczinet.cl\/sitio\/2010\/02\/24\/alianza-francesa-de-concepcion-cursos-marzo-abril-2010\/#breadcrumb\",\"itemListElement\":[{\"@type\":\"ListItem\",\"position\":1,\"name\":\"Portada\",\"item\":\"https:\/\/www.fraczinet.cl\/sitio\/\"},{\"@type\":\"ListItem\",\"position\":2,\"name\":\"Alianza Francesa De Concepci\u00f3n &#8211; Cursos Marzo\/Abril 2010\"}]},{\"@type\":\"WebSite\",\"@id\":\"https:\/\/www.fraczinet.cl\/sitio\/#website\",\"url\":\"https:\/\/www.fraczinet.cl\/sitio\/\",\"name\":\"Nuestro Bio B\u00edo\",\"description\":\"Tierra de Encuentros\",\"publisher\":{\"@id\":\"https:\/\/www.fraczinet.cl\/sitio\/#\/schema\/person\/aec8ee4da68df2b9b0eefdad24a0d582\"},\"potentialAction\":[{\"@type\":\"SearchAction\",\"target\":{\"@type\":\"EntryPoint\",\"urlTemplate\":\"https:\/\/www.fraczinet.cl\/sitio\/?s={search_term_string}\"},\"query-input\":{\"@type\":\"PropertyValueSpecification\",\"valueRequired\":true,\"valueName\":\"search_term_string\"}}],\"inLanguage\":\"es\"},{\"@type\":[\"Person\",\"Organization\"],\"@id\":\"https:\/\/www.fraczinet.cl\/sitio\/#\/schema\/person\/aec8ee4da68df2b9b0eefdad24a0d582\",\"name\":\"Luis Fernando Fraczinet\",\"image\":{\"@type\":\"ImageObject\",\"inLanguage\":\"es\",\"@id\":\"https:\/\/www.fraczinet.cl\/sitio\/#\/schema\/person\/image\/\",\"url\":\"https:\/\/www.fraczinet.cl\/sitio\/wp-content\/uploads\/2021\/07\/bannerlogo-1.gif\",\"contentUrl\":\"https:\/\/www.fraczinet.cl\/sitio\/wp-content\/uploads\/2021\/07\/bannerlogo-1.gif\",\"width\":159,\"height\":79,\"caption\":\"Luis Fernando Fraczinet\"},\"logo\":{\"@id\":\"https:\/\/www.fraczinet.cl\/sitio\/#\/schema\/person\/image\/\"},\"sameAs\":[\"https:\/\/www.fraczinet.cl\/sitio\/\"]},{\"@type\":\"Person\",\"@id\":\"https:\/\/www.fraczinet.cl\/sitio\/#\/schema\/person\/bc30f98e9cb10ae7e119dbe14bc93784\",\"name\":\"admin\",\"image\":{\"@type\":\"ImageObject\",\"inLanguage\":\"es\",\"@id\":\"https:\/\/www.fraczinet.cl\/sitio\/#\/schema\/person\/image\/\",\"url\":\"https:\/\/secure.gravatar.com\/avatar\/d5ad3cf7ef3b23a2bb5be73be780c86b2fc8545c3ad6b149f3913ff458c00099?s=96&d=mm&r=g\",\"contentUrl\":\"https:\/\/secure.gravatar.com\/avatar\/d5ad3cf7ef3b23a2bb5be73be780c86b2fc8545c3ad6b149f3913ff458c00099?s=96&d=mm&r=g\",\"caption\":\"admin\"},\"sameAs\":[\"https:\/\/www.fraczinet.cl\/sitio\"]}]}<\/script>\n<!-- \/ Yoast SEO plugin. -->","yoast_head_json":{"title":"Alianza Francesa De Concepci\u00f3n - Cursos Marzo\/Abril 2010 - Nuestro Bio B\u00edo","robots":{"index":"index","follow":"follow","max-snippet":"max-snippet:-1","max-image-preview":"max-image-preview:large","max-video-preview":"max-video-preview:-1"},"canonical":"https:\/\/www.fraczinet.cl\/sitio\/2010\/02\/24\/alianza-francesa-de-concepcion-cursos-marzo-abril-2010\/","og_locale":"es_ES","og_type":"article","og_title":"Alianza Francesa De Concepci\u00f3n - Cursos Marzo\/Abril 2010 - Nuestro Bio B\u00edo","og_description":"La Alianza Francesa de Concepci\u00f3n abre sus cursos de franc\u00e9s en diferentes niveles. Matr\u00edculas abiertas hasta el 5 de marzo. Informes : Colo Colo, 1 (frente al parque Ecuador) (41) 3220528 \/ 3220525 Debutantes 1 (conocimiento cero 32 horas): &#8211; Curso Intensivo: Clases de lunes a viernes de 18:00 a 21:00 &#8211; Curso semi-intensivo: Clases [&hellip;]","og_url":"https:\/\/www.fraczinet.cl\/sitio\/2010\/02\/24\/alianza-francesa-de-concepcion-cursos-marzo-abril-2010\/","og_site_name":"Nuestro Bio B\u00edo","article_published_time":"2010-02-24T12:39:00+00:00","og_image":[{"width":159,"height":79,"url":"https:\/\/www.fraczinet.cl\/sitio\/wp-content\/uploads\/2021\/07\/bannerlogo-1.gif","type":"image\/gif"}],"author":"admin","twitter_card":"summary_large_image","twitter_creator":"@nuestrobiobio","twitter_site":"@nuestrobiobio","twitter_misc":{"Escrito por":"admin","Tiempo de lectura":"1 minuto"},"schema":{"@context":"https:\/\/schema.org","@graph":[{"@type":"Article","@id":"https:\/\/www.fraczinet.cl\/sitio\/2010\/02\/24\/alianza-francesa-de-concepcion-cursos-marzo-abril-2010\/#article","isPartOf":{"@id":"https:\/\/www.fraczinet.cl\/sitio\/2010\/02\/24\/alianza-francesa-de-concepcion-cursos-marzo-abril-2010\/"},"author":{"name":"admin","@id":"https:\/\/www.fraczinet.cl\/sitio\/#\/schema\/person\/bc30f98e9cb10ae7e119dbe14bc93784"},"headline":"Alianza Francesa De Concepci\u00f3n &#8211; Cursos Marzo\/Abril 2010","datePublished":"2010-02-24T12:39:00+00:00","mainEntityOfPage":{"@id":"https:\/\/www.fraczinet.cl\/sitio\/2010\/02\/24\/alianza-francesa-de-concepcion-cursos-marzo-abril-2010\/"},"wordCount":248,"commentCount":0,"publisher":{"@id":"https:\/\/www.fraczinet.cl\/sitio\/#\/schema\/person\/aec8ee4da68df2b9b0eefdad24a0d582"},"articleSection":["Cursos"],"inLanguage":"es","potentialAction":[{"@type":"CommentAction","name":"Comment","target":["https:\/\/www.fraczinet.cl\/sitio\/2010\/02\/24\/alianza-francesa-de-concepcion-cursos-marzo-abril-2010\/#respond"]}]},{"@type":"WebPage","@id":"https:\/\/www.fraczinet.cl\/sitio\/2010\/02\/24\/alianza-francesa-de-concepcion-cursos-marzo-abril-2010\/","url":"https:\/\/www.fraczinet.cl\/sitio\/2010\/02\/24\/alianza-francesa-de-concepcion-cursos-marzo-abril-2010\/","name":"Alianza Francesa De Concepci\u00f3n - Cursos Marzo\/Abril 2010 - Nuestro Bio B\u00edo","isPartOf":{"@id":"https:\/\/www.fraczinet.cl\/sitio\/#website"},"datePublished":"2010-02-24T12:39:00+00:00","breadcrumb":{"@id":"https:\/\/www.fraczinet.cl\/sitio\/2010\/02\/24\/alianza-francesa-de-concepcion-cursos-marzo-abril-2010\/#breadcrumb"},"inLanguage":"es","potentialAction":[{"@type":"ReadAction","target":["https:\/\/www.fraczinet.cl\/sitio\/2010\/02\/24\/alianza-francesa-de-concepcion-cursos-marzo-abril-2010\/"]}]},{"@type":"BreadcrumbList","@id":"https:\/\/www.fraczinet.cl\/sitio\/2010\/02\/24\/alianza-francesa-de-concepcion-cursos-marzo-abril-2010\/#breadcrumb","itemListElement":[{"@type":"ListItem","position":1,"name":"Portada","item":"https:\/\/www.fraczinet.cl\/sitio\/"},{"@type":"ListItem","position":2,"name":"Alianza Francesa De Concepci\u00f3n &#8211; Cursos Marzo\/Abril 2010"}]},{"@type":"WebSite","@id":"https:\/\/www.fraczinet.cl\/sitio\/#website","url":"https:\/\/www.fraczinet.cl\/sitio\/","name":"Nuestro Bio B\u00edo","description":"Tierra de Encuentros","publisher":{"@id":"https:\/\/www.fraczinet.cl\/sitio\/#\/schema\/person\/aec8ee4da68df2b9b0eefdad24a0d582"},"potentialAction":[{"@type":"SearchAction","target":{"@type":"EntryPoint","urlTemplate":"https:\/\/www.fraczinet.cl\/sitio\/?s={search_term_string}"},"query-input":{"@type":"PropertyValueSpecification","valueRequired":true,"valueName":"search_term_string"}}],"inLanguage":"es"},{"@type":["Person","Organization"],"@id":"https:\/\/www.fraczinet.cl\/sitio\/#\/schema\/person\/aec8ee4da68df2b9b0eefdad24a0d582","name":"Luis Fernando Fraczinet","image":{"@type":"ImageObject","inLanguage":"es","@id":"https:\/\/www.fraczinet.cl\/sitio\/#\/schema\/person\/image\/","url":"https:\/\/www.fraczinet.cl\/sitio\/wp-content\/uploads\/2021\/07\/bannerlogo-1.gif","contentUrl":"https:\/\/www.fraczinet.cl\/sitio\/wp-content\/uploads\/2021\/07\/bannerlogo-1.gif","width":159,"height":79,"caption":"Luis Fernando Fraczinet"},"logo":{"@id":"https:\/\/www.fraczinet.cl\/sitio\/#\/schema\/person\/image\/"},"sameAs":["https:\/\/www.fraczinet.cl\/sitio\/"]},{"@type":"Person","@id":"https:\/\/www.fraczinet.cl\/sitio\/#\/schema\/person\/bc30f98e9cb10ae7e119dbe14bc93784","name":"admin","image":{"@type":"ImageObject","inLanguage":"es","@id":"https:\/\/www.fraczinet.cl\/sitio\/#\/schema\/person\/image\/","url":"https:\/\/secure.gravatar.com\/avatar\/d5ad3cf7ef3b23a2bb5be73be780c86b2fc8545c3ad6b149f3913ff458c00099?s=96&d=mm&r=g","contentUrl":"https:\/\/secure.gravatar.com\/avatar\/d5ad3cf7ef3b23a2bb5be73be780c86b2fc8545c3ad6b149f3913ff458c00099?s=96&d=mm&r=g","caption":"admin"},"sameAs":["https:\/\/www.fraczinet.cl\/sitio"]}]}},"_links":{"self":[{"href":"https:\/\/www.fraczinet.cl\/sitio\/wp-json\/wp\/v2\/posts\/5512","targetHints":{"allow":["GET"]}}],"collection":[{"href":"https:\/\/www.fraczinet.cl\/sitio\/wp-json\/wp\/v2\/posts"}],"about":[{"href":"https:\/\/www.fraczinet.cl\/sitio\/wp-json\/wp\/v2\/types\/post"}],"author":[{"embeddable":true,"href":"https:\/\/www.fraczinet.cl\/sitio\/wp-json\/wp\/v2\/users\/1"}],"replies":[{"embeddable":true,"href":"https:\/\/www.fraczinet.cl\/sitio\/wp-json\/wp\/v2\/comments?post=5512"}],"version-history":[{"count":0,"href":"https:\/\/www.fraczinet.cl\/sitio\/wp-json\/wp\/v2\/posts\/5512\/revisions"}],"wp:attachment":[{"href":"https:\/\/www.fraczinet.cl\/sitio\/wp-json\/wp\/v2\/media?parent=5512"}],"wp:term":[{"taxonomy":"category","embeddable":true,"href":"https:\/\/www.fraczinet.cl\/sitio\/wp-json\/wp\/v2\/categories?post=5512"},{"taxonomy":"post_tag","embeddable":true,"href":"https:\/\/www.fraczinet.cl\/sitio\/wp-json\/wp\/v2\/tags?post=5512"}],"curies":[{"name":"wp","href":"https:\/\/api.w.org\/{rel}","templated":true}]}}