{"id":5526,"date":"2010-02-13T13:33:00","date_gmt":"2010-02-13T13:33:00","guid":{"rendered":"https:\/\/www.fraczinet.cl\/sitio\/2010\/02\/13\/compania-de-teatro-el-rostro-hoy-en-el-parque-alessandri\/"},"modified":"2022-10-06T00:13:23","modified_gmt":"2022-10-06T00:13:23","slug":"compania-de-teatro-el-rostro-hoy-en-el-parque-alessandri","status":"publish","type":"post","link":"https:\/\/www.fraczinet.cl\/sitio\/2010\/02\/13\/compania-de-teatro-el-rostro-hoy-en-el-parque-alessandri\/","title":{"rendered":"Compa\u00f1\u00eda De Teatro El Rostro Hoy En El Parque Alessandri"},"content":{"rendered":"<div style=\"text-align: justify;\">Teatro el rostro naci\u00f3 a la vida esc\u00e9nica penquista el 27 de noviembre de 1978, en el Teatro de Concepci\u00f3n, con el estreno de \u201cAmor a la Africana\u201d, texto que generosamente nos entreg\u00f3 la dramaturgia nacional Isidora Aguirre, gran compa\u00f1era en la b\u00fasqueda de un teatro que nos identifique como chilenos y latinoamericanos. <\/div>\n<div style=\"text-align: justify;\"><\/div>\n<div style=\"text-align: justify;\">Han incursionado en la dramaturgia latinoamericana con Dalmiro S\u00e1enz y Juan Rivera. Pero su preocupaci\u00f3n en la actuaci\u00f3n han sido los ni\u00f1os, el p\u00fablico teatral del futuro, con versiones propias para los cl\u00e1sicos como \u201cCaperucita\u201d, \u201cPinocho\u201d, \u201cEl gato con botas\u201d, \u201cHansel y Gretel\u201d, \u201cLa Cenicienta\u201d, \u201cEl mago de Oz\u201d entre otros realizadas con dedicaci\u00f3n, cari\u00f1o y gratificadas por el aplauso de un p\u00fablico siempre fiel.<\/div>\n<div style=\"text-align: justify;\"><\/div>\n<div style=\"text-align: justify;\">En esta ocasi\u00f3n presentar\u00e1n el Mago de Oz, basado en la novela para ni\u00f1os \u201c<span style=\"font-weight: bold;\">El maravillo Mago de Oz<\/span>\u201d, de L.Frank Baum, una ni\u00f1a llamada Dorothy, junto a su perro regal\u00f3n Toto, son arrastrados por un tornado y dejados en una fant\u00e1stica tierra donde habitan brujas buenas y malas, un espantap\u00e1jaros que habla, un le\u00f3n cobarde, un hombre de lata y otros seres extraordinarios. Los personajes son convencidos por Dorothy para que la acompa\u00f1en donde el mago, con la esperanza de conseguir todos sus deseos: un cerebro para el espantap\u00e1jaros, un coraz\u00f3n para el hombre de lata y valent\u00eda para el le\u00f3n. Dorothy lo \u00fanico que anhela es regresar a casa, pero no sabe como alcanzar su objetivo. En el camino hacia la casa del mago, suceden muchas aventuras, entre dram\u00e1ticas, sorprendentes y humor\u00edsticas, que hacen del espect\u00e1culo un momento de real magia para los ni\u00f1os y entretenci\u00f3n para los adultos. <\/div>\n<div style=\"text-align: justify;\"><\/div>\n<div style=\"text-align: justify;\">La obra se representa con el elenco que forman Mercedes Guti\u00e9rrez, Tamara Morales, Mar\u00eda Jes\u00fas Brown, Alfredo Mar\u00edn, Arnolfo Cid, Rosana Guti\u00e9rrez y Gustavo S\u00e1ez.  En el sonido, Gustavo Mar\u00edn.  La dramaturgia y direcci\u00f3n est\u00e1n a cargo de Julio Mu\u00f1oz.<\/div>\n<div style=\"text-align: justify;\"><\/div>\n<div style=\"text-align: justify;\">La obra se presenta hoy en el Parque Educativo Jorge Alessandri<\/div>\n<div style=\"text-align: justify;\"><\/div>\n","protected":false},"excerpt":{"rendered":"<p>Teatro el rostro naci\u00f3 a la vida esc\u00e9nica penquista el 27 de noviembre de 1978, en el Teatro de Concepci\u00f3n, con el estreno de \u201cAmor a la Africana\u201d, texto que generosamente nos entreg\u00f3 la dramaturgia nacional Isidora Aguirre, gran compa\u00f1era en la b\u00fasqueda de un teatro que nos identifique como chilenos y latinoamericanos. Han incursionado [&hellip;]<\/p>\n","protected":false},"author":1,"featured_media":0,"comment_status":"open","ping_status":"open","sticky":false,"template":"","format":"standard","meta":{"footnotes":""},"categories":[127],"tags":[],"class_list":["post-5526","post","type-post","status-publish","format-standard","hentry","category-teatro"],"yoast_head":"<!-- This site is optimized with the Yoast SEO plugin v25.0 - https:\/\/yoast.com\/wordpress\/plugins\/seo\/ -->\n<title>Compa\u00f1\u00eda De Teatro El Rostro Hoy En El Parque Alessandri - Nuestro Bio B\u00edo<\/title>\n<meta name=\"robots\" content=\"index, follow, max-snippet:-1, max-image-preview:large, max-video-preview:-1\" \/>\n<link rel=\"canonical\" href=\"https:\/\/www.fraczinet.cl\/sitio\/2010\/02\/13\/compania-de-teatro-el-rostro-hoy-en-el-parque-alessandri\/\" \/>\n<meta property=\"og:locale\" content=\"es_ES\" \/>\n<meta property=\"og:type\" content=\"article\" \/>\n<meta property=\"og:title\" content=\"Compa\u00f1\u00eda De Teatro El Rostro Hoy En El Parque Alessandri - Nuestro Bio B\u00edo\" \/>\n<meta property=\"og:description\" content=\"Teatro el rostro naci\u00f3 a la vida esc\u00e9nica penquista el 27 de noviembre de 1978, en el Teatro de Concepci\u00f3n, con el estreno de \u201cAmor a la Africana\u201d, texto que generosamente nos entreg\u00f3 la dramaturgia nacional Isidora Aguirre, gran compa\u00f1era en la b\u00fasqueda de un teatro que nos identifique como chilenos y latinoamericanos. Han incursionado [&hellip;]\" \/>\n<meta property=\"og:url\" content=\"https:\/\/www.fraczinet.cl\/sitio\/2010\/02\/13\/compania-de-teatro-el-rostro-hoy-en-el-parque-alessandri\/\" \/>\n<meta property=\"og:site_name\" content=\"Nuestro Bio B\u00edo\" \/>\n<meta property=\"article:published_time\" content=\"2010-02-13T13:33:00+00:00\" \/>\n<meta property=\"article:modified_time\" content=\"2022-10-06T00:13:23+00:00\" \/>\n<meta property=\"og:image\" content=\"https:\/\/www.fraczinet.cl\/sitio\/wp-content\/uploads\/2021\/07\/bannerlogo-1.gif\" \/>\n\t<meta property=\"og:image:width\" content=\"159\" \/>\n\t<meta property=\"og:image:height\" content=\"79\" \/>\n\t<meta property=\"og:image:type\" content=\"image\/gif\" \/>\n<meta name=\"author\" content=\"admin\" \/>\n<meta name=\"twitter:card\" content=\"summary_large_image\" \/>\n<meta name=\"twitter:creator\" content=\"@nuestrobiobio\" \/>\n<meta name=\"twitter:site\" content=\"@nuestrobiobio\" \/>\n<meta name=\"twitter:label1\" content=\"Escrito por\" \/>\n\t<meta name=\"twitter:data1\" content=\"admin\" \/>\n\t<meta name=\"twitter:label2\" content=\"Tiempo de lectura\" \/>\n\t<meta name=\"twitter:data2\" content=\"2 minutos\" \/>\n<script type=\"application\/ld+json\" class=\"yoast-schema-graph\">{\"@context\":\"https:\/\/schema.org\",\"@graph\":[{\"@type\":\"Article\",\"@id\":\"https:\/\/www.fraczinet.cl\/sitio\/2010\/02\/13\/compania-de-teatro-el-rostro-hoy-en-el-parque-alessandri\/#article\",\"isPartOf\":{\"@id\":\"https:\/\/www.fraczinet.cl\/sitio\/2010\/02\/13\/compania-de-teatro-el-rostro-hoy-en-el-parque-alessandri\/\"},\"author\":{\"name\":\"admin\",\"@id\":\"https:\/\/www.fraczinet.cl\/sitio\/#\/schema\/person\/bc30f98e9cb10ae7e119dbe14bc93784\"},\"headline\":\"Compa\u00f1\u00eda De Teatro El Rostro Hoy En El Parque Alessandri\",\"datePublished\":\"2010-02-13T13:33:00+00:00\",\"dateModified\":\"2022-10-06T00:13:23+00:00\",\"mainEntityOfPage\":{\"@id\":\"https:\/\/www.fraczinet.cl\/sitio\/2010\/02\/13\/compania-de-teatro-el-rostro-hoy-en-el-parque-alessandri\/\"},\"wordCount\":371,\"commentCount\":0,\"publisher\":{\"@id\":\"https:\/\/www.fraczinet.cl\/sitio\/#\/schema\/person\/aec8ee4da68df2b9b0eefdad24a0d582\"},\"articleSection\":[\"Teatro\"],\"inLanguage\":\"es\",\"potentialAction\":[{\"@type\":\"CommentAction\",\"name\":\"Comment\",\"target\":[\"https:\/\/www.fraczinet.cl\/sitio\/2010\/02\/13\/compania-de-teatro-el-rostro-hoy-en-el-parque-alessandri\/#respond\"]}]},{\"@type\":\"WebPage\",\"@id\":\"https:\/\/www.fraczinet.cl\/sitio\/2010\/02\/13\/compania-de-teatro-el-rostro-hoy-en-el-parque-alessandri\/\",\"url\":\"https:\/\/www.fraczinet.cl\/sitio\/2010\/02\/13\/compania-de-teatro-el-rostro-hoy-en-el-parque-alessandri\/\",\"name\":\"Compa\u00f1\u00eda De Teatro El Rostro Hoy En El Parque Alessandri - Nuestro Bio B\u00edo\",\"isPartOf\":{\"@id\":\"https:\/\/www.fraczinet.cl\/sitio\/#website\"},\"datePublished\":\"2010-02-13T13:33:00+00:00\",\"dateModified\":\"2022-10-06T00:13:23+00:00\",\"breadcrumb\":{\"@id\":\"https:\/\/www.fraczinet.cl\/sitio\/2010\/02\/13\/compania-de-teatro-el-rostro-hoy-en-el-parque-alessandri\/#breadcrumb\"},\"inLanguage\":\"es\",\"potentialAction\":[{\"@type\":\"ReadAction\",\"target\":[\"https:\/\/www.fraczinet.cl\/sitio\/2010\/02\/13\/compania-de-teatro-el-rostro-hoy-en-el-parque-alessandri\/\"]}]},{\"@type\":\"BreadcrumbList\",\"@id\":\"https:\/\/www.fraczinet.cl\/sitio\/2010\/02\/13\/compania-de-teatro-el-rostro-hoy-en-el-parque-alessandri\/#breadcrumb\",\"itemListElement\":[{\"@type\":\"ListItem\",\"position\":1,\"name\":\"Portada\",\"item\":\"https:\/\/www.fraczinet.cl\/sitio\/\"},{\"@type\":\"ListItem\",\"position\":2,\"name\":\"Compa\u00f1\u00eda De Teatro El Rostro Hoy En El Parque Alessandri\"}]},{\"@type\":\"WebSite\",\"@id\":\"https:\/\/www.fraczinet.cl\/sitio\/#website\",\"url\":\"https:\/\/www.fraczinet.cl\/sitio\/\",\"name\":\"Nuestro Bio B\u00edo\",\"description\":\"Tierra de Encuentros\",\"publisher\":{\"@id\":\"https:\/\/www.fraczinet.cl\/sitio\/#\/schema\/person\/aec8ee4da68df2b9b0eefdad24a0d582\"},\"potentialAction\":[{\"@type\":\"SearchAction\",\"target\":{\"@type\":\"EntryPoint\",\"urlTemplate\":\"https:\/\/www.fraczinet.cl\/sitio\/?s={search_term_string}\"},\"query-input\":{\"@type\":\"PropertyValueSpecification\",\"valueRequired\":true,\"valueName\":\"search_term_string\"}}],\"inLanguage\":\"es\"},{\"@type\":[\"Person\",\"Organization\"],\"@id\":\"https:\/\/www.fraczinet.cl\/sitio\/#\/schema\/person\/aec8ee4da68df2b9b0eefdad24a0d582\",\"name\":\"Luis Fernando Fraczinet\",\"image\":{\"@type\":\"ImageObject\",\"inLanguage\":\"es\",\"@id\":\"https:\/\/www.fraczinet.cl\/sitio\/#\/schema\/person\/image\/\",\"url\":\"https:\/\/www.fraczinet.cl\/sitio\/wp-content\/uploads\/2021\/07\/bannerlogo-1.gif\",\"contentUrl\":\"https:\/\/www.fraczinet.cl\/sitio\/wp-content\/uploads\/2021\/07\/bannerlogo-1.gif\",\"width\":159,\"height\":79,\"caption\":\"Luis Fernando Fraczinet\"},\"logo\":{\"@id\":\"https:\/\/www.fraczinet.cl\/sitio\/#\/schema\/person\/image\/\"},\"sameAs\":[\"https:\/\/www.fraczinet.cl\/sitio\/\"]},{\"@type\":\"Person\",\"@id\":\"https:\/\/www.fraczinet.cl\/sitio\/#\/schema\/person\/bc30f98e9cb10ae7e119dbe14bc93784\",\"name\":\"admin\",\"image\":{\"@type\":\"ImageObject\",\"inLanguage\":\"es\",\"@id\":\"https:\/\/www.fraczinet.cl\/sitio\/#\/schema\/person\/image\/\",\"url\":\"https:\/\/secure.gravatar.com\/avatar\/d5ad3cf7ef3b23a2bb5be73be780c86b2fc8545c3ad6b149f3913ff458c00099?s=96&d=mm&r=g\",\"contentUrl\":\"https:\/\/secure.gravatar.com\/avatar\/d5ad3cf7ef3b23a2bb5be73be780c86b2fc8545c3ad6b149f3913ff458c00099?s=96&d=mm&r=g\",\"caption\":\"admin\"},\"sameAs\":[\"https:\/\/www.fraczinet.cl\/sitio\"]}]}<\/script>\n<!-- \/ Yoast SEO plugin. -->","yoast_head_json":{"title":"Compa\u00f1\u00eda De Teatro El Rostro Hoy En El Parque Alessandri - Nuestro Bio B\u00edo","robots":{"index":"index","follow":"follow","max-snippet":"max-snippet:-1","max-image-preview":"max-image-preview:large","max-video-preview":"max-video-preview:-1"},"canonical":"https:\/\/www.fraczinet.cl\/sitio\/2010\/02\/13\/compania-de-teatro-el-rostro-hoy-en-el-parque-alessandri\/","og_locale":"es_ES","og_type":"article","og_title":"Compa\u00f1\u00eda De Teatro El Rostro Hoy En El Parque Alessandri - Nuestro Bio B\u00edo","og_description":"Teatro el rostro naci\u00f3 a la vida esc\u00e9nica penquista el 27 de noviembre de 1978, en el Teatro de Concepci\u00f3n, con el estreno de \u201cAmor a la Africana\u201d, texto que generosamente nos entreg\u00f3 la dramaturgia nacional Isidora Aguirre, gran compa\u00f1era en la b\u00fasqueda de un teatro que nos identifique como chilenos y latinoamericanos. Han incursionado [&hellip;]","og_url":"https:\/\/www.fraczinet.cl\/sitio\/2010\/02\/13\/compania-de-teatro-el-rostro-hoy-en-el-parque-alessandri\/","og_site_name":"Nuestro Bio B\u00edo","article_published_time":"2010-02-13T13:33:00+00:00","article_modified_time":"2022-10-06T00:13:23+00:00","og_image":[{"width":159,"height":79,"url":"https:\/\/www.fraczinet.cl\/sitio\/wp-content\/uploads\/2021\/07\/bannerlogo-1.gif","type":"image\/gif"}],"author":"admin","twitter_card":"summary_large_image","twitter_creator":"@nuestrobiobio","twitter_site":"@nuestrobiobio","twitter_misc":{"Escrito por":"admin","Tiempo de lectura":"2 minutos"},"schema":{"@context":"https:\/\/schema.org","@graph":[{"@type":"Article","@id":"https:\/\/www.fraczinet.cl\/sitio\/2010\/02\/13\/compania-de-teatro-el-rostro-hoy-en-el-parque-alessandri\/#article","isPartOf":{"@id":"https:\/\/www.fraczinet.cl\/sitio\/2010\/02\/13\/compania-de-teatro-el-rostro-hoy-en-el-parque-alessandri\/"},"author":{"name":"admin","@id":"https:\/\/www.fraczinet.cl\/sitio\/#\/schema\/person\/bc30f98e9cb10ae7e119dbe14bc93784"},"headline":"Compa\u00f1\u00eda De Teatro El Rostro Hoy En El Parque Alessandri","datePublished":"2010-02-13T13:33:00+00:00","dateModified":"2022-10-06T00:13:23+00:00","mainEntityOfPage":{"@id":"https:\/\/www.fraczinet.cl\/sitio\/2010\/02\/13\/compania-de-teatro-el-rostro-hoy-en-el-parque-alessandri\/"},"wordCount":371,"commentCount":0,"publisher":{"@id":"https:\/\/www.fraczinet.cl\/sitio\/#\/schema\/person\/aec8ee4da68df2b9b0eefdad24a0d582"},"articleSection":["Teatro"],"inLanguage":"es","potentialAction":[{"@type":"CommentAction","name":"Comment","target":["https:\/\/www.fraczinet.cl\/sitio\/2010\/02\/13\/compania-de-teatro-el-rostro-hoy-en-el-parque-alessandri\/#respond"]}]},{"@type":"WebPage","@id":"https:\/\/www.fraczinet.cl\/sitio\/2010\/02\/13\/compania-de-teatro-el-rostro-hoy-en-el-parque-alessandri\/","url":"https:\/\/www.fraczinet.cl\/sitio\/2010\/02\/13\/compania-de-teatro-el-rostro-hoy-en-el-parque-alessandri\/","name":"Compa\u00f1\u00eda De Teatro El Rostro Hoy En El Parque Alessandri - Nuestro Bio B\u00edo","isPartOf":{"@id":"https:\/\/www.fraczinet.cl\/sitio\/#website"},"datePublished":"2010-02-13T13:33:00+00:00","dateModified":"2022-10-06T00:13:23+00:00","breadcrumb":{"@id":"https:\/\/www.fraczinet.cl\/sitio\/2010\/02\/13\/compania-de-teatro-el-rostro-hoy-en-el-parque-alessandri\/#breadcrumb"},"inLanguage":"es","potentialAction":[{"@type":"ReadAction","target":["https:\/\/www.fraczinet.cl\/sitio\/2010\/02\/13\/compania-de-teatro-el-rostro-hoy-en-el-parque-alessandri\/"]}]},{"@type":"BreadcrumbList","@id":"https:\/\/www.fraczinet.cl\/sitio\/2010\/02\/13\/compania-de-teatro-el-rostro-hoy-en-el-parque-alessandri\/#breadcrumb","itemListElement":[{"@type":"ListItem","position":1,"name":"Portada","item":"https:\/\/www.fraczinet.cl\/sitio\/"},{"@type":"ListItem","position":2,"name":"Compa\u00f1\u00eda De Teatro El Rostro Hoy En El Parque Alessandri"}]},{"@type":"WebSite","@id":"https:\/\/www.fraczinet.cl\/sitio\/#website","url":"https:\/\/www.fraczinet.cl\/sitio\/","name":"Nuestro Bio B\u00edo","description":"Tierra de Encuentros","publisher":{"@id":"https:\/\/www.fraczinet.cl\/sitio\/#\/schema\/person\/aec8ee4da68df2b9b0eefdad24a0d582"},"potentialAction":[{"@type":"SearchAction","target":{"@type":"EntryPoint","urlTemplate":"https:\/\/www.fraczinet.cl\/sitio\/?s={search_term_string}"},"query-input":{"@type":"PropertyValueSpecification","valueRequired":true,"valueName":"search_term_string"}}],"inLanguage":"es"},{"@type":["Person","Organization"],"@id":"https:\/\/www.fraczinet.cl\/sitio\/#\/schema\/person\/aec8ee4da68df2b9b0eefdad24a0d582","name":"Luis Fernando Fraczinet","image":{"@type":"ImageObject","inLanguage":"es","@id":"https:\/\/www.fraczinet.cl\/sitio\/#\/schema\/person\/image\/","url":"https:\/\/www.fraczinet.cl\/sitio\/wp-content\/uploads\/2021\/07\/bannerlogo-1.gif","contentUrl":"https:\/\/www.fraczinet.cl\/sitio\/wp-content\/uploads\/2021\/07\/bannerlogo-1.gif","width":159,"height":79,"caption":"Luis Fernando Fraczinet"},"logo":{"@id":"https:\/\/www.fraczinet.cl\/sitio\/#\/schema\/person\/image\/"},"sameAs":["https:\/\/www.fraczinet.cl\/sitio\/"]},{"@type":"Person","@id":"https:\/\/www.fraczinet.cl\/sitio\/#\/schema\/person\/bc30f98e9cb10ae7e119dbe14bc93784","name":"admin","image":{"@type":"ImageObject","inLanguage":"es","@id":"https:\/\/www.fraczinet.cl\/sitio\/#\/schema\/person\/image\/","url":"https:\/\/secure.gravatar.com\/avatar\/d5ad3cf7ef3b23a2bb5be73be780c86b2fc8545c3ad6b149f3913ff458c00099?s=96&d=mm&r=g","contentUrl":"https:\/\/secure.gravatar.com\/avatar\/d5ad3cf7ef3b23a2bb5be73be780c86b2fc8545c3ad6b149f3913ff458c00099?s=96&d=mm&r=g","caption":"admin"},"sameAs":["https:\/\/www.fraczinet.cl\/sitio"]}]}},"_links":{"self":[{"href":"https:\/\/www.fraczinet.cl\/sitio\/wp-json\/wp\/v2\/posts\/5526","targetHints":{"allow":["GET"]}}],"collection":[{"href":"https:\/\/www.fraczinet.cl\/sitio\/wp-json\/wp\/v2\/posts"}],"about":[{"href":"https:\/\/www.fraczinet.cl\/sitio\/wp-json\/wp\/v2\/types\/post"}],"author":[{"embeddable":true,"href":"https:\/\/www.fraczinet.cl\/sitio\/wp-json\/wp\/v2\/users\/1"}],"replies":[{"embeddable":true,"href":"https:\/\/www.fraczinet.cl\/sitio\/wp-json\/wp\/v2\/comments?post=5526"}],"version-history":[{"count":1,"href":"https:\/\/www.fraczinet.cl\/sitio\/wp-json\/wp\/v2\/posts\/5526\/revisions"}],"predecessor-version":[{"id":14203,"href":"https:\/\/www.fraczinet.cl\/sitio\/wp-json\/wp\/v2\/posts\/5526\/revisions\/14203"}],"wp:attachment":[{"href":"https:\/\/www.fraczinet.cl\/sitio\/wp-json\/wp\/v2\/media?parent=5526"}],"wp:term":[{"taxonomy":"category","embeddable":true,"href":"https:\/\/www.fraczinet.cl\/sitio\/wp-json\/wp\/v2\/categories?post=5526"},{"taxonomy":"post_tag","embeddable":true,"href":"https:\/\/www.fraczinet.cl\/sitio\/wp-json\/wp\/v2\/tags?post=5526"}],"curies":[{"name":"wp","href":"https:\/\/api.w.org\/{rel}","templated":true}]}}