{"id":5557,"date":"2010-01-29T23:36:00","date_gmt":"2010-01-29T23:36:00","guid":{"rendered":"https:\/\/www.fraczinet.cl\/sitio\/2010\/01\/29\/el-lado-mas-teorico-del-10-festival-internacional-de-cine-de-lebu\/"},"modified":"2010-01-29T23:36:00","modified_gmt":"2010-01-29T23:36:00","slug":"el-lado-mas-teorico-del-10-festival-internacional-de-cine-de-lebu","status":"publish","type":"post","link":"https:\/\/www.fraczinet.cl\/sitio\/2010\/01\/29\/el-lado-mas-teorico-del-10-festival-internacional-de-cine-de-lebu\/","title":{"rendered":"El Lado M\u00e1s Te\u00f3rico Del 10\u00b0 Festival Internacional De Cine De Lebu"},"content":{"rendered":"<div style=\"text-align: justify;\">Si bien los festivales de cine se asocian a la proyecci\u00f3n de pel\u00edculas, ya sean parte de la competencia o de las muestras paralelas, tambi\u00e9n existen talleres, charlas y otras instancias donde vemos el lado m\u00e1s te\u00f3rico del cine. El 10\u00b0 Festival Internacional de Cine de Lebu no queda exento de esta premisa, por lo que ha organizado mesas de negocios para los profesionales del cine y talleres abiertos a la comunidad.<\/div>\n<div style=\"text-align: justify;\"><\/div>\n<div style=\"text-align: justify;\">En este \u00faltimo sentido, en el marco del certamen se dictar\u00e1n los talleres \u00abActuaci\u00f3n frente a c\u00e1mara\u00bb, y de Animaci\u00f3n en Plasticina III \u00abMoldeando sue\u00f1os\u00bb.<\/div>\n<div style=\"text-align: justify;\"><\/div>\n<div style=\"text-align: justify;\">El primero, est\u00e1 orientado a actores profesionales en proceso de formaci\u00f3n o aficionados de la regi\u00f3n que deseen aprender y desarrollar las t\u00e9cnicas de actuaci\u00f3n frente a la c\u00e1mara. Para ello se har\u00e1 necesario asimilar el lenguaje del medio audiovisual a trav\u00e9s de an\u00e1lisis te\u00f3ricos, de percepci\u00f3n de piezas audiovisuales y de ejercicios pr\u00e1cticos individuales y grupales. El taller es dictado por Roberto Matus, reconocido director de casting de series como \u00abLos 80\u00bb, \u00abC\u00e1rcel de mujeres\u00bb, y \u00abH\u00e9roes\u00bb por nombrar s\u00f3lo algunas, y se extender\u00e1 hasta el 31 de enero.<\/div>\n<div style=\"text-align: justify;\"><\/div>\n<div style=\"text-align: justify;\">El segundo est\u00e1 orientado a los ni\u00f1os, y se hace por tercer a\u00f1o consecutivo. En este los m\u00e1s peque\u00f1os de la casa aprender\u00e1n en forma simple y entretenida la creaci\u00f3n de historias, la construcci\u00f3n de personajes y la animaci\u00f3n por cuadro y sonorizaci\u00f3n. El resultado final ser\u00e1 un cortometraje exhibido en la clausura del certamen, el 30 de enero. El taller comenzar\u00e1 el 25 de enero, y est\u00e1 a cargo de Vivienne Barry, quien ha estado detr\u00e1s de producciones como \u00abEne tene tu\u00bb y \u00abTata colores\u00bb.<\/div>\n<div style=\"text-align: justify;\"><\/div>\n<div style=\"text-align: justify;\">A estos se suman la presentaci\u00f3n del cat\u00e1logo \u00abLargometrajes chilenos desde 1910 hasta el 2009\u00bb, presentado por Antonella Est\u00e9vez, una de las fundadoras del sitio CineChile.cl, la primera enciclopedia del cine nacional que recoge los datos de todos las pel\u00edculas hechas en nuestro pa\u00eds, el cual ser\u00e1 presentado el 30 de enero; y la charla \u00abAlta definici\u00f3n\u00bb, dictada por Cristi\u00e1n Maturana, director del \u00e1rea DVCAM y audio profesional de Videocorp.<\/div>\n<div style=\"text-align: justify;\"><\/div>\n<div style=\"text-align: justify;\">Para los profesionales se realizar\u00e1 la mesa de negocios \u00abDistribuci\u00f3n y Coproducci\u00f3n\u00bb, auspiciado por ProChile y en el que participan BF Distribution, Sun Distribution Group S.A. (Uruguay), Olgu\u00edn Films, Andes Films, Fragua Cine (M\u00e9xico) y la C\u00e1mara de Distribuidores Cinematogr\u00e1ficos A.G. (Cadic).<\/div>\n<div style=\"text-align: justify;\"><\/div>\n<div style=\"text-align: justify;\">El 10\u00ba Festival Internacional de Cine de Lebu cuenta con el apoyo del Fondo de Fomento Audiovisual del Consejo Nacional de la Cultura y las Artes, el Gobierno Regional del Bio B\u00edo, el DuocUC sede Concepci\u00f3n, y empresas privadas.<\/div>\n<div style=\"text-align: justify;\"><\/div>\n<div style=\"text-align: justify;\">El certamen se desarrollar\u00e1 entre el 26 y el 30 de enero, y para m\u00e1s informaciones puede visitar www.cinelebu.cl, nuestro Facebook o seguirnos en www.twitter.com\/cinelebu.<\/div>\n","protected":false},"excerpt":{"rendered":"<p>Si bien los festivales de cine se asocian a la proyecci\u00f3n de pel\u00edculas, ya sean parte de la competencia o de las muestras paralelas, tambi\u00e9n existen talleres, charlas y otras instancias donde vemos el lado m\u00e1s te\u00f3rico del cine. El 10\u00b0 Festival Internacional de Cine de Lebu no queda exento de esta premisa, por lo [&hellip;]<\/p>\n","protected":false},"author":1,"featured_media":0,"comment_status":"open","ping_status":"open","sticky":false,"template":"","format":"standard","meta":{"footnotes":""},"categories":[32,213,63],"tags":[],"class_list":["post-5557","post","type-post","status-publish","format-standard","hentry","category-cine","category-festivales","category-lebu"],"yoast_head":"<!-- This site is optimized with the Yoast SEO plugin v25.0 - https:\/\/yoast.com\/wordpress\/plugins\/seo\/ -->\n<title>El Lado M\u00e1s Te\u00f3rico Del 10\u00b0 Festival Internacional De Cine De Lebu - Nuestro Bio B\u00edo<\/title>\n<meta name=\"robots\" content=\"index, follow, max-snippet:-1, max-image-preview:large, max-video-preview:-1\" \/>\n<link rel=\"canonical\" href=\"https:\/\/www.fraczinet.cl\/sitio\/2010\/01\/29\/el-lado-mas-teorico-del-10-festival-internacional-de-cine-de-lebu\/\" \/>\n<meta property=\"og:locale\" content=\"es_ES\" \/>\n<meta property=\"og:type\" content=\"article\" \/>\n<meta property=\"og:title\" content=\"El Lado M\u00e1s Te\u00f3rico Del 10\u00b0 Festival Internacional De Cine De Lebu - Nuestro Bio B\u00edo\" \/>\n<meta property=\"og:description\" content=\"Si bien los festivales de cine se asocian a la proyecci\u00f3n de pel\u00edculas, ya sean parte de la competencia o de las muestras paralelas, tambi\u00e9n existen talleres, charlas y otras instancias donde vemos el lado m\u00e1s te\u00f3rico del cine. El 10\u00b0 Festival Internacional de Cine de Lebu no queda exento de esta premisa, por lo [&hellip;]\" \/>\n<meta property=\"og:url\" content=\"https:\/\/www.fraczinet.cl\/sitio\/2010\/01\/29\/el-lado-mas-teorico-del-10-festival-internacional-de-cine-de-lebu\/\" \/>\n<meta property=\"og:site_name\" content=\"Nuestro Bio B\u00edo\" \/>\n<meta property=\"article:published_time\" content=\"2010-01-29T23:36:00+00:00\" \/>\n<meta property=\"og:image\" content=\"https:\/\/www.fraczinet.cl\/sitio\/wp-content\/uploads\/2021\/07\/bannerlogo-1.gif\" \/>\n\t<meta property=\"og:image:width\" content=\"159\" \/>\n\t<meta property=\"og:image:height\" content=\"79\" \/>\n\t<meta property=\"og:image:type\" content=\"image\/gif\" \/>\n<meta name=\"author\" content=\"admin\" \/>\n<meta name=\"twitter:card\" content=\"summary_large_image\" \/>\n<meta name=\"twitter:creator\" content=\"@nuestrobiobio\" \/>\n<meta name=\"twitter:site\" content=\"@nuestrobiobio\" \/>\n<meta name=\"twitter:label1\" content=\"Escrito por\" \/>\n\t<meta name=\"twitter:data1\" content=\"admin\" \/>\n\t<meta name=\"twitter:label2\" content=\"Tiempo de lectura\" \/>\n\t<meta name=\"twitter:data2\" content=\"2 minutos\" \/>\n<script type=\"application\/ld+json\" class=\"yoast-schema-graph\">{\"@context\":\"https:\/\/schema.org\",\"@graph\":[{\"@type\":\"Article\",\"@id\":\"https:\/\/www.fraczinet.cl\/sitio\/2010\/01\/29\/el-lado-mas-teorico-del-10-festival-internacional-de-cine-de-lebu\/#article\",\"isPartOf\":{\"@id\":\"https:\/\/www.fraczinet.cl\/sitio\/2010\/01\/29\/el-lado-mas-teorico-del-10-festival-internacional-de-cine-de-lebu\/\"},\"author\":{\"name\":\"admin\",\"@id\":\"https:\/\/www.fraczinet.cl\/sitio\/#\/schema\/person\/bc30f98e9cb10ae7e119dbe14bc93784\"},\"headline\":\"El Lado M\u00e1s Te\u00f3rico Del 10\u00b0 Festival Internacional De Cine De Lebu\",\"datePublished\":\"2010-01-29T23:36:00+00:00\",\"mainEntityOfPage\":{\"@id\":\"https:\/\/www.fraczinet.cl\/sitio\/2010\/01\/29\/el-lado-mas-teorico-del-10-festival-internacional-de-cine-de-lebu\/\"},\"wordCount\":508,\"commentCount\":0,\"publisher\":{\"@id\":\"https:\/\/www.fraczinet.cl\/sitio\/#\/schema\/person\/aec8ee4da68df2b9b0eefdad24a0d582\"},\"articleSection\":[\"Cine\",\"Festivales\",\"Lebu\"],\"inLanguage\":\"es\",\"potentialAction\":[{\"@type\":\"CommentAction\",\"name\":\"Comment\",\"target\":[\"https:\/\/www.fraczinet.cl\/sitio\/2010\/01\/29\/el-lado-mas-teorico-del-10-festival-internacional-de-cine-de-lebu\/#respond\"]}]},{\"@type\":\"WebPage\",\"@id\":\"https:\/\/www.fraczinet.cl\/sitio\/2010\/01\/29\/el-lado-mas-teorico-del-10-festival-internacional-de-cine-de-lebu\/\",\"url\":\"https:\/\/www.fraczinet.cl\/sitio\/2010\/01\/29\/el-lado-mas-teorico-del-10-festival-internacional-de-cine-de-lebu\/\",\"name\":\"El Lado M\u00e1s Te\u00f3rico Del 10\u00b0 Festival Internacional De Cine De Lebu - Nuestro Bio B\u00edo\",\"isPartOf\":{\"@id\":\"https:\/\/www.fraczinet.cl\/sitio\/#website\"},\"datePublished\":\"2010-01-29T23:36:00+00:00\",\"breadcrumb\":{\"@id\":\"https:\/\/www.fraczinet.cl\/sitio\/2010\/01\/29\/el-lado-mas-teorico-del-10-festival-internacional-de-cine-de-lebu\/#breadcrumb\"},\"inLanguage\":\"es\",\"potentialAction\":[{\"@type\":\"ReadAction\",\"target\":[\"https:\/\/www.fraczinet.cl\/sitio\/2010\/01\/29\/el-lado-mas-teorico-del-10-festival-internacional-de-cine-de-lebu\/\"]}]},{\"@type\":\"BreadcrumbList\",\"@id\":\"https:\/\/www.fraczinet.cl\/sitio\/2010\/01\/29\/el-lado-mas-teorico-del-10-festival-internacional-de-cine-de-lebu\/#breadcrumb\",\"itemListElement\":[{\"@type\":\"ListItem\",\"position\":1,\"name\":\"Portada\",\"item\":\"https:\/\/www.fraczinet.cl\/sitio\/\"},{\"@type\":\"ListItem\",\"position\":2,\"name\":\"El Lado M\u00e1s Te\u00f3rico Del 10\u00b0 Festival Internacional De Cine De Lebu\"}]},{\"@type\":\"WebSite\",\"@id\":\"https:\/\/www.fraczinet.cl\/sitio\/#website\",\"url\":\"https:\/\/www.fraczinet.cl\/sitio\/\",\"name\":\"Nuestro Bio B\u00edo\",\"description\":\"Tierra de Encuentros\",\"publisher\":{\"@id\":\"https:\/\/www.fraczinet.cl\/sitio\/#\/schema\/person\/aec8ee4da68df2b9b0eefdad24a0d582\"},\"potentialAction\":[{\"@type\":\"SearchAction\",\"target\":{\"@type\":\"EntryPoint\",\"urlTemplate\":\"https:\/\/www.fraczinet.cl\/sitio\/?s={search_term_string}\"},\"query-input\":{\"@type\":\"PropertyValueSpecification\",\"valueRequired\":true,\"valueName\":\"search_term_string\"}}],\"inLanguage\":\"es\"},{\"@type\":[\"Person\",\"Organization\"],\"@id\":\"https:\/\/www.fraczinet.cl\/sitio\/#\/schema\/person\/aec8ee4da68df2b9b0eefdad24a0d582\",\"name\":\"Luis Fernando Fraczinet\",\"image\":{\"@type\":\"ImageObject\",\"inLanguage\":\"es\",\"@id\":\"https:\/\/www.fraczinet.cl\/sitio\/#\/schema\/person\/image\/\",\"url\":\"https:\/\/www.fraczinet.cl\/sitio\/wp-content\/uploads\/2021\/07\/bannerlogo-1.gif\",\"contentUrl\":\"https:\/\/www.fraczinet.cl\/sitio\/wp-content\/uploads\/2021\/07\/bannerlogo-1.gif\",\"width\":159,\"height\":79,\"caption\":\"Luis Fernando Fraczinet\"},\"logo\":{\"@id\":\"https:\/\/www.fraczinet.cl\/sitio\/#\/schema\/person\/image\/\"},\"sameAs\":[\"https:\/\/www.fraczinet.cl\/sitio\/\"]},{\"@type\":\"Person\",\"@id\":\"https:\/\/www.fraczinet.cl\/sitio\/#\/schema\/person\/bc30f98e9cb10ae7e119dbe14bc93784\",\"name\":\"admin\",\"image\":{\"@type\":\"ImageObject\",\"inLanguage\":\"es\",\"@id\":\"https:\/\/www.fraczinet.cl\/sitio\/#\/schema\/person\/image\/\",\"url\":\"https:\/\/secure.gravatar.com\/avatar\/d5ad3cf7ef3b23a2bb5be73be780c86b2fc8545c3ad6b149f3913ff458c00099?s=96&d=mm&r=g\",\"contentUrl\":\"https:\/\/secure.gravatar.com\/avatar\/d5ad3cf7ef3b23a2bb5be73be780c86b2fc8545c3ad6b149f3913ff458c00099?s=96&d=mm&r=g\",\"caption\":\"admin\"},\"sameAs\":[\"https:\/\/www.fraczinet.cl\/sitio\"]}]}<\/script>\n<!-- \/ Yoast SEO plugin. -->","yoast_head_json":{"title":"El Lado M\u00e1s Te\u00f3rico Del 10\u00b0 Festival Internacional De Cine De Lebu - Nuestro Bio B\u00edo","robots":{"index":"index","follow":"follow","max-snippet":"max-snippet:-1","max-image-preview":"max-image-preview:large","max-video-preview":"max-video-preview:-1"},"canonical":"https:\/\/www.fraczinet.cl\/sitio\/2010\/01\/29\/el-lado-mas-teorico-del-10-festival-internacional-de-cine-de-lebu\/","og_locale":"es_ES","og_type":"article","og_title":"El Lado M\u00e1s Te\u00f3rico Del 10\u00b0 Festival Internacional De Cine De Lebu - Nuestro Bio B\u00edo","og_description":"Si bien los festivales de cine se asocian a la proyecci\u00f3n de pel\u00edculas, ya sean parte de la competencia o de las muestras paralelas, tambi\u00e9n existen talleres, charlas y otras instancias donde vemos el lado m\u00e1s te\u00f3rico del cine. El 10\u00b0 Festival Internacional de Cine de Lebu no queda exento de esta premisa, por lo [&hellip;]","og_url":"https:\/\/www.fraczinet.cl\/sitio\/2010\/01\/29\/el-lado-mas-teorico-del-10-festival-internacional-de-cine-de-lebu\/","og_site_name":"Nuestro Bio B\u00edo","article_published_time":"2010-01-29T23:36:00+00:00","og_image":[{"width":159,"height":79,"url":"https:\/\/www.fraczinet.cl\/sitio\/wp-content\/uploads\/2021\/07\/bannerlogo-1.gif","type":"image\/gif"}],"author":"admin","twitter_card":"summary_large_image","twitter_creator":"@nuestrobiobio","twitter_site":"@nuestrobiobio","twitter_misc":{"Escrito por":"admin","Tiempo de lectura":"2 minutos"},"schema":{"@context":"https:\/\/schema.org","@graph":[{"@type":"Article","@id":"https:\/\/www.fraczinet.cl\/sitio\/2010\/01\/29\/el-lado-mas-teorico-del-10-festival-internacional-de-cine-de-lebu\/#article","isPartOf":{"@id":"https:\/\/www.fraczinet.cl\/sitio\/2010\/01\/29\/el-lado-mas-teorico-del-10-festival-internacional-de-cine-de-lebu\/"},"author":{"name":"admin","@id":"https:\/\/www.fraczinet.cl\/sitio\/#\/schema\/person\/bc30f98e9cb10ae7e119dbe14bc93784"},"headline":"El Lado M\u00e1s Te\u00f3rico Del 10\u00b0 Festival Internacional De Cine De Lebu","datePublished":"2010-01-29T23:36:00+00:00","mainEntityOfPage":{"@id":"https:\/\/www.fraczinet.cl\/sitio\/2010\/01\/29\/el-lado-mas-teorico-del-10-festival-internacional-de-cine-de-lebu\/"},"wordCount":508,"commentCount":0,"publisher":{"@id":"https:\/\/www.fraczinet.cl\/sitio\/#\/schema\/person\/aec8ee4da68df2b9b0eefdad24a0d582"},"articleSection":["Cine","Festivales","Lebu"],"inLanguage":"es","potentialAction":[{"@type":"CommentAction","name":"Comment","target":["https:\/\/www.fraczinet.cl\/sitio\/2010\/01\/29\/el-lado-mas-teorico-del-10-festival-internacional-de-cine-de-lebu\/#respond"]}]},{"@type":"WebPage","@id":"https:\/\/www.fraczinet.cl\/sitio\/2010\/01\/29\/el-lado-mas-teorico-del-10-festival-internacional-de-cine-de-lebu\/","url":"https:\/\/www.fraczinet.cl\/sitio\/2010\/01\/29\/el-lado-mas-teorico-del-10-festival-internacional-de-cine-de-lebu\/","name":"El Lado M\u00e1s Te\u00f3rico Del 10\u00b0 Festival Internacional De Cine De Lebu - Nuestro Bio B\u00edo","isPartOf":{"@id":"https:\/\/www.fraczinet.cl\/sitio\/#website"},"datePublished":"2010-01-29T23:36:00+00:00","breadcrumb":{"@id":"https:\/\/www.fraczinet.cl\/sitio\/2010\/01\/29\/el-lado-mas-teorico-del-10-festival-internacional-de-cine-de-lebu\/#breadcrumb"},"inLanguage":"es","potentialAction":[{"@type":"ReadAction","target":["https:\/\/www.fraczinet.cl\/sitio\/2010\/01\/29\/el-lado-mas-teorico-del-10-festival-internacional-de-cine-de-lebu\/"]}]},{"@type":"BreadcrumbList","@id":"https:\/\/www.fraczinet.cl\/sitio\/2010\/01\/29\/el-lado-mas-teorico-del-10-festival-internacional-de-cine-de-lebu\/#breadcrumb","itemListElement":[{"@type":"ListItem","position":1,"name":"Portada","item":"https:\/\/www.fraczinet.cl\/sitio\/"},{"@type":"ListItem","position":2,"name":"El Lado M\u00e1s Te\u00f3rico Del 10\u00b0 Festival Internacional De Cine De Lebu"}]},{"@type":"WebSite","@id":"https:\/\/www.fraczinet.cl\/sitio\/#website","url":"https:\/\/www.fraczinet.cl\/sitio\/","name":"Nuestro Bio B\u00edo","description":"Tierra de Encuentros","publisher":{"@id":"https:\/\/www.fraczinet.cl\/sitio\/#\/schema\/person\/aec8ee4da68df2b9b0eefdad24a0d582"},"potentialAction":[{"@type":"SearchAction","target":{"@type":"EntryPoint","urlTemplate":"https:\/\/www.fraczinet.cl\/sitio\/?s={search_term_string}"},"query-input":{"@type":"PropertyValueSpecification","valueRequired":true,"valueName":"search_term_string"}}],"inLanguage":"es"},{"@type":["Person","Organization"],"@id":"https:\/\/www.fraczinet.cl\/sitio\/#\/schema\/person\/aec8ee4da68df2b9b0eefdad24a0d582","name":"Luis Fernando Fraczinet","image":{"@type":"ImageObject","inLanguage":"es","@id":"https:\/\/www.fraczinet.cl\/sitio\/#\/schema\/person\/image\/","url":"https:\/\/www.fraczinet.cl\/sitio\/wp-content\/uploads\/2021\/07\/bannerlogo-1.gif","contentUrl":"https:\/\/www.fraczinet.cl\/sitio\/wp-content\/uploads\/2021\/07\/bannerlogo-1.gif","width":159,"height":79,"caption":"Luis Fernando Fraczinet"},"logo":{"@id":"https:\/\/www.fraczinet.cl\/sitio\/#\/schema\/person\/image\/"},"sameAs":["https:\/\/www.fraczinet.cl\/sitio\/"]},{"@type":"Person","@id":"https:\/\/www.fraczinet.cl\/sitio\/#\/schema\/person\/bc30f98e9cb10ae7e119dbe14bc93784","name":"admin","image":{"@type":"ImageObject","inLanguage":"es","@id":"https:\/\/www.fraczinet.cl\/sitio\/#\/schema\/person\/image\/","url":"https:\/\/secure.gravatar.com\/avatar\/d5ad3cf7ef3b23a2bb5be73be780c86b2fc8545c3ad6b149f3913ff458c00099?s=96&d=mm&r=g","contentUrl":"https:\/\/secure.gravatar.com\/avatar\/d5ad3cf7ef3b23a2bb5be73be780c86b2fc8545c3ad6b149f3913ff458c00099?s=96&d=mm&r=g","caption":"admin"},"sameAs":["https:\/\/www.fraczinet.cl\/sitio"]}]}},"_links":{"self":[{"href":"https:\/\/www.fraczinet.cl\/sitio\/wp-json\/wp\/v2\/posts\/5557","targetHints":{"allow":["GET"]}}],"collection":[{"href":"https:\/\/www.fraczinet.cl\/sitio\/wp-json\/wp\/v2\/posts"}],"about":[{"href":"https:\/\/www.fraczinet.cl\/sitio\/wp-json\/wp\/v2\/types\/post"}],"author":[{"embeddable":true,"href":"https:\/\/www.fraczinet.cl\/sitio\/wp-json\/wp\/v2\/users\/1"}],"replies":[{"embeddable":true,"href":"https:\/\/www.fraczinet.cl\/sitio\/wp-json\/wp\/v2\/comments?post=5557"}],"version-history":[{"count":0,"href":"https:\/\/www.fraczinet.cl\/sitio\/wp-json\/wp\/v2\/posts\/5557\/revisions"}],"wp:attachment":[{"href":"https:\/\/www.fraczinet.cl\/sitio\/wp-json\/wp\/v2\/media?parent=5557"}],"wp:term":[{"taxonomy":"category","embeddable":true,"href":"https:\/\/www.fraczinet.cl\/sitio\/wp-json\/wp\/v2\/categories?post=5557"},{"taxonomy":"post_tag","embeddable":true,"href":"https:\/\/www.fraczinet.cl\/sitio\/wp-json\/wp\/v2\/tags?post=5557"}],"curies":[{"name":"wp","href":"https:\/\/api.w.org\/{rel}","templated":true}]}}