{"id":5563,"date":"2010-01-28T16:37:00","date_gmt":"2010-01-28T16:37:00","guid":{"rendered":"https:\/\/www.fraczinet.cl\/sitio\/2010\/01\/28\/pin-pon-trae-la-alegria-a-lebu\/"},"modified":"2022-10-04T02:10:33","modified_gmt":"2022-10-04T02:10:33","slug":"pin-pon-trae-la-alegria-a-lebu","status":"publish","type":"post","link":"https:\/\/www.fraczinet.cl\/sitio\/2010\/01\/28\/pin-pon-trae-la-alegria-a-lebu\/","title":{"rendered":"Pin Pon Trae La Alegr\u00eda A Lebu"},"content":{"rendered":"<div style=\"text-align: justify;\">Dos son las pel\u00edculas que representar\u00e1n a Cuba en el 10\u00b0 Festival Internacional de Cine de Lebu, que se desarrollar\u00e1 entre el 26 y 30 de enero. Una de ellas es la coproducci\u00f3n con Chile \u00abQue valga la alegr\u00eda\u00bb de Denise Guerra, hija del actor chileno Jorge Guerra.<\/div>\n<div style=\"text-align: justify;\"><\/div>\n<div style=\"text-align: justify;\">Este documental retrata en 27&#8242; la vida y la obra de este artista, quien en 1965 creara su personaje m\u00e1s popular: Pin Pon. Con este rol, Guerra contribuy\u00f3 en la formaci\u00f3n de varias generaciones de ni\u00f1os chilenos convirti\u00e9ndose en patrimonio cultural de Chile. Tras el golpe militar debi\u00f3 partir al exilio, y llev\u00f3 sus valores art\u00edsticos a varios pa\u00edses de Latinoam\u00e9rica, en especial Ecuador y Cuba.<\/div>\n<div style=\"text-align: justify;\"><\/div>\n<div style=\"text-align: justify;\">La exhibici\u00f3n de este documental en el marco del certamen de Lebu adquiere vital importancia, pues se proyectar\u00e1 10 d\u00edas antes de que se cumpla el primer aniversario de la muerte del actor, en cuyo velorio se mostr\u00f3 esta obra.<\/div>\n<div style=\"text-align: justify;\"><\/div>\n<div style=\"text-align: justify;\">A este filme se suma el cortometraje de Eduardo del Llano, \u00abBrainstorm\u00bb. Protagonizado por Jorge Perugorr\u00eda (\u00abFresa y chocolate\u00bb, \u00abChe\u00bb), se centra en lo que pasa alrededor de una mesa donde se re\u00fanen los editores junto al director del peri\u00f3dico \u00abLa Avanzada\u00bb para decidir los temas que llevar\u00e1n en sus p\u00e1ginas. Y a pesar de ser un filme de ficci\u00f3n, tiene mucho de realidad, ya que seg\u00fan su director es una cr\u00edtica al periodismo que se realiza en Cuba y la forma que se ha adormecido para no meterse en problemas.<\/div>\n<div style=\"text-align: justify;\"><\/div>\n<div style=\"text-align: justify;\">Si hablamos de la Isla, cabe destacar que el Festival Internacional de Cine de Lebu cuenta con una subsede en Gibara, Cuba, donde se exhibir\u00e1n las mismas pel\u00edculas que en Chile. Las proyecciones se realizar\u00e1n en la Caverna de los Panaderos, ubicada a 2 Km al suroeste de la ciudad, y en el Cine Jib\u00e1, ubicado en pleno centro de Gibara.<\/div>\n<div style=\"text-align: justify;\"><\/div>\n<div style=\"text-align: justify;\">Esta alianza es con el Festival Internacional del Cine Pobre de Humberto Sol\u00e1s, y el Instituto Cubano de Arte e Industria Cinematogr\u00e1ficos (ICAIC).<\/div>\n<div style=\"text-align: justify;\"><\/div>\n<div style=\"text-align: justify;\">M\u00e1s informaci\u00f3n en www.cinelebu.cl<\/div>\n","protected":false},"excerpt":{"rendered":"<p>Dos son las pel\u00edculas que representar\u00e1n a Cuba en el 10\u00b0 Festival Internacional de Cine de Lebu, que se desarrollar\u00e1 entre el 26 y 30 de enero. Una de ellas es la coproducci\u00f3n con Chile \u00abQue valga la alegr\u00eda\u00bb de Denise Guerra, hija del actor chileno Jorge Guerra. Este documental retrata en 27&#8242; la vida [&hellip;]<\/p>\n","protected":false},"author":1,"featured_media":0,"comment_status":"open","ping_status":"open","sticky":false,"template":"","format":"standard","meta":{"footnotes":""},"categories":[32],"tags":[],"class_list":["post-5563","post","type-post","status-publish","format-standard","hentry","category-cine"],"yoast_head":"<!-- This site is optimized with the Yoast SEO plugin v25.0 - https:\/\/yoast.com\/wordpress\/plugins\/seo\/ -->\n<title>Pin Pon Trae La Alegr\u00eda A Lebu - Nuestro Bio B\u00edo<\/title>\n<meta name=\"robots\" content=\"index, follow, max-snippet:-1, max-image-preview:large, max-video-preview:-1\" \/>\n<link rel=\"canonical\" href=\"https:\/\/www.fraczinet.cl\/sitio\/2010\/01\/28\/pin-pon-trae-la-alegria-a-lebu\/\" \/>\n<meta property=\"og:locale\" content=\"es_ES\" \/>\n<meta property=\"og:type\" content=\"article\" \/>\n<meta property=\"og:title\" content=\"Pin Pon Trae La Alegr\u00eda A Lebu - Nuestro Bio B\u00edo\" \/>\n<meta property=\"og:description\" content=\"Dos son las pel\u00edculas que representar\u00e1n a Cuba en el 10\u00b0 Festival Internacional de Cine de Lebu, que se desarrollar\u00e1 entre el 26 y 30 de enero. Una de ellas es la coproducci\u00f3n con Chile \u00abQue valga la alegr\u00eda\u00bb de Denise Guerra, hija del actor chileno Jorge Guerra. Este documental retrata en 27&#8242; la vida [&hellip;]\" \/>\n<meta property=\"og:url\" content=\"https:\/\/www.fraczinet.cl\/sitio\/2010\/01\/28\/pin-pon-trae-la-alegria-a-lebu\/\" \/>\n<meta property=\"og:site_name\" content=\"Nuestro Bio B\u00edo\" \/>\n<meta property=\"article:published_time\" content=\"2010-01-28T16:37:00+00:00\" \/>\n<meta property=\"article:modified_time\" content=\"2022-10-04T02:10:33+00:00\" \/>\n<meta property=\"og:image\" content=\"https:\/\/www.fraczinet.cl\/sitio\/wp-content\/uploads\/2021\/07\/bannerlogo-1.gif\" \/>\n\t<meta property=\"og:image:width\" content=\"159\" \/>\n\t<meta property=\"og:image:height\" content=\"79\" \/>\n\t<meta property=\"og:image:type\" content=\"image\/gif\" \/>\n<meta name=\"author\" content=\"admin\" \/>\n<meta name=\"twitter:card\" content=\"summary_large_image\" \/>\n<meta name=\"twitter:creator\" content=\"@nuestrobiobio\" \/>\n<meta name=\"twitter:site\" content=\"@nuestrobiobio\" \/>\n<meta name=\"twitter:label1\" content=\"Escrito por\" \/>\n\t<meta name=\"twitter:data1\" content=\"admin\" \/>\n\t<meta name=\"twitter:label2\" content=\"Tiempo de lectura\" \/>\n\t<meta name=\"twitter:data2\" content=\"2 minutos\" \/>\n<script type=\"application\/ld+json\" class=\"yoast-schema-graph\">{\"@context\":\"https:\/\/schema.org\",\"@graph\":[{\"@type\":\"Article\",\"@id\":\"https:\/\/www.fraczinet.cl\/sitio\/2010\/01\/28\/pin-pon-trae-la-alegria-a-lebu\/#article\",\"isPartOf\":{\"@id\":\"https:\/\/www.fraczinet.cl\/sitio\/2010\/01\/28\/pin-pon-trae-la-alegria-a-lebu\/\"},\"author\":{\"name\":\"admin\",\"@id\":\"https:\/\/www.fraczinet.cl\/sitio\/#\/schema\/person\/bc30f98e9cb10ae7e119dbe14bc93784\"},\"headline\":\"Pin Pon Trae La Alegr\u00eda A Lebu\",\"datePublished\":\"2010-01-28T16:37:00+00:00\",\"dateModified\":\"2022-10-04T02:10:33+00:00\",\"mainEntityOfPage\":{\"@id\":\"https:\/\/www.fraczinet.cl\/sitio\/2010\/01\/28\/pin-pon-trae-la-alegria-a-lebu\/\"},\"wordCount\":365,\"commentCount\":0,\"publisher\":{\"@id\":\"https:\/\/www.fraczinet.cl\/sitio\/#\/schema\/person\/aec8ee4da68df2b9b0eefdad24a0d582\"},\"articleSection\":[\"Cine\"],\"inLanguage\":\"es\",\"potentialAction\":[{\"@type\":\"CommentAction\",\"name\":\"Comment\",\"target\":[\"https:\/\/www.fraczinet.cl\/sitio\/2010\/01\/28\/pin-pon-trae-la-alegria-a-lebu\/#respond\"]}]},{\"@type\":\"WebPage\",\"@id\":\"https:\/\/www.fraczinet.cl\/sitio\/2010\/01\/28\/pin-pon-trae-la-alegria-a-lebu\/\",\"url\":\"https:\/\/www.fraczinet.cl\/sitio\/2010\/01\/28\/pin-pon-trae-la-alegria-a-lebu\/\",\"name\":\"Pin Pon Trae La Alegr\u00eda A Lebu - Nuestro Bio B\u00edo\",\"isPartOf\":{\"@id\":\"https:\/\/www.fraczinet.cl\/sitio\/#website\"},\"datePublished\":\"2010-01-28T16:37:00+00:00\",\"dateModified\":\"2022-10-04T02:10:33+00:00\",\"breadcrumb\":{\"@id\":\"https:\/\/www.fraczinet.cl\/sitio\/2010\/01\/28\/pin-pon-trae-la-alegria-a-lebu\/#breadcrumb\"},\"inLanguage\":\"es\",\"potentialAction\":[{\"@type\":\"ReadAction\",\"target\":[\"https:\/\/www.fraczinet.cl\/sitio\/2010\/01\/28\/pin-pon-trae-la-alegria-a-lebu\/\"]}]},{\"@type\":\"BreadcrumbList\",\"@id\":\"https:\/\/www.fraczinet.cl\/sitio\/2010\/01\/28\/pin-pon-trae-la-alegria-a-lebu\/#breadcrumb\",\"itemListElement\":[{\"@type\":\"ListItem\",\"position\":1,\"name\":\"Portada\",\"item\":\"https:\/\/www.fraczinet.cl\/sitio\/\"},{\"@type\":\"ListItem\",\"position\":2,\"name\":\"Pin Pon Trae La Alegr\u00eda A Lebu\"}]},{\"@type\":\"WebSite\",\"@id\":\"https:\/\/www.fraczinet.cl\/sitio\/#website\",\"url\":\"https:\/\/www.fraczinet.cl\/sitio\/\",\"name\":\"Nuestro Bio B\u00edo\",\"description\":\"Tierra de Encuentros\",\"publisher\":{\"@id\":\"https:\/\/www.fraczinet.cl\/sitio\/#\/schema\/person\/aec8ee4da68df2b9b0eefdad24a0d582\"},\"potentialAction\":[{\"@type\":\"SearchAction\",\"target\":{\"@type\":\"EntryPoint\",\"urlTemplate\":\"https:\/\/www.fraczinet.cl\/sitio\/?s={search_term_string}\"},\"query-input\":{\"@type\":\"PropertyValueSpecification\",\"valueRequired\":true,\"valueName\":\"search_term_string\"}}],\"inLanguage\":\"es\"},{\"@type\":[\"Person\",\"Organization\"],\"@id\":\"https:\/\/www.fraczinet.cl\/sitio\/#\/schema\/person\/aec8ee4da68df2b9b0eefdad24a0d582\",\"name\":\"Luis Fernando Fraczinet\",\"image\":{\"@type\":\"ImageObject\",\"inLanguage\":\"es\",\"@id\":\"https:\/\/www.fraczinet.cl\/sitio\/#\/schema\/person\/image\/\",\"url\":\"https:\/\/www.fraczinet.cl\/sitio\/wp-content\/uploads\/2021\/07\/bannerlogo-1.gif\",\"contentUrl\":\"https:\/\/www.fraczinet.cl\/sitio\/wp-content\/uploads\/2021\/07\/bannerlogo-1.gif\",\"width\":159,\"height\":79,\"caption\":\"Luis Fernando Fraczinet\"},\"logo\":{\"@id\":\"https:\/\/www.fraczinet.cl\/sitio\/#\/schema\/person\/image\/\"},\"sameAs\":[\"https:\/\/www.fraczinet.cl\/sitio\/\"]},{\"@type\":\"Person\",\"@id\":\"https:\/\/www.fraczinet.cl\/sitio\/#\/schema\/person\/bc30f98e9cb10ae7e119dbe14bc93784\",\"name\":\"admin\",\"image\":{\"@type\":\"ImageObject\",\"inLanguage\":\"es\",\"@id\":\"https:\/\/www.fraczinet.cl\/sitio\/#\/schema\/person\/image\/\",\"url\":\"https:\/\/secure.gravatar.com\/avatar\/d5ad3cf7ef3b23a2bb5be73be780c86b2fc8545c3ad6b149f3913ff458c00099?s=96&d=mm&r=g\",\"contentUrl\":\"https:\/\/secure.gravatar.com\/avatar\/d5ad3cf7ef3b23a2bb5be73be780c86b2fc8545c3ad6b149f3913ff458c00099?s=96&d=mm&r=g\",\"caption\":\"admin\"},\"sameAs\":[\"https:\/\/www.fraczinet.cl\/sitio\"]}]}<\/script>\n<!-- \/ Yoast SEO plugin. -->","yoast_head_json":{"title":"Pin Pon Trae La Alegr\u00eda A Lebu - Nuestro Bio B\u00edo","robots":{"index":"index","follow":"follow","max-snippet":"max-snippet:-1","max-image-preview":"max-image-preview:large","max-video-preview":"max-video-preview:-1"},"canonical":"https:\/\/www.fraczinet.cl\/sitio\/2010\/01\/28\/pin-pon-trae-la-alegria-a-lebu\/","og_locale":"es_ES","og_type":"article","og_title":"Pin Pon Trae La Alegr\u00eda A Lebu - Nuestro Bio B\u00edo","og_description":"Dos son las pel\u00edculas que representar\u00e1n a Cuba en el 10\u00b0 Festival Internacional de Cine de Lebu, que se desarrollar\u00e1 entre el 26 y 30 de enero. Una de ellas es la coproducci\u00f3n con Chile \u00abQue valga la alegr\u00eda\u00bb de Denise Guerra, hija del actor chileno Jorge Guerra. Este documental retrata en 27&#8242; la vida [&hellip;]","og_url":"https:\/\/www.fraczinet.cl\/sitio\/2010\/01\/28\/pin-pon-trae-la-alegria-a-lebu\/","og_site_name":"Nuestro Bio B\u00edo","article_published_time":"2010-01-28T16:37:00+00:00","article_modified_time":"2022-10-04T02:10:33+00:00","og_image":[{"width":159,"height":79,"url":"https:\/\/www.fraczinet.cl\/sitio\/wp-content\/uploads\/2021\/07\/bannerlogo-1.gif","type":"image\/gif"}],"author":"admin","twitter_card":"summary_large_image","twitter_creator":"@nuestrobiobio","twitter_site":"@nuestrobiobio","twitter_misc":{"Escrito por":"admin","Tiempo de lectura":"2 minutos"},"schema":{"@context":"https:\/\/schema.org","@graph":[{"@type":"Article","@id":"https:\/\/www.fraczinet.cl\/sitio\/2010\/01\/28\/pin-pon-trae-la-alegria-a-lebu\/#article","isPartOf":{"@id":"https:\/\/www.fraczinet.cl\/sitio\/2010\/01\/28\/pin-pon-trae-la-alegria-a-lebu\/"},"author":{"name":"admin","@id":"https:\/\/www.fraczinet.cl\/sitio\/#\/schema\/person\/bc30f98e9cb10ae7e119dbe14bc93784"},"headline":"Pin Pon Trae La Alegr\u00eda A Lebu","datePublished":"2010-01-28T16:37:00+00:00","dateModified":"2022-10-04T02:10:33+00:00","mainEntityOfPage":{"@id":"https:\/\/www.fraczinet.cl\/sitio\/2010\/01\/28\/pin-pon-trae-la-alegria-a-lebu\/"},"wordCount":365,"commentCount":0,"publisher":{"@id":"https:\/\/www.fraczinet.cl\/sitio\/#\/schema\/person\/aec8ee4da68df2b9b0eefdad24a0d582"},"articleSection":["Cine"],"inLanguage":"es","potentialAction":[{"@type":"CommentAction","name":"Comment","target":["https:\/\/www.fraczinet.cl\/sitio\/2010\/01\/28\/pin-pon-trae-la-alegria-a-lebu\/#respond"]}]},{"@type":"WebPage","@id":"https:\/\/www.fraczinet.cl\/sitio\/2010\/01\/28\/pin-pon-trae-la-alegria-a-lebu\/","url":"https:\/\/www.fraczinet.cl\/sitio\/2010\/01\/28\/pin-pon-trae-la-alegria-a-lebu\/","name":"Pin Pon Trae La Alegr\u00eda A Lebu - Nuestro Bio B\u00edo","isPartOf":{"@id":"https:\/\/www.fraczinet.cl\/sitio\/#website"},"datePublished":"2010-01-28T16:37:00+00:00","dateModified":"2022-10-04T02:10:33+00:00","breadcrumb":{"@id":"https:\/\/www.fraczinet.cl\/sitio\/2010\/01\/28\/pin-pon-trae-la-alegria-a-lebu\/#breadcrumb"},"inLanguage":"es","potentialAction":[{"@type":"ReadAction","target":["https:\/\/www.fraczinet.cl\/sitio\/2010\/01\/28\/pin-pon-trae-la-alegria-a-lebu\/"]}]},{"@type":"BreadcrumbList","@id":"https:\/\/www.fraczinet.cl\/sitio\/2010\/01\/28\/pin-pon-trae-la-alegria-a-lebu\/#breadcrumb","itemListElement":[{"@type":"ListItem","position":1,"name":"Portada","item":"https:\/\/www.fraczinet.cl\/sitio\/"},{"@type":"ListItem","position":2,"name":"Pin Pon Trae La Alegr\u00eda A Lebu"}]},{"@type":"WebSite","@id":"https:\/\/www.fraczinet.cl\/sitio\/#website","url":"https:\/\/www.fraczinet.cl\/sitio\/","name":"Nuestro Bio B\u00edo","description":"Tierra de Encuentros","publisher":{"@id":"https:\/\/www.fraczinet.cl\/sitio\/#\/schema\/person\/aec8ee4da68df2b9b0eefdad24a0d582"},"potentialAction":[{"@type":"SearchAction","target":{"@type":"EntryPoint","urlTemplate":"https:\/\/www.fraczinet.cl\/sitio\/?s={search_term_string}"},"query-input":{"@type":"PropertyValueSpecification","valueRequired":true,"valueName":"search_term_string"}}],"inLanguage":"es"},{"@type":["Person","Organization"],"@id":"https:\/\/www.fraczinet.cl\/sitio\/#\/schema\/person\/aec8ee4da68df2b9b0eefdad24a0d582","name":"Luis Fernando Fraczinet","image":{"@type":"ImageObject","inLanguage":"es","@id":"https:\/\/www.fraczinet.cl\/sitio\/#\/schema\/person\/image\/","url":"https:\/\/www.fraczinet.cl\/sitio\/wp-content\/uploads\/2021\/07\/bannerlogo-1.gif","contentUrl":"https:\/\/www.fraczinet.cl\/sitio\/wp-content\/uploads\/2021\/07\/bannerlogo-1.gif","width":159,"height":79,"caption":"Luis Fernando Fraczinet"},"logo":{"@id":"https:\/\/www.fraczinet.cl\/sitio\/#\/schema\/person\/image\/"},"sameAs":["https:\/\/www.fraczinet.cl\/sitio\/"]},{"@type":"Person","@id":"https:\/\/www.fraczinet.cl\/sitio\/#\/schema\/person\/bc30f98e9cb10ae7e119dbe14bc93784","name":"admin","image":{"@type":"ImageObject","inLanguage":"es","@id":"https:\/\/www.fraczinet.cl\/sitio\/#\/schema\/person\/image\/","url":"https:\/\/secure.gravatar.com\/avatar\/d5ad3cf7ef3b23a2bb5be73be780c86b2fc8545c3ad6b149f3913ff458c00099?s=96&d=mm&r=g","contentUrl":"https:\/\/secure.gravatar.com\/avatar\/d5ad3cf7ef3b23a2bb5be73be780c86b2fc8545c3ad6b149f3913ff458c00099?s=96&d=mm&r=g","caption":"admin"},"sameAs":["https:\/\/www.fraczinet.cl\/sitio"]}]}},"_links":{"self":[{"href":"https:\/\/www.fraczinet.cl\/sitio\/wp-json\/wp\/v2\/posts\/5563","targetHints":{"allow":["GET"]}}],"collection":[{"href":"https:\/\/www.fraczinet.cl\/sitio\/wp-json\/wp\/v2\/posts"}],"about":[{"href":"https:\/\/www.fraczinet.cl\/sitio\/wp-json\/wp\/v2\/types\/post"}],"author":[{"embeddable":true,"href":"https:\/\/www.fraczinet.cl\/sitio\/wp-json\/wp\/v2\/users\/1"}],"replies":[{"embeddable":true,"href":"https:\/\/www.fraczinet.cl\/sitio\/wp-json\/wp\/v2\/comments?post=5563"}],"version-history":[{"count":1,"href":"https:\/\/www.fraczinet.cl\/sitio\/wp-json\/wp\/v2\/posts\/5563\/revisions"}],"predecessor-version":[{"id":13787,"href":"https:\/\/www.fraczinet.cl\/sitio\/wp-json\/wp\/v2\/posts\/5563\/revisions\/13787"}],"wp:attachment":[{"href":"https:\/\/www.fraczinet.cl\/sitio\/wp-json\/wp\/v2\/media?parent=5563"}],"wp:term":[{"taxonomy":"category","embeddable":true,"href":"https:\/\/www.fraczinet.cl\/sitio\/wp-json\/wp\/v2\/categories?post=5563"},{"taxonomy":"post_tag","embeddable":true,"href":"https:\/\/www.fraczinet.cl\/sitio\/wp-json\/wp\/v2\/tags?post=5563"}],"curies":[{"name":"wp","href":"https:\/\/api.w.org\/{rel}","templated":true}]}}