{"id":5565,"date":"2010-01-28T00:12:00","date_gmt":"2010-01-28T00:12:00","guid":{"rendered":"https:\/\/www.fraczinet.cl\/sitio\/2010\/01\/28\/el-regalo-y-padre-nuestro-se-estrenan-en-cuba\/"},"modified":"2022-10-04T02:10:53","modified_gmt":"2022-10-04T02:10:53","slug":"el-regalo-y-padre-nuestro-se-estrenan-en-cuba","status":"publish","type":"post","link":"https:\/\/www.fraczinet.cl\/sitio\/2010\/01\/28\/el-regalo-y-padre-nuestro-se-estrenan-en-cuba\/","title":{"rendered":"\u00abEl Regalo\u00bb Y \u00abPadre Nuestro\u00bb Se Estrenan En Cuba"},"content":{"rendered":"<div style=\"text-align: justify;\">Entre las actividades del 10\u00b0 Festival Internacional de Cine de Lebu, se encuentra la exhibici\u00f3n de las pel\u00edculas \u00abEl regalo\u00bb (Cristi\u00e1n Galaz y Andrea Ugalde), y \u00abPadre nuestro\u00bb (Rodrigo Sep\u00falveda) en la sub-sede que tiene el certamen en Gibara, Cuba.<\/div>\n<div style=\"text-align: justify;\"><\/div>\n<div style=\"text-align: justify;\">Ambas pel\u00edculas se estrenar\u00e1n en forma exclusiva en el pa\u00eds centroamericano, lo cual se concretar\u00e1 gracias al apoyo de los propios realizadores, y a los esfuerzos de Claudia Pino, directora del certamen, de abrir nuevas ventanas de difusi\u00f3n a los realizadores nacionales; que fue uno de los objetivos que se plante\u00f3 cuando decidi\u00f3 incluir a Gibara como su sub-sede.<\/div>\n<div style=\"text-align: justify;\"><\/div>\n<div style=\"text-align: justify;\">\u00abSi bien, tener una sub-sede significa que el Festival de Lebu se internacionaliza de forma concreta, tambi\u00e9n es una oportunidad de abrir las puertas a nuestros realizadores, quienes podr\u00e1n con mayor facilidad exhibir sus trabajos en Cuba a trav\u00e9s de muestras que el mismo Festival genera como una manera de difundir lo que se est\u00e1 haciendo en Chile\u00bb, comenta Claudia.<\/div>\n<div style=\"text-align: justify;\"><\/div>\n<div style=\"text-align: justify;\">\u00abPadre nuestro\u00bb cuenta la historia de un hombre moribundo que quiere pasar sus \u00faltimos d\u00edas disfrutando de la vida, y no encerrado en un hospital. Es as\u00ed como comienza una loca carrera por Valpara\u00edso, en la cual arrastrar\u00e1 a toda su familia. La cinta protagonizada por Jaime Vadell, Francisco P\u00e9rez-Bannen, Amparo Noguera y Cecilia Roth, entre otros, se proyectar\u00e1 el mi\u00e9rcoles 27 de enero en el Cine Jib\u00e1.<\/div>\n<div style=\"text-align: justify;\"><\/div>\n<div style=\"text-align: justify;\">En el mismo lugar al d\u00eda siguiente se mostrar\u00e1 \u00abEl regalo\u00bb, filme que retrata la historia de un grupo de amigos que bordean los 60 a\u00f1os. <\/div>\n<div style=\"text-align: justify;\"><\/div>\n<div style=\"text-align: justify;\">Todo empieza cuando uno de ellos decide suicidarse por la soledad que lo rodea, y dos de sus compa\u00f1eros deciden ayudarlo a superar su tristeza y viudez llev\u00e1ndolo a unas termas, donde se reencontrar\u00e1 con un viejo amor. En el elenco se encuentran los actores Nelson Villagra, Gloria M\u00fcnchmeyer, Delfina Guzm\u00e1n y Julio Jung.<\/div>\n<div style=\"text-align: justify;\"><\/div>\n<div style=\"text-align: justify;\">El 10\u00b0 Festival Internacional de Cine de Lebu se desarrollar\u00e1 entre el 26 y el 30 de enero, y cuenta con sub-sedes en Gibara, Cuba, y Madrid, Espa\u00f1a. Cuenta con financiamiento del Fondo de Fomento Audiovisual del Consejo Nacional de la Cultura y las Artes, el Gobierno Regional de Bio B\u00edo, DuocUC sede Concepci\u00f3n y empresas privadas.<\/div>\n","protected":false},"excerpt":{"rendered":"<p>Entre las actividades del 10\u00b0 Festival Internacional de Cine de Lebu, se encuentra la exhibici\u00f3n de las pel\u00edculas \u00abEl regalo\u00bb (Cristi\u00e1n Galaz y Andrea Ugalde), y \u00abPadre nuestro\u00bb (Rodrigo Sep\u00falveda) en la sub-sede que tiene el certamen en Gibara, Cuba. Ambas pel\u00edculas se estrenar\u00e1n en forma exclusiva en el pa\u00eds centroamericano, lo cual se concretar\u00e1 [&hellip;]<\/p>\n","protected":false},"author":1,"featured_media":0,"comment_status":"open","ping_status":"open","sticky":false,"template":"","format":"standard","meta":{"footnotes":""},"categories":[32],"tags":[],"class_list":["post-5565","post","type-post","status-publish","format-standard","hentry","category-cine"],"yoast_head":"<!-- This site is optimized with the Yoast SEO plugin v25.0 - https:\/\/yoast.com\/wordpress\/plugins\/seo\/ -->\n<title>&quot;El Regalo&quot; Y &quot;Padre Nuestro&quot; Se Estrenan En Cuba - Nuestro Bio B\u00edo<\/title>\n<meta name=\"robots\" content=\"index, follow, max-snippet:-1, max-image-preview:large, max-video-preview:-1\" \/>\n<link rel=\"canonical\" href=\"https:\/\/www.fraczinet.cl\/sitio\/2010\/01\/28\/el-regalo-y-padre-nuestro-se-estrenan-en-cuba\/\" \/>\n<meta property=\"og:locale\" content=\"es_ES\" \/>\n<meta property=\"og:type\" content=\"article\" \/>\n<meta property=\"og:title\" content=\"&quot;El Regalo&quot; Y &quot;Padre Nuestro&quot; Se Estrenan En Cuba - Nuestro Bio B\u00edo\" \/>\n<meta property=\"og:description\" content=\"Entre las actividades del 10\u00b0 Festival Internacional de Cine de Lebu, se encuentra la exhibici\u00f3n de las pel\u00edculas \u00abEl regalo\u00bb (Cristi\u00e1n Galaz y Andrea Ugalde), y \u00abPadre nuestro\u00bb (Rodrigo Sep\u00falveda) en la sub-sede que tiene el certamen en Gibara, Cuba. Ambas pel\u00edculas se estrenar\u00e1n en forma exclusiva en el pa\u00eds centroamericano, lo cual se concretar\u00e1 [&hellip;]\" \/>\n<meta property=\"og:url\" content=\"https:\/\/www.fraczinet.cl\/sitio\/2010\/01\/28\/el-regalo-y-padre-nuestro-se-estrenan-en-cuba\/\" \/>\n<meta property=\"og:site_name\" content=\"Nuestro Bio B\u00edo\" \/>\n<meta property=\"article:published_time\" content=\"2010-01-28T00:12:00+00:00\" \/>\n<meta property=\"article:modified_time\" content=\"2022-10-04T02:10:53+00:00\" \/>\n<meta property=\"og:image\" content=\"https:\/\/www.fraczinet.cl\/sitio\/wp-content\/uploads\/2021\/07\/bannerlogo-1.gif\" \/>\n\t<meta property=\"og:image:width\" content=\"159\" \/>\n\t<meta property=\"og:image:height\" content=\"79\" \/>\n\t<meta property=\"og:image:type\" content=\"image\/gif\" \/>\n<meta name=\"author\" content=\"admin\" \/>\n<meta name=\"twitter:card\" content=\"summary_large_image\" \/>\n<meta name=\"twitter:creator\" content=\"@nuestrobiobio\" \/>\n<meta name=\"twitter:site\" content=\"@nuestrobiobio\" \/>\n<meta name=\"twitter:label1\" content=\"Escrito por\" \/>\n\t<meta name=\"twitter:data1\" content=\"admin\" \/>\n\t<meta name=\"twitter:label2\" content=\"Tiempo de lectura\" \/>\n\t<meta name=\"twitter:data2\" content=\"2 minutos\" \/>\n<script type=\"application\/ld+json\" class=\"yoast-schema-graph\">{\"@context\":\"https:\/\/schema.org\",\"@graph\":[{\"@type\":\"Article\",\"@id\":\"https:\/\/www.fraczinet.cl\/sitio\/2010\/01\/28\/el-regalo-y-padre-nuestro-se-estrenan-en-cuba\/#article\",\"isPartOf\":{\"@id\":\"https:\/\/www.fraczinet.cl\/sitio\/2010\/01\/28\/el-regalo-y-padre-nuestro-se-estrenan-en-cuba\/\"},\"author\":{\"name\":\"admin\",\"@id\":\"https:\/\/www.fraczinet.cl\/sitio\/#\/schema\/person\/bc30f98e9cb10ae7e119dbe14bc93784\"},\"headline\":\"\u00abEl Regalo\u00bb Y \u00abPadre Nuestro\u00bb Se Estrenan En Cuba\",\"datePublished\":\"2010-01-28T00:12:00+00:00\",\"dateModified\":\"2022-10-04T02:10:53+00:00\",\"mainEntityOfPage\":{\"@id\":\"https:\/\/www.fraczinet.cl\/sitio\/2010\/01\/28\/el-regalo-y-padre-nuestro-se-estrenan-en-cuba\/\"},\"wordCount\":391,\"commentCount\":0,\"publisher\":{\"@id\":\"https:\/\/www.fraczinet.cl\/sitio\/#\/schema\/person\/aec8ee4da68df2b9b0eefdad24a0d582\"},\"articleSection\":[\"Cine\"],\"inLanguage\":\"es\",\"potentialAction\":[{\"@type\":\"CommentAction\",\"name\":\"Comment\",\"target\":[\"https:\/\/www.fraczinet.cl\/sitio\/2010\/01\/28\/el-regalo-y-padre-nuestro-se-estrenan-en-cuba\/#respond\"]}]},{\"@type\":\"WebPage\",\"@id\":\"https:\/\/www.fraczinet.cl\/sitio\/2010\/01\/28\/el-regalo-y-padre-nuestro-se-estrenan-en-cuba\/\",\"url\":\"https:\/\/www.fraczinet.cl\/sitio\/2010\/01\/28\/el-regalo-y-padre-nuestro-se-estrenan-en-cuba\/\",\"name\":\"\\\"El Regalo\\\" Y \\\"Padre Nuestro\\\" Se Estrenan En Cuba - Nuestro Bio B\u00edo\",\"isPartOf\":{\"@id\":\"https:\/\/www.fraczinet.cl\/sitio\/#website\"},\"datePublished\":\"2010-01-28T00:12:00+00:00\",\"dateModified\":\"2022-10-04T02:10:53+00:00\",\"breadcrumb\":{\"@id\":\"https:\/\/www.fraczinet.cl\/sitio\/2010\/01\/28\/el-regalo-y-padre-nuestro-se-estrenan-en-cuba\/#breadcrumb\"},\"inLanguage\":\"es\",\"potentialAction\":[{\"@type\":\"ReadAction\",\"target\":[\"https:\/\/www.fraczinet.cl\/sitio\/2010\/01\/28\/el-regalo-y-padre-nuestro-se-estrenan-en-cuba\/\"]}]},{\"@type\":\"BreadcrumbList\",\"@id\":\"https:\/\/www.fraczinet.cl\/sitio\/2010\/01\/28\/el-regalo-y-padre-nuestro-se-estrenan-en-cuba\/#breadcrumb\",\"itemListElement\":[{\"@type\":\"ListItem\",\"position\":1,\"name\":\"Portada\",\"item\":\"https:\/\/www.fraczinet.cl\/sitio\/\"},{\"@type\":\"ListItem\",\"position\":2,\"name\":\"\u00abEl Regalo\u00bb Y \u00abPadre Nuestro\u00bb Se Estrenan En Cuba\"}]},{\"@type\":\"WebSite\",\"@id\":\"https:\/\/www.fraczinet.cl\/sitio\/#website\",\"url\":\"https:\/\/www.fraczinet.cl\/sitio\/\",\"name\":\"Nuestro Bio B\u00edo\",\"description\":\"Tierra de Encuentros\",\"publisher\":{\"@id\":\"https:\/\/www.fraczinet.cl\/sitio\/#\/schema\/person\/aec8ee4da68df2b9b0eefdad24a0d582\"},\"potentialAction\":[{\"@type\":\"SearchAction\",\"target\":{\"@type\":\"EntryPoint\",\"urlTemplate\":\"https:\/\/www.fraczinet.cl\/sitio\/?s={search_term_string}\"},\"query-input\":{\"@type\":\"PropertyValueSpecification\",\"valueRequired\":true,\"valueName\":\"search_term_string\"}}],\"inLanguage\":\"es\"},{\"@type\":[\"Person\",\"Organization\"],\"@id\":\"https:\/\/www.fraczinet.cl\/sitio\/#\/schema\/person\/aec8ee4da68df2b9b0eefdad24a0d582\",\"name\":\"Luis Fernando Fraczinet\",\"image\":{\"@type\":\"ImageObject\",\"inLanguage\":\"es\",\"@id\":\"https:\/\/www.fraczinet.cl\/sitio\/#\/schema\/person\/image\/\",\"url\":\"https:\/\/www.fraczinet.cl\/sitio\/wp-content\/uploads\/2021\/07\/bannerlogo-1.gif\",\"contentUrl\":\"https:\/\/www.fraczinet.cl\/sitio\/wp-content\/uploads\/2021\/07\/bannerlogo-1.gif\",\"width\":159,\"height\":79,\"caption\":\"Luis Fernando Fraczinet\"},\"logo\":{\"@id\":\"https:\/\/www.fraczinet.cl\/sitio\/#\/schema\/person\/image\/\"},\"sameAs\":[\"https:\/\/www.fraczinet.cl\/sitio\/\"]},{\"@type\":\"Person\",\"@id\":\"https:\/\/www.fraczinet.cl\/sitio\/#\/schema\/person\/bc30f98e9cb10ae7e119dbe14bc93784\",\"name\":\"admin\",\"image\":{\"@type\":\"ImageObject\",\"inLanguage\":\"es\",\"@id\":\"https:\/\/www.fraczinet.cl\/sitio\/#\/schema\/person\/image\/\",\"url\":\"https:\/\/secure.gravatar.com\/avatar\/d5ad3cf7ef3b23a2bb5be73be780c86b2fc8545c3ad6b149f3913ff458c00099?s=96&d=mm&r=g\",\"contentUrl\":\"https:\/\/secure.gravatar.com\/avatar\/d5ad3cf7ef3b23a2bb5be73be780c86b2fc8545c3ad6b149f3913ff458c00099?s=96&d=mm&r=g\",\"caption\":\"admin\"},\"sameAs\":[\"https:\/\/www.fraczinet.cl\/sitio\"]}]}<\/script>\n<!-- \/ Yoast SEO plugin. -->","yoast_head_json":{"title":"\"El Regalo\" Y \"Padre Nuestro\" Se Estrenan En Cuba - Nuestro Bio B\u00edo","robots":{"index":"index","follow":"follow","max-snippet":"max-snippet:-1","max-image-preview":"max-image-preview:large","max-video-preview":"max-video-preview:-1"},"canonical":"https:\/\/www.fraczinet.cl\/sitio\/2010\/01\/28\/el-regalo-y-padre-nuestro-se-estrenan-en-cuba\/","og_locale":"es_ES","og_type":"article","og_title":"\"El Regalo\" Y \"Padre Nuestro\" Se Estrenan En Cuba - Nuestro Bio B\u00edo","og_description":"Entre las actividades del 10\u00b0 Festival Internacional de Cine de Lebu, se encuentra la exhibici\u00f3n de las pel\u00edculas \u00abEl regalo\u00bb (Cristi\u00e1n Galaz y Andrea Ugalde), y \u00abPadre nuestro\u00bb (Rodrigo Sep\u00falveda) en la sub-sede que tiene el certamen en Gibara, Cuba. Ambas pel\u00edculas se estrenar\u00e1n en forma exclusiva en el pa\u00eds centroamericano, lo cual se concretar\u00e1 [&hellip;]","og_url":"https:\/\/www.fraczinet.cl\/sitio\/2010\/01\/28\/el-regalo-y-padre-nuestro-se-estrenan-en-cuba\/","og_site_name":"Nuestro Bio B\u00edo","article_published_time":"2010-01-28T00:12:00+00:00","article_modified_time":"2022-10-04T02:10:53+00:00","og_image":[{"width":159,"height":79,"url":"https:\/\/www.fraczinet.cl\/sitio\/wp-content\/uploads\/2021\/07\/bannerlogo-1.gif","type":"image\/gif"}],"author":"admin","twitter_card":"summary_large_image","twitter_creator":"@nuestrobiobio","twitter_site":"@nuestrobiobio","twitter_misc":{"Escrito por":"admin","Tiempo de lectura":"2 minutos"},"schema":{"@context":"https:\/\/schema.org","@graph":[{"@type":"Article","@id":"https:\/\/www.fraczinet.cl\/sitio\/2010\/01\/28\/el-regalo-y-padre-nuestro-se-estrenan-en-cuba\/#article","isPartOf":{"@id":"https:\/\/www.fraczinet.cl\/sitio\/2010\/01\/28\/el-regalo-y-padre-nuestro-se-estrenan-en-cuba\/"},"author":{"name":"admin","@id":"https:\/\/www.fraczinet.cl\/sitio\/#\/schema\/person\/bc30f98e9cb10ae7e119dbe14bc93784"},"headline":"\u00abEl Regalo\u00bb Y \u00abPadre Nuestro\u00bb Se Estrenan En Cuba","datePublished":"2010-01-28T00:12:00+00:00","dateModified":"2022-10-04T02:10:53+00:00","mainEntityOfPage":{"@id":"https:\/\/www.fraczinet.cl\/sitio\/2010\/01\/28\/el-regalo-y-padre-nuestro-se-estrenan-en-cuba\/"},"wordCount":391,"commentCount":0,"publisher":{"@id":"https:\/\/www.fraczinet.cl\/sitio\/#\/schema\/person\/aec8ee4da68df2b9b0eefdad24a0d582"},"articleSection":["Cine"],"inLanguage":"es","potentialAction":[{"@type":"CommentAction","name":"Comment","target":["https:\/\/www.fraczinet.cl\/sitio\/2010\/01\/28\/el-regalo-y-padre-nuestro-se-estrenan-en-cuba\/#respond"]}]},{"@type":"WebPage","@id":"https:\/\/www.fraczinet.cl\/sitio\/2010\/01\/28\/el-regalo-y-padre-nuestro-se-estrenan-en-cuba\/","url":"https:\/\/www.fraczinet.cl\/sitio\/2010\/01\/28\/el-regalo-y-padre-nuestro-se-estrenan-en-cuba\/","name":"\"El Regalo\" Y \"Padre Nuestro\" Se Estrenan En Cuba - Nuestro Bio B\u00edo","isPartOf":{"@id":"https:\/\/www.fraczinet.cl\/sitio\/#website"},"datePublished":"2010-01-28T00:12:00+00:00","dateModified":"2022-10-04T02:10:53+00:00","breadcrumb":{"@id":"https:\/\/www.fraczinet.cl\/sitio\/2010\/01\/28\/el-regalo-y-padre-nuestro-se-estrenan-en-cuba\/#breadcrumb"},"inLanguage":"es","potentialAction":[{"@type":"ReadAction","target":["https:\/\/www.fraczinet.cl\/sitio\/2010\/01\/28\/el-regalo-y-padre-nuestro-se-estrenan-en-cuba\/"]}]},{"@type":"BreadcrumbList","@id":"https:\/\/www.fraczinet.cl\/sitio\/2010\/01\/28\/el-regalo-y-padre-nuestro-se-estrenan-en-cuba\/#breadcrumb","itemListElement":[{"@type":"ListItem","position":1,"name":"Portada","item":"https:\/\/www.fraczinet.cl\/sitio\/"},{"@type":"ListItem","position":2,"name":"\u00abEl Regalo\u00bb Y \u00abPadre Nuestro\u00bb Se Estrenan En Cuba"}]},{"@type":"WebSite","@id":"https:\/\/www.fraczinet.cl\/sitio\/#website","url":"https:\/\/www.fraczinet.cl\/sitio\/","name":"Nuestro Bio B\u00edo","description":"Tierra de Encuentros","publisher":{"@id":"https:\/\/www.fraczinet.cl\/sitio\/#\/schema\/person\/aec8ee4da68df2b9b0eefdad24a0d582"},"potentialAction":[{"@type":"SearchAction","target":{"@type":"EntryPoint","urlTemplate":"https:\/\/www.fraczinet.cl\/sitio\/?s={search_term_string}"},"query-input":{"@type":"PropertyValueSpecification","valueRequired":true,"valueName":"search_term_string"}}],"inLanguage":"es"},{"@type":["Person","Organization"],"@id":"https:\/\/www.fraczinet.cl\/sitio\/#\/schema\/person\/aec8ee4da68df2b9b0eefdad24a0d582","name":"Luis Fernando Fraczinet","image":{"@type":"ImageObject","inLanguage":"es","@id":"https:\/\/www.fraczinet.cl\/sitio\/#\/schema\/person\/image\/","url":"https:\/\/www.fraczinet.cl\/sitio\/wp-content\/uploads\/2021\/07\/bannerlogo-1.gif","contentUrl":"https:\/\/www.fraczinet.cl\/sitio\/wp-content\/uploads\/2021\/07\/bannerlogo-1.gif","width":159,"height":79,"caption":"Luis Fernando Fraczinet"},"logo":{"@id":"https:\/\/www.fraczinet.cl\/sitio\/#\/schema\/person\/image\/"},"sameAs":["https:\/\/www.fraczinet.cl\/sitio\/"]},{"@type":"Person","@id":"https:\/\/www.fraczinet.cl\/sitio\/#\/schema\/person\/bc30f98e9cb10ae7e119dbe14bc93784","name":"admin","image":{"@type":"ImageObject","inLanguage":"es","@id":"https:\/\/www.fraczinet.cl\/sitio\/#\/schema\/person\/image\/","url":"https:\/\/secure.gravatar.com\/avatar\/d5ad3cf7ef3b23a2bb5be73be780c86b2fc8545c3ad6b149f3913ff458c00099?s=96&d=mm&r=g","contentUrl":"https:\/\/secure.gravatar.com\/avatar\/d5ad3cf7ef3b23a2bb5be73be780c86b2fc8545c3ad6b149f3913ff458c00099?s=96&d=mm&r=g","caption":"admin"},"sameAs":["https:\/\/www.fraczinet.cl\/sitio"]}]}},"_links":{"self":[{"href":"https:\/\/www.fraczinet.cl\/sitio\/wp-json\/wp\/v2\/posts\/5565","targetHints":{"allow":["GET"]}}],"collection":[{"href":"https:\/\/www.fraczinet.cl\/sitio\/wp-json\/wp\/v2\/posts"}],"about":[{"href":"https:\/\/www.fraczinet.cl\/sitio\/wp-json\/wp\/v2\/types\/post"}],"author":[{"embeddable":true,"href":"https:\/\/www.fraczinet.cl\/sitio\/wp-json\/wp\/v2\/users\/1"}],"replies":[{"embeddable":true,"href":"https:\/\/www.fraczinet.cl\/sitio\/wp-json\/wp\/v2\/comments?post=5565"}],"version-history":[{"count":1,"href":"https:\/\/www.fraczinet.cl\/sitio\/wp-json\/wp\/v2\/posts\/5565\/revisions"}],"predecessor-version":[{"id":13788,"href":"https:\/\/www.fraczinet.cl\/sitio\/wp-json\/wp\/v2\/posts\/5565\/revisions\/13788"}],"wp:attachment":[{"href":"https:\/\/www.fraczinet.cl\/sitio\/wp-json\/wp\/v2\/media?parent=5565"}],"wp:term":[{"taxonomy":"category","embeddable":true,"href":"https:\/\/www.fraczinet.cl\/sitio\/wp-json\/wp\/v2\/categories?post=5565"},{"taxonomy":"post_tag","embeddable":true,"href":"https:\/\/www.fraczinet.cl\/sitio\/wp-json\/wp\/v2\/tags?post=5565"}],"curies":[{"name":"wp","href":"https:\/\/api.w.org\/{rel}","templated":true}]}}