{"id":5573,"date":"2010-01-26T17:45:00","date_gmt":"2010-01-26T17:45:00","guid":{"rendered":"https:\/\/www.fraczinet.cl\/sitio\/2010\/01\/26\/competidores-de-lebu-salen-al-mundo\/"},"modified":"2022-10-04T02:11:24","modified_gmt":"2022-10-04T02:11:24","slug":"competidores-de-lebu-salen-al-mundo","status":"publish","type":"post","link":"https:\/\/www.fraczinet.cl\/sitio\/2010\/01\/26\/competidores-de-lebu-salen-al-mundo\/","title":{"rendered":"Competidores De Lebu Salen Al Mundo"},"content":{"rendered":"<div style=\"text-align: justify;\">Los realizadores que compiten en las categor\u00edas de documental internacional y cortometraje regional del 10\u00b0 Festival Internacional de Cine de Lebu no podr\u00edan tener mejor premio, ya que sus obras ser\u00e1n exhibidas en forma paralela en Gibara (Cuba) y Madrid (Espa\u00f1a), respectivamente.<\/div>\n<div style=\"text-align: justify;\"><\/div>\n<div style=\"text-align: justify;\">Es la primera vez que un certamen nacional logra exhibir su programa en dos pa\u00edses, y esto es gracias a las alianzas que ha establecido Lebu con el Festival de Cine Pobre de Humberto Sol\u00e1s (Cuba) y el de Boca del Lobo (Espa\u00f1a).<\/div>\n<div style=\"text-align: justify;\"><\/div>\n<div style=\"text-align: justify;\">\u00abLa exhibici\u00f3n de estas pel\u00edculas fuera de Chile es una gran oportunidad para los realizadores. Primero porque le permite que otros p\u00fablicos analicen sus obras, y segundo porque tendr\u00e1n la oportunidad de hacer contactos comerciales con distribuidores de all\u00e1\u00bb, comenta Claudia Pino, directora del certamen nacional.<\/div>\n<div style=\"text-align: justify;\"><\/div>\n<div style=\"text-align: justify;\">De esta manera, en Madrid ser\u00e1n exhibidos nueve t\u00edtulos: \u00abHistorias de mierda\u00bb (Dante Merino, Concepci\u00f3n); \u00abInsilio\u00bb (Adri\u00e1n Cerda, Yungay); \u00abSistema\u00bb (Fabio Almaz\u00e1bal, Concepci\u00f3n); Michel (Mat\u00edas S\u00e1nchez, Quillota); \u00abEl ciclista\u00bb (Miguel Soffia, Vi\u00f1a del Mar); \u00abR\u00edo\u00bb (C\u00e9sar Aravena, Temuco), \u00abEl mulo\u00bb (Mauricio Iturra, Valpara\u00edso), \u00abSequ\u00eda\u00bb (Felipe Valenzuela, Concepci\u00f3n) y \u00abPraxis\u00bb (Claudia Bernet, Quilpu\u00e9).<\/div>\n<div style=\"text-align: justify;\"><\/div>\n<div style=\"text-align: justify;\">Luego de la exhibici\u00f3n de cada uno de ellos, el p\u00fablico vota por su favorito y en la clausura del Festival Internacional de Cine Lebu un representante de Espa\u00f1a le entrega la estatuilla Caverna Benavides al que tenga mayor cantidad de votaciones.<\/div>\n<div style=\"text-align: justify;\"><\/div>\n<div style=\"text-align: justify;\">Mismo premio recibir\u00e1n los documentalistas cuyas obras se proyectar\u00e1n en Cuba, pues el p\u00fablico tambi\u00e9n tendr\u00e1 la posibilidad de votar por su pel\u00edcula favorita y en Chile se le entregar\u00e1 la estatuilla Caverna de Benavides.<\/div>\n<div style=\"text-align: justify;\"><\/div>\n<div style=\"text-align: justify;\">Las obras que se exhibir\u00e1n en Gibara son \u00abEl amor y la muerte del t\u00edo Lalo Parra\u00bb (Cristi\u00e1n Calder\u00f3n y Carlos Fuentes, Chile); \u00abLaguna negra\u00bb (Michael Watts, Inglaterra); \u00abProhibido\u00bb (Leo Ram\u00edrez, Per\u00fa &#8211; Canad\u00e1); \u00abQue valga la alegr\u00eda\u00bb (Denise Guerra, Cuba &#8211; Chile); \u00abLa brujita\u00bb (Kelly Reyes y Yeine Vargas, Colombia); \u00abAlta gracia\u00bb (Nicol\u00e1s Le\u00f3n, Argentina); \u00abLa realidad\u00bb (Andr\u00e9s L\u00fcbbert, B\u00e9lgica &#8211; Chile); \u00abMaruenda sin miedo\u00bb (Jos\u00e9 Magall\u00f3n y C\u00e9sar Scotti, Chile); \u00abTango\u00bb (Rosario Boyer, Brasil); \u00abEl valor de las mujeres: La lucha por el derecho a la tierra\u00bb (Rossana Lacayo, Nicaragua); \u00abSumak Kawsay\u00bb (Rodrigo Fern\u00e1ndez, Chile); y \u00abEl bal\u00f3n que vino de M\u00e9xico\u00bb (Jer\u00f3nimo Garc\u00eda Castela, Espa\u00f1a).<\/div>\n<div style=\"text-align: justify;\"><\/div>\n<div style=\"text-align: justify;\">El 10\u00ba Festival Internacional de Cine de Lebu se desarrollar\u00e1 entre el 26 y 30 de enero. La exhibici\u00f3n de las pel\u00edculas en Espa\u00f1a y Cuba se realizar\u00e1 en las mismas fechas.<\/div>\n","protected":false},"excerpt":{"rendered":"<p>Los realizadores que compiten en las categor\u00edas de documental internacional y cortometraje regional del 10\u00b0 Festival Internacional de Cine de Lebu no podr\u00edan tener mejor premio, ya que sus obras ser\u00e1n exhibidas en forma paralela en Gibara (Cuba) y Madrid (Espa\u00f1a), respectivamente. Es la primera vez que un certamen nacional logra exhibir su programa en [&hellip;]<\/p>\n","protected":false},"author":1,"featured_media":0,"comment_status":"open","ping_status":"open","sticky":false,"template":"","format":"standard","meta":{"footnotes":""},"categories":[32],"tags":[],"class_list":["post-5573","post","type-post","status-publish","format-standard","hentry","category-cine"],"yoast_head":"<!-- This site is optimized with the Yoast SEO plugin v25.0 - https:\/\/yoast.com\/wordpress\/plugins\/seo\/ -->\n<title>Competidores De Lebu Salen Al Mundo - Nuestro Bio B\u00edo<\/title>\n<meta name=\"robots\" content=\"index, follow, max-snippet:-1, max-image-preview:large, max-video-preview:-1\" \/>\n<link rel=\"canonical\" href=\"https:\/\/www.fraczinet.cl\/sitio\/2010\/01\/26\/competidores-de-lebu-salen-al-mundo\/\" \/>\n<meta property=\"og:locale\" content=\"es_ES\" \/>\n<meta property=\"og:type\" content=\"article\" \/>\n<meta property=\"og:title\" content=\"Competidores De Lebu Salen Al Mundo - Nuestro Bio B\u00edo\" \/>\n<meta property=\"og:description\" content=\"Los realizadores que compiten en las categor\u00edas de documental internacional y cortometraje regional del 10\u00b0 Festival Internacional de Cine de Lebu no podr\u00edan tener mejor premio, ya que sus obras ser\u00e1n exhibidas en forma paralela en Gibara (Cuba) y Madrid (Espa\u00f1a), respectivamente. Es la primera vez que un certamen nacional logra exhibir su programa en [&hellip;]\" \/>\n<meta property=\"og:url\" content=\"https:\/\/www.fraczinet.cl\/sitio\/2010\/01\/26\/competidores-de-lebu-salen-al-mundo\/\" \/>\n<meta property=\"og:site_name\" content=\"Nuestro Bio B\u00edo\" \/>\n<meta property=\"article:published_time\" content=\"2010-01-26T17:45:00+00:00\" \/>\n<meta property=\"article:modified_time\" content=\"2022-10-04T02:11:24+00:00\" \/>\n<meta property=\"og:image\" content=\"https:\/\/www.fraczinet.cl\/sitio\/wp-content\/uploads\/2021\/07\/bannerlogo-1.gif\" \/>\n\t<meta property=\"og:image:width\" content=\"159\" \/>\n\t<meta property=\"og:image:height\" content=\"79\" \/>\n\t<meta property=\"og:image:type\" content=\"image\/gif\" \/>\n<meta name=\"author\" content=\"admin\" \/>\n<meta name=\"twitter:card\" content=\"summary_large_image\" \/>\n<meta name=\"twitter:creator\" content=\"@nuestrobiobio\" \/>\n<meta name=\"twitter:site\" content=\"@nuestrobiobio\" \/>\n<meta name=\"twitter:label1\" content=\"Escrito por\" \/>\n\t<meta name=\"twitter:data1\" content=\"admin\" \/>\n\t<meta name=\"twitter:label2\" content=\"Tiempo de lectura\" \/>\n\t<meta name=\"twitter:data2\" content=\"2 minutos\" \/>\n<script type=\"application\/ld+json\" class=\"yoast-schema-graph\">{\"@context\":\"https:\/\/schema.org\",\"@graph\":[{\"@type\":\"Article\",\"@id\":\"https:\/\/www.fraczinet.cl\/sitio\/2010\/01\/26\/competidores-de-lebu-salen-al-mundo\/#article\",\"isPartOf\":{\"@id\":\"https:\/\/www.fraczinet.cl\/sitio\/2010\/01\/26\/competidores-de-lebu-salen-al-mundo\/\"},\"author\":{\"name\":\"admin\",\"@id\":\"https:\/\/www.fraczinet.cl\/sitio\/#\/schema\/person\/bc30f98e9cb10ae7e119dbe14bc93784\"},\"headline\":\"Competidores De Lebu Salen Al Mundo\",\"datePublished\":\"2010-01-26T17:45:00+00:00\",\"dateModified\":\"2022-10-04T02:11:24+00:00\",\"mainEntityOfPage\":{\"@id\":\"https:\/\/www.fraczinet.cl\/sitio\/2010\/01\/26\/competidores-de-lebu-salen-al-mundo\/\"},\"wordCount\":457,\"commentCount\":0,\"publisher\":{\"@id\":\"https:\/\/www.fraczinet.cl\/sitio\/#\/schema\/person\/aec8ee4da68df2b9b0eefdad24a0d582\"},\"articleSection\":[\"Cine\"],\"inLanguage\":\"es\",\"potentialAction\":[{\"@type\":\"CommentAction\",\"name\":\"Comment\",\"target\":[\"https:\/\/www.fraczinet.cl\/sitio\/2010\/01\/26\/competidores-de-lebu-salen-al-mundo\/#respond\"]}]},{\"@type\":\"WebPage\",\"@id\":\"https:\/\/www.fraczinet.cl\/sitio\/2010\/01\/26\/competidores-de-lebu-salen-al-mundo\/\",\"url\":\"https:\/\/www.fraczinet.cl\/sitio\/2010\/01\/26\/competidores-de-lebu-salen-al-mundo\/\",\"name\":\"Competidores De Lebu Salen Al Mundo - Nuestro Bio B\u00edo\",\"isPartOf\":{\"@id\":\"https:\/\/www.fraczinet.cl\/sitio\/#website\"},\"datePublished\":\"2010-01-26T17:45:00+00:00\",\"dateModified\":\"2022-10-04T02:11:24+00:00\",\"breadcrumb\":{\"@id\":\"https:\/\/www.fraczinet.cl\/sitio\/2010\/01\/26\/competidores-de-lebu-salen-al-mundo\/#breadcrumb\"},\"inLanguage\":\"es\",\"potentialAction\":[{\"@type\":\"ReadAction\",\"target\":[\"https:\/\/www.fraczinet.cl\/sitio\/2010\/01\/26\/competidores-de-lebu-salen-al-mundo\/\"]}]},{\"@type\":\"BreadcrumbList\",\"@id\":\"https:\/\/www.fraczinet.cl\/sitio\/2010\/01\/26\/competidores-de-lebu-salen-al-mundo\/#breadcrumb\",\"itemListElement\":[{\"@type\":\"ListItem\",\"position\":1,\"name\":\"Portada\",\"item\":\"https:\/\/www.fraczinet.cl\/sitio\/\"},{\"@type\":\"ListItem\",\"position\":2,\"name\":\"Competidores De Lebu Salen Al Mundo\"}]},{\"@type\":\"WebSite\",\"@id\":\"https:\/\/www.fraczinet.cl\/sitio\/#website\",\"url\":\"https:\/\/www.fraczinet.cl\/sitio\/\",\"name\":\"Nuestro Bio B\u00edo\",\"description\":\"Tierra de Encuentros\",\"publisher\":{\"@id\":\"https:\/\/www.fraczinet.cl\/sitio\/#\/schema\/person\/aec8ee4da68df2b9b0eefdad24a0d582\"},\"potentialAction\":[{\"@type\":\"SearchAction\",\"target\":{\"@type\":\"EntryPoint\",\"urlTemplate\":\"https:\/\/www.fraczinet.cl\/sitio\/?s={search_term_string}\"},\"query-input\":{\"@type\":\"PropertyValueSpecification\",\"valueRequired\":true,\"valueName\":\"search_term_string\"}}],\"inLanguage\":\"es\"},{\"@type\":[\"Person\",\"Organization\"],\"@id\":\"https:\/\/www.fraczinet.cl\/sitio\/#\/schema\/person\/aec8ee4da68df2b9b0eefdad24a0d582\",\"name\":\"Luis Fernando Fraczinet\",\"image\":{\"@type\":\"ImageObject\",\"inLanguage\":\"es\",\"@id\":\"https:\/\/www.fraczinet.cl\/sitio\/#\/schema\/person\/image\/\",\"url\":\"https:\/\/www.fraczinet.cl\/sitio\/wp-content\/uploads\/2021\/07\/bannerlogo-1.gif\",\"contentUrl\":\"https:\/\/www.fraczinet.cl\/sitio\/wp-content\/uploads\/2021\/07\/bannerlogo-1.gif\",\"width\":159,\"height\":79,\"caption\":\"Luis Fernando Fraczinet\"},\"logo\":{\"@id\":\"https:\/\/www.fraczinet.cl\/sitio\/#\/schema\/person\/image\/\"},\"sameAs\":[\"https:\/\/www.fraczinet.cl\/sitio\/\"]},{\"@type\":\"Person\",\"@id\":\"https:\/\/www.fraczinet.cl\/sitio\/#\/schema\/person\/bc30f98e9cb10ae7e119dbe14bc93784\",\"name\":\"admin\",\"image\":{\"@type\":\"ImageObject\",\"inLanguage\":\"es\",\"@id\":\"https:\/\/www.fraczinet.cl\/sitio\/#\/schema\/person\/image\/\",\"url\":\"https:\/\/secure.gravatar.com\/avatar\/d5ad3cf7ef3b23a2bb5be73be780c86b2fc8545c3ad6b149f3913ff458c00099?s=96&d=mm&r=g\",\"contentUrl\":\"https:\/\/secure.gravatar.com\/avatar\/d5ad3cf7ef3b23a2bb5be73be780c86b2fc8545c3ad6b149f3913ff458c00099?s=96&d=mm&r=g\",\"caption\":\"admin\"},\"sameAs\":[\"https:\/\/www.fraczinet.cl\/sitio\"]}]}<\/script>\n<!-- \/ Yoast SEO plugin. -->","yoast_head_json":{"title":"Competidores De Lebu Salen Al Mundo - Nuestro Bio B\u00edo","robots":{"index":"index","follow":"follow","max-snippet":"max-snippet:-1","max-image-preview":"max-image-preview:large","max-video-preview":"max-video-preview:-1"},"canonical":"https:\/\/www.fraczinet.cl\/sitio\/2010\/01\/26\/competidores-de-lebu-salen-al-mundo\/","og_locale":"es_ES","og_type":"article","og_title":"Competidores De Lebu Salen Al Mundo - Nuestro Bio B\u00edo","og_description":"Los realizadores que compiten en las categor\u00edas de documental internacional y cortometraje regional del 10\u00b0 Festival Internacional de Cine de Lebu no podr\u00edan tener mejor premio, ya que sus obras ser\u00e1n exhibidas en forma paralela en Gibara (Cuba) y Madrid (Espa\u00f1a), respectivamente. Es la primera vez que un certamen nacional logra exhibir su programa en [&hellip;]","og_url":"https:\/\/www.fraczinet.cl\/sitio\/2010\/01\/26\/competidores-de-lebu-salen-al-mundo\/","og_site_name":"Nuestro Bio B\u00edo","article_published_time":"2010-01-26T17:45:00+00:00","article_modified_time":"2022-10-04T02:11:24+00:00","og_image":[{"width":159,"height":79,"url":"https:\/\/www.fraczinet.cl\/sitio\/wp-content\/uploads\/2021\/07\/bannerlogo-1.gif","type":"image\/gif"}],"author":"admin","twitter_card":"summary_large_image","twitter_creator":"@nuestrobiobio","twitter_site":"@nuestrobiobio","twitter_misc":{"Escrito por":"admin","Tiempo de lectura":"2 minutos"},"schema":{"@context":"https:\/\/schema.org","@graph":[{"@type":"Article","@id":"https:\/\/www.fraczinet.cl\/sitio\/2010\/01\/26\/competidores-de-lebu-salen-al-mundo\/#article","isPartOf":{"@id":"https:\/\/www.fraczinet.cl\/sitio\/2010\/01\/26\/competidores-de-lebu-salen-al-mundo\/"},"author":{"name":"admin","@id":"https:\/\/www.fraczinet.cl\/sitio\/#\/schema\/person\/bc30f98e9cb10ae7e119dbe14bc93784"},"headline":"Competidores De Lebu Salen Al Mundo","datePublished":"2010-01-26T17:45:00+00:00","dateModified":"2022-10-04T02:11:24+00:00","mainEntityOfPage":{"@id":"https:\/\/www.fraczinet.cl\/sitio\/2010\/01\/26\/competidores-de-lebu-salen-al-mundo\/"},"wordCount":457,"commentCount":0,"publisher":{"@id":"https:\/\/www.fraczinet.cl\/sitio\/#\/schema\/person\/aec8ee4da68df2b9b0eefdad24a0d582"},"articleSection":["Cine"],"inLanguage":"es","potentialAction":[{"@type":"CommentAction","name":"Comment","target":["https:\/\/www.fraczinet.cl\/sitio\/2010\/01\/26\/competidores-de-lebu-salen-al-mundo\/#respond"]}]},{"@type":"WebPage","@id":"https:\/\/www.fraczinet.cl\/sitio\/2010\/01\/26\/competidores-de-lebu-salen-al-mundo\/","url":"https:\/\/www.fraczinet.cl\/sitio\/2010\/01\/26\/competidores-de-lebu-salen-al-mundo\/","name":"Competidores De Lebu Salen Al Mundo - Nuestro Bio B\u00edo","isPartOf":{"@id":"https:\/\/www.fraczinet.cl\/sitio\/#website"},"datePublished":"2010-01-26T17:45:00+00:00","dateModified":"2022-10-04T02:11:24+00:00","breadcrumb":{"@id":"https:\/\/www.fraczinet.cl\/sitio\/2010\/01\/26\/competidores-de-lebu-salen-al-mundo\/#breadcrumb"},"inLanguage":"es","potentialAction":[{"@type":"ReadAction","target":["https:\/\/www.fraczinet.cl\/sitio\/2010\/01\/26\/competidores-de-lebu-salen-al-mundo\/"]}]},{"@type":"BreadcrumbList","@id":"https:\/\/www.fraczinet.cl\/sitio\/2010\/01\/26\/competidores-de-lebu-salen-al-mundo\/#breadcrumb","itemListElement":[{"@type":"ListItem","position":1,"name":"Portada","item":"https:\/\/www.fraczinet.cl\/sitio\/"},{"@type":"ListItem","position":2,"name":"Competidores De Lebu Salen Al Mundo"}]},{"@type":"WebSite","@id":"https:\/\/www.fraczinet.cl\/sitio\/#website","url":"https:\/\/www.fraczinet.cl\/sitio\/","name":"Nuestro Bio B\u00edo","description":"Tierra de Encuentros","publisher":{"@id":"https:\/\/www.fraczinet.cl\/sitio\/#\/schema\/person\/aec8ee4da68df2b9b0eefdad24a0d582"},"potentialAction":[{"@type":"SearchAction","target":{"@type":"EntryPoint","urlTemplate":"https:\/\/www.fraczinet.cl\/sitio\/?s={search_term_string}"},"query-input":{"@type":"PropertyValueSpecification","valueRequired":true,"valueName":"search_term_string"}}],"inLanguage":"es"},{"@type":["Person","Organization"],"@id":"https:\/\/www.fraczinet.cl\/sitio\/#\/schema\/person\/aec8ee4da68df2b9b0eefdad24a0d582","name":"Luis Fernando Fraczinet","image":{"@type":"ImageObject","inLanguage":"es","@id":"https:\/\/www.fraczinet.cl\/sitio\/#\/schema\/person\/image\/","url":"https:\/\/www.fraczinet.cl\/sitio\/wp-content\/uploads\/2021\/07\/bannerlogo-1.gif","contentUrl":"https:\/\/www.fraczinet.cl\/sitio\/wp-content\/uploads\/2021\/07\/bannerlogo-1.gif","width":159,"height":79,"caption":"Luis Fernando Fraczinet"},"logo":{"@id":"https:\/\/www.fraczinet.cl\/sitio\/#\/schema\/person\/image\/"},"sameAs":["https:\/\/www.fraczinet.cl\/sitio\/"]},{"@type":"Person","@id":"https:\/\/www.fraczinet.cl\/sitio\/#\/schema\/person\/bc30f98e9cb10ae7e119dbe14bc93784","name":"admin","image":{"@type":"ImageObject","inLanguage":"es","@id":"https:\/\/www.fraczinet.cl\/sitio\/#\/schema\/person\/image\/","url":"https:\/\/secure.gravatar.com\/avatar\/d5ad3cf7ef3b23a2bb5be73be780c86b2fc8545c3ad6b149f3913ff458c00099?s=96&d=mm&r=g","contentUrl":"https:\/\/secure.gravatar.com\/avatar\/d5ad3cf7ef3b23a2bb5be73be780c86b2fc8545c3ad6b149f3913ff458c00099?s=96&d=mm&r=g","caption":"admin"},"sameAs":["https:\/\/www.fraczinet.cl\/sitio"]}]}},"_links":{"self":[{"href":"https:\/\/www.fraczinet.cl\/sitio\/wp-json\/wp\/v2\/posts\/5573","targetHints":{"allow":["GET"]}}],"collection":[{"href":"https:\/\/www.fraczinet.cl\/sitio\/wp-json\/wp\/v2\/posts"}],"about":[{"href":"https:\/\/www.fraczinet.cl\/sitio\/wp-json\/wp\/v2\/types\/post"}],"author":[{"embeddable":true,"href":"https:\/\/www.fraczinet.cl\/sitio\/wp-json\/wp\/v2\/users\/1"}],"replies":[{"embeddable":true,"href":"https:\/\/www.fraczinet.cl\/sitio\/wp-json\/wp\/v2\/comments?post=5573"}],"version-history":[{"count":1,"href":"https:\/\/www.fraczinet.cl\/sitio\/wp-json\/wp\/v2\/posts\/5573\/revisions"}],"predecessor-version":[{"id":13789,"href":"https:\/\/www.fraczinet.cl\/sitio\/wp-json\/wp\/v2\/posts\/5573\/revisions\/13789"}],"wp:attachment":[{"href":"https:\/\/www.fraczinet.cl\/sitio\/wp-json\/wp\/v2\/media?parent=5573"}],"wp:term":[{"taxonomy":"category","embeddable":true,"href":"https:\/\/www.fraczinet.cl\/sitio\/wp-json\/wp\/v2\/categories?post=5573"},{"taxonomy":"post_tag","embeddable":true,"href":"https:\/\/www.fraczinet.cl\/sitio\/wp-json\/wp\/v2\/tags?post=5573"}],"curies":[{"name":"wp","href":"https:\/\/api.w.org\/{rel}","templated":true}]}}