{"id":5591,"date":"2010-01-22T09:29:00","date_gmt":"2010-01-22T09:29:00","guid":{"rendered":"https:\/\/www.fraczinet.cl\/sitio\/2010\/01\/22\/con-dos-peliculas-chilenas-finalizan-las-actividades-de-enero-de-la-corporacion-cultural-universidad-de-concepcion\/"},"modified":"2010-01-22T09:29:00","modified_gmt":"2010-01-22T09:29:00","slug":"con-dos-peliculas-chilenas-finalizan-las-actividades-de-enero-de-la-corporacion-cultural-universidad-de-concepcion","status":"publish","type":"post","link":"https:\/\/www.fraczinet.cl\/sitio\/2010\/01\/22\/con-dos-peliculas-chilenas-finalizan-las-actividades-de-enero-de-la-corporacion-cultural-universidad-de-concepcion\/","title":{"rendered":"Con Dos Pel\u00edculas Chilenas Finalizan Las Actividades De Enero De La Corporaci\u00f3n Cultural Universidad De Concepci\u00f3n"},"content":{"rendered":"<div style=\"text-align: justify;\">Las actividades de enero de la Corporaci\u00f3n Cultural Universidad de Concepci\u00f3n, no se detienen, pues se presentar\u00e1n en el teatro universitario dos pel\u00edculas chilenas que dieron mucho que hablar durante el 2009 y que hoy contin\u00faan haciendo noticia.<\/div>\n<div style=\"text-align: justify;\"><\/div>\n<div style=\"text-align: justify;\">Se trata, en primer lugar, de la presentaci\u00f3n de La Nana, la premiada cinta chilena dirigida por Sebasti\u00e1n Silva y que tendr\u00e1 tres funciones el martes 26 de enero: a las 15, 19 y 21:30 horas, con valores de $1000 general y $500 estudiantes.<\/div>\n<div style=\"text-align: justify;\"><\/div>\n<div style=\"text-align: justify;\">La Nana, protagonizada por Catalina Saavedra, Claudia Celed\u00f3n y Alejandro Goic, gan\u00f3 el Festival Sundance, el Festival de Cine Iberoamericano de Huelva, el Festival de Cine de Cartagena y el Festival de Miami, entre otros galardones y recientemente fue nominada a Mejor Pel\u00edcula en los Globos de Oro. Cuenta la historia de Raquel, una mujer que, tras 23 a\u00f1os trabajando de empleada dom\u00e9stica para una familia chilena de clase alta, ve c\u00f3mo la confianza ganada durante ese tiempo se derrumba con la llegada de una nana m\u00e1s joven que viene a ayudarlas en sus deberes. <\/div>\n<div style=\"text-align: justify;\"><\/div>\n<div style=\"text-align: justify;\">La Nana se ha transformado en el film chileno m\u00e1s exitoso de la historia y cuenta con un amplio reconocimiento internacional.<\/div>\n<div style=\"text-align: justify;\"><\/div>\n<div style=\"text-align: justify;\">Posteriormente, el jueves 28 de enero, en los mismos horarios y valores, ser\u00e1 el estreno en el Teatro UdeC del film local Abandonados, del realizador audiovisual David Contreras. Se trata de una pel\u00edcula de ciencia ficci\u00f3n ambientada en el Chile del 2049 y que cuenta la historia de la lucha por las reservas de agua y la destrucci\u00f3n de una ciudad en nochebuena. Todo, durante la Tercera Guerra Mundial.<\/div>\n<div style=\"text-align: justify;\"><\/div>\n<div style=\"text-align: justify;\">Abandonados fue grabada en la ciudad de Los \u00c1ngeles y es protagonizada por actores locales. Una de sus caracter\u00edsticas es que hay escenas protagonizadas por gente com\u00fan y corriente que acept\u00f3 participar en las grabaciones de la pel\u00edcula.<\/div>\n<div style=\"text-align: justify;\"><\/div>\n<div style=\"text-align: justify;\">La Nana el martes 26 y Abandonados el jueves 28 de enero, a las 15, 19 y 21:30 horas en el Teatro Universidad de Concepci\u00f3n. Valores: general $1000 y estudiantes $500.<\/div>\n<div style=\"text-align: justify;\"><\/div>\n<div style=\"text-align: justify;\"><span style=\"font-weight: bold;\">Trailer de la Pel\u00edcula Abandonados<\/span><\/div>\n<div style=\"text-align: justify;\"><\/div>\n<div style=\"text-align: justify;\"><\/div>\n<div style=\"text-align: justify;\"><\/div>\n<div style=\"text-align: justify;\">Algunas Im\u00e1genes de la Grabaci\u00f3n de \u00abAbandonados\u00bb<\/div>\n<p><a href=\"http:\/\/2.bp.blogspot.com\/_2S_RxGRVjis\/SnC_UgRh4HI\/AAAAAAAALeM\/2DiwF9EuQVM\/s1600-h\/DSCN3007+copia.gif\"><img decoding=\"async\" alt=\"\" border=\"0\" id=\"BLOGGER_PHOTO_ID_5363997515180007538\" src=\"https:\/\/2.bp.blogspot.com\/_2S_RxGRVjis\/SnC_UgRh4HI\/AAAAAAAALeM\/2DiwF9EuQVM\/s400\/DSCN3007+copia.gif\" style=\"cursor: pointer; height: 300px; width: 400px;\" \/><\/a><\/p>\n<p><a href=\"http:\/\/2.bp.blogspot.com\/_2S_RxGRVjis\/SnC_j9Skm9I\/AAAAAAAALeU\/2-mf6L2iCWg\/s1600-h\/DSCN3011+copia.gif\"><img decoding=\"async\" alt=\"\" border=\"0\" id=\"BLOGGER_PHOTO_ID_5363997780667046866\" src=\"https:\/\/2.bp.blogspot.com\/_2S_RxGRVjis\/SnC_j9Skm9I\/AAAAAAAALeU\/2-mf6L2iCWg\/s400\/DSCN3011+copia.gif\" style=\"cursor: pointer; height: 300px; width: 400px;\" \/><\/a><\/p>\n<p><a href=\"http:\/\/1.bp.blogspot.com\/_2S_RxGRVjis\/SnC_snZQJcI\/AAAAAAAALec\/AJjrYQfbhFY\/s1600-h\/DSCN3016+copia.gif\"><img decoding=\"async\" alt=\"\" border=\"0\" id=\"BLOGGER_PHOTO_ID_5363997929408308674\" src=\"https:\/\/1.bp.blogspot.com\/_2S_RxGRVjis\/SnC_snZQJcI\/AAAAAAAALec\/AJjrYQfbhFY\/s400\/DSCN3016+copia.gif\" style=\"cursor: pointer; height: 300px; width: 400px;\" \/><\/a><\/p>\n<p><a href=\"http:\/\/2.bp.blogspot.com\/_2S_RxGRVjis\/SnC_4NLLHtI\/AAAAAAAALek\/1T4FgpLgZ2o\/s1600-h\/DSCN3102+copia.gif\"><img decoding=\"async\" alt=\"\" border=\"0\" id=\"BLOGGER_PHOTO_ID_5363998128528367314\" src=\"https:\/\/2.bp.blogspot.com\/_2S_RxGRVjis\/SnC_4NLLHtI\/AAAAAAAALek\/1T4FgpLgZ2o\/s400\/DSCN3102+copia.gif\" style=\"cursor: pointer; height: 300px; width: 400px;\" \/><\/a><\/p>\n<p><\/p>\n","protected":false},"excerpt":{"rendered":"<p>Las actividades de enero de la Corporaci\u00f3n Cultural Universidad de Concepci\u00f3n, no se detienen, pues se presentar\u00e1n en el teatro universitario dos pel\u00edculas chilenas que dieron mucho que hablar durante el 2009 y que hoy contin\u00faan haciendo noticia. Se trata, en primer lugar, de la presentaci\u00f3n de La Nana, la premiada cinta chilena dirigida por [&hellip;]<\/p>\n","protected":false},"author":1,"featured_media":0,"comment_status":"open","ping_status":"open","sticky":false,"template":"","format":"standard","meta":{"footnotes":""},"categories":[32],"tags":[],"class_list":["post-5591","post","type-post","status-publish","format-standard","hentry","category-cine"],"yoast_head":"<!-- This site is optimized with the Yoast SEO plugin v25.0 - https:\/\/yoast.com\/wordpress\/plugins\/seo\/ -->\n<title>Con Dos Pel\u00edculas Chilenas Finalizan Las Actividades De Enero De La Corporaci\u00f3n Cultural Universidad De Concepci\u00f3n - Nuestro Bio B\u00edo<\/title>\n<meta name=\"robots\" content=\"index, follow, max-snippet:-1, max-image-preview:large, max-video-preview:-1\" \/>\n<link rel=\"canonical\" href=\"https:\/\/www.fraczinet.cl\/sitio\/2010\/01\/22\/con-dos-peliculas-chilenas-finalizan-las-actividades-de-enero-de-la-corporacion-cultural-universidad-de-concepcion\/\" \/>\n<meta property=\"og:locale\" content=\"es_ES\" \/>\n<meta property=\"og:type\" content=\"article\" \/>\n<meta property=\"og:title\" content=\"Con Dos Pel\u00edculas Chilenas Finalizan Las Actividades De Enero De La Corporaci\u00f3n Cultural Universidad De Concepci\u00f3n - Nuestro Bio B\u00edo\" \/>\n<meta property=\"og:description\" content=\"Las actividades de enero de la Corporaci\u00f3n Cultural Universidad de Concepci\u00f3n, no se detienen, pues se presentar\u00e1n en el teatro universitario dos pel\u00edculas chilenas que dieron mucho que hablar durante el 2009 y que hoy contin\u00faan haciendo noticia. Se trata, en primer lugar, de la presentaci\u00f3n de La Nana, la premiada cinta chilena dirigida por [&hellip;]\" \/>\n<meta property=\"og:url\" content=\"https:\/\/www.fraczinet.cl\/sitio\/2010\/01\/22\/con-dos-peliculas-chilenas-finalizan-las-actividades-de-enero-de-la-corporacion-cultural-universidad-de-concepcion\/\" \/>\n<meta property=\"og:site_name\" content=\"Nuestro Bio B\u00edo\" \/>\n<meta property=\"article:published_time\" content=\"2010-01-22T09:29:00+00:00\" \/>\n<meta property=\"og:image\" content=\"https:\/\/2.bp.blogspot.com\/_2S_RxGRVjis\/SnC_UgRh4HI\/AAAAAAAALeM\/2DiwF9EuQVM\/s400\/DSCN3007+copia.gif\" \/>\n<meta name=\"author\" content=\"admin\" \/>\n<meta name=\"twitter:card\" content=\"summary_large_image\" \/>\n<meta name=\"twitter:creator\" content=\"@nuestrobiobio\" \/>\n<meta name=\"twitter:site\" content=\"@nuestrobiobio\" \/>\n<meta name=\"twitter:label1\" content=\"Escrito por\" \/>\n\t<meta name=\"twitter:data1\" content=\"admin\" \/>\n\t<meta name=\"twitter:label2\" content=\"Tiempo de lectura\" \/>\n\t<meta name=\"twitter:data2\" content=\"2 minutos\" \/>\n<script type=\"application\/ld+json\" class=\"yoast-schema-graph\">{\"@context\":\"https:\/\/schema.org\",\"@graph\":[{\"@type\":\"Article\",\"@id\":\"https:\/\/www.fraczinet.cl\/sitio\/2010\/01\/22\/con-dos-peliculas-chilenas-finalizan-las-actividades-de-enero-de-la-corporacion-cultural-universidad-de-concepcion\/#article\",\"isPartOf\":{\"@id\":\"https:\/\/www.fraczinet.cl\/sitio\/2010\/01\/22\/con-dos-peliculas-chilenas-finalizan-las-actividades-de-enero-de-la-corporacion-cultural-universidad-de-concepcion\/\"},\"author\":{\"name\":\"admin\",\"@id\":\"https:\/\/www.fraczinet.cl\/sitio\/#\/schema\/person\/bc30f98e9cb10ae7e119dbe14bc93784\"},\"headline\":\"Con Dos Pel\u00edculas Chilenas Finalizan Las Actividades De Enero De La Corporaci\u00f3n Cultural Universidad De Concepci\u00f3n\",\"datePublished\":\"2010-01-22T09:29:00+00:00\",\"mainEntityOfPage\":{\"@id\":\"https:\/\/www.fraczinet.cl\/sitio\/2010\/01\/22\/con-dos-peliculas-chilenas-finalizan-las-actividades-de-enero-de-la-corporacion-cultural-universidad-de-concepcion\/\"},\"wordCount\":374,\"commentCount\":0,\"publisher\":{\"@id\":\"https:\/\/www.fraczinet.cl\/sitio\/#\/schema\/person\/aec8ee4da68df2b9b0eefdad24a0d582\"},\"image\":{\"@id\":\"https:\/\/www.fraczinet.cl\/sitio\/2010\/01\/22\/con-dos-peliculas-chilenas-finalizan-las-actividades-de-enero-de-la-corporacion-cultural-universidad-de-concepcion\/#primaryimage\"},\"thumbnailUrl\":\"https:\/\/2.bp.blogspot.com\/_2S_RxGRVjis\/SnC_UgRh4HI\/AAAAAAAALeM\/2DiwF9EuQVM\/s400\/DSCN3007+copia.gif\",\"articleSection\":[\"Cine\"],\"inLanguage\":\"es\",\"potentialAction\":[{\"@type\":\"CommentAction\",\"name\":\"Comment\",\"target\":[\"https:\/\/www.fraczinet.cl\/sitio\/2010\/01\/22\/con-dos-peliculas-chilenas-finalizan-las-actividades-de-enero-de-la-corporacion-cultural-universidad-de-concepcion\/#respond\"]}]},{\"@type\":\"WebPage\",\"@id\":\"https:\/\/www.fraczinet.cl\/sitio\/2010\/01\/22\/con-dos-peliculas-chilenas-finalizan-las-actividades-de-enero-de-la-corporacion-cultural-universidad-de-concepcion\/\",\"url\":\"https:\/\/www.fraczinet.cl\/sitio\/2010\/01\/22\/con-dos-peliculas-chilenas-finalizan-las-actividades-de-enero-de-la-corporacion-cultural-universidad-de-concepcion\/\",\"name\":\"Con Dos Pel\u00edculas Chilenas Finalizan Las Actividades De Enero De La Corporaci\u00f3n Cultural Universidad De Concepci\u00f3n - Nuestro Bio B\u00edo\",\"isPartOf\":{\"@id\":\"https:\/\/www.fraczinet.cl\/sitio\/#website\"},\"primaryImageOfPage\":{\"@id\":\"https:\/\/www.fraczinet.cl\/sitio\/2010\/01\/22\/con-dos-peliculas-chilenas-finalizan-las-actividades-de-enero-de-la-corporacion-cultural-universidad-de-concepcion\/#primaryimage\"},\"image\":{\"@id\":\"https:\/\/www.fraczinet.cl\/sitio\/2010\/01\/22\/con-dos-peliculas-chilenas-finalizan-las-actividades-de-enero-de-la-corporacion-cultural-universidad-de-concepcion\/#primaryimage\"},\"thumbnailUrl\":\"https:\/\/2.bp.blogspot.com\/_2S_RxGRVjis\/SnC_UgRh4HI\/AAAAAAAALeM\/2DiwF9EuQVM\/s400\/DSCN3007+copia.gif\",\"datePublished\":\"2010-01-22T09:29:00+00:00\",\"breadcrumb\":{\"@id\":\"https:\/\/www.fraczinet.cl\/sitio\/2010\/01\/22\/con-dos-peliculas-chilenas-finalizan-las-actividades-de-enero-de-la-corporacion-cultural-universidad-de-concepcion\/#breadcrumb\"},\"inLanguage\":\"es\",\"potentialAction\":[{\"@type\":\"ReadAction\",\"target\":[\"https:\/\/www.fraczinet.cl\/sitio\/2010\/01\/22\/con-dos-peliculas-chilenas-finalizan-las-actividades-de-enero-de-la-corporacion-cultural-universidad-de-concepcion\/\"]}]},{\"@type\":\"ImageObject\",\"inLanguage\":\"es\",\"@id\":\"https:\/\/www.fraczinet.cl\/sitio\/2010\/01\/22\/con-dos-peliculas-chilenas-finalizan-las-actividades-de-enero-de-la-corporacion-cultural-universidad-de-concepcion\/#primaryimage\",\"url\":\"https:\/\/2.bp.blogspot.com\/_2S_RxGRVjis\/SnC_UgRh4HI\/AAAAAAAALeM\/2DiwF9EuQVM\/s400\/DSCN3007+copia.gif\",\"contentUrl\":\"https:\/\/2.bp.blogspot.com\/_2S_RxGRVjis\/SnC_UgRh4HI\/AAAAAAAALeM\/2DiwF9EuQVM\/s400\/DSCN3007+copia.gif\"},{\"@type\":\"BreadcrumbList\",\"@id\":\"https:\/\/www.fraczinet.cl\/sitio\/2010\/01\/22\/con-dos-peliculas-chilenas-finalizan-las-actividades-de-enero-de-la-corporacion-cultural-universidad-de-concepcion\/#breadcrumb\",\"itemListElement\":[{\"@type\":\"ListItem\",\"position\":1,\"name\":\"Portada\",\"item\":\"https:\/\/www.fraczinet.cl\/sitio\/\"},{\"@type\":\"ListItem\",\"position\":2,\"name\":\"Con Dos Pel\u00edculas Chilenas Finalizan Las Actividades De Enero De La Corporaci\u00f3n Cultural Universidad De Concepci\u00f3n\"}]},{\"@type\":\"WebSite\",\"@id\":\"https:\/\/www.fraczinet.cl\/sitio\/#website\",\"url\":\"https:\/\/www.fraczinet.cl\/sitio\/\",\"name\":\"Nuestro Bio B\u00edo\",\"description\":\"Tierra de Encuentros\",\"publisher\":{\"@id\":\"https:\/\/www.fraczinet.cl\/sitio\/#\/schema\/person\/aec8ee4da68df2b9b0eefdad24a0d582\"},\"potentialAction\":[{\"@type\":\"SearchAction\",\"target\":{\"@type\":\"EntryPoint\",\"urlTemplate\":\"https:\/\/www.fraczinet.cl\/sitio\/?s={search_term_string}\"},\"query-input\":{\"@type\":\"PropertyValueSpecification\",\"valueRequired\":true,\"valueName\":\"search_term_string\"}}],\"inLanguage\":\"es\"},{\"@type\":[\"Person\",\"Organization\"],\"@id\":\"https:\/\/www.fraczinet.cl\/sitio\/#\/schema\/person\/aec8ee4da68df2b9b0eefdad24a0d582\",\"name\":\"Luis Fernando Fraczinet\",\"image\":{\"@type\":\"ImageObject\",\"inLanguage\":\"es\",\"@id\":\"https:\/\/www.fraczinet.cl\/sitio\/#\/schema\/person\/image\/\",\"url\":\"https:\/\/www.fraczinet.cl\/sitio\/wp-content\/uploads\/2021\/07\/bannerlogo-1.gif\",\"contentUrl\":\"https:\/\/www.fraczinet.cl\/sitio\/wp-content\/uploads\/2021\/07\/bannerlogo-1.gif\",\"width\":159,\"height\":79,\"caption\":\"Luis Fernando Fraczinet\"},\"logo\":{\"@id\":\"https:\/\/www.fraczinet.cl\/sitio\/#\/schema\/person\/image\/\"},\"sameAs\":[\"https:\/\/www.fraczinet.cl\/sitio\/\"]},{\"@type\":\"Person\",\"@id\":\"https:\/\/www.fraczinet.cl\/sitio\/#\/schema\/person\/bc30f98e9cb10ae7e119dbe14bc93784\",\"name\":\"admin\",\"image\":{\"@type\":\"ImageObject\",\"inLanguage\":\"es\",\"@id\":\"https:\/\/www.fraczinet.cl\/sitio\/#\/schema\/person\/image\/\",\"url\":\"https:\/\/secure.gravatar.com\/avatar\/d5ad3cf7ef3b23a2bb5be73be780c86b2fc8545c3ad6b149f3913ff458c00099?s=96&d=mm&r=g\",\"contentUrl\":\"https:\/\/secure.gravatar.com\/avatar\/d5ad3cf7ef3b23a2bb5be73be780c86b2fc8545c3ad6b149f3913ff458c00099?s=96&d=mm&r=g\",\"caption\":\"admin\"},\"sameAs\":[\"https:\/\/www.fraczinet.cl\/sitio\"]}]}<\/script>\n<!-- \/ Yoast SEO plugin. -->","yoast_head_json":{"title":"Con Dos Pel\u00edculas Chilenas Finalizan Las Actividades De Enero De La Corporaci\u00f3n Cultural Universidad De Concepci\u00f3n - Nuestro Bio B\u00edo","robots":{"index":"index","follow":"follow","max-snippet":"max-snippet:-1","max-image-preview":"max-image-preview:large","max-video-preview":"max-video-preview:-1"},"canonical":"https:\/\/www.fraczinet.cl\/sitio\/2010\/01\/22\/con-dos-peliculas-chilenas-finalizan-las-actividades-de-enero-de-la-corporacion-cultural-universidad-de-concepcion\/","og_locale":"es_ES","og_type":"article","og_title":"Con Dos Pel\u00edculas Chilenas Finalizan Las Actividades De Enero De La Corporaci\u00f3n Cultural Universidad De Concepci\u00f3n - Nuestro Bio B\u00edo","og_description":"Las actividades de enero de la Corporaci\u00f3n Cultural Universidad de Concepci\u00f3n, no se detienen, pues se presentar\u00e1n en el teatro universitario dos pel\u00edculas chilenas que dieron mucho que hablar durante el 2009 y que hoy contin\u00faan haciendo noticia. Se trata, en primer lugar, de la presentaci\u00f3n de La Nana, la premiada cinta chilena dirigida por [&hellip;]","og_url":"https:\/\/www.fraczinet.cl\/sitio\/2010\/01\/22\/con-dos-peliculas-chilenas-finalizan-las-actividades-de-enero-de-la-corporacion-cultural-universidad-de-concepcion\/","og_site_name":"Nuestro Bio B\u00edo","article_published_time":"2010-01-22T09:29:00+00:00","og_image":[{"url":"https:\/\/2.bp.blogspot.com\/_2S_RxGRVjis\/SnC_UgRh4HI\/AAAAAAAALeM\/2DiwF9EuQVM\/s400\/DSCN3007+copia.gif","type":"","width":"","height":""}],"author":"admin","twitter_card":"summary_large_image","twitter_creator":"@nuestrobiobio","twitter_site":"@nuestrobiobio","twitter_misc":{"Escrito por":"admin","Tiempo de lectura":"2 minutos"},"schema":{"@context":"https:\/\/schema.org","@graph":[{"@type":"Article","@id":"https:\/\/www.fraczinet.cl\/sitio\/2010\/01\/22\/con-dos-peliculas-chilenas-finalizan-las-actividades-de-enero-de-la-corporacion-cultural-universidad-de-concepcion\/#article","isPartOf":{"@id":"https:\/\/www.fraczinet.cl\/sitio\/2010\/01\/22\/con-dos-peliculas-chilenas-finalizan-las-actividades-de-enero-de-la-corporacion-cultural-universidad-de-concepcion\/"},"author":{"name":"admin","@id":"https:\/\/www.fraczinet.cl\/sitio\/#\/schema\/person\/bc30f98e9cb10ae7e119dbe14bc93784"},"headline":"Con Dos Pel\u00edculas Chilenas Finalizan Las Actividades De Enero De La Corporaci\u00f3n Cultural Universidad De Concepci\u00f3n","datePublished":"2010-01-22T09:29:00+00:00","mainEntityOfPage":{"@id":"https:\/\/www.fraczinet.cl\/sitio\/2010\/01\/22\/con-dos-peliculas-chilenas-finalizan-las-actividades-de-enero-de-la-corporacion-cultural-universidad-de-concepcion\/"},"wordCount":374,"commentCount":0,"publisher":{"@id":"https:\/\/www.fraczinet.cl\/sitio\/#\/schema\/person\/aec8ee4da68df2b9b0eefdad24a0d582"},"image":{"@id":"https:\/\/www.fraczinet.cl\/sitio\/2010\/01\/22\/con-dos-peliculas-chilenas-finalizan-las-actividades-de-enero-de-la-corporacion-cultural-universidad-de-concepcion\/#primaryimage"},"thumbnailUrl":"https:\/\/2.bp.blogspot.com\/_2S_RxGRVjis\/SnC_UgRh4HI\/AAAAAAAALeM\/2DiwF9EuQVM\/s400\/DSCN3007+copia.gif","articleSection":["Cine"],"inLanguage":"es","potentialAction":[{"@type":"CommentAction","name":"Comment","target":["https:\/\/www.fraczinet.cl\/sitio\/2010\/01\/22\/con-dos-peliculas-chilenas-finalizan-las-actividades-de-enero-de-la-corporacion-cultural-universidad-de-concepcion\/#respond"]}]},{"@type":"WebPage","@id":"https:\/\/www.fraczinet.cl\/sitio\/2010\/01\/22\/con-dos-peliculas-chilenas-finalizan-las-actividades-de-enero-de-la-corporacion-cultural-universidad-de-concepcion\/","url":"https:\/\/www.fraczinet.cl\/sitio\/2010\/01\/22\/con-dos-peliculas-chilenas-finalizan-las-actividades-de-enero-de-la-corporacion-cultural-universidad-de-concepcion\/","name":"Con Dos Pel\u00edculas Chilenas Finalizan Las Actividades De Enero De La Corporaci\u00f3n Cultural Universidad De Concepci\u00f3n - Nuestro Bio B\u00edo","isPartOf":{"@id":"https:\/\/www.fraczinet.cl\/sitio\/#website"},"primaryImageOfPage":{"@id":"https:\/\/www.fraczinet.cl\/sitio\/2010\/01\/22\/con-dos-peliculas-chilenas-finalizan-las-actividades-de-enero-de-la-corporacion-cultural-universidad-de-concepcion\/#primaryimage"},"image":{"@id":"https:\/\/www.fraczinet.cl\/sitio\/2010\/01\/22\/con-dos-peliculas-chilenas-finalizan-las-actividades-de-enero-de-la-corporacion-cultural-universidad-de-concepcion\/#primaryimage"},"thumbnailUrl":"https:\/\/2.bp.blogspot.com\/_2S_RxGRVjis\/SnC_UgRh4HI\/AAAAAAAALeM\/2DiwF9EuQVM\/s400\/DSCN3007+copia.gif","datePublished":"2010-01-22T09:29:00+00:00","breadcrumb":{"@id":"https:\/\/www.fraczinet.cl\/sitio\/2010\/01\/22\/con-dos-peliculas-chilenas-finalizan-las-actividades-de-enero-de-la-corporacion-cultural-universidad-de-concepcion\/#breadcrumb"},"inLanguage":"es","potentialAction":[{"@type":"ReadAction","target":["https:\/\/www.fraczinet.cl\/sitio\/2010\/01\/22\/con-dos-peliculas-chilenas-finalizan-las-actividades-de-enero-de-la-corporacion-cultural-universidad-de-concepcion\/"]}]},{"@type":"ImageObject","inLanguage":"es","@id":"https:\/\/www.fraczinet.cl\/sitio\/2010\/01\/22\/con-dos-peliculas-chilenas-finalizan-las-actividades-de-enero-de-la-corporacion-cultural-universidad-de-concepcion\/#primaryimage","url":"https:\/\/2.bp.blogspot.com\/_2S_RxGRVjis\/SnC_UgRh4HI\/AAAAAAAALeM\/2DiwF9EuQVM\/s400\/DSCN3007+copia.gif","contentUrl":"https:\/\/2.bp.blogspot.com\/_2S_RxGRVjis\/SnC_UgRh4HI\/AAAAAAAALeM\/2DiwF9EuQVM\/s400\/DSCN3007+copia.gif"},{"@type":"BreadcrumbList","@id":"https:\/\/www.fraczinet.cl\/sitio\/2010\/01\/22\/con-dos-peliculas-chilenas-finalizan-las-actividades-de-enero-de-la-corporacion-cultural-universidad-de-concepcion\/#breadcrumb","itemListElement":[{"@type":"ListItem","position":1,"name":"Portada","item":"https:\/\/www.fraczinet.cl\/sitio\/"},{"@type":"ListItem","position":2,"name":"Con Dos Pel\u00edculas Chilenas Finalizan Las Actividades De Enero De La Corporaci\u00f3n Cultural Universidad De Concepci\u00f3n"}]},{"@type":"WebSite","@id":"https:\/\/www.fraczinet.cl\/sitio\/#website","url":"https:\/\/www.fraczinet.cl\/sitio\/","name":"Nuestro Bio B\u00edo","description":"Tierra de Encuentros","publisher":{"@id":"https:\/\/www.fraczinet.cl\/sitio\/#\/schema\/person\/aec8ee4da68df2b9b0eefdad24a0d582"},"potentialAction":[{"@type":"SearchAction","target":{"@type":"EntryPoint","urlTemplate":"https:\/\/www.fraczinet.cl\/sitio\/?s={search_term_string}"},"query-input":{"@type":"PropertyValueSpecification","valueRequired":true,"valueName":"search_term_string"}}],"inLanguage":"es"},{"@type":["Person","Organization"],"@id":"https:\/\/www.fraczinet.cl\/sitio\/#\/schema\/person\/aec8ee4da68df2b9b0eefdad24a0d582","name":"Luis Fernando Fraczinet","image":{"@type":"ImageObject","inLanguage":"es","@id":"https:\/\/www.fraczinet.cl\/sitio\/#\/schema\/person\/image\/","url":"https:\/\/www.fraczinet.cl\/sitio\/wp-content\/uploads\/2021\/07\/bannerlogo-1.gif","contentUrl":"https:\/\/www.fraczinet.cl\/sitio\/wp-content\/uploads\/2021\/07\/bannerlogo-1.gif","width":159,"height":79,"caption":"Luis Fernando Fraczinet"},"logo":{"@id":"https:\/\/www.fraczinet.cl\/sitio\/#\/schema\/person\/image\/"},"sameAs":["https:\/\/www.fraczinet.cl\/sitio\/"]},{"@type":"Person","@id":"https:\/\/www.fraczinet.cl\/sitio\/#\/schema\/person\/bc30f98e9cb10ae7e119dbe14bc93784","name":"admin","image":{"@type":"ImageObject","inLanguage":"es","@id":"https:\/\/www.fraczinet.cl\/sitio\/#\/schema\/person\/image\/","url":"https:\/\/secure.gravatar.com\/avatar\/d5ad3cf7ef3b23a2bb5be73be780c86b2fc8545c3ad6b149f3913ff458c00099?s=96&d=mm&r=g","contentUrl":"https:\/\/secure.gravatar.com\/avatar\/d5ad3cf7ef3b23a2bb5be73be780c86b2fc8545c3ad6b149f3913ff458c00099?s=96&d=mm&r=g","caption":"admin"},"sameAs":["https:\/\/www.fraczinet.cl\/sitio"]}]}},"_links":{"self":[{"href":"https:\/\/www.fraczinet.cl\/sitio\/wp-json\/wp\/v2\/posts\/5591","targetHints":{"allow":["GET"]}}],"collection":[{"href":"https:\/\/www.fraczinet.cl\/sitio\/wp-json\/wp\/v2\/posts"}],"about":[{"href":"https:\/\/www.fraczinet.cl\/sitio\/wp-json\/wp\/v2\/types\/post"}],"author":[{"embeddable":true,"href":"https:\/\/www.fraczinet.cl\/sitio\/wp-json\/wp\/v2\/users\/1"}],"replies":[{"embeddable":true,"href":"https:\/\/www.fraczinet.cl\/sitio\/wp-json\/wp\/v2\/comments?post=5591"}],"version-history":[{"count":0,"href":"https:\/\/www.fraczinet.cl\/sitio\/wp-json\/wp\/v2\/posts\/5591\/revisions"}],"wp:attachment":[{"href":"https:\/\/www.fraczinet.cl\/sitio\/wp-json\/wp\/v2\/media?parent=5591"}],"wp:term":[{"taxonomy":"category","embeddable":true,"href":"https:\/\/www.fraczinet.cl\/sitio\/wp-json\/wp\/v2\/categories?post=5591"},{"taxonomy":"post_tag","embeddable":true,"href":"https:\/\/www.fraczinet.cl\/sitio\/wp-json\/wp\/v2\/tags?post=5591"}],"curies":[{"name":"wp","href":"https:\/\/api.w.org\/{rel}","templated":true}]}}