{"id":5595,"date":"2010-01-21T12:25:00","date_gmt":"2010-01-21T12:25:00","guid":{"rendered":"https:\/\/www.fraczinet.cl\/sitio\/2010\/01\/21\/chilereality-cierra-su-itinerancia-por-la-region-con-4-dias-de-proyeccion-de-documentales-en-chillan\/"},"modified":"2022-10-07T01:04:38","modified_gmt":"2022-10-07T01:04:38","slug":"chilereality-cierra-su-itinerancia-por-la-region-con-4-dias-de-proyeccion-de-documentales-en-chillan","status":"publish","type":"post","link":"https:\/\/www.fraczinet.cl\/sitio\/2010\/01\/21\/chilereality-cierra-su-itinerancia-por-la-region-con-4-dias-de-proyeccion-de-documentales-en-chillan\/","title":{"rendered":"Chilereality Cierra Su Itinerancia Por La Regi\u00f3n Con 4 D\u00edas De Proyecci\u00f3n De Documentales En Chill\u00e1n"},"content":{"rendered":"<div style=\"text-align: justify;\">Para esta semana, Chill\u00e1n se est\u00e1 preparando para vivir cuatro d\u00edas de pel\u00edcula. \u00bfLa raz\u00f3n? Las exhibiciones de los mejores filmes locales, nacionales e internacionales que tiene programadas el Centro Cultural Chilereality en diversos puntos de la ciudad.<\/div>\n<div style=\"text-align: justify;\"><\/div>\n<div style=\"text-align: justify;\">Las actividades comenzar\u00e1n este jueves (20 horas) en el sector Los Volcanes, en cuyo consultorio se exhibir\u00e1n los documentales \u00abEn defensa propia\u00bb (Claudia Barril) y \u00abChi chi chi lelele Mart\u00edn Vargas de Chile\u00bb (Bettina Perut, David Bravo e Iv\u00e1n Osnovikoff). El primero retrata a un grupo de mujeres que viven en un antiguo barrio de Santiago, y ante el temor de ser v\u00edctimas de la delincuencia se organizan en un Comit\u00e9 de Seguridad y Prevenci\u00f3n Ciudadana; mientras que el segundo muestra el regreso al ring del ex campe\u00f3n chileno de boxeo, una excusa para indagar en la idiosincrasia nacional.<\/div>\n<div style=\"text-align: justify;\"><\/div>\n<div style=\"text-align: justify;\">Al d\u00eda siguiente (21 horas), <a href=\"http:\/\/www.chilereality.cl\/\">Chilereality <\/a>tendr\u00e1 su primera proyecci\u00f3n al aire libre espec\u00edficamente en la plaza Pedro Lagos (San Francisco), lugar donde transcurre \u00abH\u00e1bitos\u00bb de Francisco Caro. La pel\u00edcula de tipo observacional ser\u00e1 parte de la exhibici\u00f3n del viernes, y es el resultado de la primera versi\u00f3n de la Escuela Chilereality. En ella, le realizador observa c\u00f3mo las instituciones que rodean la plaza adiestran la forma de pensar de sus habitantes.<\/div>\n<div style=\"text-align: justify;\"><\/div>\n<div style=\"text-align: justify;\">La jornada finalizar\u00e1 con \u00abEl diario de Agust\u00edn\u00bb de Ignacio Ag\u00fcero. El pol\u00e9mico documental investiga el rol y protagonismo del diario El Mercurio y de su due\u00f1o durante los a\u00f1os de la dictadura de Pinochet, un tema que ha sido tab\u00fa durante casi 30 a\u00f1os.<\/div>\n<div style=\"text-align: justify;\"><\/div>\n<div style=\"text-align: justify;\">Para el s\u00e1bado 23 la jornada comenzar\u00e1 temprano en la Sala Sch\u00e4fer de la Universidad del Bio B\u00edo, espec\u00edficamente a las 16 horas con \u00abLa revoluci\u00f3n de los ping\u00fcinos\u00bb de Jaime D\u00edaz Lavanchy, quien se mete en la revuelta estudiantil de 2006 para mostrar lo que sucedi\u00f3 al interior de las asambleas, discusiones y las protestas callejeras. En este bloque tambi\u00e9n se exhibir\u00e1 \u00abH\u00e1bitos\u00bb.<\/div>\n<div style=\"text-align: justify;\"><\/div>\n<div style=\"text-align: justify;\">A las 18 horas, Chill\u00e1n recibir\u00e1 a uno de sus hijos a trav\u00e9s del documental de Cristi\u00e1n Calder\u00f3n y Carlos Fuentes: \u00abEl amor y la muerte del t\u00edo Lalo Parra\u00bb. La pel\u00edcula muestra la gira que hizo el cantautor por el sur de Chile al cumplir 88 a\u00f1os, lo que es un viaje tambi\u00e9n de regreso a su pasado ya que no hab\u00eda visitado esos lugares desde que muri\u00f3 su primera mujer, Clara. Previo a esta proyecci\u00f3n se exhibir\u00e1n los cortometrajes realizados por los concursantes de \u00abUn minuto de verdad\u00bb.<\/div>\n<div style=\"text-align: justify;\"><\/div>\n<div style=\"text-align: justify;\">La jornada continuar\u00e1 con \u00abHome\u00bb del fot\u00f3grafo franc\u00e9s Yann-Arthus Bertrand. \u00c9sta es una pel\u00edcula asombrosa por sus im\u00e1genes de m\u00e1s de 50 pa\u00edses tomadas desde el cielo, y que aborda de manera muy pedag\u00f3gica la relaci\u00f3n que ha tenido la humanidad con la Tierra y su poder sobre \u00e9sta. Un documental que sin duda har\u00e1 reflexionar a las personas sobre la forma en que debemos seguir tratando el medio ambiente. La oportunidad de ver esta obra como se debe : en gran pantalla!<\/div>\n<div style=\"text-align: justify;\"><\/div>\n<div style=\"text-align: justify;\">Luego el p\u00fablico podr\u00e1 desplazarse hasta la Plaza Los H\u00e9roes de Iquique (Escuela M\u00e9xico) para continuar con las jornadas al aire libre, porque a las 21 horas comenzar\u00e1 la exhibici\u00f3n de \u00abRemitente: Una carta visual\u00bb de Tizziana Panizza. El documental, ganador de varios premios y difundido a nivel internacional, es un cortometraje intimista donde la realizadora comienza a escribir una carta audiovisual a sus parientes en Italia, a ra\u00edz de un recuerdo del pasado.<\/div>\n<div style=\"text-align: justify;\"><\/div>\n<div style=\"text-align: justify;\">Luego ser\u00e1 el turno de \u00abRetrato de un antipoeta\u00bb de V\u00edctor Jim\u00e9nez, quien sigui\u00f3 durante 9 a\u00f1os al imperdible personaje originario tambi\u00e9n de Chill\u00e1n, Nicanor Parra, para develar el lado m\u00e1s \u00edntimo del vate, hermano de Lalo Parra. El realizador de la producci\u00f3n visitar\u00e1 la ciudad durante estos d\u00edas.<\/div>\n<div style=\"text-align: justify;\"><\/div>\n<div style=\"text-align: justify;\">Las actividades de <a href=\"http:\/\/www.chilereality.cl\/\">Chilereality <\/a>finalizar\u00e1n el domingo 24 (21 horas) en el Paseo Peatonal Arauco, donde se exhibir\u00e1n por primera vez los tres trabajos documentales realizados en el \u00e1mbito de la segunda versi\u00f3n de la Escuela <a href=\"http:\/\/www.chilereality.cl\/\">Chilereality<\/a>.<\/div>\n<div style=\"text-align: justify;\"><\/div>\n<div style=\"text-align: justify;\">Adem\u00e1s, y como cierre de las actividades, se proyectar\u00e1 la pel\u00edcula \u00abRiquelme\u00bb de Samuel Le\u00f3n, quien llegar\u00e1 a Chill\u00e1n a presentar la cinta que cuenta la misteriosa desaparici\u00f3n de un hombre que sali\u00f3 desde Chill\u00e1n rumbo a Iquique para visitar a su hijo, pero cuyo rastro se perdi\u00f3. En 1999, y 43 a\u00f1os despu\u00e9s del hecho sus restos son encontrados en pleno desierto, a 120 km de Antofagasta.<\/div>\n<div style=\"text-align: justify;\"><\/div>\n<div style=\"text-align: justify;\">Sin duda, cuatro jornadas imperdibles dedicadas enteramente al documental.<\/div>\n","protected":false},"excerpt":{"rendered":"<p>Para esta semana, Chill\u00e1n se est\u00e1 preparando para vivir cuatro d\u00edas de pel\u00edcula. \u00bfLa raz\u00f3n? Las exhibiciones de los mejores filmes locales, nacionales e internacionales que tiene programadas el Centro Cultural Chilereality en diversos puntos de la ciudad. Las actividades comenzar\u00e1n este jueves (20 horas) en el sector Los Volcanes, en cuyo consultorio se exhibir\u00e1n [&hellip;]<\/p>\n","protected":false},"author":1,"featured_media":0,"comment_status":"open","ping_status":"open","sticky":false,"template":"","format":"standard","meta":{"footnotes":""},"categories":[32,164],"tags":[],"class_list":["post-5595","post","type-post","status-publish","format-standard","hentry","category-cine","category-documentales"],"yoast_head":"<!-- This site is optimized with the Yoast SEO plugin v25.0 - https:\/\/yoast.com\/wordpress\/plugins\/seo\/ -->\n<title>Chilereality Cierra Su Itinerancia Por La Regi\u00f3n Con 4 D\u00edas De Proyecci\u00f3n De Documentales En Chill\u00e1n - Nuestro Bio B\u00edo<\/title>\n<meta name=\"robots\" content=\"index, follow, max-snippet:-1, max-image-preview:large, max-video-preview:-1\" \/>\n<link rel=\"canonical\" href=\"https:\/\/www.fraczinet.cl\/sitio\/2010\/01\/21\/chilereality-cierra-su-itinerancia-por-la-region-con-4-dias-de-proyeccion-de-documentales-en-chillan\/\" \/>\n<meta property=\"og:locale\" content=\"es_ES\" \/>\n<meta property=\"og:type\" content=\"article\" \/>\n<meta property=\"og:title\" content=\"Chilereality Cierra Su Itinerancia Por La Regi\u00f3n Con 4 D\u00edas De Proyecci\u00f3n De Documentales En Chill\u00e1n - Nuestro Bio B\u00edo\" \/>\n<meta property=\"og:description\" content=\"Para esta semana, Chill\u00e1n se est\u00e1 preparando para vivir cuatro d\u00edas de pel\u00edcula. \u00bfLa raz\u00f3n? Las exhibiciones de los mejores filmes locales, nacionales e internacionales que tiene programadas el Centro Cultural Chilereality en diversos puntos de la ciudad. Las actividades comenzar\u00e1n este jueves (20 horas) en el sector Los Volcanes, en cuyo consultorio se exhibir\u00e1n [&hellip;]\" \/>\n<meta property=\"og:url\" content=\"https:\/\/www.fraczinet.cl\/sitio\/2010\/01\/21\/chilereality-cierra-su-itinerancia-por-la-region-con-4-dias-de-proyeccion-de-documentales-en-chillan\/\" \/>\n<meta property=\"og:site_name\" content=\"Nuestro Bio B\u00edo\" \/>\n<meta property=\"article:published_time\" content=\"2010-01-21T12:25:00+00:00\" \/>\n<meta property=\"article:modified_time\" content=\"2022-10-07T01:04:38+00:00\" \/>\n<meta property=\"og:image\" content=\"https:\/\/www.fraczinet.cl\/sitio\/wp-content\/uploads\/2021\/07\/bannerlogo-1.gif\" \/>\n\t<meta property=\"og:image:width\" content=\"159\" \/>\n\t<meta property=\"og:image:height\" content=\"79\" \/>\n\t<meta property=\"og:image:type\" content=\"image\/gif\" \/>\n<meta name=\"author\" content=\"admin\" \/>\n<meta name=\"twitter:card\" content=\"summary_large_image\" \/>\n<meta name=\"twitter:creator\" content=\"@nuestrobiobio\" \/>\n<meta name=\"twitter:site\" content=\"@nuestrobiobio\" \/>\n<meta name=\"twitter:label1\" content=\"Escrito por\" \/>\n\t<meta name=\"twitter:data1\" content=\"admin\" \/>\n\t<meta name=\"twitter:label2\" content=\"Tiempo de lectura\" \/>\n\t<meta name=\"twitter:data2\" content=\"4 minutos\" \/>\n<script type=\"application\/ld+json\" class=\"yoast-schema-graph\">{\"@context\":\"https:\/\/schema.org\",\"@graph\":[{\"@type\":\"Article\",\"@id\":\"https:\/\/www.fraczinet.cl\/sitio\/2010\/01\/21\/chilereality-cierra-su-itinerancia-por-la-region-con-4-dias-de-proyeccion-de-documentales-en-chillan\/#article\",\"isPartOf\":{\"@id\":\"https:\/\/www.fraczinet.cl\/sitio\/2010\/01\/21\/chilereality-cierra-su-itinerancia-por-la-region-con-4-dias-de-proyeccion-de-documentales-en-chillan\/\"},\"author\":{\"name\":\"admin\",\"@id\":\"https:\/\/www.fraczinet.cl\/sitio\/#\/schema\/person\/bc30f98e9cb10ae7e119dbe14bc93784\"},\"headline\":\"Chilereality Cierra Su Itinerancia Por La Regi\u00f3n Con 4 D\u00edas De Proyecci\u00f3n De Documentales En Chill\u00e1n\",\"datePublished\":\"2010-01-21T12:25:00+00:00\",\"dateModified\":\"2022-10-07T01:04:38+00:00\",\"mainEntityOfPage\":{\"@id\":\"https:\/\/www.fraczinet.cl\/sitio\/2010\/01\/21\/chilereality-cierra-su-itinerancia-por-la-region-con-4-dias-de-proyeccion-de-documentales-en-chillan\/\"},\"wordCount\":807,\"commentCount\":0,\"publisher\":{\"@id\":\"https:\/\/www.fraczinet.cl\/sitio\/#\/schema\/person\/aec8ee4da68df2b9b0eefdad24a0d582\"},\"articleSection\":[\"Cine\",\"Documentales\"],\"inLanguage\":\"es\",\"potentialAction\":[{\"@type\":\"CommentAction\",\"name\":\"Comment\",\"target\":[\"https:\/\/www.fraczinet.cl\/sitio\/2010\/01\/21\/chilereality-cierra-su-itinerancia-por-la-region-con-4-dias-de-proyeccion-de-documentales-en-chillan\/#respond\"]}]},{\"@type\":\"WebPage\",\"@id\":\"https:\/\/www.fraczinet.cl\/sitio\/2010\/01\/21\/chilereality-cierra-su-itinerancia-por-la-region-con-4-dias-de-proyeccion-de-documentales-en-chillan\/\",\"url\":\"https:\/\/www.fraczinet.cl\/sitio\/2010\/01\/21\/chilereality-cierra-su-itinerancia-por-la-region-con-4-dias-de-proyeccion-de-documentales-en-chillan\/\",\"name\":\"Chilereality Cierra Su Itinerancia Por La Regi\u00f3n Con 4 D\u00edas De Proyecci\u00f3n De Documentales En Chill\u00e1n - Nuestro Bio B\u00edo\",\"isPartOf\":{\"@id\":\"https:\/\/www.fraczinet.cl\/sitio\/#website\"},\"datePublished\":\"2010-01-21T12:25:00+00:00\",\"dateModified\":\"2022-10-07T01:04:38+00:00\",\"breadcrumb\":{\"@id\":\"https:\/\/www.fraczinet.cl\/sitio\/2010\/01\/21\/chilereality-cierra-su-itinerancia-por-la-region-con-4-dias-de-proyeccion-de-documentales-en-chillan\/#breadcrumb\"},\"inLanguage\":\"es\",\"potentialAction\":[{\"@type\":\"ReadAction\",\"target\":[\"https:\/\/www.fraczinet.cl\/sitio\/2010\/01\/21\/chilereality-cierra-su-itinerancia-por-la-region-con-4-dias-de-proyeccion-de-documentales-en-chillan\/\"]}]},{\"@type\":\"BreadcrumbList\",\"@id\":\"https:\/\/www.fraczinet.cl\/sitio\/2010\/01\/21\/chilereality-cierra-su-itinerancia-por-la-region-con-4-dias-de-proyeccion-de-documentales-en-chillan\/#breadcrumb\",\"itemListElement\":[{\"@type\":\"ListItem\",\"position\":1,\"name\":\"Portada\",\"item\":\"https:\/\/www.fraczinet.cl\/sitio\/\"},{\"@type\":\"ListItem\",\"position\":2,\"name\":\"Chilereality Cierra Su Itinerancia Por La Regi\u00f3n Con 4 D\u00edas De Proyecci\u00f3n De Documentales En Chill\u00e1n\"}]},{\"@type\":\"WebSite\",\"@id\":\"https:\/\/www.fraczinet.cl\/sitio\/#website\",\"url\":\"https:\/\/www.fraczinet.cl\/sitio\/\",\"name\":\"Nuestro Bio B\u00edo\",\"description\":\"Tierra de Encuentros\",\"publisher\":{\"@id\":\"https:\/\/www.fraczinet.cl\/sitio\/#\/schema\/person\/aec8ee4da68df2b9b0eefdad24a0d582\"},\"potentialAction\":[{\"@type\":\"SearchAction\",\"target\":{\"@type\":\"EntryPoint\",\"urlTemplate\":\"https:\/\/www.fraczinet.cl\/sitio\/?s={search_term_string}\"},\"query-input\":{\"@type\":\"PropertyValueSpecification\",\"valueRequired\":true,\"valueName\":\"search_term_string\"}}],\"inLanguage\":\"es\"},{\"@type\":[\"Person\",\"Organization\"],\"@id\":\"https:\/\/www.fraczinet.cl\/sitio\/#\/schema\/person\/aec8ee4da68df2b9b0eefdad24a0d582\",\"name\":\"Luis Fernando Fraczinet\",\"image\":{\"@type\":\"ImageObject\",\"inLanguage\":\"es\",\"@id\":\"https:\/\/www.fraczinet.cl\/sitio\/#\/schema\/person\/image\/\",\"url\":\"https:\/\/www.fraczinet.cl\/sitio\/wp-content\/uploads\/2021\/07\/bannerlogo-1.gif\",\"contentUrl\":\"https:\/\/www.fraczinet.cl\/sitio\/wp-content\/uploads\/2021\/07\/bannerlogo-1.gif\",\"width\":159,\"height\":79,\"caption\":\"Luis Fernando Fraczinet\"},\"logo\":{\"@id\":\"https:\/\/www.fraczinet.cl\/sitio\/#\/schema\/person\/image\/\"},\"sameAs\":[\"https:\/\/www.fraczinet.cl\/sitio\/\"]},{\"@type\":\"Person\",\"@id\":\"https:\/\/www.fraczinet.cl\/sitio\/#\/schema\/person\/bc30f98e9cb10ae7e119dbe14bc93784\",\"name\":\"admin\",\"image\":{\"@type\":\"ImageObject\",\"inLanguage\":\"es\",\"@id\":\"https:\/\/www.fraczinet.cl\/sitio\/#\/schema\/person\/image\/\",\"url\":\"https:\/\/secure.gravatar.com\/avatar\/d5ad3cf7ef3b23a2bb5be73be780c86b2fc8545c3ad6b149f3913ff458c00099?s=96&d=mm&r=g\",\"contentUrl\":\"https:\/\/secure.gravatar.com\/avatar\/d5ad3cf7ef3b23a2bb5be73be780c86b2fc8545c3ad6b149f3913ff458c00099?s=96&d=mm&r=g\",\"caption\":\"admin\"},\"sameAs\":[\"https:\/\/www.fraczinet.cl\/sitio\"]}]}<\/script>\n<!-- \/ Yoast SEO plugin. -->","yoast_head_json":{"title":"Chilereality Cierra Su Itinerancia Por La Regi\u00f3n Con 4 D\u00edas De Proyecci\u00f3n De Documentales En Chill\u00e1n - Nuestro Bio B\u00edo","robots":{"index":"index","follow":"follow","max-snippet":"max-snippet:-1","max-image-preview":"max-image-preview:large","max-video-preview":"max-video-preview:-1"},"canonical":"https:\/\/www.fraczinet.cl\/sitio\/2010\/01\/21\/chilereality-cierra-su-itinerancia-por-la-region-con-4-dias-de-proyeccion-de-documentales-en-chillan\/","og_locale":"es_ES","og_type":"article","og_title":"Chilereality Cierra Su Itinerancia Por La Regi\u00f3n Con 4 D\u00edas De Proyecci\u00f3n De Documentales En Chill\u00e1n - Nuestro Bio B\u00edo","og_description":"Para esta semana, Chill\u00e1n se est\u00e1 preparando para vivir cuatro d\u00edas de pel\u00edcula. \u00bfLa raz\u00f3n? Las exhibiciones de los mejores filmes locales, nacionales e internacionales que tiene programadas el Centro Cultural Chilereality en diversos puntos de la ciudad. Las actividades comenzar\u00e1n este jueves (20 horas) en el sector Los Volcanes, en cuyo consultorio se exhibir\u00e1n [&hellip;]","og_url":"https:\/\/www.fraczinet.cl\/sitio\/2010\/01\/21\/chilereality-cierra-su-itinerancia-por-la-region-con-4-dias-de-proyeccion-de-documentales-en-chillan\/","og_site_name":"Nuestro Bio B\u00edo","article_published_time":"2010-01-21T12:25:00+00:00","article_modified_time":"2022-10-07T01:04:38+00:00","og_image":[{"width":159,"height":79,"url":"https:\/\/www.fraczinet.cl\/sitio\/wp-content\/uploads\/2021\/07\/bannerlogo-1.gif","type":"image\/gif"}],"author":"admin","twitter_card":"summary_large_image","twitter_creator":"@nuestrobiobio","twitter_site":"@nuestrobiobio","twitter_misc":{"Escrito por":"admin","Tiempo de lectura":"4 minutos"},"schema":{"@context":"https:\/\/schema.org","@graph":[{"@type":"Article","@id":"https:\/\/www.fraczinet.cl\/sitio\/2010\/01\/21\/chilereality-cierra-su-itinerancia-por-la-region-con-4-dias-de-proyeccion-de-documentales-en-chillan\/#article","isPartOf":{"@id":"https:\/\/www.fraczinet.cl\/sitio\/2010\/01\/21\/chilereality-cierra-su-itinerancia-por-la-region-con-4-dias-de-proyeccion-de-documentales-en-chillan\/"},"author":{"name":"admin","@id":"https:\/\/www.fraczinet.cl\/sitio\/#\/schema\/person\/bc30f98e9cb10ae7e119dbe14bc93784"},"headline":"Chilereality Cierra Su Itinerancia Por La Regi\u00f3n Con 4 D\u00edas De Proyecci\u00f3n De Documentales En Chill\u00e1n","datePublished":"2010-01-21T12:25:00+00:00","dateModified":"2022-10-07T01:04:38+00:00","mainEntityOfPage":{"@id":"https:\/\/www.fraczinet.cl\/sitio\/2010\/01\/21\/chilereality-cierra-su-itinerancia-por-la-region-con-4-dias-de-proyeccion-de-documentales-en-chillan\/"},"wordCount":807,"commentCount":0,"publisher":{"@id":"https:\/\/www.fraczinet.cl\/sitio\/#\/schema\/person\/aec8ee4da68df2b9b0eefdad24a0d582"},"articleSection":["Cine","Documentales"],"inLanguage":"es","potentialAction":[{"@type":"CommentAction","name":"Comment","target":["https:\/\/www.fraczinet.cl\/sitio\/2010\/01\/21\/chilereality-cierra-su-itinerancia-por-la-region-con-4-dias-de-proyeccion-de-documentales-en-chillan\/#respond"]}]},{"@type":"WebPage","@id":"https:\/\/www.fraczinet.cl\/sitio\/2010\/01\/21\/chilereality-cierra-su-itinerancia-por-la-region-con-4-dias-de-proyeccion-de-documentales-en-chillan\/","url":"https:\/\/www.fraczinet.cl\/sitio\/2010\/01\/21\/chilereality-cierra-su-itinerancia-por-la-region-con-4-dias-de-proyeccion-de-documentales-en-chillan\/","name":"Chilereality Cierra Su Itinerancia Por La Regi\u00f3n Con 4 D\u00edas De Proyecci\u00f3n De Documentales En Chill\u00e1n - Nuestro Bio B\u00edo","isPartOf":{"@id":"https:\/\/www.fraczinet.cl\/sitio\/#website"},"datePublished":"2010-01-21T12:25:00+00:00","dateModified":"2022-10-07T01:04:38+00:00","breadcrumb":{"@id":"https:\/\/www.fraczinet.cl\/sitio\/2010\/01\/21\/chilereality-cierra-su-itinerancia-por-la-region-con-4-dias-de-proyeccion-de-documentales-en-chillan\/#breadcrumb"},"inLanguage":"es","potentialAction":[{"@type":"ReadAction","target":["https:\/\/www.fraczinet.cl\/sitio\/2010\/01\/21\/chilereality-cierra-su-itinerancia-por-la-region-con-4-dias-de-proyeccion-de-documentales-en-chillan\/"]}]},{"@type":"BreadcrumbList","@id":"https:\/\/www.fraczinet.cl\/sitio\/2010\/01\/21\/chilereality-cierra-su-itinerancia-por-la-region-con-4-dias-de-proyeccion-de-documentales-en-chillan\/#breadcrumb","itemListElement":[{"@type":"ListItem","position":1,"name":"Portada","item":"https:\/\/www.fraczinet.cl\/sitio\/"},{"@type":"ListItem","position":2,"name":"Chilereality Cierra Su Itinerancia Por La Regi\u00f3n Con 4 D\u00edas De Proyecci\u00f3n De Documentales En Chill\u00e1n"}]},{"@type":"WebSite","@id":"https:\/\/www.fraczinet.cl\/sitio\/#website","url":"https:\/\/www.fraczinet.cl\/sitio\/","name":"Nuestro Bio B\u00edo","description":"Tierra de Encuentros","publisher":{"@id":"https:\/\/www.fraczinet.cl\/sitio\/#\/schema\/person\/aec8ee4da68df2b9b0eefdad24a0d582"},"potentialAction":[{"@type":"SearchAction","target":{"@type":"EntryPoint","urlTemplate":"https:\/\/www.fraczinet.cl\/sitio\/?s={search_term_string}"},"query-input":{"@type":"PropertyValueSpecification","valueRequired":true,"valueName":"search_term_string"}}],"inLanguage":"es"},{"@type":["Person","Organization"],"@id":"https:\/\/www.fraczinet.cl\/sitio\/#\/schema\/person\/aec8ee4da68df2b9b0eefdad24a0d582","name":"Luis Fernando Fraczinet","image":{"@type":"ImageObject","inLanguage":"es","@id":"https:\/\/www.fraczinet.cl\/sitio\/#\/schema\/person\/image\/","url":"https:\/\/www.fraczinet.cl\/sitio\/wp-content\/uploads\/2021\/07\/bannerlogo-1.gif","contentUrl":"https:\/\/www.fraczinet.cl\/sitio\/wp-content\/uploads\/2021\/07\/bannerlogo-1.gif","width":159,"height":79,"caption":"Luis Fernando Fraczinet"},"logo":{"@id":"https:\/\/www.fraczinet.cl\/sitio\/#\/schema\/person\/image\/"},"sameAs":["https:\/\/www.fraczinet.cl\/sitio\/"]},{"@type":"Person","@id":"https:\/\/www.fraczinet.cl\/sitio\/#\/schema\/person\/bc30f98e9cb10ae7e119dbe14bc93784","name":"admin","image":{"@type":"ImageObject","inLanguage":"es","@id":"https:\/\/www.fraczinet.cl\/sitio\/#\/schema\/person\/image\/","url":"https:\/\/secure.gravatar.com\/avatar\/d5ad3cf7ef3b23a2bb5be73be780c86b2fc8545c3ad6b149f3913ff458c00099?s=96&d=mm&r=g","contentUrl":"https:\/\/secure.gravatar.com\/avatar\/d5ad3cf7ef3b23a2bb5be73be780c86b2fc8545c3ad6b149f3913ff458c00099?s=96&d=mm&r=g","caption":"admin"},"sameAs":["https:\/\/www.fraczinet.cl\/sitio"]}]}},"_links":{"self":[{"href":"https:\/\/www.fraczinet.cl\/sitio\/wp-json\/wp\/v2\/posts\/5595","targetHints":{"allow":["GET"]}}],"collection":[{"href":"https:\/\/www.fraczinet.cl\/sitio\/wp-json\/wp\/v2\/posts"}],"about":[{"href":"https:\/\/www.fraczinet.cl\/sitio\/wp-json\/wp\/v2\/types\/post"}],"author":[{"embeddable":true,"href":"https:\/\/www.fraczinet.cl\/sitio\/wp-json\/wp\/v2\/users\/1"}],"replies":[{"embeddable":true,"href":"https:\/\/www.fraczinet.cl\/sitio\/wp-json\/wp\/v2\/comments?post=5595"}],"version-history":[{"count":1,"href":"https:\/\/www.fraczinet.cl\/sitio\/wp-json\/wp\/v2\/posts\/5595\/revisions"}],"predecessor-version":[{"id":14458,"href":"https:\/\/www.fraczinet.cl\/sitio\/wp-json\/wp\/v2\/posts\/5595\/revisions\/14458"}],"wp:attachment":[{"href":"https:\/\/www.fraczinet.cl\/sitio\/wp-json\/wp\/v2\/media?parent=5595"}],"wp:term":[{"taxonomy":"category","embeddable":true,"href":"https:\/\/www.fraczinet.cl\/sitio\/wp-json\/wp\/v2\/categories?post=5595"},{"taxonomy":"post_tag","embeddable":true,"href":"https:\/\/www.fraczinet.cl\/sitio\/wp-json\/wp\/v2\/tags?post=5595"}],"curies":[{"name":"wp","href":"https:\/\/api.w.org\/{rel}","templated":true}]}}