{"id":5623,"date":"2010-01-16T00:06:00","date_gmt":"2010-01-16T00:06:00","guid":{"rendered":"https:\/\/www.fraczinet.cl\/sitio\/2010\/01\/16\/taller-de-gestion-cultural-en-la-universidad-del-bio-bio\/"},"modified":"2010-01-16T00:06:00","modified_gmt":"2010-01-16T00:06:00","slug":"taller-de-gestion-cultural-en-la-universidad-del-bio-bio","status":"publish","type":"post","link":"https:\/\/www.fraczinet.cl\/sitio\/taller-de-gestion-cultural-en-la-universidad-del-bio-bio\/","title":{"rendered":"Taller De Gesti\u00f3n Cultural En La Universidad Del Bio B\u00edo"},"content":{"rendered":"<div style=\"text-align: justify;\">El \u00c1rea de Grupos Art\u00edsticos de la Universidad del Bio B\u00edo, con la colaboraci\u00f3n de la Corporaci\u00f3n Cultural Balmaceda Arte Joven (Concepci\u00f3n) y el Centro Cultural Pabell\u00f3n 83 (Lota), realizar\u00e1 2 talleres formativos gratuitos en gesti\u00f3n cultural dirigido a quienes postulan proyectos a los fondos concursables, especialmente del Consejo de la Cultura y las Artes. <\/div>\n<div style=\"text-align: justify;\"><\/div>\n<div style=\"text-align: justify;\">El primer taller de gesti\u00f3n cultural se realizar\u00e1 el mi\u00e9rcoles 20 de enero, de 19 a 21 horas, en la Universidad del Bio B\u00edo (Avda. Collao 1202, Concepci\u00f3n). Estos talleres se realizar\u00e1n en dos niveles. El primer nivel, dirigido a los principiantes (gesti\u00f3n cultural b\u00e1sica) abordar\u00e1: definici\u00f3n, reglas y significados de los componentes de un proyecto (Diagn\u00f3stico, fundamentos, descripci\u00f3n, etc.). El segundo nivel, dirigidos a quienes tienen alguna experiencia en dise\u00f1o y desarrollo de proyectos (nivel medio), abordar\u00e1 analisis de proyectos y elaboraci\u00f3n de proyectos en artes. <\/div>\n<div style=\"text-align: justify;\"><\/div>\n<div style=\"text-align: justify;\">Ambos talleres tendr\u00e1n un trabajo interperiodo que se revisar\u00e1 en la segunda sesi\u00f3n, el mi\u00e9rcoles 24 de febrero. Ambos talleres son la antesala del III Encuentro Regional de Gestores Culturales a realizarse la \u00faltima semana de marzo de 2010.<\/div>\n<div style=\"text-align: justify;\"><\/div>\n<div style=\"text-align: justify;\">Para mayores informaciones e inscripciones para los Talleres escribir al e-Mail hcampos@ubiobio.cl o al fono (41) 273 1954.<\/div>\n","protected":false},"excerpt":{"rendered":"<p>El \u00c1rea de Grupos Art\u00edsticos de la Universidad del Bio B\u00edo, con la colaboraci\u00f3n de la Corporaci\u00f3n Cultural Balmaceda Arte Joven (Concepci\u00f3n) y el Centro Cultural Pabell\u00f3n 83 (Lota), realizar\u00e1 2 talleres formativos gratuitos en gesti\u00f3n cultural dirigido a quienes postulan proyectos a los fondos concursables, especialmente del Consejo de la Cultura y las Artes. [&hellip;]<\/p>\n","protected":false},"author":1,"featured_media":0,"comment_status":"open","ping_status":"closed","sticky":false,"template":"","format":"standard","meta":{"footnotes":""},"categories":[207],"tags":[],"class_list":["post-5623","post","type-post","status-publish","format-standard","hentry","category-gestion-cultural"],"yoast_head":"<!-- This site is optimized with the Yoast SEO plugin v28.2 - https:\/\/yoast.com\/product\/yoast-seo-wordpress\/ -->\n<title>Taller De Gesti\u00f3n Cultural En La Universidad Del Bio B\u00edo - Nuestro Bio B\u00edo<\/title>\n<meta name=\"robots\" content=\"index, follow, max-snippet:-1, max-image-preview:large, max-video-preview:-1\" \/>\n<link rel=\"canonical\" href=\"https:\/\/www.fraczinet.cl\/sitio\/taller-de-gestion-cultural-en-la-universidad-del-bio-bio\/\" \/>\n<meta property=\"og:locale\" content=\"es_ES\" \/>\n<meta property=\"og:type\" content=\"article\" \/>\n<meta property=\"og:title\" content=\"Taller De Gesti\u00f3n Cultural En La Universidad Del Bio B\u00edo - Nuestro Bio B\u00edo\" \/>\n<meta property=\"og:description\" content=\"El \u00c1rea de Grupos Art\u00edsticos de la Universidad del Bio B\u00edo, con la colaboraci\u00f3n de la Corporaci\u00f3n Cultural Balmaceda Arte Joven (Concepci\u00f3n) y el Centro Cultural Pabell\u00f3n 83 (Lota), realizar\u00e1 2 talleres formativos gratuitos en gesti\u00f3n cultural dirigido a quienes postulan proyectos a los fondos concursables, especialmente del Consejo de la Cultura y las Artes. [&hellip;]\" \/>\n<meta property=\"og:url\" content=\"https:\/\/www.fraczinet.cl\/sitio\/taller-de-gestion-cultural-en-la-universidad-del-bio-bio\/\" \/>\n<meta property=\"og:site_name\" content=\"Nuestro Bio B\u00edo\" \/>\n<meta property=\"article:publisher\" content=\"https:\/\/www.facebook.com\/groups\/15721414452\/\" \/>\n<meta property=\"article:published_time\" content=\"2010-01-16T00:06:00+00:00\" \/>\n<meta property=\"og:image\" content=\"https:\/\/www.fraczinet.cl\/sitio\/wp-content\/uploads\/2021\/07\/bannerlogo-1.gif\" \/>\n\t<meta property=\"og:image:width\" content=\"159\" \/>\n\t<meta property=\"og:image:height\" content=\"79\" \/>\n\t<meta property=\"og:image:type\" content=\"image\/gif\" \/>\n<meta name=\"twitter:card\" content=\"summary_large_image\" \/>\n<meta name=\"twitter:creator\" content=\"@nuestrobiobio\" \/>\n<meta name=\"twitter:site\" content=\"@nuestrobiobio\" \/>\n<meta name=\"twitter:label1\" content=\"Escrito por\" \/>\n\t<meta name=\"twitter:data1\" content=\"\" \/>\n\t<meta name=\"twitter:label2\" content=\"Tiempo de lectura\" \/>\n\t<meta name=\"twitter:data2\" content=\"1 minuto\" \/>\n<script type=\"application\/ld+json\" class=\"yoast-schema-graph\">{\"@context\":\"https:\\\/\\\/schema.org\",\"@graph\":[{\"@type\":\"Article\",\"@id\":\"https:\\\/\\\/www.fraczinet.cl\\\/sitio\\\/taller-de-gestion-cultural-en-la-universidad-del-bio-bio\\\/#article\",\"isPartOf\":{\"@id\":\"https:\\\/\\\/www.fraczinet.cl\\\/sitio\\\/taller-de-gestion-cultural-en-la-universidad-del-bio-bio\\\/\"},\"author\":{\"name\":\"\",\"@id\":\"\"},\"headline\":\"Taller De Gesti\u00f3n Cultural En La Universidad Del Bio B\u00edo\",\"datePublished\":\"2010-01-16T00:06:00+00:00\",\"mainEntityOfPage\":{\"@id\":\"https:\\\/\\\/www.fraczinet.cl\\\/sitio\\\/taller-de-gestion-cultural-en-la-universidad-del-bio-bio\\\/\"},\"wordCount\":224,\"commentCount\":0,\"articleSection\":[\"Gesti\u00f3n Cultural\"],\"inLanguage\":\"es\",\"potentialAction\":[{\"@type\":\"CommentAction\",\"name\":\"Comment\",\"target\":[\"https:\\\/\\\/www.fraczinet.cl\\\/sitio\\\/taller-de-gestion-cultural-en-la-universidad-del-bio-bio\\\/#respond\"]}]},{\"@type\":\"WebPage\",\"@id\":\"https:\\\/\\\/www.fraczinet.cl\\\/sitio\\\/taller-de-gestion-cultural-en-la-universidad-del-bio-bio\\\/\",\"url\":\"https:\\\/\\\/www.fraczinet.cl\\\/sitio\\\/taller-de-gestion-cultural-en-la-universidad-del-bio-bio\\\/\",\"name\":\"Taller De Gesti\u00f3n Cultural En La Universidad Del Bio B\u00edo - Nuestro Bio B\u00edo\",\"isPartOf\":{\"@id\":\"https:\\\/\\\/www.fraczinet.cl\\\/sitio\\\/#website\"},\"datePublished\":\"2010-01-16T00:06:00+00:00\",\"author\":{\"@id\":\"\"},\"breadcrumb\":{\"@id\":\"https:\\\/\\\/www.fraczinet.cl\\\/sitio\\\/taller-de-gestion-cultural-en-la-universidad-del-bio-bio\\\/#breadcrumb\"},\"inLanguage\":\"es\",\"potentialAction\":[{\"@type\":\"ReadAction\",\"target\":[\"https:\\\/\\\/www.fraczinet.cl\\\/sitio\\\/taller-de-gestion-cultural-en-la-universidad-del-bio-bio\\\/\"]}]},{\"@type\":\"BreadcrumbList\",\"@id\":\"https:\\\/\\\/www.fraczinet.cl\\\/sitio\\\/taller-de-gestion-cultural-en-la-universidad-del-bio-bio\\\/#breadcrumb\",\"itemListElement\":[{\"@type\":\"ListItem\",\"position\":1,\"name\":\"Portada\",\"item\":\"https:\\\/\\\/www.fraczinet.cl\\\/sitio\\\/\"},{\"@type\":\"ListItem\",\"position\":2,\"name\":\"Taller De Gesti\u00f3n Cultural En La Universidad Del Bio B\u00edo\"}]},{\"@type\":\"WebSite\",\"@id\":\"https:\\\/\\\/www.fraczinet.cl\\\/sitio\\\/#website\",\"url\":\"https:\\\/\\\/www.fraczinet.cl\\\/sitio\\\/\",\"name\":\"Nuestro Bio B\u00edo\",\"description\":\"Tierra de Encuentros\",\"potentialAction\":[{\"@type\":\"SearchAction\",\"target\":{\"@type\":\"EntryPoint\",\"urlTemplate\":\"https:\\\/\\\/www.fraczinet.cl\\\/sitio\\\/?s={search_term_string}\"},\"query-input\":{\"@type\":\"PropertyValueSpecification\",\"valueRequired\":true,\"valueName\":\"search_term_string\"}}],\"inLanguage\":\"es\"},{\"@type\":\"Person\",\"@id\":\"\"}]}<\/script>\n<!-- \/ Yoast SEO plugin. -->","yoast_head_json":{"title":"Taller De Gesti\u00f3n Cultural En La Universidad Del Bio B\u00edo - Nuestro Bio B\u00edo","robots":{"index":"index","follow":"follow","max-snippet":"max-snippet:-1","max-image-preview":"max-image-preview:large","max-video-preview":"max-video-preview:-1"},"canonical":"https:\/\/www.fraczinet.cl\/sitio\/taller-de-gestion-cultural-en-la-universidad-del-bio-bio\/","og_locale":"es_ES","og_type":"article","og_title":"Taller De Gesti\u00f3n Cultural En La Universidad Del Bio B\u00edo - Nuestro Bio B\u00edo","og_description":"El \u00c1rea de Grupos Art\u00edsticos de la Universidad del Bio B\u00edo, con la colaboraci\u00f3n de la Corporaci\u00f3n Cultural Balmaceda Arte Joven (Concepci\u00f3n) y el Centro Cultural Pabell\u00f3n 83 (Lota), realizar\u00e1 2 talleres formativos gratuitos en gesti\u00f3n cultural dirigido a quienes postulan proyectos a los fondos concursables, especialmente del Consejo de la Cultura y las Artes. [&hellip;]","og_url":"https:\/\/www.fraczinet.cl\/sitio\/taller-de-gestion-cultural-en-la-universidad-del-bio-bio\/","og_site_name":"Nuestro Bio B\u00edo","article_publisher":"https:\/\/www.facebook.com\/groups\/15721414452\/","article_published_time":"2010-01-16T00:06:00+00:00","og_image":[{"width":159,"height":79,"url":"https:\/\/www.fraczinet.cl\/sitio\/wp-content\/uploads\/2021\/07\/bannerlogo-1.gif","type":"image\/gif"}],"twitter_card":"summary_large_image","twitter_creator":"@nuestrobiobio","twitter_site":"@nuestrobiobio","twitter_misc":{"Escrito por":"","Tiempo de lectura":"1 minuto"},"schema":{"@context":"https:\/\/schema.org","@graph":[{"@type":"Article","@id":"https:\/\/www.fraczinet.cl\/sitio\/taller-de-gestion-cultural-en-la-universidad-del-bio-bio\/#article","isPartOf":{"@id":"https:\/\/www.fraczinet.cl\/sitio\/taller-de-gestion-cultural-en-la-universidad-del-bio-bio\/"},"author":{"name":"","@id":""},"headline":"Taller De Gesti\u00f3n Cultural En La Universidad Del Bio B\u00edo","datePublished":"2010-01-16T00:06:00+00:00","mainEntityOfPage":{"@id":"https:\/\/www.fraczinet.cl\/sitio\/taller-de-gestion-cultural-en-la-universidad-del-bio-bio\/"},"wordCount":224,"commentCount":0,"articleSection":["Gesti\u00f3n Cultural"],"inLanguage":"es","potentialAction":[{"@type":"CommentAction","name":"Comment","target":["https:\/\/www.fraczinet.cl\/sitio\/taller-de-gestion-cultural-en-la-universidad-del-bio-bio\/#respond"]}]},{"@type":"WebPage","@id":"https:\/\/www.fraczinet.cl\/sitio\/taller-de-gestion-cultural-en-la-universidad-del-bio-bio\/","url":"https:\/\/www.fraczinet.cl\/sitio\/taller-de-gestion-cultural-en-la-universidad-del-bio-bio\/","name":"Taller De Gesti\u00f3n Cultural En La Universidad Del Bio B\u00edo - Nuestro Bio B\u00edo","isPartOf":{"@id":"https:\/\/www.fraczinet.cl\/sitio\/#website"},"datePublished":"2010-01-16T00:06:00+00:00","author":{"@id":""},"breadcrumb":{"@id":"https:\/\/www.fraczinet.cl\/sitio\/taller-de-gestion-cultural-en-la-universidad-del-bio-bio\/#breadcrumb"},"inLanguage":"es","potentialAction":[{"@type":"ReadAction","target":["https:\/\/www.fraczinet.cl\/sitio\/taller-de-gestion-cultural-en-la-universidad-del-bio-bio\/"]}]},{"@type":"BreadcrumbList","@id":"https:\/\/www.fraczinet.cl\/sitio\/taller-de-gestion-cultural-en-la-universidad-del-bio-bio\/#breadcrumb","itemListElement":[{"@type":"ListItem","position":1,"name":"Portada","item":"https:\/\/www.fraczinet.cl\/sitio\/"},{"@type":"ListItem","position":2,"name":"Taller De Gesti\u00f3n Cultural En La Universidad Del Bio B\u00edo"}]},{"@type":"WebSite","@id":"https:\/\/www.fraczinet.cl\/sitio\/#website","url":"https:\/\/www.fraczinet.cl\/sitio\/","name":"Nuestro Bio B\u00edo","description":"Tierra de Encuentros","potentialAction":[{"@type":"SearchAction","target":{"@type":"EntryPoint","urlTemplate":"https:\/\/www.fraczinet.cl\/sitio\/?s={search_term_string}"},"query-input":{"@type":"PropertyValueSpecification","valueRequired":true,"valueName":"search_term_string"}}],"inLanguage":"es"},{"@type":"Person","@id":""}]}},"_links":{"self":[{"href":"https:\/\/www.fraczinet.cl\/sitio\/wp-json\/wp\/v2\/posts\/5623","targetHints":{"allow":["GET"]}}],"collection":[{"href":"https:\/\/www.fraczinet.cl\/sitio\/wp-json\/wp\/v2\/posts"}],"about":[{"href":"https:\/\/www.fraczinet.cl\/sitio\/wp-json\/wp\/v2\/types\/post"}],"author":[{"embeddable":true,"href":"https:\/\/www.fraczinet.cl\/sitio\/wp-json\/wp\/v2\/users\/1"}],"replies":[{"embeddable":true,"href":"https:\/\/www.fraczinet.cl\/sitio\/wp-json\/wp\/v2\/comments?post=5623"}],"version-history":[{"count":0,"href":"https:\/\/www.fraczinet.cl\/sitio\/wp-json\/wp\/v2\/posts\/5623\/revisions"}],"wp:attachment":[{"href":"https:\/\/www.fraczinet.cl\/sitio\/wp-json\/wp\/v2\/media?parent=5623"}],"wp:term":[{"taxonomy":"category","embeddable":true,"href":"https:\/\/www.fraczinet.cl\/sitio\/wp-json\/wp\/v2\/categories?post=5623"},{"taxonomy":"post_tag","embeddable":true,"href":"https:\/\/www.fraczinet.cl\/sitio\/wp-json\/wp\/v2\/tags?post=5623"}],"curies":[{"name":"wp","href":"https:\/\/api.w.org\/{rel}","templated":true}]}}