{"id":5627,"date":"2010-01-15T00:47:00","date_gmt":"2010-01-15T00:47:00","guid":{"rendered":"https:\/\/www.fraczinet.cl\/sitio\/2010\/01\/15\/ciclo-de-cine-mexicano-en-el-teatro-universidad-de-concepcion\/"},"modified":"2010-01-15T00:47:00","modified_gmt":"2010-01-15T00:47:00","slug":"ciclo-de-cine-mexicano-en-el-teatro-universidad-de-concepcion","status":"publish","type":"post","link":"https:\/\/www.fraczinet.cl\/sitio\/2010\/01\/15\/ciclo-de-cine-mexicano-en-el-teatro-universidad-de-concepcion\/","title":{"rendered":"Ciclo De Cine Mexicano En El Teatro Universidad De Concepci\u00f3n"},"content":{"rendered":"<div style=\"text-align: justify;\">Con motivo del Bicentenario que M\u00e9xico y Chile celebrar\u00e1n este 2010, la Embajada Mexicana y la Corporaci\u00f3n Cultural Universidad de Concepci\u00f3n realizar\u00e1n en conjunto un especial ciclo de cine cl\u00e1sico proveniente de ese pa\u00eds, en el Teatro universitario. Esto, como parte de la Escuela de Verano 2010 de la casa de estudios.<\/div>\n<div style=\"text-align: justify;\"><\/div>\n<div style=\"text-align: justify;\">Se trata de una selecci\u00f3n de cl\u00e1sicas pel\u00edculas mexicanas que se encuentran dentro de los 100 mejores film del cine de M\u00e9xico, que marcaron toda una \u00e9poca y que ser\u00e1n exhibidas en un ciclo que comenzar\u00e1 el lunes 18 y finalizar\u00e1 el viernes 22 de enero.<\/div>\n<div style=\"text-align: justify;\"><\/div>\n<div style=\"text-align: justify;\">\u00c9ste ciclo, comenzar\u00e1 el lunes 18 de enero a las 15 horas con la exhibici\u00f3n de Nazar\u00edn, film de 1958, el cual se repetir\u00e1 a las 19 horas. Posteriormente, a las 21:30 horas ser\u00e1 el turno de La Ilusi\u00f3n Viaja en Tranv\u00eda, pel\u00edcula de 1953. <\/div>\n<div style=\"text-align: justify;\"><\/div>\n<div style=\"text-align: justify;\">El Martes 19 se exhibir\u00e1 Do\u00f1a B\u00e1rbara (1943), a las 15 y 19 horas. A las 21:30 hora se pondr\u00e1 en pantalla Las Abandonadas (1944).<\/div>\n<div style=\"text-align: justify;\"><\/div>\n<div style=\"text-align: justify;\">El Mi\u00e9rcoles 20 de enero a las 15 y 19 horas se exhibir\u00e1 la pel\u00edcula La Perla, (1945). Al finalizar la jornada, 21:30 horas, La Hija del Enga\u00f1o (1951). <\/div>\n<div style=\"text-align: justify;\"><\/div>\n<div style=\"text-align: justify;\">El Jueves 21, tambi\u00e9n en doble horario (15 y 19 horas) el p\u00fablico penquista podr\u00e1 apreciar Flor Silvestre, film de 1943, y a las 21:30 horas, Pueblerina, de 1948. <\/div>\n<div style=\"text-align: justify;\"><\/div>\n<div style=\"text-align: justify;\">Para finalizar el Ciclo de Cine Mexicano en el Bicentenario de M\u00e9xico y Chile, el viernes 22 de enero a las 15 horas se exhibir\u00e1 Historias de un Gran Amor (1942); a las 19 horas Pedro P\u00e1ramo (1966); y a las 21:30 horas ser\u00e1 el turno de Santa (1931).<\/div>\n<div style=\"text-align: justify;\"><\/div>\n<div style=\"text-align: justify;\">El valor de las entradas es de $1000 general y $500 estudiantes. <\/div>\n<p><a href=\"http:\/\/4.bp.blogspot.com\/_2S_RxGRVjis\/S0---AaC85I\/AAAAAAAANcc\/NrF229d6mek\/s1600-h\/Afiche.jpg\"><img decoding=\"async\" alt=\"\" border=\"0\" id=\"BLOGGER_PHOTO_ID_5426766048475149202\" src=\"https:\/\/4.bp.blogspot.com\/_2S_RxGRVjis\/S0---AaC85I\/AAAAAAAANcc\/NrF229d6mek\/s400\/Afiche.jpg\" style=\"cursor: hand; cursor: pointer; height: 337px; width: 400px;\" \/><\/a><\/p>\n","protected":false},"excerpt":{"rendered":"<p>Con motivo del Bicentenario que M\u00e9xico y Chile celebrar\u00e1n este 2010, la Embajada Mexicana y la Corporaci\u00f3n Cultural Universidad de Concepci\u00f3n realizar\u00e1n en conjunto un especial ciclo de cine cl\u00e1sico proveniente de ese pa\u00eds, en el Teatro universitario. Esto, como parte de la Escuela de Verano 2010 de la casa de estudios. Se trata de [&hellip;]<\/p>\n","protected":false},"author":1,"featured_media":0,"comment_status":"open","ping_status":"open","sticky":false,"template":"","format":"standard","meta":{"footnotes":""},"categories":[32],"tags":[],"class_list":["post-5627","post","type-post","status-publish","format-standard","hentry","category-cine"],"yoast_head":"<!-- This site is optimized with the Yoast SEO plugin v25.0 - https:\/\/yoast.com\/wordpress\/plugins\/seo\/ -->\n<title>Ciclo De Cine Mexicano En El Teatro Universidad De Concepci\u00f3n - Nuestro Bio B\u00edo<\/title>\n<meta name=\"robots\" content=\"index, follow, max-snippet:-1, max-image-preview:large, max-video-preview:-1\" \/>\n<link rel=\"canonical\" href=\"https:\/\/www.fraczinet.cl\/sitio\/2010\/01\/15\/ciclo-de-cine-mexicano-en-el-teatro-universidad-de-concepcion\/\" \/>\n<meta property=\"og:locale\" content=\"es_ES\" \/>\n<meta property=\"og:type\" content=\"article\" \/>\n<meta property=\"og:title\" content=\"Ciclo De Cine Mexicano En El Teatro Universidad De Concepci\u00f3n - Nuestro Bio B\u00edo\" \/>\n<meta property=\"og:description\" content=\"Con motivo del Bicentenario que M\u00e9xico y Chile celebrar\u00e1n este 2010, la Embajada Mexicana y la Corporaci\u00f3n Cultural Universidad de Concepci\u00f3n realizar\u00e1n en conjunto un especial ciclo de cine cl\u00e1sico proveniente de ese pa\u00eds, en el Teatro universitario. Esto, como parte de la Escuela de Verano 2010 de la casa de estudios. Se trata de [&hellip;]\" \/>\n<meta property=\"og:url\" content=\"https:\/\/www.fraczinet.cl\/sitio\/2010\/01\/15\/ciclo-de-cine-mexicano-en-el-teatro-universidad-de-concepcion\/\" \/>\n<meta property=\"og:site_name\" content=\"Nuestro Bio B\u00edo\" \/>\n<meta property=\"article:published_time\" content=\"2010-01-15T00:47:00+00:00\" \/>\n<meta property=\"og:image\" content=\"https:\/\/4.bp.blogspot.com\/_2S_RxGRVjis\/S0---AaC85I\/AAAAAAAANcc\/NrF229d6mek\/s400\/Afiche.jpg\" \/>\n<meta name=\"author\" content=\"admin\" \/>\n<meta name=\"twitter:card\" content=\"summary_large_image\" \/>\n<meta name=\"twitter:creator\" content=\"@nuestrobiobio\" \/>\n<meta name=\"twitter:site\" content=\"@nuestrobiobio\" \/>\n<meta name=\"twitter:label1\" content=\"Escrito por\" \/>\n\t<meta name=\"twitter:data1\" content=\"admin\" \/>\n\t<meta name=\"twitter:label2\" content=\"Tiempo de lectura\" \/>\n\t<meta name=\"twitter:data2\" content=\"1 minuto\" \/>\n<script type=\"application\/ld+json\" class=\"yoast-schema-graph\">{\"@context\":\"https:\/\/schema.org\",\"@graph\":[{\"@type\":\"Article\",\"@id\":\"https:\/\/www.fraczinet.cl\/sitio\/2010\/01\/15\/ciclo-de-cine-mexicano-en-el-teatro-universidad-de-concepcion\/#article\",\"isPartOf\":{\"@id\":\"https:\/\/www.fraczinet.cl\/sitio\/2010\/01\/15\/ciclo-de-cine-mexicano-en-el-teatro-universidad-de-concepcion\/\"},\"author\":{\"name\":\"admin\",\"@id\":\"https:\/\/www.fraczinet.cl\/sitio\/#\/schema\/person\/bc30f98e9cb10ae7e119dbe14bc93784\"},\"headline\":\"Ciclo De Cine Mexicano En El Teatro Universidad De Concepci\u00f3n\",\"datePublished\":\"2010-01-15T00:47:00+00:00\",\"mainEntityOfPage\":{\"@id\":\"https:\/\/www.fraczinet.cl\/sitio\/2010\/01\/15\/ciclo-de-cine-mexicano-en-el-teatro-universidad-de-concepcion\/\"},\"wordCount\":286,\"commentCount\":0,\"publisher\":{\"@id\":\"https:\/\/www.fraczinet.cl\/sitio\/#\/schema\/person\/aec8ee4da68df2b9b0eefdad24a0d582\"},\"image\":{\"@id\":\"https:\/\/www.fraczinet.cl\/sitio\/2010\/01\/15\/ciclo-de-cine-mexicano-en-el-teatro-universidad-de-concepcion\/#primaryimage\"},\"thumbnailUrl\":\"https:\/\/4.bp.blogspot.com\/_2S_RxGRVjis\/S0---AaC85I\/AAAAAAAANcc\/NrF229d6mek\/s400\/Afiche.jpg\",\"articleSection\":[\"Cine\"],\"inLanguage\":\"es\",\"potentialAction\":[{\"@type\":\"CommentAction\",\"name\":\"Comment\",\"target\":[\"https:\/\/www.fraczinet.cl\/sitio\/2010\/01\/15\/ciclo-de-cine-mexicano-en-el-teatro-universidad-de-concepcion\/#respond\"]}]},{\"@type\":\"WebPage\",\"@id\":\"https:\/\/www.fraczinet.cl\/sitio\/2010\/01\/15\/ciclo-de-cine-mexicano-en-el-teatro-universidad-de-concepcion\/\",\"url\":\"https:\/\/www.fraczinet.cl\/sitio\/2010\/01\/15\/ciclo-de-cine-mexicano-en-el-teatro-universidad-de-concepcion\/\",\"name\":\"Ciclo De Cine Mexicano En El Teatro Universidad De Concepci\u00f3n - Nuestro Bio B\u00edo\",\"isPartOf\":{\"@id\":\"https:\/\/www.fraczinet.cl\/sitio\/#website\"},\"primaryImageOfPage\":{\"@id\":\"https:\/\/www.fraczinet.cl\/sitio\/2010\/01\/15\/ciclo-de-cine-mexicano-en-el-teatro-universidad-de-concepcion\/#primaryimage\"},\"image\":{\"@id\":\"https:\/\/www.fraczinet.cl\/sitio\/2010\/01\/15\/ciclo-de-cine-mexicano-en-el-teatro-universidad-de-concepcion\/#primaryimage\"},\"thumbnailUrl\":\"https:\/\/4.bp.blogspot.com\/_2S_RxGRVjis\/S0---AaC85I\/AAAAAAAANcc\/NrF229d6mek\/s400\/Afiche.jpg\",\"datePublished\":\"2010-01-15T00:47:00+00:00\",\"breadcrumb\":{\"@id\":\"https:\/\/www.fraczinet.cl\/sitio\/2010\/01\/15\/ciclo-de-cine-mexicano-en-el-teatro-universidad-de-concepcion\/#breadcrumb\"},\"inLanguage\":\"es\",\"potentialAction\":[{\"@type\":\"ReadAction\",\"target\":[\"https:\/\/www.fraczinet.cl\/sitio\/2010\/01\/15\/ciclo-de-cine-mexicano-en-el-teatro-universidad-de-concepcion\/\"]}]},{\"@type\":\"ImageObject\",\"inLanguage\":\"es\",\"@id\":\"https:\/\/www.fraczinet.cl\/sitio\/2010\/01\/15\/ciclo-de-cine-mexicano-en-el-teatro-universidad-de-concepcion\/#primaryimage\",\"url\":\"https:\/\/4.bp.blogspot.com\/_2S_RxGRVjis\/S0---AaC85I\/AAAAAAAANcc\/NrF229d6mek\/s400\/Afiche.jpg\",\"contentUrl\":\"https:\/\/4.bp.blogspot.com\/_2S_RxGRVjis\/S0---AaC85I\/AAAAAAAANcc\/NrF229d6mek\/s400\/Afiche.jpg\"},{\"@type\":\"BreadcrumbList\",\"@id\":\"https:\/\/www.fraczinet.cl\/sitio\/2010\/01\/15\/ciclo-de-cine-mexicano-en-el-teatro-universidad-de-concepcion\/#breadcrumb\",\"itemListElement\":[{\"@type\":\"ListItem\",\"position\":1,\"name\":\"Portada\",\"item\":\"https:\/\/www.fraczinet.cl\/sitio\/\"},{\"@type\":\"ListItem\",\"position\":2,\"name\":\"Ciclo De Cine Mexicano En El Teatro Universidad De Concepci\u00f3n\"}]},{\"@type\":\"WebSite\",\"@id\":\"https:\/\/www.fraczinet.cl\/sitio\/#website\",\"url\":\"https:\/\/www.fraczinet.cl\/sitio\/\",\"name\":\"Nuestro Bio B\u00edo\",\"description\":\"Tierra de Encuentros\",\"publisher\":{\"@id\":\"https:\/\/www.fraczinet.cl\/sitio\/#\/schema\/person\/aec8ee4da68df2b9b0eefdad24a0d582\"},\"potentialAction\":[{\"@type\":\"SearchAction\",\"target\":{\"@type\":\"EntryPoint\",\"urlTemplate\":\"https:\/\/www.fraczinet.cl\/sitio\/?s={search_term_string}\"},\"query-input\":{\"@type\":\"PropertyValueSpecification\",\"valueRequired\":true,\"valueName\":\"search_term_string\"}}],\"inLanguage\":\"es\"},{\"@type\":[\"Person\",\"Organization\"],\"@id\":\"https:\/\/www.fraczinet.cl\/sitio\/#\/schema\/person\/aec8ee4da68df2b9b0eefdad24a0d582\",\"name\":\"Luis Fernando Fraczinet\",\"image\":{\"@type\":\"ImageObject\",\"inLanguage\":\"es\",\"@id\":\"https:\/\/www.fraczinet.cl\/sitio\/#\/schema\/person\/image\/\",\"url\":\"https:\/\/www.fraczinet.cl\/sitio\/wp-content\/uploads\/2021\/07\/bannerlogo-1.gif\",\"contentUrl\":\"https:\/\/www.fraczinet.cl\/sitio\/wp-content\/uploads\/2021\/07\/bannerlogo-1.gif\",\"width\":159,\"height\":79,\"caption\":\"Luis Fernando Fraczinet\"},\"logo\":{\"@id\":\"https:\/\/www.fraczinet.cl\/sitio\/#\/schema\/person\/image\/\"},\"sameAs\":[\"https:\/\/www.fraczinet.cl\/sitio\/\"]},{\"@type\":\"Person\",\"@id\":\"https:\/\/www.fraczinet.cl\/sitio\/#\/schema\/person\/bc30f98e9cb10ae7e119dbe14bc93784\",\"name\":\"admin\",\"image\":{\"@type\":\"ImageObject\",\"inLanguage\":\"es\",\"@id\":\"https:\/\/www.fraczinet.cl\/sitio\/#\/schema\/person\/image\/\",\"url\":\"https:\/\/secure.gravatar.com\/avatar\/d5ad3cf7ef3b23a2bb5be73be780c86b2fc8545c3ad6b149f3913ff458c00099?s=96&d=mm&r=g\",\"contentUrl\":\"https:\/\/secure.gravatar.com\/avatar\/d5ad3cf7ef3b23a2bb5be73be780c86b2fc8545c3ad6b149f3913ff458c00099?s=96&d=mm&r=g\",\"caption\":\"admin\"},\"sameAs\":[\"https:\/\/www.fraczinet.cl\/sitio\"]}]}<\/script>\n<!-- \/ Yoast SEO plugin. -->","yoast_head_json":{"title":"Ciclo De Cine Mexicano En El Teatro Universidad De Concepci\u00f3n - Nuestro Bio B\u00edo","robots":{"index":"index","follow":"follow","max-snippet":"max-snippet:-1","max-image-preview":"max-image-preview:large","max-video-preview":"max-video-preview:-1"},"canonical":"https:\/\/www.fraczinet.cl\/sitio\/2010\/01\/15\/ciclo-de-cine-mexicano-en-el-teatro-universidad-de-concepcion\/","og_locale":"es_ES","og_type":"article","og_title":"Ciclo De Cine Mexicano En El Teatro Universidad De Concepci\u00f3n - Nuestro Bio B\u00edo","og_description":"Con motivo del Bicentenario que M\u00e9xico y Chile celebrar\u00e1n este 2010, la Embajada Mexicana y la Corporaci\u00f3n Cultural Universidad de Concepci\u00f3n realizar\u00e1n en conjunto un especial ciclo de cine cl\u00e1sico proveniente de ese pa\u00eds, en el Teatro universitario. Esto, como parte de la Escuela de Verano 2010 de la casa de estudios. Se trata de [&hellip;]","og_url":"https:\/\/www.fraczinet.cl\/sitio\/2010\/01\/15\/ciclo-de-cine-mexicano-en-el-teatro-universidad-de-concepcion\/","og_site_name":"Nuestro Bio B\u00edo","article_published_time":"2010-01-15T00:47:00+00:00","og_image":[{"url":"https:\/\/4.bp.blogspot.com\/_2S_RxGRVjis\/S0---AaC85I\/AAAAAAAANcc\/NrF229d6mek\/s400\/Afiche.jpg","type":"","width":"","height":""}],"author":"admin","twitter_card":"summary_large_image","twitter_creator":"@nuestrobiobio","twitter_site":"@nuestrobiobio","twitter_misc":{"Escrito por":"admin","Tiempo de lectura":"1 minuto"},"schema":{"@context":"https:\/\/schema.org","@graph":[{"@type":"Article","@id":"https:\/\/www.fraczinet.cl\/sitio\/2010\/01\/15\/ciclo-de-cine-mexicano-en-el-teatro-universidad-de-concepcion\/#article","isPartOf":{"@id":"https:\/\/www.fraczinet.cl\/sitio\/2010\/01\/15\/ciclo-de-cine-mexicano-en-el-teatro-universidad-de-concepcion\/"},"author":{"name":"admin","@id":"https:\/\/www.fraczinet.cl\/sitio\/#\/schema\/person\/bc30f98e9cb10ae7e119dbe14bc93784"},"headline":"Ciclo De Cine Mexicano En El Teatro Universidad De Concepci\u00f3n","datePublished":"2010-01-15T00:47:00+00:00","mainEntityOfPage":{"@id":"https:\/\/www.fraczinet.cl\/sitio\/2010\/01\/15\/ciclo-de-cine-mexicano-en-el-teatro-universidad-de-concepcion\/"},"wordCount":286,"commentCount":0,"publisher":{"@id":"https:\/\/www.fraczinet.cl\/sitio\/#\/schema\/person\/aec8ee4da68df2b9b0eefdad24a0d582"},"image":{"@id":"https:\/\/www.fraczinet.cl\/sitio\/2010\/01\/15\/ciclo-de-cine-mexicano-en-el-teatro-universidad-de-concepcion\/#primaryimage"},"thumbnailUrl":"https:\/\/4.bp.blogspot.com\/_2S_RxGRVjis\/S0---AaC85I\/AAAAAAAANcc\/NrF229d6mek\/s400\/Afiche.jpg","articleSection":["Cine"],"inLanguage":"es","potentialAction":[{"@type":"CommentAction","name":"Comment","target":["https:\/\/www.fraczinet.cl\/sitio\/2010\/01\/15\/ciclo-de-cine-mexicano-en-el-teatro-universidad-de-concepcion\/#respond"]}]},{"@type":"WebPage","@id":"https:\/\/www.fraczinet.cl\/sitio\/2010\/01\/15\/ciclo-de-cine-mexicano-en-el-teatro-universidad-de-concepcion\/","url":"https:\/\/www.fraczinet.cl\/sitio\/2010\/01\/15\/ciclo-de-cine-mexicano-en-el-teatro-universidad-de-concepcion\/","name":"Ciclo De Cine Mexicano En El Teatro Universidad De Concepci\u00f3n - Nuestro Bio B\u00edo","isPartOf":{"@id":"https:\/\/www.fraczinet.cl\/sitio\/#website"},"primaryImageOfPage":{"@id":"https:\/\/www.fraczinet.cl\/sitio\/2010\/01\/15\/ciclo-de-cine-mexicano-en-el-teatro-universidad-de-concepcion\/#primaryimage"},"image":{"@id":"https:\/\/www.fraczinet.cl\/sitio\/2010\/01\/15\/ciclo-de-cine-mexicano-en-el-teatro-universidad-de-concepcion\/#primaryimage"},"thumbnailUrl":"https:\/\/4.bp.blogspot.com\/_2S_RxGRVjis\/S0---AaC85I\/AAAAAAAANcc\/NrF229d6mek\/s400\/Afiche.jpg","datePublished":"2010-01-15T00:47:00+00:00","breadcrumb":{"@id":"https:\/\/www.fraczinet.cl\/sitio\/2010\/01\/15\/ciclo-de-cine-mexicano-en-el-teatro-universidad-de-concepcion\/#breadcrumb"},"inLanguage":"es","potentialAction":[{"@type":"ReadAction","target":["https:\/\/www.fraczinet.cl\/sitio\/2010\/01\/15\/ciclo-de-cine-mexicano-en-el-teatro-universidad-de-concepcion\/"]}]},{"@type":"ImageObject","inLanguage":"es","@id":"https:\/\/www.fraczinet.cl\/sitio\/2010\/01\/15\/ciclo-de-cine-mexicano-en-el-teatro-universidad-de-concepcion\/#primaryimage","url":"https:\/\/4.bp.blogspot.com\/_2S_RxGRVjis\/S0---AaC85I\/AAAAAAAANcc\/NrF229d6mek\/s400\/Afiche.jpg","contentUrl":"https:\/\/4.bp.blogspot.com\/_2S_RxGRVjis\/S0---AaC85I\/AAAAAAAANcc\/NrF229d6mek\/s400\/Afiche.jpg"},{"@type":"BreadcrumbList","@id":"https:\/\/www.fraczinet.cl\/sitio\/2010\/01\/15\/ciclo-de-cine-mexicano-en-el-teatro-universidad-de-concepcion\/#breadcrumb","itemListElement":[{"@type":"ListItem","position":1,"name":"Portada","item":"https:\/\/www.fraczinet.cl\/sitio\/"},{"@type":"ListItem","position":2,"name":"Ciclo De Cine Mexicano En El Teatro Universidad De Concepci\u00f3n"}]},{"@type":"WebSite","@id":"https:\/\/www.fraczinet.cl\/sitio\/#website","url":"https:\/\/www.fraczinet.cl\/sitio\/","name":"Nuestro Bio B\u00edo","description":"Tierra de Encuentros","publisher":{"@id":"https:\/\/www.fraczinet.cl\/sitio\/#\/schema\/person\/aec8ee4da68df2b9b0eefdad24a0d582"},"potentialAction":[{"@type":"SearchAction","target":{"@type":"EntryPoint","urlTemplate":"https:\/\/www.fraczinet.cl\/sitio\/?s={search_term_string}"},"query-input":{"@type":"PropertyValueSpecification","valueRequired":true,"valueName":"search_term_string"}}],"inLanguage":"es"},{"@type":["Person","Organization"],"@id":"https:\/\/www.fraczinet.cl\/sitio\/#\/schema\/person\/aec8ee4da68df2b9b0eefdad24a0d582","name":"Luis Fernando Fraczinet","image":{"@type":"ImageObject","inLanguage":"es","@id":"https:\/\/www.fraczinet.cl\/sitio\/#\/schema\/person\/image\/","url":"https:\/\/www.fraczinet.cl\/sitio\/wp-content\/uploads\/2021\/07\/bannerlogo-1.gif","contentUrl":"https:\/\/www.fraczinet.cl\/sitio\/wp-content\/uploads\/2021\/07\/bannerlogo-1.gif","width":159,"height":79,"caption":"Luis Fernando Fraczinet"},"logo":{"@id":"https:\/\/www.fraczinet.cl\/sitio\/#\/schema\/person\/image\/"},"sameAs":["https:\/\/www.fraczinet.cl\/sitio\/"]},{"@type":"Person","@id":"https:\/\/www.fraczinet.cl\/sitio\/#\/schema\/person\/bc30f98e9cb10ae7e119dbe14bc93784","name":"admin","image":{"@type":"ImageObject","inLanguage":"es","@id":"https:\/\/www.fraczinet.cl\/sitio\/#\/schema\/person\/image\/","url":"https:\/\/secure.gravatar.com\/avatar\/d5ad3cf7ef3b23a2bb5be73be780c86b2fc8545c3ad6b149f3913ff458c00099?s=96&d=mm&r=g","contentUrl":"https:\/\/secure.gravatar.com\/avatar\/d5ad3cf7ef3b23a2bb5be73be780c86b2fc8545c3ad6b149f3913ff458c00099?s=96&d=mm&r=g","caption":"admin"},"sameAs":["https:\/\/www.fraczinet.cl\/sitio"]}]}},"_links":{"self":[{"href":"https:\/\/www.fraczinet.cl\/sitio\/wp-json\/wp\/v2\/posts\/5627","targetHints":{"allow":["GET"]}}],"collection":[{"href":"https:\/\/www.fraczinet.cl\/sitio\/wp-json\/wp\/v2\/posts"}],"about":[{"href":"https:\/\/www.fraczinet.cl\/sitio\/wp-json\/wp\/v2\/types\/post"}],"author":[{"embeddable":true,"href":"https:\/\/www.fraczinet.cl\/sitio\/wp-json\/wp\/v2\/users\/1"}],"replies":[{"embeddable":true,"href":"https:\/\/www.fraczinet.cl\/sitio\/wp-json\/wp\/v2\/comments?post=5627"}],"version-history":[{"count":0,"href":"https:\/\/www.fraczinet.cl\/sitio\/wp-json\/wp\/v2\/posts\/5627\/revisions"}],"wp:attachment":[{"href":"https:\/\/www.fraczinet.cl\/sitio\/wp-json\/wp\/v2\/media?parent=5627"}],"wp:term":[{"taxonomy":"category","embeddable":true,"href":"https:\/\/www.fraczinet.cl\/sitio\/wp-json\/wp\/v2\/categories?post=5627"},{"taxonomy":"post_tag","embeddable":true,"href":"https:\/\/www.fraczinet.cl\/sitio\/wp-json\/wp\/v2\/tags?post=5627"}],"curies":[{"name":"wp","href":"https:\/\/api.w.org\/{rel}","templated":true}]}}