{"id":5632,"date":"2010-01-13T19:47:00","date_gmt":"2010-01-13T19:47:00","guid":{"rendered":"https:\/\/www.fraczinet.cl\/sitio\/2010\/01\/13\/talleres-culturales-de-verano-los-angeles-2010\/"},"modified":"2022-10-04T16:12:34","modified_gmt":"2022-10-04T16:12:34","slug":"talleres-culturales-de-verano-los-angeles-2010","status":"publish","type":"post","link":"https:\/\/www.fraczinet.cl\/sitio\/2010\/01\/13\/talleres-culturales-de-verano-los-angeles-2010\/","title":{"rendered":"Talleres Culturales De Verano Los \u00c1ngeles 2010"},"content":{"rendered":"<div style=\"text-align: justify;\">Se inician el pr\u00f3ximo martes 19 de enero de 2010, en la Escuela E &#8211; 885, Pedro Ruiz Aldea,  Lautaro N\u00ba 463, ex Liceo de Hombres, frente a la Plaza, organizado por la Municipalidad de Los \u00c1ngeles. Las inscripciones gratuitas, est\u00e1n abiertas en Secretaria del Departamento de Extensi\u00f3n Cultural y Turismo, edificio Libertador Bernardo O\u00b4Higgins (2\u00b0 piso), Col\u00f3n esquina Caupolic\u00e1n. Fono: 408641- 408642 o enviar sus datos a los correos a mpalacios@losangeles.cl \u2013 emaass@losangeles.cl <\/div>\n<div style=\"text-align: justify;\"><\/div>\n<div style=\"text-align: justify;\"><span style=\"font-weight: bold;\">Datos<\/span><\/div>\n<div style=\"text-align: justify;\">Inscripci\u00f3n Taller de:<\/div>\n<div style=\"text-align: justify;\">Nombre:<\/div>\n<div style=\"text-align: justify;\">Direcci\u00f3n:<\/div>\n<div style=\"text-align: justify;\">Fono:<\/div>\n<div style=\"text-align: justify;\">Email:<\/div>\n<div style=\"text-align: justify;\"><\/div>\n<div style=\"text-align: justify;\">Los Talleres son gratuitos, la municipalidad les entrega los materiales y los monitores para cada Taller. Estos Talleres se desarrollaran desde el 19 al 29 de enero, de lunes a viernes en diferentes horarios:<\/div>\n<div style=\"text-align: justify;\"><\/div>\n<div style=\"text-align: justify;\">Taller de Teatro para ni\u00f1os y j\u00f3venes <\/div>\n<div style=\"text-align: justify;\">de 09,30  a 12,00 hrs.<\/div>\n<div style=\"text-align: justify;\">Del martes 19 al viernes  29 de enero<\/div>\n<div style=\"text-align: justify;\"><\/div>\n<div style=\"text-align: justify;\">Taller Jugando y Creando con Arcilla, T\u00e9cnica Mixta, para ni\u00f1os y j\u00f3venes <\/div>\n<div style=\"text-align: justify;\">de 10,00 a 12,00 hrs.<\/div>\n<div style=\"text-align: justify;\">Del martes 19 al viernes 29 de enero <\/div>\n<div style=\"text-align: justify;\"><\/div>\n<div style=\"text-align: justify;\">Taller de Dibujo, Pintura y T\u00e9cnica Mixta para ni\u00f1os, j\u00f3venes y adultos.<\/div>\n<div style=\"text-align: justify;\">de 15,00 a 17,00 hrs.<\/div>\n<div style=\"text-align: justify;\">Del martes 19 al viernes 29 de enero<\/div>\n<div style=\"text-align: justify;\"><\/div>\n<div style=\"text-align: justify;\">Taller Telar Pehuenche para J\u00f3venes y Adultos    <\/div>\n<div style=\"text-align: justify;\">de 17,00 a 19,00 hrs.<\/div>\n<div style=\"text-align: justify;\">Del martes 19 al viernes 29 de enero.<\/div>\n<div style=\"text-align: justify;\"><\/div>\n<div style=\"text-align: justify;\">Taller de Escritura Po\u00e9tica (Literatura), para ni\u00f1os, j\u00f3venes y adultos. <\/div>\n<div style=\"text-align: justify;\">de 17,00 a 19,00 hrs.<\/div>\n<div style=\"text-align: justify;\">Del martes 19 al viernes 29 de enero<\/div>\n<div style=\"text-align: justify;\"><\/div>\n<div style=\"text-align: justify;\">Taller de Inicio en el Arte de la Orfebrer\u00eda (por confirmar) para j\u00f3venes y adultos.<\/div>\n<div style=\"text-align: justify;\">de 17,30  a 19,30 hrs.<\/div>\n<div style=\"text-align: justify;\">De martes 19 al viernes 29 de enero.<\/div>\n<div style=\"text-align: justify;\"><\/div>\n<div style=\"text-align: justify;\">Estos Talleres son organizados por la Municipalidad de Los \u00c1ngeles a trav\u00e9s de su Departamento de Extensi\u00f3n Cultural y Turismo, dirigidos por los monitores: <\/div>\n<div style=\"text-align: justify;\"><\/div>\n<div style=\"text-align: justify;\">Macarena Vergara Licenciada en Artes Pl\u00e1stica Universidad de Chile.<\/div>\n<div style=\"text-align: justify;\"><\/div>\n<div style=\"text-align: justify;\">Rebeca Arias, Licenciada en Artes Visuales, Universidad de Concepci\u00f3n.<\/div>\n<div style=\"text-align: justify;\"><\/div>\n<div style=\"text-align: justify;\">Rafael Rubio, Licenciado en Literatura de la Universidad Cat\u00f3lica de Chile.  <\/div>\n<div style=\"text-align: justify;\"><\/div>\n<div style=\"text-align: justify;\">Daniela M\u00e9ndez, Actriz y Licenciada en Artes Esc\u00e9nicas, Universidad Mayor.<\/div>\n<div style=\"text-align: justify;\"><\/div>\n<div style=\"text-align: justify;\">Eva Tranamil, monitora en artesan\u00eda y Telar Pehuenche.<\/div>\n<div style=\"text-align: justify;\"><\/div>\n<div style=\"text-align: justify;\">Lucy Leiva, monitora en Orfebrer\u00eda, con estudios en la Escuela Nacional de Artesanos (Fundaci\u00f3n CEMA Chile)<\/div>\n<div style=\"text-align: justify;\"><\/div>\n<div style=\"text-align: justify;\">Coordinador General Talleres Culturales Verano 2010, Enrique Maass Jerez, de este municipio. <\/div>\n<div style=\"text-align: justify;\"><\/div>\n<div style=\"text-align: justify;\"><span style=\"font-weight: bold;\">Departamento de Extensi\u00f3n Cultural y Turismo<br \/>Municipalidad de Los \u00c1ngeles<\/span><\/div>\n","protected":false},"excerpt":{"rendered":"<p>Se inician el pr\u00f3ximo martes 19 de enero de 2010, en la Escuela E &#8211; 885, Pedro Ruiz Aldea, Lautaro N\u00ba 463, ex Liceo de Hombres, frente a la Plaza, organizado por la Municipalidad de Los \u00c1ngeles. Las inscripciones gratuitas, est\u00e1n abiertas en Secretaria del Departamento de Extensi\u00f3n Cultural y Turismo, edificio Libertador Bernardo O\u00b4Higgins [&hellip;]<\/p>\n","protected":false},"author":1,"featured_media":0,"comment_status":"open","ping_status":"open","sticky":false,"template":"","format":"standard","meta":{"footnotes":""},"categories":[223],"tags":[],"class_list":["post-5632","post","type-post","status-publish","format-standard","hentry","category-talleres"],"yoast_head":"<!-- This site is optimized with the Yoast SEO plugin v25.0 - https:\/\/yoast.com\/wordpress\/plugins\/seo\/ -->\n<title>Talleres Culturales De Verano Los \u00c1ngeles 2010 - Nuestro Bio B\u00edo<\/title>\n<meta name=\"robots\" content=\"index, follow, max-snippet:-1, max-image-preview:large, max-video-preview:-1\" \/>\n<link rel=\"canonical\" href=\"https:\/\/www.fraczinet.cl\/sitio\/2010\/01\/13\/talleres-culturales-de-verano-los-angeles-2010\/\" \/>\n<meta property=\"og:locale\" content=\"es_ES\" \/>\n<meta property=\"og:type\" content=\"article\" \/>\n<meta property=\"og:title\" content=\"Talleres Culturales De Verano Los \u00c1ngeles 2010 - Nuestro Bio B\u00edo\" \/>\n<meta property=\"og:description\" content=\"Se inician el pr\u00f3ximo martes 19 de enero de 2010, en la Escuela E &#8211; 885, Pedro Ruiz Aldea, Lautaro N\u00ba 463, ex Liceo de Hombres, frente a la Plaza, organizado por la Municipalidad de Los \u00c1ngeles. Las inscripciones gratuitas, est\u00e1n abiertas en Secretaria del Departamento de Extensi\u00f3n Cultural y Turismo, edificio Libertador Bernardo O\u00b4Higgins [&hellip;]\" \/>\n<meta property=\"og:url\" content=\"https:\/\/www.fraczinet.cl\/sitio\/2010\/01\/13\/talleres-culturales-de-verano-los-angeles-2010\/\" \/>\n<meta property=\"og:site_name\" content=\"Nuestro Bio B\u00edo\" \/>\n<meta property=\"article:published_time\" content=\"2010-01-13T19:47:00+00:00\" \/>\n<meta property=\"article:modified_time\" content=\"2022-10-04T16:12:34+00:00\" \/>\n<meta property=\"og:image\" content=\"https:\/\/www.fraczinet.cl\/sitio\/wp-content\/uploads\/2021\/07\/bannerlogo-1.gif\" \/>\n\t<meta property=\"og:image:width\" content=\"159\" \/>\n\t<meta property=\"og:image:height\" content=\"79\" \/>\n\t<meta property=\"og:image:type\" content=\"image\/gif\" \/>\n<meta name=\"author\" content=\"admin\" \/>\n<meta name=\"twitter:card\" content=\"summary_large_image\" \/>\n<meta name=\"twitter:creator\" content=\"@nuestrobiobio\" \/>\n<meta name=\"twitter:site\" content=\"@nuestrobiobio\" \/>\n<meta name=\"twitter:label1\" content=\"Escrito por\" \/>\n\t<meta name=\"twitter:data1\" content=\"admin\" \/>\n\t<meta name=\"twitter:label2\" content=\"Tiempo de lectura\" \/>\n\t<meta name=\"twitter:data2\" content=\"2 minutos\" \/>\n<script type=\"application\/ld+json\" class=\"yoast-schema-graph\">{\"@context\":\"https:\/\/schema.org\",\"@graph\":[{\"@type\":\"Article\",\"@id\":\"https:\/\/www.fraczinet.cl\/sitio\/2010\/01\/13\/talleres-culturales-de-verano-los-angeles-2010\/#article\",\"isPartOf\":{\"@id\":\"https:\/\/www.fraczinet.cl\/sitio\/2010\/01\/13\/talleres-culturales-de-verano-los-angeles-2010\/\"},\"author\":{\"name\":\"admin\",\"@id\":\"https:\/\/www.fraczinet.cl\/sitio\/#\/schema\/person\/bc30f98e9cb10ae7e119dbe14bc93784\"},\"headline\":\"Talleres Culturales De Verano Los \u00c1ngeles 2010\",\"datePublished\":\"2010-01-13T19:47:00+00:00\",\"dateModified\":\"2022-10-04T16:12:34+00:00\",\"mainEntityOfPage\":{\"@id\":\"https:\/\/www.fraczinet.cl\/sitio\/2010\/01\/13\/talleres-culturales-de-verano-los-angeles-2010\/\"},\"wordCount\":374,\"commentCount\":0,\"publisher\":{\"@id\":\"https:\/\/www.fraczinet.cl\/sitio\/#\/schema\/person\/aec8ee4da68df2b9b0eefdad24a0d582\"},\"articleSection\":[\"Talleres\"],\"inLanguage\":\"es\",\"potentialAction\":[{\"@type\":\"CommentAction\",\"name\":\"Comment\",\"target\":[\"https:\/\/www.fraczinet.cl\/sitio\/2010\/01\/13\/talleres-culturales-de-verano-los-angeles-2010\/#respond\"]}]},{\"@type\":\"WebPage\",\"@id\":\"https:\/\/www.fraczinet.cl\/sitio\/2010\/01\/13\/talleres-culturales-de-verano-los-angeles-2010\/\",\"url\":\"https:\/\/www.fraczinet.cl\/sitio\/2010\/01\/13\/talleres-culturales-de-verano-los-angeles-2010\/\",\"name\":\"Talleres Culturales De Verano Los \u00c1ngeles 2010 - Nuestro Bio B\u00edo\",\"isPartOf\":{\"@id\":\"https:\/\/www.fraczinet.cl\/sitio\/#website\"},\"datePublished\":\"2010-01-13T19:47:00+00:00\",\"dateModified\":\"2022-10-04T16:12:34+00:00\",\"breadcrumb\":{\"@id\":\"https:\/\/www.fraczinet.cl\/sitio\/2010\/01\/13\/talleres-culturales-de-verano-los-angeles-2010\/#breadcrumb\"},\"inLanguage\":\"es\",\"potentialAction\":[{\"@type\":\"ReadAction\",\"target\":[\"https:\/\/www.fraczinet.cl\/sitio\/2010\/01\/13\/talleres-culturales-de-verano-los-angeles-2010\/\"]}]},{\"@type\":\"BreadcrumbList\",\"@id\":\"https:\/\/www.fraczinet.cl\/sitio\/2010\/01\/13\/talleres-culturales-de-verano-los-angeles-2010\/#breadcrumb\",\"itemListElement\":[{\"@type\":\"ListItem\",\"position\":1,\"name\":\"Portada\",\"item\":\"https:\/\/www.fraczinet.cl\/sitio\/\"},{\"@type\":\"ListItem\",\"position\":2,\"name\":\"Talleres Culturales De Verano Los \u00c1ngeles 2010\"}]},{\"@type\":\"WebSite\",\"@id\":\"https:\/\/www.fraczinet.cl\/sitio\/#website\",\"url\":\"https:\/\/www.fraczinet.cl\/sitio\/\",\"name\":\"Nuestro Bio B\u00edo\",\"description\":\"Tierra de Encuentros\",\"publisher\":{\"@id\":\"https:\/\/www.fraczinet.cl\/sitio\/#\/schema\/person\/aec8ee4da68df2b9b0eefdad24a0d582\"},\"potentialAction\":[{\"@type\":\"SearchAction\",\"target\":{\"@type\":\"EntryPoint\",\"urlTemplate\":\"https:\/\/www.fraczinet.cl\/sitio\/?s={search_term_string}\"},\"query-input\":{\"@type\":\"PropertyValueSpecification\",\"valueRequired\":true,\"valueName\":\"search_term_string\"}}],\"inLanguage\":\"es\"},{\"@type\":[\"Person\",\"Organization\"],\"@id\":\"https:\/\/www.fraczinet.cl\/sitio\/#\/schema\/person\/aec8ee4da68df2b9b0eefdad24a0d582\",\"name\":\"Luis Fernando Fraczinet\",\"image\":{\"@type\":\"ImageObject\",\"inLanguage\":\"es\",\"@id\":\"https:\/\/www.fraczinet.cl\/sitio\/#\/schema\/person\/image\/\",\"url\":\"https:\/\/www.fraczinet.cl\/sitio\/wp-content\/uploads\/2021\/07\/bannerlogo-1.gif\",\"contentUrl\":\"https:\/\/www.fraczinet.cl\/sitio\/wp-content\/uploads\/2021\/07\/bannerlogo-1.gif\",\"width\":159,\"height\":79,\"caption\":\"Luis Fernando Fraczinet\"},\"logo\":{\"@id\":\"https:\/\/www.fraczinet.cl\/sitio\/#\/schema\/person\/image\/\"},\"sameAs\":[\"https:\/\/www.fraczinet.cl\/sitio\/\"]},{\"@type\":\"Person\",\"@id\":\"https:\/\/www.fraczinet.cl\/sitio\/#\/schema\/person\/bc30f98e9cb10ae7e119dbe14bc93784\",\"name\":\"admin\",\"image\":{\"@type\":\"ImageObject\",\"inLanguage\":\"es\",\"@id\":\"https:\/\/www.fraczinet.cl\/sitio\/#\/schema\/person\/image\/\",\"url\":\"https:\/\/secure.gravatar.com\/avatar\/d5ad3cf7ef3b23a2bb5be73be780c86b2fc8545c3ad6b149f3913ff458c00099?s=96&d=mm&r=g\",\"contentUrl\":\"https:\/\/secure.gravatar.com\/avatar\/d5ad3cf7ef3b23a2bb5be73be780c86b2fc8545c3ad6b149f3913ff458c00099?s=96&d=mm&r=g\",\"caption\":\"admin\"},\"sameAs\":[\"https:\/\/www.fraczinet.cl\/sitio\"]}]}<\/script>\n<!-- \/ Yoast SEO plugin. -->","yoast_head_json":{"title":"Talleres Culturales De Verano Los \u00c1ngeles 2010 - Nuestro Bio B\u00edo","robots":{"index":"index","follow":"follow","max-snippet":"max-snippet:-1","max-image-preview":"max-image-preview:large","max-video-preview":"max-video-preview:-1"},"canonical":"https:\/\/www.fraczinet.cl\/sitio\/2010\/01\/13\/talleres-culturales-de-verano-los-angeles-2010\/","og_locale":"es_ES","og_type":"article","og_title":"Talleres Culturales De Verano Los \u00c1ngeles 2010 - Nuestro Bio B\u00edo","og_description":"Se inician el pr\u00f3ximo martes 19 de enero de 2010, en la Escuela E &#8211; 885, Pedro Ruiz Aldea, Lautaro N\u00ba 463, ex Liceo de Hombres, frente a la Plaza, organizado por la Municipalidad de Los \u00c1ngeles. Las inscripciones gratuitas, est\u00e1n abiertas en Secretaria del Departamento de Extensi\u00f3n Cultural y Turismo, edificio Libertador Bernardo O\u00b4Higgins [&hellip;]","og_url":"https:\/\/www.fraczinet.cl\/sitio\/2010\/01\/13\/talleres-culturales-de-verano-los-angeles-2010\/","og_site_name":"Nuestro Bio B\u00edo","article_published_time":"2010-01-13T19:47:00+00:00","article_modified_time":"2022-10-04T16:12:34+00:00","og_image":[{"width":159,"height":79,"url":"https:\/\/www.fraczinet.cl\/sitio\/wp-content\/uploads\/2021\/07\/bannerlogo-1.gif","type":"image\/gif"}],"author":"admin","twitter_card":"summary_large_image","twitter_creator":"@nuestrobiobio","twitter_site":"@nuestrobiobio","twitter_misc":{"Escrito por":"admin","Tiempo de lectura":"2 minutos"},"schema":{"@context":"https:\/\/schema.org","@graph":[{"@type":"Article","@id":"https:\/\/www.fraczinet.cl\/sitio\/2010\/01\/13\/talleres-culturales-de-verano-los-angeles-2010\/#article","isPartOf":{"@id":"https:\/\/www.fraczinet.cl\/sitio\/2010\/01\/13\/talleres-culturales-de-verano-los-angeles-2010\/"},"author":{"name":"admin","@id":"https:\/\/www.fraczinet.cl\/sitio\/#\/schema\/person\/bc30f98e9cb10ae7e119dbe14bc93784"},"headline":"Talleres Culturales De Verano Los \u00c1ngeles 2010","datePublished":"2010-01-13T19:47:00+00:00","dateModified":"2022-10-04T16:12:34+00:00","mainEntityOfPage":{"@id":"https:\/\/www.fraczinet.cl\/sitio\/2010\/01\/13\/talleres-culturales-de-verano-los-angeles-2010\/"},"wordCount":374,"commentCount":0,"publisher":{"@id":"https:\/\/www.fraczinet.cl\/sitio\/#\/schema\/person\/aec8ee4da68df2b9b0eefdad24a0d582"},"articleSection":["Talleres"],"inLanguage":"es","potentialAction":[{"@type":"CommentAction","name":"Comment","target":["https:\/\/www.fraczinet.cl\/sitio\/2010\/01\/13\/talleres-culturales-de-verano-los-angeles-2010\/#respond"]}]},{"@type":"WebPage","@id":"https:\/\/www.fraczinet.cl\/sitio\/2010\/01\/13\/talleres-culturales-de-verano-los-angeles-2010\/","url":"https:\/\/www.fraczinet.cl\/sitio\/2010\/01\/13\/talleres-culturales-de-verano-los-angeles-2010\/","name":"Talleres Culturales De Verano Los \u00c1ngeles 2010 - Nuestro Bio B\u00edo","isPartOf":{"@id":"https:\/\/www.fraczinet.cl\/sitio\/#website"},"datePublished":"2010-01-13T19:47:00+00:00","dateModified":"2022-10-04T16:12:34+00:00","breadcrumb":{"@id":"https:\/\/www.fraczinet.cl\/sitio\/2010\/01\/13\/talleres-culturales-de-verano-los-angeles-2010\/#breadcrumb"},"inLanguage":"es","potentialAction":[{"@type":"ReadAction","target":["https:\/\/www.fraczinet.cl\/sitio\/2010\/01\/13\/talleres-culturales-de-verano-los-angeles-2010\/"]}]},{"@type":"BreadcrumbList","@id":"https:\/\/www.fraczinet.cl\/sitio\/2010\/01\/13\/talleres-culturales-de-verano-los-angeles-2010\/#breadcrumb","itemListElement":[{"@type":"ListItem","position":1,"name":"Portada","item":"https:\/\/www.fraczinet.cl\/sitio\/"},{"@type":"ListItem","position":2,"name":"Talleres Culturales De Verano Los \u00c1ngeles 2010"}]},{"@type":"WebSite","@id":"https:\/\/www.fraczinet.cl\/sitio\/#website","url":"https:\/\/www.fraczinet.cl\/sitio\/","name":"Nuestro Bio B\u00edo","description":"Tierra de Encuentros","publisher":{"@id":"https:\/\/www.fraczinet.cl\/sitio\/#\/schema\/person\/aec8ee4da68df2b9b0eefdad24a0d582"},"potentialAction":[{"@type":"SearchAction","target":{"@type":"EntryPoint","urlTemplate":"https:\/\/www.fraczinet.cl\/sitio\/?s={search_term_string}"},"query-input":{"@type":"PropertyValueSpecification","valueRequired":true,"valueName":"search_term_string"}}],"inLanguage":"es"},{"@type":["Person","Organization"],"@id":"https:\/\/www.fraczinet.cl\/sitio\/#\/schema\/person\/aec8ee4da68df2b9b0eefdad24a0d582","name":"Luis Fernando Fraczinet","image":{"@type":"ImageObject","inLanguage":"es","@id":"https:\/\/www.fraczinet.cl\/sitio\/#\/schema\/person\/image\/","url":"https:\/\/www.fraczinet.cl\/sitio\/wp-content\/uploads\/2021\/07\/bannerlogo-1.gif","contentUrl":"https:\/\/www.fraczinet.cl\/sitio\/wp-content\/uploads\/2021\/07\/bannerlogo-1.gif","width":159,"height":79,"caption":"Luis Fernando Fraczinet"},"logo":{"@id":"https:\/\/www.fraczinet.cl\/sitio\/#\/schema\/person\/image\/"},"sameAs":["https:\/\/www.fraczinet.cl\/sitio\/"]},{"@type":"Person","@id":"https:\/\/www.fraczinet.cl\/sitio\/#\/schema\/person\/bc30f98e9cb10ae7e119dbe14bc93784","name":"admin","image":{"@type":"ImageObject","inLanguage":"es","@id":"https:\/\/www.fraczinet.cl\/sitio\/#\/schema\/person\/image\/","url":"https:\/\/secure.gravatar.com\/avatar\/d5ad3cf7ef3b23a2bb5be73be780c86b2fc8545c3ad6b149f3913ff458c00099?s=96&d=mm&r=g","contentUrl":"https:\/\/secure.gravatar.com\/avatar\/d5ad3cf7ef3b23a2bb5be73be780c86b2fc8545c3ad6b149f3913ff458c00099?s=96&d=mm&r=g","caption":"admin"},"sameAs":["https:\/\/www.fraczinet.cl\/sitio"]}]}},"_links":{"self":[{"href":"https:\/\/www.fraczinet.cl\/sitio\/wp-json\/wp\/v2\/posts\/5632","targetHints":{"allow":["GET"]}}],"collection":[{"href":"https:\/\/www.fraczinet.cl\/sitio\/wp-json\/wp\/v2\/posts"}],"about":[{"href":"https:\/\/www.fraczinet.cl\/sitio\/wp-json\/wp\/v2\/types\/post"}],"author":[{"embeddable":true,"href":"https:\/\/www.fraczinet.cl\/sitio\/wp-json\/wp\/v2\/users\/1"}],"replies":[{"embeddable":true,"href":"https:\/\/www.fraczinet.cl\/sitio\/wp-json\/wp\/v2\/comments?post=5632"}],"version-history":[{"count":1,"href":"https:\/\/www.fraczinet.cl\/sitio\/wp-json\/wp\/v2\/posts\/5632\/revisions"}],"predecessor-version":[{"id":13891,"href":"https:\/\/www.fraczinet.cl\/sitio\/wp-json\/wp\/v2\/posts\/5632\/revisions\/13891"}],"wp:attachment":[{"href":"https:\/\/www.fraczinet.cl\/sitio\/wp-json\/wp\/v2\/media?parent=5632"}],"wp:term":[{"taxonomy":"category","embeddable":true,"href":"https:\/\/www.fraczinet.cl\/sitio\/wp-json\/wp\/v2\/categories?post=5632"},{"taxonomy":"post_tag","embeddable":true,"href":"https:\/\/www.fraczinet.cl\/sitio\/wp-json\/wp\/v2\/tags?post=5632"}],"curies":[{"name":"wp","href":"https:\/\/api.w.org\/{rel}","templated":true}]}}