{"id":5647,"date":"2010-01-06T22:04:00","date_gmt":"2010-01-06T22:04:00","guid":{"rendered":"https:\/\/www.fraczinet.cl\/sitio\/2010\/01\/06\/temporada-estival-2010-del-parque-educativo-jorge-alessandri\/"},"modified":"2022-10-06T00:20:27","modified_gmt":"2022-10-06T00:20:27","slug":"temporada-estival-2010-del-parque-educativo-jorge-alessandri","status":"publish","type":"post","link":"https:\/\/www.fraczinet.cl\/sitio\/2010\/01\/06\/temporada-estival-2010-del-parque-educativo-jorge-alessandri\/","title":{"rendered":"Temporada Estival 2010 Del Parque Educativo Jorge Alessandri"},"content":{"rendered":"<div style=\"text-align: justify;\">Parque Educativo Jorge Alessandri,  con el respaldo del Servicio Nacional de Turismo Regi\u00f3n del Bio B\u00edo, tiene el agrado de informar e invitar a Ud. a participar de la presentaci\u00f3n de su agenda tur\u00edstica y cultural de verano este jueves 7 de enero de 10:30 a 12:00 hrs., en las oficinas de extensi\u00f3n de Sernatur; ubicadas en An\u00edbal Pinto 460,  durante la presentaci\u00f3n se dar\u00e1 a conocer el programa de actividades que incorpora variados panoramas familiares para este verano. <\/div>\n<div style=\"text-align: justify;\"><\/div>\n<div style=\"text-align: justify;\">Este complejo educativo, a trav\u00e9s de espacios como el Bosque Nativo los invita conocer y descubrir los tesoros del bosque en un recorrido en donde cada visitante podr\u00e1 viajar al coraz\u00f3n de la cordillera de Nahuelbuta y maravillarse con especies centenarias presentes en nuestra regi\u00f3n. Luego disfrutar del arte y la pintura en los talleres de Artequ\u00edn en el Parque donde cada familia disfruta expres\u00e1ndose en la realizaci\u00f3n de sus propias obras de arte; o tambi\u00e9n conocer sobre el cuidado y formaci\u00f3n de plantas y \u00e1rboles en nuestro Vivero, pudiendo conocer tambi\u00e9n el uso que se da a cada especie forestal en la fabricaci\u00f3n de diversos productos de uso diario en la Sala del \u00c1rbol.  El Anfiteatro te ofrece disfrutar en un entorno privilegiado de la cultura a trav\u00e9s de la pintura, m\u00fasica, escultura, danza, teatro, folclore y  fotograf\u00eda entre otras, en las jornadas culturales que cada d\u00eda s\u00e1bado de enero y febrero de 2010 el Parque Educativo ofrece a la comunidad como una manera de acercar en forma gratuita y entretenida la cultura hacia la comunidad de nuestra regi\u00f3n y sus alrededores.<\/div>\n<div style=\"text-align: justify;\"><\/div>\n<div style=\"text-align: justify;\">Todo esto tiene su inicio, el s\u00e1bado 9 de enero, desde las 15:00 hrs con una Zona Infantil dise\u00f1ada para los m\u00e1s chicos donde junto a nuestras estudiantes de  educaci\u00f3n parvularia disfrutar\u00e1n de diversas actividades.<\/div>\n<div style=\"text-align: justify;\"><\/div>\n<div style=\"text-align: justify;\">Posteriormente a las 16:00 hrs, en nuestra Plaza, el artista Alberto de la Carrera Paulsen expondr\u00e1 sus \u00faltimos trabajos de \u00f3leo; luego a las 17:00 hrs en un escenario montado en  nuestros jardines los amantes del flamenco se deleitar\u00e1n con una presentaci\u00f3n de baile a cargo de Vanessa Estay; y finalmente a las 18:00 hrs en el Anfiteatro la guitarra flamenca de Carlos Lederman cautivar\u00e1 a todos los presentes.<\/div>\n<div style=\"text-align: justify;\"><\/div>\n<div style=\"text-align: justify;\">Todos los s\u00e1bados de enero y febrero se seguir\u00e1 la misma din\u00e1mica de actividades bajo una tem\u00e1tica distinta desde las 15:00 hrs con la Zona Infantil para los ni\u00f1os, hasta las 18:00 hrs con las diversas presentaciones art\u00edsticas.<\/div>\n<div style=\"text-align: justify;\"><\/div>\n<div style=\"text-align: justify;\">Adem\u00e1s los fines de semanas quienes deseen combinar el arte con la naturaleza a las 15:30 hrs, previa inscripci\u00f3n, realizamos \u201cEl Paseo Impresionista\u201d un recorrido \u00fanico en nuestra regi\u00f3n que invita a cada viajero a crear e inspirarse en la naturaleza de nuestra zona para dar vida a las m\u00e1s bellas obras de arte al estilo de grandes impresionistas del siglo IX, como Monet, Renoir, Seurat, quienes, atril en mano, dejaron sus talleres para inspirarse en la naturaleza.<\/div>\n<div style=\"text-align: justify;\"><\/div>\n<div style=\"text-align: justify;\">Los esperamos y recuerda que la entrada a todas nuestras actividades es completamente gratuita!!!<\/div>\n<div style=\"text-align: justify;\"><\/div>\n<div style=\"text-align: justify;\">Parque Educativo Jorge Alessandri<\/div>\n<div style=\"text-align: justify;\">Camino a Coronel Km 18<\/div>\n<div style=\"text-align: justify;\">Tel\u00e9fono 41-2857404  <\/div>\n<div style=\"text-align: justify;\">Fax 41-2751139<\/div>\n","protected":false},"excerpt":{"rendered":"<p>Parque Educativo Jorge Alessandri, con el respaldo del Servicio Nacional de Turismo Regi\u00f3n del Bio B\u00edo, tiene el agrado de informar e invitar a Ud. a participar de la presentaci\u00f3n de su agenda tur\u00edstica y cultural de verano este jueves 7 de enero de 10:30 a 12:00 hrs., en las oficinas de extensi\u00f3n de Sernatur; [&hellip;]<\/p>\n","protected":false},"author":1,"featured_media":0,"comment_status":"open","ping_status":"open","sticky":false,"template":"","format":"standard","meta":{"footnotes":""},"categories":[44],"tags":[],"class_list":["post-5647","post","type-post","status-publish","format-standard","hentry","category-eventos"],"yoast_head":"<!-- This site is optimized with the Yoast SEO plugin v25.0 - https:\/\/yoast.com\/wordpress\/plugins\/seo\/ -->\n<title>Temporada Estival 2010 Del Parque Educativo Jorge Alessandri - Nuestro Bio B\u00edo<\/title>\n<meta name=\"robots\" content=\"index, follow, max-snippet:-1, max-image-preview:large, max-video-preview:-1\" \/>\n<link rel=\"canonical\" href=\"https:\/\/www.fraczinet.cl\/sitio\/2010\/01\/06\/temporada-estival-2010-del-parque-educativo-jorge-alessandri\/\" \/>\n<meta property=\"og:locale\" content=\"es_ES\" \/>\n<meta property=\"og:type\" content=\"article\" \/>\n<meta property=\"og:title\" content=\"Temporada Estival 2010 Del Parque Educativo Jorge Alessandri - Nuestro Bio B\u00edo\" \/>\n<meta property=\"og:description\" content=\"Parque Educativo Jorge Alessandri, con el respaldo del Servicio Nacional de Turismo Regi\u00f3n del Bio B\u00edo, tiene el agrado de informar e invitar a Ud. a participar de la presentaci\u00f3n de su agenda tur\u00edstica y cultural de verano este jueves 7 de enero de 10:30 a 12:00 hrs., en las oficinas de extensi\u00f3n de Sernatur; [&hellip;]\" \/>\n<meta property=\"og:url\" content=\"https:\/\/www.fraczinet.cl\/sitio\/2010\/01\/06\/temporada-estival-2010-del-parque-educativo-jorge-alessandri\/\" \/>\n<meta property=\"og:site_name\" content=\"Nuestro Bio B\u00edo\" \/>\n<meta property=\"article:published_time\" content=\"2010-01-06T22:04:00+00:00\" \/>\n<meta property=\"article:modified_time\" content=\"2022-10-06T00:20:27+00:00\" \/>\n<meta property=\"og:image\" content=\"https:\/\/www.fraczinet.cl\/sitio\/wp-content\/uploads\/2021\/07\/bannerlogo-1.gif\" \/>\n\t<meta property=\"og:image:width\" content=\"159\" \/>\n\t<meta property=\"og:image:height\" content=\"79\" \/>\n\t<meta property=\"og:image:type\" content=\"image\/gif\" \/>\n<meta name=\"author\" content=\"admin\" \/>\n<meta name=\"twitter:card\" content=\"summary_large_image\" \/>\n<meta name=\"twitter:creator\" content=\"@nuestrobiobio\" \/>\n<meta name=\"twitter:site\" content=\"@nuestrobiobio\" \/>\n<meta name=\"twitter:label1\" content=\"Escrito por\" \/>\n\t<meta name=\"twitter:data1\" content=\"admin\" \/>\n\t<meta name=\"twitter:label2\" content=\"Tiempo de lectura\" \/>\n\t<meta name=\"twitter:data2\" content=\"3 minutos\" \/>\n<script type=\"application\/ld+json\" class=\"yoast-schema-graph\">{\"@context\":\"https:\/\/schema.org\",\"@graph\":[{\"@type\":\"Article\",\"@id\":\"https:\/\/www.fraczinet.cl\/sitio\/2010\/01\/06\/temporada-estival-2010-del-parque-educativo-jorge-alessandri\/#article\",\"isPartOf\":{\"@id\":\"https:\/\/www.fraczinet.cl\/sitio\/2010\/01\/06\/temporada-estival-2010-del-parque-educativo-jorge-alessandri\/\"},\"author\":{\"name\":\"admin\",\"@id\":\"https:\/\/www.fraczinet.cl\/sitio\/#\/schema\/person\/bc30f98e9cb10ae7e119dbe14bc93784\"},\"headline\":\"Temporada Estival 2010 Del Parque Educativo Jorge Alessandri\",\"datePublished\":\"2010-01-06T22:04:00+00:00\",\"dateModified\":\"2022-10-06T00:20:27+00:00\",\"mainEntityOfPage\":{\"@id\":\"https:\/\/www.fraczinet.cl\/sitio\/2010\/01\/06\/temporada-estival-2010-del-parque-educativo-jorge-alessandri\/\"},\"wordCount\":542,\"commentCount\":0,\"publisher\":{\"@id\":\"https:\/\/www.fraczinet.cl\/sitio\/#\/schema\/person\/aec8ee4da68df2b9b0eefdad24a0d582\"},\"articleSection\":[\"Eventos\"],\"inLanguage\":\"es\",\"potentialAction\":[{\"@type\":\"CommentAction\",\"name\":\"Comment\",\"target\":[\"https:\/\/www.fraczinet.cl\/sitio\/2010\/01\/06\/temporada-estival-2010-del-parque-educativo-jorge-alessandri\/#respond\"]}]},{\"@type\":\"WebPage\",\"@id\":\"https:\/\/www.fraczinet.cl\/sitio\/2010\/01\/06\/temporada-estival-2010-del-parque-educativo-jorge-alessandri\/\",\"url\":\"https:\/\/www.fraczinet.cl\/sitio\/2010\/01\/06\/temporada-estival-2010-del-parque-educativo-jorge-alessandri\/\",\"name\":\"Temporada Estival 2010 Del Parque Educativo Jorge Alessandri - Nuestro Bio B\u00edo\",\"isPartOf\":{\"@id\":\"https:\/\/www.fraczinet.cl\/sitio\/#website\"},\"datePublished\":\"2010-01-06T22:04:00+00:00\",\"dateModified\":\"2022-10-06T00:20:27+00:00\",\"breadcrumb\":{\"@id\":\"https:\/\/www.fraczinet.cl\/sitio\/2010\/01\/06\/temporada-estival-2010-del-parque-educativo-jorge-alessandri\/#breadcrumb\"},\"inLanguage\":\"es\",\"potentialAction\":[{\"@type\":\"ReadAction\",\"target\":[\"https:\/\/www.fraczinet.cl\/sitio\/2010\/01\/06\/temporada-estival-2010-del-parque-educativo-jorge-alessandri\/\"]}]},{\"@type\":\"BreadcrumbList\",\"@id\":\"https:\/\/www.fraczinet.cl\/sitio\/2010\/01\/06\/temporada-estival-2010-del-parque-educativo-jorge-alessandri\/#breadcrumb\",\"itemListElement\":[{\"@type\":\"ListItem\",\"position\":1,\"name\":\"Portada\",\"item\":\"https:\/\/www.fraczinet.cl\/sitio\/\"},{\"@type\":\"ListItem\",\"position\":2,\"name\":\"Temporada Estival 2010 Del Parque Educativo Jorge Alessandri\"}]},{\"@type\":\"WebSite\",\"@id\":\"https:\/\/www.fraczinet.cl\/sitio\/#website\",\"url\":\"https:\/\/www.fraczinet.cl\/sitio\/\",\"name\":\"Nuestro Bio B\u00edo\",\"description\":\"Tierra de Encuentros\",\"publisher\":{\"@id\":\"https:\/\/www.fraczinet.cl\/sitio\/#\/schema\/person\/aec8ee4da68df2b9b0eefdad24a0d582\"},\"potentialAction\":[{\"@type\":\"SearchAction\",\"target\":{\"@type\":\"EntryPoint\",\"urlTemplate\":\"https:\/\/www.fraczinet.cl\/sitio\/?s={search_term_string}\"},\"query-input\":{\"@type\":\"PropertyValueSpecification\",\"valueRequired\":true,\"valueName\":\"search_term_string\"}}],\"inLanguage\":\"es\"},{\"@type\":[\"Person\",\"Organization\"],\"@id\":\"https:\/\/www.fraczinet.cl\/sitio\/#\/schema\/person\/aec8ee4da68df2b9b0eefdad24a0d582\",\"name\":\"Luis Fernando Fraczinet\",\"image\":{\"@type\":\"ImageObject\",\"inLanguage\":\"es\",\"@id\":\"https:\/\/www.fraczinet.cl\/sitio\/#\/schema\/person\/image\/\",\"url\":\"https:\/\/www.fraczinet.cl\/sitio\/wp-content\/uploads\/2021\/07\/bannerlogo-1.gif\",\"contentUrl\":\"https:\/\/www.fraczinet.cl\/sitio\/wp-content\/uploads\/2021\/07\/bannerlogo-1.gif\",\"width\":159,\"height\":79,\"caption\":\"Luis Fernando Fraczinet\"},\"logo\":{\"@id\":\"https:\/\/www.fraczinet.cl\/sitio\/#\/schema\/person\/image\/\"},\"sameAs\":[\"https:\/\/www.fraczinet.cl\/sitio\/\"]},{\"@type\":\"Person\",\"@id\":\"https:\/\/www.fraczinet.cl\/sitio\/#\/schema\/person\/bc30f98e9cb10ae7e119dbe14bc93784\",\"name\":\"admin\",\"image\":{\"@type\":\"ImageObject\",\"inLanguage\":\"es\",\"@id\":\"https:\/\/www.fraczinet.cl\/sitio\/#\/schema\/person\/image\/\",\"url\":\"https:\/\/secure.gravatar.com\/avatar\/d5ad3cf7ef3b23a2bb5be73be780c86b2fc8545c3ad6b149f3913ff458c00099?s=96&d=mm&r=g\",\"contentUrl\":\"https:\/\/secure.gravatar.com\/avatar\/d5ad3cf7ef3b23a2bb5be73be780c86b2fc8545c3ad6b149f3913ff458c00099?s=96&d=mm&r=g\",\"caption\":\"admin\"},\"sameAs\":[\"https:\/\/www.fraczinet.cl\/sitio\"]}]}<\/script>\n<!-- \/ Yoast SEO plugin. -->","yoast_head_json":{"title":"Temporada Estival 2010 Del Parque Educativo Jorge Alessandri - Nuestro Bio B\u00edo","robots":{"index":"index","follow":"follow","max-snippet":"max-snippet:-1","max-image-preview":"max-image-preview:large","max-video-preview":"max-video-preview:-1"},"canonical":"https:\/\/www.fraczinet.cl\/sitio\/2010\/01\/06\/temporada-estival-2010-del-parque-educativo-jorge-alessandri\/","og_locale":"es_ES","og_type":"article","og_title":"Temporada Estival 2010 Del Parque Educativo Jorge Alessandri - Nuestro Bio B\u00edo","og_description":"Parque Educativo Jorge Alessandri, con el respaldo del Servicio Nacional de Turismo Regi\u00f3n del Bio B\u00edo, tiene el agrado de informar e invitar a Ud. a participar de la presentaci\u00f3n de su agenda tur\u00edstica y cultural de verano este jueves 7 de enero de 10:30 a 12:00 hrs., en las oficinas de extensi\u00f3n de Sernatur; [&hellip;]","og_url":"https:\/\/www.fraczinet.cl\/sitio\/2010\/01\/06\/temporada-estival-2010-del-parque-educativo-jorge-alessandri\/","og_site_name":"Nuestro Bio B\u00edo","article_published_time":"2010-01-06T22:04:00+00:00","article_modified_time":"2022-10-06T00:20:27+00:00","og_image":[{"width":159,"height":79,"url":"https:\/\/www.fraczinet.cl\/sitio\/wp-content\/uploads\/2021\/07\/bannerlogo-1.gif","type":"image\/gif"}],"author":"admin","twitter_card":"summary_large_image","twitter_creator":"@nuestrobiobio","twitter_site":"@nuestrobiobio","twitter_misc":{"Escrito por":"admin","Tiempo de lectura":"3 minutos"},"schema":{"@context":"https:\/\/schema.org","@graph":[{"@type":"Article","@id":"https:\/\/www.fraczinet.cl\/sitio\/2010\/01\/06\/temporada-estival-2010-del-parque-educativo-jorge-alessandri\/#article","isPartOf":{"@id":"https:\/\/www.fraczinet.cl\/sitio\/2010\/01\/06\/temporada-estival-2010-del-parque-educativo-jorge-alessandri\/"},"author":{"name":"admin","@id":"https:\/\/www.fraczinet.cl\/sitio\/#\/schema\/person\/bc30f98e9cb10ae7e119dbe14bc93784"},"headline":"Temporada Estival 2010 Del Parque Educativo Jorge Alessandri","datePublished":"2010-01-06T22:04:00+00:00","dateModified":"2022-10-06T00:20:27+00:00","mainEntityOfPage":{"@id":"https:\/\/www.fraczinet.cl\/sitio\/2010\/01\/06\/temporada-estival-2010-del-parque-educativo-jorge-alessandri\/"},"wordCount":542,"commentCount":0,"publisher":{"@id":"https:\/\/www.fraczinet.cl\/sitio\/#\/schema\/person\/aec8ee4da68df2b9b0eefdad24a0d582"},"articleSection":["Eventos"],"inLanguage":"es","potentialAction":[{"@type":"CommentAction","name":"Comment","target":["https:\/\/www.fraczinet.cl\/sitio\/2010\/01\/06\/temporada-estival-2010-del-parque-educativo-jorge-alessandri\/#respond"]}]},{"@type":"WebPage","@id":"https:\/\/www.fraczinet.cl\/sitio\/2010\/01\/06\/temporada-estival-2010-del-parque-educativo-jorge-alessandri\/","url":"https:\/\/www.fraczinet.cl\/sitio\/2010\/01\/06\/temporada-estival-2010-del-parque-educativo-jorge-alessandri\/","name":"Temporada Estival 2010 Del Parque Educativo Jorge Alessandri - Nuestro Bio B\u00edo","isPartOf":{"@id":"https:\/\/www.fraczinet.cl\/sitio\/#website"},"datePublished":"2010-01-06T22:04:00+00:00","dateModified":"2022-10-06T00:20:27+00:00","breadcrumb":{"@id":"https:\/\/www.fraczinet.cl\/sitio\/2010\/01\/06\/temporada-estival-2010-del-parque-educativo-jorge-alessandri\/#breadcrumb"},"inLanguage":"es","potentialAction":[{"@type":"ReadAction","target":["https:\/\/www.fraczinet.cl\/sitio\/2010\/01\/06\/temporada-estival-2010-del-parque-educativo-jorge-alessandri\/"]}]},{"@type":"BreadcrumbList","@id":"https:\/\/www.fraczinet.cl\/sitio\/2010\/01\/06\/temporada-estival-2010-del-parque-educativo-jorge-alessandri\/#breadcrumb","itemListElement":[{"@type":"ListItem","position":1,"name":"Portada","item":"https:\/\/www.fraczinet.cl\/sitio\/"},{"@type":"ListItem","position":2,"name":"Temporada Estival 2010 Del Parque Educativo Jorge Alessandri"}]},{"@type":"WebSite","@id":"https:\/\/www.fraczinet.cl\/sitio\/#website","url":"https:\/\/www.fraczinet.cl\/sitio\/","name":"Nuestro Bio B\u00edo","description":"Tierra de Encuentros","publisher":{"@id":"https:\/\/www.fraczinet.cl\/sitio\/#\/schema\/person\/aec8ee4da68df2b9b0eefdad24a0d582"},"potentialAction":[{"@type":"SearchAction","target":{"@type":"EntryPoint","urlTemplate":"https:\/\/www.fraczinet.cl\/sitio\/?s={search_term_string}"},"query-input":{"@type":"PropertyValueSpecification","valueRequired":true,"valueName":"search_term_string"}}],"inLanguage":"es"},{"@type":["Person","Organization"],"@id":"https:\/\/www.fraczinet.cl\/sitio\/#\/schema\/person\/aec8ee4da68df2b9b0eefdad24a0d582","name":"Luis Fernando Fraczinet","image":{"@type":"ImageObject","inLanguage":"es","@id":"https:\/\/www.fraczinet.cl\/sitio\/#\/schema\/person\/image\/","url":"https:\/\/www.fraczinet.cl\/sitio\/wp-content\/uploads\/2021\/07\/bannerlogo-1.gif","contentUrl":"https:\/\/www.fraczinet.cl\/sitio\/wp-content\/uploads\/2021\/07\/bannerlogo-1.gif","width":159,"height":79,"caption":"Luis Fernando Fraczinet"},"logo":{"@id":"https:\/\/www.fraczinet.cl\/sitio\/#\/schema\/person\/image\/"},"sameAs":["https:\/\/www.fraczinet.cl\/sitio\/"]},{"@type":"Person","@id":"https:\/\/www.fraczinet.cl\/sitio\/#\/schema\/person\/bc30f98e9cb10ae7e119dbe14bc93784","name":"admin","image":{"@type":"ImageObject","inLanguage":"es","@id":"https:\/\/www.fraczinet.cl\/sitio\/#\/schema\/person\/image\/","url":"https:\/\/secure.gravatar.com\/avatar\/d5ad3cf7ef3b23a2bb5be73be780c86b2fc8545c3ad6b149f3913ff458c00099?s=96&d=mm&r=g","contentUrl":"https:\/\/secure.gravatar.com\/avatar\/d5ad3cf7ef3b23a2bb5be73be780c86b2fc8545c3ad6b149f3913ff458c00099?s=96&d=mm&r=g","caption":"admin"},"sameAs":["https:\/\/www.fraczinet.cl\/sitio"]}]}},"_links":{"self":[{"href":"https:\/\/www.fraczinet.cl\/sitio\/wp-json\/wp\/v2\/posts\/5647","targetHints":{"allow":["GET"]}}],"collection":[{"href":"https:\/\/www.fraczinet.cl\/sitio\/wp-json\/wp\/v2\/posts"}],"about":[{"href":"https:\/\/www.fraczinet.cl\/sitio\/wp-json\/wp\/v2\/types\/post"}],"author":[{"embeddable":true,"href":"https:\/\/www.fraczinet.cl\/sitio\/wp-json\/wp\/v2\/users\/1"}],"replies":[{"embeddable":true,"href":"https:\/\/www.fraczinet.cl\/sitio\/wp-json\/wp\/v2\/comments?post=5647"}],"version-history":[{"count":1,"href":"https:\/\/www.fraczinet.cl\/sitio\/wp-json\/wp\/v2\/posts\/5647\/revisions"}],"predecessor-version":[{"id":14212,"href":"https:\/\/www.fraczinet.cl\/sitio\/wp-json\/wp\/v2\/posts\/5647\/revisions\/14212"}],"wp:attachment":[{"href":"https:\/\/www.fraczinet.cl\/sitio\/wp-json\/wp\/v2\/media?parent=5647"}],"wp:term":[{"taxonomy":"category","embeddable":true,"href":"https:\/\/www.fraczinet.cl\/sitio\/wp-json\/wp\/v2\/categories?post=5647"},{"taxonomy":"post_tag","embeddable":true,"href":"https:\/\/www.fraczinet.cl\/sitio\/wp-json\/wp\/v2\/tags?post=5647"}],"curies":[{"name":"wp","href":"https:\/\/api.w.org\/{rel}","templated":true}]}}