{"id":5648,"date":"2010-01-06T21:29:00","date_gmt":"2010-01-06T21:29:00","guid":{"rendered":"https:\/\/www.fraczinet.cl\/sitio\/2010\/01\/06\/cine-fantastico-y-de-terror-se-toma-el-10-festival-de-cine-de-lebu\/"},"modified":"2022-10-04T02:13:02","modified_gmt":"2022-10-04T02:13:02","slug":"cine-fantastico-y-de-terror-se-toma-el-10-festival-de-cine-de-lebu","status":"publish","type":"post","link":"https:\/\/www.fraczinet.cl\/sitio\/2010\/01\/06\/cine-fantastico-y-de-terror-se-toma-el-10-festival-de-cine-de-lebu\/","title":{"rendered":"Cine Fant\u00e1stico Y De Terror Se Toma El 10\u00b0 Festival De Cine De Lebu"},"content":{"rendered":"<div style=\"text-align: justify;\">Lebu Fant\u00e1stico&#8230; Siniestra se llama la muestra dedicada al cine de Terror y Fant\u00e1stico que desarrollar\u00e1 el Festival Internacional de Cine de Lebu, cuya d\u00e9cima versi\u00f3n se realizar\u00e1 entre el 26 y el 30 de enero de 2010.<\/div>\n<div style=\"text-align: justify;\"><\/div>\n<div style=\"text-align: justify;\">Es la primera vez que el certamen dedica parte de su programaci\u00f3n a este g\u00e9nero, y la organizaci\u00f3n quiso incorporarlo porque \u00abcada vez m\u00e1s los estudiantes y nuevos realizadores est\u00e1n produciendo pel\u00edculas de cine fant\u00e1stico y de terror. Por lo tanto, no pod\u00edamos estar ajenos a este nuevo movimiento que se est\u00e1 generando\u00bb, comenta Claudia Pino, directora del Festival.<\/div>\n<div style=\"text-align: justify;\"><\/div>\n<div style=\"text-align: justify;\">Para ello, y con el apoyo de la productora Espectrafilms que ha desarrollado diversos largometrajes de terror y cine fant\u00e1stico como \u00abLimbus\u00bb y \u00abCoraz\u00f3n secreto\u00bb, se eligieron los mejores cortometrajes realizados en Espa\u00f1a y Chile en esta materia, los que ser\u00e1n exhibidos el 27 y 28 de enero a la medianoche, respectivamente.<\/div>\n<div style=\"text-align: justify;\"><\/div>\n<div style=\"text-align: justify;\">La secci\u00f3n espa\u00f1ola contempla la proyecci\u00f3n de 7 pel\u00edculas, entre las que se contemplan las cintas de animaci\u00f3n \u00abHumor v\u00edtreo\u00bb de Ana Muzas Roa y \u00abEl pintor de cielos\u00bb de Jorge Morais. Los otros filmes son de ficci\u00f3n, y entre ellos destacan \u00abEstaci\u00f3n de carretera\u00bb y \u00abAnte sus ojos\u00bb.<\/div>\n<div style=\"text-align: justify;\"><\/div>\n<div style=\"text-align: justify;\">La primera es una pel\u00edcula de los hermanos Kiko y Javier Prada, quienes tienen una extensa carrera en la realizaci\u00f3n de cortometrajes entre los que se cuentan t\u00edtulos como \u00abCarla\u00bb, \u00abPainting soldiers\u00bb y la premiada \u00abHumanos con patatas\u00bb. Esta realizaci\u00f3n, que demor\u00f3 2 a\u00f1os en hacerse, est\u00e1 hecha en clave road movies y es una comedia negra que se centra en una bella mujer que comete una serie de cr\u00edmenes, mientras dos polic\u00edas intentan descubrir lo ocurrido.<\/div>\n<div style=\"text-align: justify;\"><\/div>\n<div style=\"text-align: justify;\">La segunda es del premiado director Aar\u00f3n J. Meli\u00e1n, y trata sobre dos amigos -Ana y C\u00e9sar-, que reflexionan sobre la creencia que dice que antes de morir, los momentos m\u00e1s importantes de nuestras vidas pasan ante nuestros ojos, y se preguntan qu\u00e9 momento escoger\u00edas recordar si pudieras hacerlo.<\/div>\n<div style=\"text-align: justify;\"><\/div>\n<div style=\"text-align: justify;\">Estas pel\u00edculas se mostrar\u00e1n en el Sal\u00f3n de las Culturas y las Artes Walter Ram\u00edrez, ubicado en calle P\u00e9rez 541, Lebu.<\/div>\n<div style=\"text-align: justify;\"><\/div>\n<div style=\"text-align: justify;\">En cuanto a la secci\u00f3n chilena, se exhibir\u00e1n dos pel\u00edculas hechas por Lucio A. Rojas este 2009: \u00abMuerte ciega\u00bb y \u00abFascinum\u00bb. La primera es sobre la odisea de un grupo de paramilitares y cient\u00edficos enviados a una zona desconocida en busca de algo que nadie en verdad entiende; mientras que la segunda parte de la pregunta si la sombra es la mera imagen del cuerpo recortado a la luz o un umbral oscuro reverso del mundo conocido, a la cual un joven intentar\u00e1 encontrar la respuesta. A estas cintas se suman \u00abSendero\u00bb (Lucio Rojas) y un avance del largometraje \u00abNecr\u00f3tica\u00bb de Felipe V\u00e1squez.<\/div>\n<p><a href=\"http:\/\/3.bp.blogspot.com\/_2S_RxGRVjis\/S0UBzGQHK1I\/AAAAAAAANO0\/7x9Ws_yeFx4\/s1600-h\/XFestivalLebuCom.jpg\"><img decoding=\"async\" alt=\"\" border=\"0\" id=\"BLOGGER_PHOTO_ID_5423743303600778066\" src=\"https:\/\/3.bp.blogspot.com\/_2S_RxGRVjis\/S0UBzGQHK1I\/AAAAAAAANO0\/7x9Ws_yeFx4\/s400\/XFestivalLebuCom.jpg\" style=\"cursor: hand; cursor: pointer; height: 134px; width: 400px;\" \/><\/a><\/p>\n","protected":false},"excerpt":{"rendered":"<p>Lebu Fant\u00e1stico&#8230; Siniestra se llama la muestra dedicada al cine de Terror y Fant\u00e1stico que desarrollar\u00e1 el Festival Internacional de Cine de Lebu, cuya d\u00e9cima versi\u00f3n se realizar\u00e1 entre el 26 y el 30 de enero de 2010. Es la primera vez que el certamen dedica parte de su programaci\u00f3n a este g\u00e9nero, y la [&hellip;]<\/p>\n","protected":false},"author":1,"featured_media":0,"comment_status":"open","ping_status":"open","sticky":false,"template":"","format":"standard","meta":{"footnotes":""},"categories":[32],"tags":[],"class_list":["post-5648","post","type-post","status-publish","format-standard","hentry","category-cine"],"yoast_head":"<!-- This site is optimized with the Yoast SEO plugin v25.0 - https:\/\/yoast.com\/wordpress\/plugins\/seo\/ -->\n<title>Cine Fant\u00e1stico Y De Terror Se Toma El 10\u00b0 Festival De Cine De Lebu - Nuestro Bio B\u00edo<\/title>\n<meta name=\"robots\" content=\"index, follow, max-snippet:-1, max-image-preview:large, max-video-preview:-1\" \/>\n<link rel=\"canonical\" href=\"https:\/\/www.fraczinet.cl\/sitio\/2010\/01\/06\/cine-fantastico-y-de-terror-se-toma-el-10-festival-de-cine-de-lebu\/\" \/>\n<meta property=\"og:locale\" content=\"es_ES\" \/>\n<meta property=\"og:type\" content=\"article\" \/>\n<meta property=\"og:title\" content=\"Cine Fant\u00e1stico Y De Terror Se Toma El 10\u00b0 Festival De Cine De Lebu - Nuestro Bio B\u00edo\" \/>\n<meta property=\"og:description\" content=\"Lebu Fant\u00e1stico&#8230; Siniestra se llama la muestra dedicada al cine de Terror y Fant\u00e1stico que desarrollar\u00e1 el Festival Internacional de Cine de Lebu, cuya d\u00e9cima versi\u00f3n se realizar\u00e1 entre el 26 y el 30 de enero de 2010. Es la primera vez que el certamen dedica parte de su programaci\u00f3n a este g\u00e9nero, y la [&hellip;]\" \/>\n<meta property=\"og:url\" content=\"https:\/\/www.fraczinet.cl\/sitio\/2010\/01\/06\/cine-fantastico-y-de-terror-se-toma-el-10-festival-de-cine-de-lebu\/\" \/>\n<meta property=\"og:site_name\" content=\"Nuestro Bio B\u00edo\" \/>\n<meta property=\"article:published_time\" content=\"2010-01-06T21:29:00+00:00\" \/>\n<meta property=\"article:modified_time\" content=\"2022-10-04T02:13:02+00:00\" \/>\n<meta property=\"og:image\" content=\"https:\/\/3.bp.blogspot.com\/_2S_RxGRVjis\/S0UBzGQHK1I\/AAAAAAAANO0\/7x9Ws_yeFx4\/s400\/XFestivalLebuCom.jpg\" \/>\n<meta name=\"author\" content=\"admin\" \/>\n<meta name=\"twitter:card\" content=\"summary_large_image\" \/>\n<meta name=\"twitter:creator\" content=\"@nuestrobiobio\" \/>\n<meta name=\"twitter:site\" content=\"@nuestrobiobio\" \/>\n<meta name=\"twitter:label1\" content=\"Escrito por\" \/>\n\t<meta name=\"twitter:data1\" content=\"admin\" \/>\n\t<meta name=\"twitter:label2\" content=\"Tiempo de lectura\" \/>\n\t<meta name=\"twitter:data2\" content=\"2 minutos\" \/>\n<script type=\"application\/ld+json\" class=\"yoast-schema-graph\">{\"@context\":\"https:\/\/schema.org\",\"@graph\":[{\"@type\":\"Article\",\"@id\":\"https:\/\/www.fraczinet.cl\/sitio\/2010\/01\/06\/cine-fantastico-y-de-terror-se-toma-el-10-festival-de-cine-de-lebu\/#article\",\"isPartOf\":{\"@id\":\"https:\/\/www.fraczinet.cl\/sitio\/2010\/01\/06\/cine-fantastico-y-de-terror-se-toma-el-10-festival-de-cine-de-lebu\/\"},\"author\":{\"name\":\"admin\",\"@id\":\"https:\/\/www.fraczinet.cl\/sitio\/#\/schema\/person\/bc30f98e9cb10ae7e119dbe14bc93784\"},\"headline\":\"Cine Fant\u00e1stico Y De Terror Se Toma El 10\u00b0 Festival De Cine De Lebu\",\"datePublished\":\"2010-01-06T21:29:00+00:00\",\"dateModified\":\"2022-10-04T02:13:02+00:00\",\"mainEntityOfPage\":{\"@id\":\"https:\/\/www.fraczinet.cl\/sitio\/2010\/01\/06\/cine-fantastico-y-de-terror-se-toma-el-10-festival-de-cine-de-lebu\/\"},\"wordCount\":500,\"commentCount\":0,\"publisher\":{\"@id\":\"https:\/\/www.fraczinet.cl\/sitio\/#\/schema\/person\/aec8ee4da68df2b9b0eefdad24a0d582\"},\"image\":{\"@id\":\"https:\/\/www.fraczinet.cl\/sitio\/2010\/01\/06\/cine-fantastico-y-de-terror-se-toma-el-10-festival-de-cine-de-lebu\/#primaryimage\"},\"thumbnailUrl\":\"https:\/\/3.bp.blogspot.com\/_2S_RxGRVjis\/S0UBzGQHK1I\/AAAAAAAANO0\/7x9Ws_yeFx4\/s400\/XFestivalLebuCom.jpg\",\"articleSection\":[\"Cine\"],\"inLanguage\":\"es\",\"potentialAction\":[{\"@type\":\"CommentAction\",\"name\":\"Comment\",\"target\":[\"https:\/\/www.fraczinet.cl\/sitio\/2010\/01\/06\/cine-fantastico-y-de-terror-se-toma-el-10-festival-de-cine-de-lebu\/#respond\"]}]},{\"@type\":\"WebPage\",\"@id\":\"https:\/\/www.fraczinet.cl\/sitio\/2010\/01\/06\/cine-fantastico-y-de-terror-se-toma-el-10-festival-de-cine-de-lebu\/\",\"url\":\"https:\/\/www.fraczinet.cl\/sitio\/2010\/01\/06\/cine-fantastico-y-de-terror-se-toma-el-10-festival-de-cine-de-lebu\/\",\"name\":\"Cine Fant\u00e1stico Y De Terror Se Toma El 10\u00b0 Festival De Cine De Lebu - Nuestro Bio B\u00edo\",\"isPartOf\":{\"@id\":\"https:\/\/www.fraczinet.cl\/sitio\/#website\"},\"primaryImageOfPage\":{\"@id\":\"https:\/\/www.fraczinet.cl\/sitio\/2010\/01\/06\/cine-fantastico-y-de-terror-se-toma-el-10-festival-de-cine-de-lebu\/#primaryimage\"},\"image\":{\"@id\":\"https:\/\/www.fraczinet.cl\/sitio\/2010\/01\/06\/cine-fantastico-y-de-terror-se-toma-el-10-festival-de-cine-de-lebu\/#primaryimage\"},\"thumbnailUrl\":\"https:\/\/3.bp.blogspot.com\/_2S_RxGRVjis\/S0UBzGQHK1I\/AAAAAAAANO0\/7x9Ws_yeFx4\/s400\/XFestivalLebuCom.jpg\",\"datePublished\":\"2010-01-06T21:29:00+00:00\",\"dateModified\":\"2022-10-04T02:13:02+00:00\",\"breadcrumb\":{\"@id\":\"https:\/\/www.fraczinet.cl\/sitio\/2010\/01\/06\/cine-fantastico-y-de-terror-se-toma-el-10-festival-de-cine-de-lebu\/#breadcrumb\"},\"inLanguage\":\"es\",\"potentialAction\":[{\"@type\":\"ReadAction\",\"target\":[\"https:\/\/www.fraczinet.cl\/sitio\/2010\/01\/06\/cine-fantastico-y-de-terror-se-toma-el-10-festival-de-cine-de-lebu\/\"]}]},{\"@type\":\"ImageObject\",\"inLanguage\":\"es\",\"@id\":\"https:\/\/www.fraczinet.cl\/sitio\/2010\/01\/06\/cine-fantastico-y-de-terror-se-toma-el-10-festival-de-cine-de-lebu\/#primaryimage\",\"url\":\"https:\/\/3.bp.blogspot.com\/_2S_RxGRVjis\/S0UBzGQHK1I\/AAAAAAAANO0\/7x9Ws_yeFx4\/s400\/XFestivalLebuCom.jpg\",\"contentUrl\":\"https:\/\/3.bp.blogspot.com\/_2S_RxGRVjis\/S0UBzGQHK1I\/AAAAAAAANO0\/7x9Ws_yeFx4\/s400\/XFestivalLebuCom.jpg\"},{\"@type\":\"BreadcrumbList\",\"@id\":\"https:\/\/www.fraczinet.cl\/sitio\/2010\/01\/06\/cine-fantastico-y-de-terror-se-toma-el-10-festival-de-cine-de-lebu\/#breadcrumb\",\"itemListElement\":[{\"@type\":\"ListItem\",\"position\":1,\"name\":\"Portada\",\"item\":\"https:\/\/www.fraczinet.cl\/sitio\/\"},{\"@type\":\"ListItem\",\"position\":2,\"name\":\"Cine Fant\u00e1stico Y De Terror Se Toma El 10\u00b0 Festival De Cine De Lebu\"}]},{\"@type\":\"WebSite\",\"@id\":\"https:\/\/www.fraczinet.cl\/sitio\/#website\",\"url\":\"https:\/\/www.fraczinet.cl\/sitio\/\",\"name\":\"Nuestro Bio B\u00edo\",\"description\":\"Tierra de Encuentros\",\"publisher\":{\"@id\":\"https:\/\/www.fraczinet.cl\/sitio\/#\/schema\/person\/aec8ee4da68df2b9b0eefdad24a0d582\"},\"potentialAction\":[{\"@type\":\"SearchAction\",\"target\":{\"@type\":\"EntryPoint\",\"urlTemplate\":\"https:\/\/www.fraczinet.cl\/sitio\/?s={search_term_string}\"},\"query-input\":{\"@type\":\"PropertyValueSpecification\",\"valueRequired\":true,\"valueName\":\"search_term_string\"}}],\"inLanguage\":\"es\"},{\"@type\":[\"Person\",\"Organization\"],\"@id\":\"https:\/\/www.fraczinet.cl\/sitio\/#\/schema\/person\/aec8ee4da68df2b9b0eefdad24a0d582\",\"name\":\"Luis Fernando Fraczinet\",\"image\":{\"@type\":\"ImageObject\",\"inLanguage\":\"es\",\"@id\":\"https:\/\/www.fraczinet.cl\/sitio\/#\/schema\/person\/image\/\",\"url\":\"https:\/\/www.fraczinet.cl\/sitio\/wp-content\/uploads\/2021\/07\/bannerlogo-1.gif\",\"contentUrl\":\"https:\/\/www.fraczinet.cl\/sitio\/wp-content\/uploads\/2021\/07\/bannerlogo-1.gif\",\"width\":159,\"height\":79,\"caption\":\"Luis Fernando Fraczinet\"},\"logo\":{\"@id\":\"https:\/\/www.fraczinet.cl\/sitio\/#\/schema\/person\/image\/\"},\"sameAs\":[\"https:\/\/www.fraczinet.cl\/sitio\/\"]},{\"@type\":\"Person\",\"@id\":\"https:\/\/www.fraczinet.cl\/sitio\/#\/schema\/person\/bc30f98e9cb10ae7e119dbe14bc93784\",\"name\":\"admin\",\"image\":{\"@type\":\"ImageObject\",\"inLanguage\":\"es\",\"@id\":\"https:\/\/www.fraczinet.cl\/sitio\/#\/schema\/person\/image\/\",\"url\":\"https:\/\/secure.gravatar.com\/avatar\/d5ad3cf7ef3b23a2bb5be73be780c86b2fc8545c3ad6b149f3913ff458c00099?s=96&d=mm&r=g\",\"contentUrl\":\"https:\/\/secure.gravatar.com\/avatar\/d5ad3cf7ef3b23a2bb5be73be780c86b2fc8545c3ad6b149f3913ff458c00099?s=96&d=mm&r=g\",\"caption\":\"admin\"},\"sameAs\":[\"https:\/\/www.fraczinet.cl\/sitio\"]}]}<\/script>\n<!-- \/ Yoast SEO plugin. -->","yoast_head_json":{"title":"Cine Fant\u00e1stico Y De Terror Se Toma El 10\u00b0 Festival De Cine De Lebu - Nuestro Bio B\u00edo","robots":{"index":"index","follow":"follow","max-snippet":"max-snippet:-1","max-image-preview":"max-image-preview:large","max-video-preview":"max-video-preview:-1"},"canonical":"https:\/\/www.fraczinet.cl\/sitio\/2010\/01\/06\/cine-fantastico-y-de-terror-se-toma-el-10-festival-de-cine-de-lebu\/","og_locale":"es_ES","og_type":"article","og_title":"Cine Fant\u00e1stico Y De Terror Se Toma El 10\u00b0 Festival De Cine De Lebu - Nuestro Bio B\u00edo","og_description":"Lebu Fant\u00e1stico&#8230; Siniestra se llama la muestra dedicada al cine de Terror y Fant\u00e1stico que desarrollar\u00e1 el Festival Internacional de Cine de Lebu, cuya d\u00e9cima versi\u00f3n se realizar\u00e1 entre el 26 y el 30 de enero de 2010. Es la primera vez que el certamen dedica parte de su programaci\u00f3n a este g\u00e9nero, y la [&hellip;]","og_url":"https:\/\/www.fraczinet.cl\/sitio\/2010\/01\/06\/cine-fantastico-y-de-terror-se-toma-el-10-festival-de-cine-de-lebu\/","og_site_name":"Nuestro Bio B\u00edo","article_published_time":"2010-01-06T21:29:00+00:00","article_modified_time":"2022-10-04T02:13:02+00:00","og_image":[{"url":"https:\/\/3.bp.blogspot.com\/_2S_RxGRVjis\/S0UBzGQHK1I\/AAAAAAAANO0\/7x9Ws_yeFx4\/s400\/XFestivalLebuCom.jpg","type":"","width":"","height":""}],"author":"admin","twitter_card":"summary_large_image","twitter_creator":"@nuestrobiobio","twitter_site":"@nuestrobiobio","twitter_misc":{"Escrito por":"admin","Tiempo de lectura":"2 minutos"},"schema":{"@context":"https:\/\/schema.org","@graph":[{"@type":"Article","@id":"https:\/\/www.fraczinet.cl\/sitio\/2010\/01\/06\/cine-fantastico-y-de-terror-se-toma-el-10-festival-de-cine-de-lebu\/#article","isPartOf":{"@id":"https:\/\/www.fraczinet.cl\/sitio\/2010\/01\/06\/cine-fantastico-y-de-terror-se-toma-el-10-festival-de-cine-de-lebu\/"},"author":{"name":"admin","@id":"https:\/\/www.fraczinet.cl\/sitio\/#\/schema\/person\/bc30f98e9cb10ae7e119dbe14bc93784"},"headline":"Cine Fant\u00e1stico Y De Terror Se Toma El 10\u00b0 Festival De Cine De Lebu","datePublished":"2010-01-06T21:29:00+00:00","dateModified":"2022-10-04T02:13:02+00:00","mainEntityOfPage":{"@id":"https:\/\/www.fraczinet.cl\/sitio\/2010\/01\/06\/cine-fantastico-y-de-terror-se-toma-el-10-festival-de-cine-de-lebu\/"},"wordCount":500,"commentCount":0,"publisher":{"@id":"https:\/\/www.fraczinet.cl\/sitio\/#\/schema\/person\/aec8ee4da68df2b9b0eefdad24a0d582"},"image":{"@id":"https:\/\/www.fraczinet.cl\/sitio\/2010\/01\/06\/cine-fantastico-y-de-terror-se-toma-el-10-festival-de-cine-de-lebu\/#primaryimage"},"thumbnailUrl":"https:\/\/3.bp.blogspot.com\/_2S_RxGRVjis\/S0UBzGQHK1I\/AAAAAAAANO0\/7x9Ws_yeFx4\/s400\/XFestivalLebuCom.jpg","articleSection":["Cine"],"inLanguage":"es","potentialAction":[{"@type":"CommentAction","name":"Comment","target":["https:\/\/www.fraczinet.cl\/sitio\/2010\/01\/06\/cine-fantastico-y-de-terror-se-toma-el-10-festival-de-cine-de-lebu\/#respond"]}]},{"@type":"WebPage","@id":"https:\/\/www.fraczinet.cl\/sitio\/2010\/01\/06\/cine-fantastico-y-de-terror-se-toma-el-10-festival-de-cine-de-lebu\/","url":"https:\/\/www.fraczinet.cl\/sitio\/2010\/01\/06\/cine-fantastico-y-de-terror-se-toma-el-10-festival-de-cine-de-lebu\/","name":"Cine Fant\u00e1stico Y De Terror Se Toma El 10\u00b0 Festival De Cine De Lebu - Nuestro Bio B\u00edo","isPartOf":{"@id":"https:\/\/www.fraczinet.cl\/sitio\/#website"},"primaryImageOfPage":{"@id":"https:\/\/www.fraczinet.cl\/sitio\/2010\/01\/06\/cine-fantastico-y-de-terror-se-toma-el-10-festival-de-cine-de-lebu\/#primaryimage"},"image":{"@id":"https:\/\/www.fraczinet.cl\/sitio\/2010\/01\/06\/cine-fantastico-y-de-terror-se-toma-el-10-festival-de-cine-de-lebu\/#primaryimage"},"thumbnailUrl":"https:\/\/3.bp.blogspot.com\/_2S_RxGRVjis\/S0UBzGQHK1I\/AAAAAAAANO0\/7x9Ws_yeFx4\/s400\/XFestivalLebuCom.jpg","datePublished":"2010-01-06T21:29:00+00:00","dateModified":"2022-10-04T02:13:02+00:00","breadcrumb":{"@id":"https:\/\/www.fraczinet.cl\/sitio\/2010\/01\/06\/cine-fantastico-y-de-terror-se-toma-el-10-festival-de-cine-de-lebu\/#breadcrumb"},"inLanguage":"es","potentialAction":[{"@type":"ReadAction","target":["https:\/\/www.fraczinet.cl\/sitio\/2010\/01\/06\/cine-fantastico-y-de-terror-se-toma-el-10-festival-de-cine-de-lebu\/"]}]},{"@type":"ImageObject","inLanguage":"es","@id":"https:\/\/www.fraczinet.cl\/sitio\/2010\/01\/06\/cine-fantastico-y-de-terror-se-toma-el-10-festival-de-cine-de-lebu\/#primaryimage","url":"https:\/\/3.bp.blogspot.com\/_2S_RxGRVjis\/S0UBzGQHK1I\/AAAAAAAANO0\/7x9Ws_yeFx4\/s400\/XFestivalLebuCom.jpg","contentUrl":"https:\/\/3.bp.blogspot.com\/_2S_RxGRVjis\/S0UBzGQHK1I\/AAAAAAAANO0\/7x9Ws_yeFx4\/s400\/XFestivalLebuCom.jpg"},{"@type":"BreadcrumbList","@id":"https:\/\/www.fraczinet.cl\/sitio\/2010\/01\/06\/cine-fantastico-y-de-terror-se-toma-el-10-festival-de-cine-de-lebu\/#breadcrumb","itemListElement":[{"@type":"ListItem","position":1,"name":"Portada","item":"https:\/\/www.fraczinet.cl\/sitio\/"},{"@type":"ListItem","position":2,"name":"Cine Fant\u00e1stico Y De Terror Se Toma El 10\u00b0 Festival De Cine De Lebu"}]},{"@type":"WebSite","@id":"https:\/\/www.fraczinet.cl\/sitio\/#website","url":"https:\/\/www.fraczinet.cl\/sitio\/","name":"Nuestro Bio B\u00edo","description":"Tierra de Encuentros","publisher":{"@id":"https:\/\/www.fraczinet.cl\/sitio\/#\/schema\/person\/aec8ee4da68df2b9b0eefdad24a0d582"},"potentialAction":[{"@type":"SearchAction","target":{"@type":"EntryPoint","urlTemplate":"https:\/\/www.fraczinet.cl\/sitio\/?s={search_term_string}"},"query-input":{"@type":"PropertyValueSpecification","valueRequired":true,"valueName":"search_term_string"}}],"inLanguage":"es"},{"@type":["Person","Organization"],"@id":"https:\/\/www.fraczinet.cl\/sitio\/#\/schema\/person\/aec8ee4da68df2b9b0eefdad24a0d582","name":"Luis Fernando Fraczinet","image":{"@type":"ImageObject","inLanguage":"es","@id":"https:\/\/www.fraczinet.cl\/sitio\/#\/schema\/person\/image\/","url":"https:\/\/www.fraczinet.cl\/sitio\/wp-content\/uploads\/2021\/07\/bannerlogo-1.gif","contentUrl":"https:\/\/www.fraczinet.cl\/sitio\/wp-content\/uploads\/2021\/07\/bannerlogo-1.gif","width":159,"height":79,"caption":"Luis Fernando Fraczinet"},"logo":{"@id":"https:\/\/www.fraczinet.cl\/sitio\/#\/schema\/person\/image\/"},"sameAs":["https:\/\/www.fraczinet.cl\/sitio\/"]},{"@type":"Person","@id":"https:\/\/www.fraczinet.cl\/sitio\/#\/schema\/person\/bc30f98e9cb10ae7e119dbe14bc93784","name":"admin","image":{"@type":"ImageObject","inLanguage":"es","@id":"https:\/\/www.fraczinet.cl\/sitio\/#\/schema\/person\/image\/","url":"https:\/\/secure.gravatar.com\/avatar\/d5ad3cf7ef3b23a2bb5be73be780c86b2fc8545c3ad6b149f3913ff458c00099?s=96&d=mm&r=g","contentUrl":"https:\/\/secure.gravatar.com\/avatar\/d5ad3cf7ef3b23a2bb5be73be780c86b2fc8545c3ad6b149f3913ff458c00099?s=96&d=mm&r=g","caption":"admin"},"sameAs":["https:\/\/www.fraczinet.cl\/sitio"]}]}},"_links":{"self":[{"href":"https:\/\/www.fraczinet.cl\/sitio\/wp-json\/wp\/v2\/posts\/5648","targetHints":{"allow":["GET"]}}],"collection":[{"href":"https:\/\/www.fraczinet.cl\/sitio\/wp-json\/wp\/v2\/posts"}],"about":[{"href":"https:\/\/www.fraczinet.cl\/sitio\/wp-json\/wp\/v2\/types\/post"}],"author":[{"embeddable":true,"href":"https:\/\/www.fraczinet.cl\/sitio\/wp-json\/wp\/v2\/users\/1"}],"replies":[{"embeddable":true,"href":"https:\/\/www.fraczinet.cl\/sitio\/wp-json\/wp\/v2\/comments?post=5648"}],"version-history":[{"count":1,"href":"https:\/\/www.fraczinet.cl\/sitio\/wp-json\/wp\/v2\/posts\/5648\/revisions"}],"predecessor-version":[{"id":13794,"href":"https:\/\/www.fraczinet.cl\/sitio\/wp-json\/wp\/v2\/posts\/5648\/revisions\/13794"}],"wp:attachment":[{"href":"https:\/\/www.fraczinet.cl\/sitio\/wp-json\/wp\/v2\/media?parent=5648"}],"wp:term":[{"taxonomy":"category","embeddable":true,"href":"https:\/\/www.fraczinet.cl\/sitio\/wp-json\/wp\/v2\/categories?post=5648"},{"taxonomy":"post_tag","embeddable":true,"href":"https:\/\/www.fraczinet.cl\/sitio\/wp-json\/wp\/v2\/tags?post=5648"}],"curies":[{"name":"wp","href":"https:\/\/api.w.org\/{rel}","templated":true}]}}