{"id":5721,"date":"2012-08-31T03:24:00","date_gmt":"2012-08-31T03:24:00","guid":{"rendered":"https:\/\/www.fraczinet.cl\/sitio\/2012\/08\/31\/raices-de-la-tierra-2012-1-al-4-de-noviembre-region-de-valparaiso-chile\/"},"modified":"2012-08-31T03:24:00","modified_gmt":"2012-08-31T03:24:00","slug":"raices-de-la-tierra-2012-1-al-4-de-noviembre-region-de-valparaiso-chile","status":"publish","type":"post","link":"https:\/\/www.fraczinet.cl\/sitio\/2012\/08\/31\/raices-de-la-tierra-2012-1-al-4-de-noviembre-region-de-valparaiso-chile\/","title":{"rendered":"Ra\u00edces De La Tierra 2012 &#8211; 1 Al 4 De Noviembre, Regi\u00f3n De Valpara\u00edso, Chile"},"content":{"rendered":"<p>Invitaci\u00f3n a participar de Ra\u00edces de la Tierra 2012<\/p>\n<p>Durante 4 d\u00edas consecutivos en el Valle de Casablanca, Quepilcho, Regi\u00f3n de Valpara\u00edso de Chile, se reunir\u00e1n representantes espirituales ind\u00edgenas de todo Am\u00e9rica para transmitir su conocimiento y rezar por la Madre Tierra.<\/p>\n<p>Este a\u00f1o estaremos cerrando el primer ciclo de 4 a\u00f1os consecutivos de reuni\u00f3n intertribal, que por primera vez comenz\u00f3 el 2009 en Sudam\u00e9rica, espec\u00edficamente en Chile.<\/p>\n<p>Ser\u00e1 un gusto y una alegr\u00eda compartir nuevamente nuestro fuego con todas las personas que en alegr\u00eda, amor y respeto se han acercado a apoyar y participar de esta ceremonia que hemos construido con mucho esfuerzo.<\/p>\n<p>Tendremos la presencia de representantes espirituales Aymaras, Arhuaco, Totonacas, Maya Quich\u00e9, Maya Toltecas, Dakotas, Wirrarikas, Sionas, Mby\u00e1 Guaran\u00ed, Dineh, Mapuches, Collas, Oglala, Rapa Nui, Ohlone, entre otras naciones de todos los colores y formas del continente Americano.<\/p>\n<p>Podr\u00e1s participar en diversas ceremonias y actividades comenzando el 1ero de Noviembre del 2012 y terminando el 4 de Noviembre.<\/p>\n<p>Desde ya te agradecemos por tu apoyo y contribuci\u00f3n para cubrir los costos de la ceremonia y la reuni\u00f3n de los invitados de los distintos rincones del continente americano.<\/p>\n<p><strong>Esta ceremonia la hacemos todos juntos.<\/p>\n<p>\u00a1Todos colaboramos y todos somos uno!<\/strong><\/p>\n<p>____________________________________<\/p>\n<p>PUNTOS DE VENTA EN SANTIAGO<\/p>\n<p>Preventa 1 del 17 de Agosto al 15 de Septiembre &#8211; $30.000<br \/>Preventa 2 del 15 de Septiembre al 30 de Octubre &#8211; $40.000<br \/>En puerta al llegar a Ra\u00edces &#8211; $70.000<\/p>\n<p>PLANTA MAESTRA &#8211; Manuel Montt 187, Local 3,<br \/>Providencia (entre 11 de Septiembre y Granaderos)<\/p>\n<p>Horario de Atenci\u00f3n:<br \/>Lunes a Viernes de 9:00am a 9:00pm<br \/>S\u00e1bado de 11:00am a 6:00pm<br \/>Fono: 946 5527<\/p>\n<p>PLANTA MAESTRA &#8211; Merced 295 C<br \/>Santiago Centro (Merced c\/ Jose Victorino Lastarria)<\/p>\n<p>Horario de Atenci\u00f3n:<br \/>Lunes a domingo incluyendo festivos de 12:30pm a 9:30pm<br \/>Fono: 664 3154<\/p>\n<p>PLANTA MAESTRA &#8211; Antonio Varas 1370<br \/>Providencia<br \/>Fono: 2041461<\/p>\n<p>REGIONES y EXTRANJERO<\/p>\n<p>Si eres de regi\u00f3n o del extranjero y quieres comprar tu entrada escr\u00edbenos a regiones.raices@gmail.com para ver las formas de pago.<\/p>\n<p>NI\u00d1OS Y ABUELOS<\/p>\n<p>Ni\u00f1os igual o menores de 11 a\u00f1os y abuelos igual o mayores de 65 a\u00f1os entran gratis solo si se inscriben previamente al inscripcion.raices@gmail.com<\/p>\n<p>&#8211; El pago de las entradas en los puntos de venta SOLO es en efectivo<br \/>&#8211; Necesitamos que compres tu entrada antes del encuentro por que con ella financiamos todo.<br \/>&#8211; Venta de entradas limitadas: este a\u00f1o para resguardar la seguridad y comodidad de todos los asistentes tendremos un cupo m\u00e1ximo de ventas de entradas.<br \/>_____________________________<\/p>\n<p>\u00bfQU\u00c9 INCLUYE TU ENTRADA?<br \/>Zona de camping habilitada con:<\/p>\n<p>&#8211; Agua potable, ba\u00f1os con tratamiento ecol\u00f3gico, lavaderos.<br \/>&#8211; 3 comidas diarias \/ Vegetariana y Omn\u00edvora<br \/>&#8211; Ceremonia mayor con los abuelos en la Kiva.<br \/>&#8211; Ceremonia de temascal<br \/>&#8211; Rogativas Ind\u00edgenas<br \/>&#8211; Actividades para ni\u00f1os.<br \/>&#8211; Talleres para adultos.<br \/>&#8211; Charlas<br \/>&#8211; Muestra de documentales y pel\u00edculas.<br \/>&#8211; Estacionamientos.<\/p>\n<p>\u00bfQU\u00c9 DEBES LLEVAR?<br \/>&#8211; Carpa y todos los implementos necesarios para alojar c\u00f3modamente en el camping<br \/>&#8211; Plato, vaso y cubiertos de materiales no contaminantes.<br \/>&#8211; Papel de ba\u00f1o.<br \/>&#8211; Traje de Ba\u00f1o, Toalla y Chalas (para las ceremonias de Temazcal)<br \/>&#8211; Ropa Abrigada.<br \/>&#8211; Bid\u00f3n de 5 litros de agua mineral sin gas para uso en carpa.<br \/>&#8211; Protector Solar. (Especialmente para ni\u00f1os)<\/p>\n<p><strong>Evento en Facebook: <a href=\"http:\/\/www.facebook.com\/events\/521208894560992\/\">http:\/\/www.facebook.com\/events\/521208894560992\/<\/a><\/strong><\/p>\n","protected":false},"excerpt":{"rendered":"<p>Invitaci\u00f3n a participar de Ra\u00edces de la Tierra 2012 Durante 4 d\u00edas consecutivos en el Valle de Casablanca, Quepilcho, Regi\u00f3n de Valpara\u00edso de Chile, se reunir\u00e1n representantes espirituales ind\u00edgenas de todo Am\u00e9rica para transmitir su conocimiento y rezar por la Madre Tierra. Este a\u00f1o estaremos cerrando el primer ciclo de 4 a\u00f1os consecutivos de reuni\u00f3n [&hellip;]<\/p>\n","protected":false},"author":1,"featured_media":0,"comment_status":"open","ping_status":"open","sticky":false,"template":"","format":"standard","meta":{"footnotes":""},"categories":[213,253],"tags":[],"class_list":["post-5721","post","type-post","status-publish","format-standard","hentry","category-festivales","category-valparaiso"],"yoast_head":"<!-- This site is optimized with the Yoast SEO plugin v25.0 - https:\/\/yoast.com\/wordpress\/plugins\/seo\/ -->\n<title>Ra\u00edces De La Tierra 2012 - 1 Al 4 De Noviembre, Regi\u00f3n De Valpara\u00edso, Chile - Nuestro Bio B\u00edo<\/title>\n<meta name=\"robots\" content=\"index, follow, max-snippet:-1, max-image-preview:large, max-video-preview:-1\" \/>\n<link rel=\"canonical\" href=\"https:\/\/www.fraczinet.cl\/sitio\/2012\/08\/31\/raices-de-la-tierra-2012-1-al-4-de-noviembre-region-de-valparaiso-chile\/\" \/>\n<meta property=\"og:locale\" content=\"es_ES\" \/>\n<meta property=\"og:type\" content=\"article\" \/>\n<meta property=\"og:title\" content=\"Ra\u00edces De La Tierra 2012 - 1 Al 4 De Noviembre, Regi\u00f3n De Valpara\u00edso, Chile - Nuestro Bio B\u00edo\" \/>\n<meta property=\"og:description\" content=\"Invitaci\u00f3n a participar de Ra\u00edces de la Tierra 2012 Durante 4 d\u00edas consecutivos en el Valle de Casablanca, Quepilcho, Regi\u00f3n de Valpara\u00edso de Chile, se reunir\u00e1n representantes espirituales ind\u00edgenas de todo Am\u00e9rica para transmitir su conocimiento y rezar por la Madre Tierra. Este a\u00f1o estaremos cerrando el primer ciclo de 4 a\u00f1os consecutivos de reuni\u00f3n [&hellip;]\" \/>\n<meta property=\"og:url\" content=\"https:\/\/www.fraczinet.cl\/sitio\/2012\/08\/31\/raices-de-la-tierra-2012-1-al-4-de-noviembre-region-de-valparaiso-chile\/\" \/>\n<meta property=\"og:site_name\" content=\"Nuestro Bio B\u00edo\" \/>\n<meta property=\"article:published_time\" content=\"2012-08-31T03:24:00+00:00\" \/>\n<meta property=\"og:image\" content=\"https:\/\/www.fraczinet.cl\/sitio\/wp-content\/uploads\/2021\/07\/bannerlogo-1.gif\" \/>\n\t<meta property=\"og:image:width\" content=\"159\" \/>\n\t<meta property=\"og:image:height\" content=\"79\" \/>\n\t<meta property=\"og:image:type\" content=\"image\/gif\" \/>\n<meta name=\"author\" content=\"admin\" \/>\n<meta name=\"twitter:card\" content=\"summary_large_image\" \/>\n<meta name=\"twitter:creator\" content=\"@nuestrobiobio\" \/>\n<meta name=\"twitter:site\" content=\"@nuestrobiobio\" \/>\n<meta name=\"twitter:label1\" content=\"Escrito por\" \/>\n\t<meta name=\"twitter:data1\" content=\"admin\" \/>\n\t<meta name=\"twitter:label2\" content=\"Tiempo de lectura\" \/>\n\t<meta name=\"twitter:data2\" content=\"3 minutos\" \/>\n<script type=\"application\/ld+json\" class=\"yoast-schema-graph\">{\"@context\":\"https:\/\/schema.org\",\"@graph\":[{\"@type\":\"Article\",\"@id\":\"https:\/\/www.fraczinet.cl\/sitio\/2012\/08\/31\/raices-de-la-tierra-2012-1-al-4-de-noviembre-region-de-valparaiso-chile\/#article\",\"isPartOf\":{\"@id\":\"https:\/\/www.fraczinet.cl\/sitio\/2012\/08\/31\/raices-de-la-tierra-2012-1-al-4-de-noviembre-region-de-valparaiso-chile\/\"},\"author\":{\"name\":\"admin\",\"@id\":\"https:\/\/www.fraczinet.cl\/sitio\/#\/schema\/person\/bc30f98e9cb10ae7e119dbe14bc93784\"},\"headline\":\"Ra\u00edces De La Tierra 2012 &#8211; 1 Al 4 De Noviembre, Regi\u00f3n De Valpara\u00edso, Chile\",\"datePublished\":\"2012-08-31T03:24:00+00:00\",\"mainEntityOfPage\":{\"@id\":\"https:\/\/www.fraczinet.cl\/sitio\/2012\/08\/31\/raices-de-la-tierra-2012-1-al-4-de-noviembre-region-de-valparaiso-chile\/\"},\"wordCount\":567,\"commentCount\":0,\"publisher\":{\"@id\":\"https:\/\/www.fraczinet.cl\/sitio\/#\/schema\/person\/aec8ee4da68df2b9b0eefdad24a0d582\"},\"articleSection\":[\"Festivales\",\"Valpara\u00edso\"],\"inLanguage\":\"es\",\"potentialAction\":[{\"@type\":\"CommentAction\",\"name\":\"Comment\",\"target\":[\"https:\/\/www.fraczinet.cl\/sitio\/2012\/08\/31\/raices-de-la-tierra-2012-1-al-4-de-noviembre-region-de-valparaiso-chile\/#respond\"]}]},{\"@type\":\"WebPage\",\"@id\":\"https:\/\/www.fraczinet.cl\/sitio\/2012\/08\/31\/raices-de-la-tierra-2012-1-al-4-de-noviembre-region-de-valparaiso-chile\/\",\"url\":\"https:\/\/www.fraczinet.cl\/sitio\/2012\/08\/31\/raices-de-la-tierra-2012-1-al-4-de-noviembre-region-de-valparaiso-chile\/\",\"name\":\"Ra\u00edces De La Tierra 2012 - 1 Al 4 De Noviembre, Regi\u00f3n De Valpara\u00edso, Chile - Nuestro Bio B\u00edo\",\"isPartOf\":{\"@id\":\"https:\/\/www.fraczinet.cl\/sitio\/#website\"},\"datePublished\":\"2012-08-31T03:24:00+00:00\",\"breadcrumb\":{\"@id\":\"https:\/\/www.fraczinet.cl\/sitio\/2012\/08\/31\/raices-de-la-tierra-2012-1-al-4-de-noviembre-region-de-valparaiso-chile\/#breadcrumb\"},\"inLanguage\":\"es\",\"potentialAction\":[{\"@type\":\"ReadAction\",\"target\":[\"https:\/\/www.fraczinet.cl\/sitio\/2012\/08\/31\/raices-de-la-tierra-2012-1-al-4-de-noviembre-region-de-valparaiso-chile\/\"]}]},{\"@type\":\"BreadcrumbList\",\"@id\":\"https:\/\/www.fraczinet.cl\/sitio\/2012\/08\/31\/raices-de-la-tierra-2012-1-al-4-de-noviembre-region-de-valparaiso-chile\/#breadcrumb\",\"itemListElement\":[{\"@type\":\"ListItem\",\"position\":1,\"name\":\"Portada\",\"item\":\"https:\/\/www.fraczinet.cl\/sitio\/\"},{\"@type\":\"ListItem\",\"position\":2,\"name\":\"Ra\u00edces De La Tierra 2012 &#8211; 1 Al 4 De Noviembre, Regi\u00f3n De Valpara\u00edso, Chile\"}]},{\"@type\":\"WebSite\",\"@id\":\"https:\/\/www.fraczinet.cl\/sitio\/#website\",\"url\":\"https:\/\/www.fraczinet.cl\/sitio\/\",\"name\":\"Nuestro Bio B\u00edo\",\"description\":\"Tierra de Encuentros\",\"publisher\":{\"@id\":\"https:\/\/www.fraczinet.cl\/sitio\/#\/schema\/person\/aec8ee4da68df2b9b0eefdad24a0d582\"},\"potentialAction\":[{\"@type\":\"SearchAction\",\"target\":{\"@type\":\"EntryPoint\",\"urlTemplate\":\"https:\/\/www.fraczinet.cl\/sitio\/?s={search_term_string}\"},\"query-input\":{\"@type\":\"PropertyValueSpecification\",\"valueRequired\":true,\"valueName\":\"search_term_string\"}}],\"inLanguage\":\"es\"},{\"@type\":[\"Person\",\"Organization\"],\"@id\":\"https:\/\/www.fraczinet.cl\/sitio\/#\/schema\/person\/aec8ee4da68df2b9b0eefdad24a0d582\",\"name\":\"Luis Fernando Fraczinet\",\"image\":{\"@type\":\"ImageObject\",\"inLanguage\":\"es\",\"@id\":\"https:\/\/www.fraczinet.cl\/sitio\/#\/schema\/person\/image\/\",\"url\":\"https:\/\/www.fraczinet.cl\/sitio\/wp-content\/uploads\/2021\/07\/bannerlogo-1.gif\",\"contentUrl\":\"https:\/\/www.fraczinet.cl\/sitio\/wp-content\/uploads\/2021\/07\/bannerlogo-1.gif\",\"width\":159,\"height\":79,\"caption\":\"Luis Fernando Fraczinet\"},\"logo\":{\"@id\":\"https:\/\/www.fraczinet.cl\/sitio\/#\/schema\/person\/image\/\"},\"sameAs\":[\"https:\/\/www.fraczinet.cl\/sitio\/\"]},{\"@type\":\"Person\",\"@id\":\"https:\/\/www.fraczinet.cl\/sitio\/#\/schema\/person\/bc30f98e9cb10ae7e119dbe14bc93784\",\"name\":\"admin\",\"image\":{\"@type\":\"ImageObject\",\"inLanguage\":\"es\",\"@id\":\"https:\/\/www.fraczinet.cl\/sitio\/#\/schema\/person\/image\/\",\"url\":\"https:\/\/secure.gravatar.com\/avatar\/d5ad3cf7ef3b23a2bb5be73be780c86b2fc8545c3ad6b149f3913ff458c00099?s=96&d=mm&r=g\",\"contentUrl\":\"https:\/\/secure.gravatar.com\/avatar\/d5ad3cf7ef3b23a2bb5be73be780c86b2fc8545c3ad6b149f3913ff458c00099?s=96&d=mm&r=g\",\"caption\":\"admin\"},\"sameAs\":[\"https:\/\/www.fraczinet.cl\/sitio\"]}]}<\/script>\n<!-- \/ Yoast SEO plugin. -->","yoast_head_json":{"title":"Ra\u00edces De La Tierra 2012 - 1 Al 4 De Noviembre, Regi\u00f3n De Valpara\u00edso, Chile - Nuestro Bio B\u00edo","robots":{"index":"index","follow":"follow","max-snippet":"max-snippet:-1","max-image-preview":"max-image-preview:large","max-video-preview":"max-video-preview:-1"},"canonical":"https:\/\/www.fraczinet.cl\/sitio\/2012\/08\/31\/raices-de-la-tierra-2012-1-al-4-de-noviembre-region-de-valparaiso-chile\/","og_locale":"es_ES","og_type":"article","og_title":"Ra\u00edces De La Tierra 2012 - 1 Al 4 De Noviembre, Regi\u00f3n De Valpara\u00edso, Chile - Nuestro Bio B\u00edo","og_description":"Invitaci\u00f3n a participar de Ra\u00edces de la Tierra 2012 Durante 4 d\u00edas consecutivos en el Valle de Casablanca, Quepilcho, Regi\u00f3n de Valpara\u00edso de Chile, se reunir\u00e1n representantes espirituales ind\u00edgenas de todo Am\u00e9rica para transmitir su conocimiento y rezar por la Madre Tierra. Este a\u00f1o estaremos cerrando el primer ciclo de 4 a\u00f1os consecutivos de reuni\u00f3n [&hellip;]","og_url":"https:\/\/www.fraczinet.cl\/sitio\/2012\/08\/31\/raices-de-la-tierra-2012-1-al-4-de-noviembre-region-de-valparaiso-chile\/","og_site_name":"Nuestro Bio B\u00edo","article_published_time":"2012-08-31T03:24:00+00:00","og_image":[{"width":159,"height":79,"url":"https:\/\/www.fraczinet.cl\/sitio\/wp-content\/uploads\/2021\/07\/bannerlogo-1.gif","type":"image\/gif"}],"author":"admin","twitter_card":"summary_large_image","twitter_creator":"@nuestrobiobio","twitter_site":"@nuestrobiobio","twitter_misc":{"Escrito por":"admin","Tiempo de lectura":"3 minutos"},"schema":{"@context":"https:\/\/schema.org","@graph":[{"@type":"Article","@id":"https:\/\/www.fraczinet.cl\/sitio\/2012\/08\/31\/raices-de-la-tierra-2012-1-al-4-de-noviembre-region-de-valparaiso-chile\/#article","isPartOf":{"@id":"https:\/\/www.fraczinet.cl\/sitio\/2012\/08\/31\/raices-de-la-tierra-2012-1-al-4-de-noviembre-region-de-valparaiso-chile\/"},"author":{"name":"admin","@id":"https:\/\/www.fraczinet.cl\/sitio\/#\/schema\/person\/bc30f98e9cb10ae7e119dbe14bc93784"},"headline":"Ra\u00edces De La Tierra 2012 &#8211; 1 Al 4 De Noviembre, Regi\u00f3n De Valpara\u00edso, Chile","datePublished":"2012-08-31T03:24:00+00:00","mainEntityOfPage":{"@id":"https:\/\/www.fraczinet.cl\/sitio\/2012\/08\/31\/raices-de-la-tierra-2012-1-al-4-de-noviembre-region-de-valparaiso-chile\/"},"wordCount":567,"commentCount":0,"publisher":{"@id":"https:\/\/www.fraczinet.cl\/sitio\/#\/schema\/person\/aec8ee4da68df2b9b0eefdad24a0d582"},"articleSection":["Festivales","Valpara\u00edso"],"inLanguage":"es","potentialAction":[{"@type":"CommentAction","name":"Comment","target":["https:\/\/www.fraczinet.cl\/sitio\/2012\/08\/31\/raices-de-la-tierra-2012-1-al-4-de-noviembre-region-de-valparaiso-chile\/#respond"]}]},{"@type":"WebPage","@id":"https:\/\/www.fraczinet.cl\/sitio\/2012\/08\/31\/raices-de-la-tierra-2012-1-al-4-de-noviembre-region-de-valparaiso-chile\/","url":"https:\/\/www.fraczinet.cl\/sitio\/2012\/08\/31\/raices-de-la-tierra-2012-1-al-4-de-noviembre-region-de-valparaiso-chile\/","name":"Ra\u00edces De La Tierra 2012 - 1 Al 4 De Noviembre, Regi\u00f3n De Valpara\u00edso, Chile - Nuestro Bio B\u00edo","isPartOf":{"@id":"https:\/\/www.fraczinet.cl\/sitio\/#website"},"datePublished":"2012-08-31T03:24:00+00:00","breadcrumb":{"@id":"https:\/\/www.fraczinet.cl\/sitio\/2012\/08\/31\/raices-de-la-tierra-2012-1-al-4-de-noviembre-region-de-valparaiso-chile\/#breadcrumb"},"inLanguage":"es","potentialAction":[{"@type":"ReadAction","target":["https:\/\/www.fraczinet.cl\/sitio\/2012\/08\/31\/raices-de-la-tierra-2012-1-al-4-de-noviembre-region-de-valparaiso-chile\/"]}]},{"@type":"BreadcrumbList","@id":"https:\/\/www.fraczinet.cl\/sitio\/2012\/08\/31\/raices-de-la-tierra-2012-1-al-4-de-noviembre-region-de-valparaiso-chile\/#breadcrumb","itemListElement":[{"@type":"ListItem","position":1,"name":"Portada","item":"https:\/\/www.fraczinet.cl\/sitio\/"},{"@type":"ListItem","position":2,"name":"Ra\u00edces De La Tierra 2012 &#8211; 1 Al 4 De Noviembre, Regi\u00f3n De Valpara\u00edso, Chile"}]},{"@type":"WebSite","@id":"https:\/\/www.fraczinet.cl\/sitio\/#website","url":"https:\/\/www.fraczinet.cl\/sitio\/","name":"Nuestro Bio B\u00edo","description":"Tierra de Encuentros","publisher":{"@id":"https:\/\/www.fraczinet.cl\/sitio\/#\/schema\/person\/aec8ee4da68df2b9b0eefdad24a0d582"},"potentialAction":[{"@type":"SearchAction","target":{"@type":"EntryPoint","urlTemplate":"https:\/\/www.fraczinet.cl\/sitio\/?s={search_term_string}"},"query-input":{"@type":"PropertyValueSpecification","valueRequired":true,"valueName":"search_term_string"}}],"inLanguage":"es"},{"@type":["Person","Organization"],"@id":"https:\/\/www.fraczinet.cl\/sitio\/#\/schema\/person\/aec8ee4da68df2b9b0eefdad24a0d582","name":"Luis Fernando Fraczinet","image":{"@type":"ImageObject","inLanguage":"es","@id":"https:\/\/www.fraczinet.cl\/sitio\/#\/schema\/person\/image\/","url":"https:\/\/www.fraczinet.cl\/sitio\/wp-content\/uploads\/2021\/07\/bannerlogo-1.gif","contentUrl":"https:\/\/www.fraczinet.cl\/sitio\/wp-content\/uploads\/2021\/07\/bannerlogo-1.gif","width":159,"height":79,"caption":"Luis Fernando Fraczinet"},"logo":{"@id":"https:\/\/www.fraczinet.cl\/sitio\/#\/schema\/person\/image\/"},"sameAs":["https:\/\/www.fraczinet.cl\/sitio\/"]},{"@type":"Person","@id":"https:\/\/www.fraczinet.cl\/sitio\/#\/schema\/person\/bc30f98e9cb10ae7e119dbe14bc93784","name":"admin","image":{"@type":"ImageObject","inLanguage":"es","@id":"https:\/\/www.fraczinet.cl\/sitio\/#\/schema\/person\/image\/","url":"https:\/\/secure.gravatar.com\/avatar\/d5ad3cf7ef3b23a2bb5be73be780c86b2fc8545c3ad6b149f3913ff458c00099?s=96&d=mm&r=g","contentUrl":"https:\/\/secure.gravatar.com\/avatar\/d5ad3cf7ef3b23a2bb5be73be780c86b2fc8545c3ad6b149f3913ff458c00099?s=96&d=mm&r=g","caption":"admin"},"sameAs":["https:\/\/www.fraczinet.cl\/sitio"]}]}},"_links":{"self":[{"href":"https:\/\/www.fraczinet.cl\/sitio\/wp-json\/wp\/v2\/posts\/5721","targetHints":{"allow":["GET"]}}],"collection":[{"href":"https:\/\/www.fraczinet.cl\/sitio\/wp-json\/wp\/v2\/posts"}],"about":[{"href":"https:\/\/www.fraczinet.cl\/sitio\/wp-json\/wp\/v2\/types\/post"}],"author":[{"embeddable":true,"href":"https:\/\/www.fraczinet.cl\/sitio\/wp-json\/wp\/v2\/users\/1"}],"replies":[{"embeddable":true,"href":"https:\/\/www.fraczinet.cl\/sitio\/wp-json\/wp\/v2\/comments?post=5721"}],"version-history":[{"count":0,"href":"https:\/\/www.fraczinet.cl\/sitio\/wp-json\/wp\/v2\/posts\/5721\/revisions"}],"wp:attachment":[{"href":"https:\/\/www.fraczinet.cl\/sitio\/wp-json\/wp\/v2\/media?parent=5721"}],"wp:term":[{"taxonomy":"category","embeddable":true,"href":"https:\/\/www.fraczinet.cl\/sitio\/wp-json\/wp\/v2\/categories?post=5721"},{"taxonomy":"post_tag","embeddable":true,"href":"https:\/\/www.fraczinet.cl\/sitio\/wp-json\/wp\/v2\/tags?post=5721"}],"curies":[{"name":"wp","href":"https:\/\/api.w.org\/{rel}","templated":true}]}}