{"id":5723,"date":"2012-08-22T13:09:00","date_gmt":"2012-08-22T13:09:00","guid":{"rendered":"https:\/\/www.fraczinet.cl\/sitio\/2012\/08\/22\/movimiento-estudiantil-chileno-hacia-una-nueva-sociedad-un-paso-desde-la-demanda-sectorial-a-la-solidaridad-en-la-accion\/"},"modified":"2012-08-22T13:09:00","modified_gmt":"2012-08-22T13:09:00","slug":"movimiento-estudiantil-chileno-hacia-una-nueva-sociedad-un-paso-desde-la-demanda-sectorial-a-la-solidaridad-en-la-accion","status":"publish","type":"post","link":"https:\/\/www.fraczinet.cl\/sitio\/2012\/08\/22\/movimiento-estudiantil-chileno-hacia-una-nueva-sociedad-un-paso-desde-la-demanda-sectorial-a-la-solidaridad-en-la-accion\/","title":{"rendered":"Movimiento Estudiantil Chileno Hacia Una Nueva Sociedad Un Paso Desde La Demanda Sectorial A La Solidaridad En La Acci\u00f3n"},"content":{"rendered":"<p><span style=\"font-weight: bold;\">Movimiento Estudiantil Chileno Hacia Una Nueva Sociedad Un Paso Desde La Demanda Sectorial A La Solidaridad En La Acci\u00f3n<\/span><\/p>\n<p>por Elo\u00edsa Gonz\u00e1lez Dom\u00ednguez<\/p>\n<p>Las luchas del a\u00f1o pasado ense\u00f1aron que la movilizaci\u00f3n es la \u00fanica forma para ser escuchados; el desprestigio de la institucionalidad como interlocutor hacia los movimientos sociales; y la necesidad de constituir un movimiento transversal desde donde plantear alternativas al sistema neoliberal en todos los planos. Las movilizaciones del a\u00f1o pasado, para algunos \u201cLa primavera de Chile\u201d, es el estallido tras un largo proceso de aprendizaje, movilizaci\u00f3n y reflexi\u00f3n de los estudiantes respecto del significado del derecho a la educaci\u00f3n y que, en el 2011, tomaron forma en<br \/>dos grandes ejes articuladores del movimiento: La gratuidad de la educaci\u00f3n y el fin al lucro. En el caso de los secundarios, la gratuidad significa el t\u00e9rmino de las subvenciones y aportes compartidos, tanto a nivel municipal como particular subvencionado. El fin al lucro significa poner t\u00e9rmino al negocio del sistema particular subvencionado con los fondos p\u00fablicos; el fin al lucro y la gratuidad significan que el Estado garantice y reconozca la educaci\u00f3n como un bien p\u00fablico y como un derecho social.<\/p>\n<p>En ese sentido, los estudiantes de base, en particular nosotros, los estudiantes secundarios, luego de las experiencias de las movilizaciones de los a\u00f1os 2006 y 2008, hab\u00edamos concluido en que el origen de la crisis que viv\u00edamos se encontraba en los cimientos mismos del sistema educativo. Nuestras conclusiones y reflexiones fueron ignoradas, fuimos tambi\u00e9n enga\u00f1ados una y otra vez por autoridades y partidos tradicionales de la institucionalidad chilena. Y entonces aprendimos que s\u00f3lo la masividad, la solidaridad y la fuerza de nuestras acciones (tomas, paros, cortes de calle,<br \/>marchas) obligar\u00eda a los partidos y a las autoridades a asumir la evidencia de la crisis y dar un vuelco en la discusi\u00f3n.<\/p>\n<p>No fuimos los \u00fanicos ignorados, quiz\u00e1s s\u00f3lo los primeros en ocupar durante m\u00e1s de siete meses calles, plazas y escuelas, rompiendo el cerco informativo y permeando las conciencias ciudadanas. Ese miedo que durante tantos a\u00f1os infundi\u00f3 a diestra y siniestra la dictadura, y aquel adormecimiento del pueblo, en que la mano \u201ctecnicista\u201d de la Concertaci\u00f3n pod\u00eda cooptar la protesta social, termin\u00f3 por quebrarse durante el a\u00f1o 2011, tanto por la acci\u00f3n del movimiento estudiantil como por las acciones de diversos movimientos con sus demandas respectivas, (por ejemplo, el movimiento en contra de HidroAys\u00e9n y el \u201cpuntarenazo\u201d). El 2011 signific\u00f3 entonces la instalaci\u00f3n, tanto para el movimiento estudiantil como para diversos actores sociales, de nuevas l\u00f3gicas frente a la ausencia de respuestas a las demandas ciudadanas.<\/p>\n<p>Las l\u00f3gicas<\/p>\n<p>De estas l\u00f3gicas se pueden distinguir tres principales: la movilizaci\u00f3n como \u00fanica forma para ser escuchados; el desprestigio de la institucionalidad como interlocutor hacia los movimientos sociales; y la necesidad de constituir un movimiento transversal desde donde plantear alternativas al sistema neoliberal en todos los planos. El modelo asamble\u00edsta con que ha funcionado el movimiento secundario ha facilitado la permanencia y el progreso de estas l\u00f3gicas; cada generaci\u00f3n que participa de \u00e9stas, sin la distancia entre dirigentes y bases, permitiendo mayor amplitud, llegada y participaci\u00f3n a los sectores menos articulados del movimiento.<\/p>\n<p>La visi\u00f3n que tenemos los estudiantes secundarios surge desde nuestras propias vivencias, que a diario nos demuestran las contradicciones m\u00e1s palpables del sistema capitalista: cuando faltan sillas, agua, luz, profesores, y las toneladas de dinero destinadas a la educaci\u00f3n llegan a los bolsillos de sostenedores y municipios, divisamos el predominio de un criterio mercantil en la educaci\u00f3n. El que las universidades p\u00fablicas incluyan medidas como el ranking como factor de ponderaci\u00f3n, no corrige la desigualdad ni las p\u00e9simas condiciones de formaci\u00f3n en que muchos estudiantes<br \/>acceder\u00e1n a la universidad. El problema est\u00e1 en la formaci\u00f3n previa, all\u00ed se concreta la segregaci\u00f3n y all\u00ed se zanja el futuro de los j\u00f3venes.<\/p>\n<p>Hoy las matr\u00edculas en la educaci\u00f3n municipal han disminuido peligrosamente, la migraci\u00f3n ha sido desde la educaci\u00f3n p\u00fablica hacia los particulares subvencionados y pagados. El sistema impone la b\u00fasqueda de lucro, puesto que se alimenta de \u00e9ste y del endeudamiento de las familias, la nueva forma esclavizadora del neoliberalismo chileno. Bajo esta realidad, hemos desarrollado un rechazo a la institucionalidad vigente que no ha entregado ni quiere entregar soluci\u00f3n alguna a estos problemas.<\/p>\n<p>A favor del lucro El rechazo de la C\u00e1mara de Diputados al informe sobre el lucro en la educaci\u00f3n superior indica que el Parlamento no s\u00f3lo no ha aprendido a representar a los ciudadanos, sino que, una vez m\u00e1s, en cuanto a la educaci\u00f3n o los recursos del mar, vota para los que lucran con nuestras vidas, nuestros sue\u00f1os, nuestra salud y con los recursos de todos los habitantes de Chile. Adem\u00e1s, quienes hoy tienen el poder han encontrado su punto de consenso a trav\u00e9s de la aprobaci\u00f3n progresiva de leyes criminalizadoras de los movimientos sociales, como la ley anti encapuchados (aprobada el mi\u00e9rcoles 18 de julio) y la ley Hinzpeter que prontamente ser\u00e1 avalada por estos mismos parlamentarios. En este contexto, \u00bfqu\u00e9 puede pretender como legitimidad un poder ciego y sordo a las demandas de los ciudadanos? Bajo estas circunstancias, los secundarios a nivel nacional apostamos a avanzar con nuestros padres y madres, con los pobladores, con los trabajadores. Queremos avanzar tomando como base la \u201cPropuesta para la educaci\u00f3n que queremos\u201d, entregada en diciembre del 2011 (1). En ella subrayamos tres elementos.<\/p>\n<p>El primero, es la reivindicaci\u00f3n de un sistema nacional de educaci\u00f3n gratuito en todos los niveles.<\/p>\n<p>Un sistema que se articule con excelencia y con coherencia a las necesidades del pa\u00eds y de cada comunidad, y que consagre la educaci\u00f3n como un derecho fundamental. El segundo elemento, es que este sistema cuente con control comunitario remplazando el actual modelo municipal. Por control comunitario entendemos que sean las comunidades escolares y los habitantes de cada territorio quienes decidan sobre gesti\u00f3n y planes de ense\u00f1anza. Las comunidades pueden, con un buen apoyo t\u00e9cnico, asumir este desaf\u00edo. Finalmente, una vez m\u00e1s, el t\u00e9rmino del lucro con los recursos del Estado. Para ello creemos que es preciso avanzar en la mayor y mejor solidaridad entre estudiantes, trabajadores y pobladores. Esto es lo que hemos querido expresar este a\u00f1o, no s\u00f3lo en el discurso, sino tambi\u00e9n en la acci\u00f3n. Es as\u00ed que debe entenderse la ocupaci\u00f3n de la empresa Konecta Chile por trabajadores y estudiantes.<\/p>\n<p>No es coincidencia que hoy existan diversos sectores productivos que se encuentren movilizados en busca de la mejora de condiciones laborales, este fen\u00f3meno responde al sentido que instalaron los estudiantes, primero, y luego los habitantes de Ays\u00e9n, Pelequ\u00e9n y Freirina, entre otros: \u201cEl que no llora no mama\u201d. Pero, hay que ir haci\u00e9ndolo juntos. Necesitamos la articulaci\u00f3n de todas las luchas en la misma movilizaci\u00f3n callejera, en donde nuestras experiencias y el compartir vivencias se convierte en una relaci\u00f3n de reciprocidad y de solidaridad que poco a poco va dinamizando nuevamente a todos los sectores. El esp\u00edritu de la \u201cPropuesta para la educaci\u00f3n que queremos\u201d y que hoy diversos liceos del pa\u00eds y plenos universitarios, entre ellos el Pedag\u00f3gico y la Universidad Central, han discutido y analizado para incluirla en sus banderas de lucha, se nutre de esta idea fuerza. Y es que el poder comunitario, como concepto puesto en pr\u00e1ctica, ha mostrado que puede dar frutos.<\/p>\n<p><span style=\"font-weight: bold;\">*Elo\u00edsa Gonz\u00e1lez.<br \/>Asamblea Coordinadora de Estudiantes Secundarios (ACES)<\/span><br \/>1 Ver texto completo de la propuesta en<br \/><a href=\"http:\/\/www.movilizatechile.cl\/2012\/05\/aces-chile-propuesta-para-la-educacion-que-queremos\">http:\/\/www.movilizatechile.cl\/2012\/05\/aces-chile-propuesta-para-la-educacion-que-queremos<\/a><\/p>\n","protected":false},"excerpt":{"rendered":"<p>Movimiento Estudiantil Chileno Hacia Una Nueva Sociedad Un Paso Desde La Demanda Sectorial A La Solidaridad En La Acci\u00f3n por Elo\u00edsa Gonz\u00e1lez Dom\u00ednguez Las luchas del a\u00f1o pasado ense\u00f1aron que la movilizaci\u00f3n es la \u00fanica forma para ser escuchados; el desprestigio de la institucionalidad como interlocutor hacia los movimientos sociales; y la necesidad de constituir [&hellip;]<\/p>\n","protected":false},"author":1,"featured_media":0,"comment_status":"open","ping_status":"open","sticky":false,"template":"","format":"standard","meta":{"footnotes":""},"categories":[113],"tags":[],"class_list":["post-5723","post","type-post","status-publish","format-standard","hentry","category-ciudadania"],"yoast_head":"<!-- This site is optimized with the Yoast SEO plugin v25.0 - https:\/\/yoast.com\/wordpress\/plugins\/seo\/ -->\n<title>Movimiento Estudiantil Chileno Hacia Una Nueva Sociedad Un Paso Desde La Demanda Sectorial A La Solidaridad En La Acci\u00f3n - Nuestro Bio B\u00edo<\/title>\n<meta name=\"robots\" content=\"index, follow, max-snippet:-1, max-image-preview:large, max-video-preview:-1\" \/>\n<link rel=\"canonical\" href=\"https:\/\/www.fraczinet.cl\/sitio\/2012\/08\/22\/movimiento-estudiantil-chileno-hacia-una-nueva-sociedad-un-paso-desde-la-demanda-sectorial-a-la-solidaridad-en-la-accion\/\" \/>\n<meta property=\"og:locale\" content=\"es_ES\" \/>\n<meta property=\"og:type\" content=\"article\" \/>\n<meta property=\"og:title\" content=\"Movimiento Estudiantil Chileno Hacia Una Nueva Sociedad Un Paso Desde La Demanda Sectorial A La Solidaridad En La Acci\u00f3n - Nuestro Bio B\u00edo\" \/>\n<meta property=\"og:description\" content=\"Movimiento Estudiantil Chileno Hacia Una Nueva Sociedad Un Paso Desde La Demanda Sectorial A La Solidaridad En La Acci\u00f3n por Elo\u00edsa Gonz\u00e1lez Dom\u00ednguez Las luchas del a\u00f1o pasado ense\u00f1aron que la movilizaci\u00f3n es la \u00fanica forma para ser escuchados; el desprestigio de la institucionalidad como interlocutor hacia los movimientos sociales; y la necesidad de constituir [&hellip;]\" \/>\n<meta property=\"og:url\" content=\"https:\/\/www.fraczinet.cl\/sitio\/2012\/08\/22\/movimiento-estudiantil-chileno-hacia-una-nueva-sociedad-un-paso-desde-la-demanda-sectorial-a-la-solidaridad-en-la-accion\/\" \/>\n<meta property=\"og:site_name\" content=\"Nuestro Bio B\u00edo\" \/>\n<meta property=\"article:published_time\" content=\"2012-08-22T13:09:00+00:00\" \/>\n<meta property=\"og:image\" content=\"https:\/\/www.fraczinet.cl\/sitio\/wp-content\/uploads\/2021\/07\/bannerlogo-1.gif\" \/>\n\t<meta property=\"og:image:width\" content=\"159\" \/>\n\t<meta property=\"og:image:height\" content=\"79\" \/>\n\t<meta property=\"og:image:type\" content=\"image\/gif\" \/>\n<meta name=\"author\" content=\"admin\" \/>\n<meta name=\"twitter:card\" content=\"summary_large_image\" \/>\n<meta name=\"twitter:creator\" content=\"@nuestrobiobio\" \/>\n<meta name=\"twitter:site\" content=\"@nuestrobiobio\" \/>\n<meta name=\"twitter:label1\" content=\"Escrito por\" \/>\n\t<meta name=\"twitter:data1\" content=\"admin\" \/>\n\t<meta name=\"twitter:label2\" content=\"Tiempo de lectura\" \/>\n\t<meta name=\"twitter:data2\" content=\"7 minutos\" \/>\n<script type=\"application\/ld+json\" class=\"yoast-schema-graph\">{\"@context\":\"https:\/\/schema.org\",\"@graph\":[{\"@type\":\"Article\",\"@id\":\"https:\/\/www.fraczinet.cl\/sitio\/2012\/08\/22\/movimiento-estudiantil-chileno-hacia-una-nueva-sociedad-un-paso-desde-la-demanda-sectorial-a-la-solidaridad-en-la-accion\/#article\",\"isPartOf\":{\"@id\":\"https:\/\/www.fraczinet.cl\/sitio\/2012\/08\/22\/movimiento-estudiantil-chileno-hacia-una-nueva-sociedad-un-paso-desde-la-demanda-sectorial-a-la-solidaridad-en-la-accion\/\"},\"author\":{\"name\":\"admin\",\"@id\":\"https:\/\/www.fraczinet.cl\/sitio\/#\/schema\/person\/bc30f98e9cb10ae7e119dbe14bc93784\"},\"headline\":\"Movimiento Estudiantil Chileno Hacia Una Nueva Sociedad Un Paso Desde La Demanda Sectorial A La Solidaridad En La Acci\u00f3n\",\"datePublished\":\"2012-08-22T13:09:00+00:00\",\"mainEntityOfPage\":{\"@id\":\"https:\/\/www.fraczinet.cl\/sitio\/2012\/08\/22\/movimiento-estudiantil-chileno-hacia-una-nueva-sociedad-un-paso-desde-la-demanda-sectorial-a-la-solidaridad-en-la-accion\/\"},\"wordCount\":1338,\"commentCount\":0,\"publisher\":{\"@id\":\"https:\/\/www.fraczinet.cl\/sitio\/#\/schema\/person\/aec8ee4da68df2b9b0eefdad24a0d582\"},\"articleSection\":[\"Ciudadan\u00eda\"],\"inLanguage\":\"es\",\"potentialAction\":[{\"@type\":\"CommentAction\",\"name\":\"Comment\",\"target\":[\"https:\/\/www.fraczinet.cl\/sitio\/2012\/08\/22\/movimiento-estudiantil-chileno-hacia-una-nueva-sociedad-un-paso-desde-la-demanda-sectorial-a-la-solidaridad-en-la-accion\/#respond\"]}]},{\"@type\":\"WebPage\",\"@id\":\"https:\/\/www.fraczinet.cl\/sitio\/2012\/08\/22\/movimiento-estudiantil-chileno-hacia-una-nueva-sociedad-un-paso-desde-la-demanda-sectorial-a-la-solidaridad-en-la-accion\/\",\"url\":\"https:\/\/www.fraczinet.cl\/sitio\/2012\/08\/22\/movimiento-estudiantil-chileno-hacia-una-nueva-sociedad-un-paso-desde-la-demanda-sectorial-a-la-solidaridad-en-la-accion\/\",\"name\":\"Movimiento Estudiantil Chileno Hacia Una Nueva Sociedad Un Paso Desde La Demanda Sectorial A La Solidaridad En La Acci\u00f3n - Nuestro Bio B\u00edo\",\"isPartOf\":{\"@id\":\"https:\/\/www.fraczinet.cl\/sitio\/#website\"},\"datePublished\":\"2012-08-22T13:09:00+00:00\",\"breadcrumb\":{\"@id\":\"https:\/\/www.fraczinet.cl\/sitio\/2012\/08\/22\/movimiento-estudiantil-chileno-hacia-una-nueva-sociedad-un-paso-desde-la-demanda-sectorial-a-la-solidaridad-en-la-accion\/#breadcrumb\"},\"inLanguage\":\"es\",\"potentialAction\":[{\"@type\":\"ReadAction\",\"target\":[\"https:\/\/www.fraczinet.cl\/sitio\/2012\/08\/22\/movimiento-estudiantil-chileno-hacia-una-nueva-sociedad-un-paso-desde-la-demanda-sectorial-a-la-solidaridad-en-la-accion\/\"]}]},{\"@type\":\"BreadcrumbList\",\"@id\":\"https:\/\/www.fraczinet.cl\/sitio\/2012\/08\/22\/movimiento-estudiantil-chileno-hacia-una-nueva-sociedad-un-paso-desde-la-demanda-sectorial-a-la-solidaridad-en-la-accion\/#breadcrumb\",\"itemListElement\":[{\"@type\":\"ListItem\",\"position\":1,\"name\":\"Portada\",\"item\":\"https:\/\/www.fraczinet.cl\/sitio\/\"},{\"@type\":\"ListItem\",\"position\":2,\"name\":\"Movimiento Estudiantil Chileno Hacia Una Nueva Sociedad Un Paso Desde La Demanda Sectorial A La Solidaridad En La Acci\u00f3n\"}]},{\"@type\":\"WebSite\",\"@id\":\"https:\/\/www.fraczinet.cl\/sitio\/#website\",\"url\":\"https:\/\/www.fraczinet.cl\/sitio\/\",\"name\":\"Nuestro Bio B\u00edo\",\"description\":\"Tierra de Encuentros\",\"publisher\":{\"@id\":\"https:\/\/www.fraczinet.cl\/sitio\/#\/schema\/person\/aec8ee4da68df2b9b0eefdad24a0d582\"},\"potentialAction\":[{\"@type\":\"SearchAction\",\"target\":{\"@type\":\"EntryPoint\",\"urlTemplate\":\"https:\/\/www.fraczinet.cl\/sitio\/?s={search_term_string}\"},\"query-input\":{\"@type\":\"PropertyValueSpecification\",\"valueRequired\":true,\"valueName\":\"search_term_string\"}}],\"inLanguage\":\"es\"},{\"@type\":[\"Person\",\"Organization\"],\"@id\":\"https:\/\/www.fraczinet.cl\/sitio\/#\/schema\/person\/aec8ee4da68df2b9b0eefdad24a0d582\",\"name\":\"Luis Fernando Fraczinet\",\"image\":{\"@type\":\"ImageObject\",\"inLanguage\":\"es\",\"@id\":\"https:\/\/www.fraczinet.cl\/sitio\/#\/schema\/person\/image\/\",\"url\":\"https:\/\/www.fraczinet.cl\/sitio\/wp-content\/uploads\/2021\/07\/bannerlogo-1.gif\",\"contentUrl\":\"https:\/\/www.fraczinet.cl\/sitio\/wp-content\/uploads\/2021\/07\/bannerlogo-1.gif\",\"width\":159,\"height\":79,\"caption\":\"Luis Fernando Fraczinet\"},\"logo\":{\"@id\":\"https:\/\/www.fraczinet.cl\/sitio\/#\/schema\/person\/image\/\"},\"sameAs\":[\"https:\/\/www.fraczinet.cl\/sitio\/\"]},{\"@type\":\"Person\",\"@id\":\"https:\/\/www.fraczinet.cl\/sitio\/#\/schema\/person\/bc30f98e9cb10ae7e119dbe14bc93784\",\"name\":\"admin\",\"image\":{\"@type\":\"ImageObject\",\"inLanguage\":\"es\",\"@id\":\"https:\/\/www.fraczinet.cl\/sitio\/#\/schema\/person\/image\/\",\"url\":\"https:\/\/secure.gravatar.com\/avatar\/d5ad3cf7ef3b23a2bb5be73be780c86b2fc8545c3ad6b149f3913ff458c00099?s=96&d=mm&r=g\",\"contentUrl\":\"https:\/\/secure.gravatar.com\/avatar\/d5ad3cf7ef3b23a2bb5be73be780c86b2fc8545c3ad6b149f3913ff458c00099?s=96&d=mm&r=g\",\"caption\":\"admin\"},\"sameAs\":[\"https:\/\/www.fraczinet.cl\/sitio\"]}]}<\/script>\n<!-- \/ Yoast SEO plugin. -->","yoast_head_json":{"title":"Movimiento Estudiantil Chileno Hacia Una Nueva Sociedad Un Paso Desde La Demanda Sectorial A La Solidaridad En La Acci\u00f3n - Nuestro Bio B\u00edo","robots":{"index":"index","follow":"follow","max-snippet":"max-snippet:-1","max-image-preview":"max-image-preview:large","max-video-preview":"max-video-preview:-1"},"canonical":"https:\/\/www.fraczinet.cl\/sitio\/2012\/08\/22\/movimiento-estudiantil-chileno-hacia-una-nueva-sociedad-un-paso-desde-la-demanda-sectorial-a-la-solidaridad-en-la-accion\/","og_locale":"es_ES","og_type":"article","og_title":"Movimiento Estudiantil Chileno Hacia Una Nueva Sociedad Un Paso Desde La Demanda Sectorial A La Solidaridad En La Acci\u00f3n - Nuestro Bio B\u00edo","og_description":"Movimiento Estudiantil Chileno Hacia Una Nueva Sociedad Un Paso Desde La Demanda Sectorial A La Solidaridad En La Acci\u00f3n por Elo\u00edsa Gonz\u00e1lez Dom\u00ednguez Las luchas del a\u00f1o pasado ense\u00f1aron que la movilizaci\u00f3n es la \u00fanica forma para ser escuchados; el desprestigio de la institucionalidad como interlocutor hacia los movimientos sociales; y la necesidad de constituir [&hellip;]","og_url":"https:\/\/www.fraczinet.cl\/sitio\/2012\/08\/22\/movimiento-estudiantil-chileno-hacia-una-nueva-sociedad-un-paso-desde-la-demanda-sectorial-a-la-solidaridad-en-la-accion\/","og_site_name":"Nuestro Bio B\u00edo","article_published_time":"2012-08-22T13:09:00+00:00","og_image":[{"width":159,"height":79,"url":"https:\/\/www.fraczinet.cl\/sitio\/wp-content\/uploads\/2021\/07\/bannerlogo-1.gif","type":"image\/gif"}],"author":"admin","twitter_card":"summary_large_image","twitter_creator":"@nuestrobiobio","twitter_site":"@nuestrobiobio","twitter_misc":{"Escrito por":"admin","Tiempo de lectura":"7 minutos"},"schema":{"@context":"https:\/\/schema.org","@graph":[{"@type":"Article","@id":"https:\/\/www.fraczinet.cl\/sitio\/2012\/08\/22\/movimiento-estudiantil-chileno-hacia-una-nueva-sociedad-un-paso-desde-la-demanda-sectorial-a-la-solidaridad-en-la-accion\/#article","isPartOf":{"@id":"https:\/\/www.fraczinet.cl\/sitio\/2012\/08\/22\/movimiento-estudiantil-chileno-hacia-una-nueva-sociedad-un-paso-desde-la-demanda-sectorial-a-la-solidaridad-en-la-accion\/"},"author":{"name":"admin","@id":"https:\/\/www.fraczinet.cl\/sitio\/#\/schema\/person\/bc30f98e9cb10ae7e119dbe14bc93784"},"headline":"Movimiento Estudiantil Chileno Hacia Una Nueva Sociedad Un Paso Desde La Demanda Sectorial A La Solidaridad En La Acci\u00f3n","datePublished":"2012-08-22T13:09:00+00:00","mainEntityOfPage":{"@id":"https:\/\/www.fraczinet.cl\/sitio\/2012\/08\/22\/movimiento-estudiantil-chileno-hacia-una-nueva-sociedad-un-paso-desde-la-demanda-sectorial-a-la-solidaridad-en-la-accion\/"},"wordCount":1338,"commentCount":0,"publisher":{"@id":"https:\/\/www.fraczinet.cl\/sitio\/#\/schema\/person\/aec8ee4da68df2b9b0eefdad24a0d582"},"articleSection":["Ciudadan\u00eda"],"inLanguage":"es","potentialAction":[{"@type":"CommentAction","name":"Comment","target":["https:\/\/www.fraczinet.cl\/sitio\/2012\/08\/22\/movimiento-estudiantil-chileno-hacia-una-nueva-sociedad-un-paso-desde-la-demanda-sectorial-a-la-solidaridad-en-la-accion\/#respond"]}]},{"@type":"WebPage","@id":"https:\/\/www.fraczinet.cl\/sitio\/2012\/08\/22\/movimiento-estudiantil-chileno-hacia-una-nueva-sociedad-un-paso-desde-la-demanda-sectorial-a-la-solidaridad-en-la-accion\/","url":"https:\/\/www.fraczinet.cl\/sitio\/2012\/08\/22\/movimiento-estudiantil-chileno-hacia-una-nueva-sociedad-un-paso-desde-la-demanda-sectorial-a-la-solidaridad-en-la-accion\/","name":"Movimiento Estudiantil Chileno Hacia Una Nueva Sociedad Un Paso Desde La Demanda Sectorial A La Solidaridad En La Acci\u00f3n - Nuestro Bio B\u00edo","isPartOf":{"@id":"https:\/\/www.fraczinet.cl\/sitio\/#website"},"datePublished":"2012-08-22T13:09:00+00:00","breadcrumb":{"@id":"https:\/\/www.fraczinet.cl\/sitio\/2012\/08\/22\/movimiento-estudiantil-chileno-hacia-una-nueva-sociedad-un-paso-desde-la-demanda-sectorial-a-la-solidaridad-en-la-accion\/#breadcrumb"},"inLanguage":"es","potentialAction":[{"@type":"ReadAction","target":["https:\/\/www.fraczinet.cl\/sitio\/2012\/08\/22\/movimiento-estudiantil-chileno-hacia-una-nueva-sociedad-un-paso-desde-la-demanda-sectorial-a-la-solidaridad-en-la-accion\/"]}]},{"@type":"BreadcrumbList","@id":"https:\/\/www.fraczinet.cl\/sitio\/2012\/08\/22\/movimiento-estudiantil-chileno-hacia-una-nueva-sociedad-un-paso-desde-la-demanda-sectorial-a-la-solidaridad-en-la-accion\/#breadcrumb","itemListElement":[{"@type":"ListItem","position":1,"name":"Portada","item":"https:\/\/www.fraczinet.cl\/sitio\/"},{"@type":"ListItem","position":2,"name":"Movimiento Estudiantil Chileno Hacia Una Nueva Sociedad Un Paso Desde La Demanda Sectorial A La Solidaridad En La Acci\u00f3n"}]},{"@type":"WebSite","@id":"https:\/\/www.fraczinet.cl\/sitio\/#website","url":"https:\/\/www.fraczinet.cl\/sitio\/","name":"Nuestro Bio B\u00edo","description":"Tierra de Encuentros","publisher":{"@id":"https:\/\/www.fraczinet.cl\/sitio\/#\/schema\/person\/aec8ee4da68df2b9b0eefdad24a0d582"},"potentialAction":[{"@type":"SearchAction","target":{"@type":"EntryPoint","urlTemplate":"https:\/\/www.fraczinet.cl\/sitio\/?s={search_term_string}"},"query-input":{"@type":"PropertyValueSpecification","valueRequired":true,"valueName":"search_term_string"}}],"inLanguage":"es"},{"@type":["Person","Organization"],"@id":"https:\/\/www.fraczinet.cl\/sitio\/#\/schema\/person\/aec8ee4da68df2b9b0eefdad24a0d582","name":"Luis Fernando Fraczinet","image":{"@type":"ImageObject","inLanguage":"es","@id":"https:\/\/www.fraczinet.cl\/sitio\/#\/schema\/person\/image\/","url":"https:\/\/www.fraczinet.cl\/sitio\/wp-content\/uploads\/2021\/07\/bannerlogo-1.gif","contentUrl":"https:\/\/www.fraczinet.cl\/sitio\/wp-content\/uploads\/2021\/07\/bannerlogo-1.gif","width":159,"height":79,"caption":"Luis Fernando Fraczinet"},"logo":{"@id":"https:\/\/www.fraczinet.cl\/sitio\/#\/schema\/person\/image\/"},"sameAs":["https:\/\/www.fraczinet.cl\/sitio\/"]},{"@type":"Person","@id":"https:\/\/www.fraczinet.cl\/sitio\/#\/schema\/person\/bc30f98e9cb10ae7e119dbe14bc93784","name":"admin","image":{"@type":"ImageObject","inLanguage":"es","@id":"https:\/\/www.fraczinet.cl\/sitio\/#\/schema\/person\/image\/","url":"https:\/\/secure.gravatar.com\/avatar\/d5ad3cf7ef3b23a2bb5be73be780c86b2fc8545c3ad6b149f3913ff458c00099?s=96&d=mm&r=g","contentUrl":"https:\/\/secure.gravatar.com\/avatar\/d5ad3cf7ef3b23a2bb5be73be780c86b2fc8545c3ad6b149f3913ff458c00099?s=96&d=mm&r=g","caption":"admin"},"sameAs":["https:\/\/www.fraczinet.cl\/sitio"]}]}},"_links":{"self":[{"href":"https:\/\/www.fraczinet.cl\/sitio\/wp-json\/wp\/v2\/posts\/5723","targetHints":{"allow":["GET"]}}],"collection":[{"href":"https:\/\/www.fraczinet.cl\/sitio\/wp-json\/wp\/v2\/posts"}],"about":[{"href":"https:\/\/www.fraczinet.cl\/sitio\/wp-json\/wp\/v2\/types\/post"}],"author":[{"embeddable":true,"href":"https:\/\/www.fraczinet.cl\/sitio\/wp-json\/wp\/v2\/users\/1"}],"replies":[{"embeddable":true,"href":"https:\/\/www.fraczinet.cl\/sitio\/wp-json\/wp\/v2\/comments?post=5723"}],"version-history":[{"count":0,"href":"https:\/\/www.fraczinet.cl\/sitio\/wp-json\/wp\/v2\/posts\/5723\/revisions"}],"wp:attachment":[{"href":"https:\/\/www.fraczinet.cl\/sitio\/wp-json\/wp\/v2\/media?parent=5723"}],"wp:term":[{"taxonomy":"category","embeddable":true,"href":"https:\/\/www.fraczinet.cl\/sitio\/wp-json\/wp\/v2\/categories?post=5723"},{"taxonomy":"post_tag","embeddable":true,"href":"https:\/\/www.fraczinet.cl\/sitio\/wp-json\/wp\/v2\/tags?post=5723"}],"curies":[{"name":"wp","href":"https:\/\/api.w.org\/{rel}","templated":true}]}}