{"id":5729,"date":"2012-07-30T14:45:00","date_gmt":"2012-07-30T14:45:00","guid":{"rendered":"https:\/\/www.fraczinet.cl\/sitio\/2012\/07\/30\/en-ranquil-se-desarrollo-seminario-taller-de-planificacion-y-reduccion-de-riesgos-de-desastres-en-el-valle-del-itata\/"},"modified":"2022-10-06T23:40:12","modified_gmt":"2022-10-06T23:40:12","slug":"en-ranquil-se-desarrollo-seminario-taller-de-planificacion-y-reduccion-de-riesgos-de-desastres-en-el-valle-del-itata","status":"publish","type":"post","link":"https:\/\/www.fraczinet.cl\/sitio\/2012\/07\/30\/en-ranquil-se-desarrollo-seminario-taller-de-planificacion-y-reduccion-de-riesgos-de-desastres-en-el-valle-del-itata\/","title":{"rendered":"En R\u00e1nquil Se Desarroll\u00f3 Seminario Taller De Planificaci\u00f3n Y Reducci\u00f3n de Riesgos De Desastres En El Valle Del Itata"},"content":{"rendered":"<p>Con la introducci\u00f3n a un enfoque sobre el Riesgo de desastre y la magnitud probable del da\u00f1o que pueden sufrir las personas, se desarroll\u00f3 en R\u00e1nquil el seminario\u00bbSeminario Taller De Planificaci\u00f3n Y Reducci\u00f3n de Riesgos De Desastres En El Valle Del Itata\u00bb.<\/p>\n<p>En lo espec\u00edfico el seminario se enfoc\u00f3 a los riesgos que como comunidad sufrimos producto de calamidades que afectan a las personas, sus bienes y el ecosistema en el que se desarrollan, entendiendo esto \u00faltimo durante un periodo o momento determinado de tiempo y que esta relacionado con la presencia de una o varias amenazas o peligros potenciales y condiciones de vulnerabilidad, fragilidad o debilidades que existen en un entorno.<\/p>\n<p>Los desastres no son causado por simples amenazas de la naturaleza, ni actos de Dios, ni efectos fortuitos ocasionales en el tiempo, sino que son consecuencia de un proceso de acumulaci\u00f3n de riesgos que los seres humanos vamos generando a trav\u00e9s de practicas poco adecuadas, incluso peligrosa en los sistemas de desarrollo que implementamos en nuestras sociedades, territorios y comunidades.<\/p>\n<p>El seminario fue organizado por la Asociaci\u00f3n de Municipalidades del Valle del Itata en Conjunto con la Municipalidad de R\u00e1nquil y el Dpto. de Secplan y patrocinado por la Asociaci\u00f3n Territorios Solidarios de Suiza y financiado por la Ciudad de Ginebra- Suiza.<\/p>\n<p>Ante la gran cantidad de asistente de todo el valle del Itata y sus Municipios Antoine Poltier indico: \u00abQue en la mayor\u00eda de los pa\u00edses est\u00e1n acostumbrado a que sucedan los cosas para despu\u00e9s reci\u00e9n empezar a tomar medidas de seguridad y planificaciones de estrategia y formas metodologicas de actuaci\u00f3n en casos determinados no teniendo claro las Amenazas o peligros de origen natural, los peligros Socio-Culturales, las amenaza o peligros de origen Antr\u00f3pico que tienen relaci\u00f3n con la actividad humana y el deterioro del ecosistema, la producci\u00f3n, distribuci\u00f3n, transporte y consumo de bienes.<\/p>\n<p>Agrego Antoine que no existe una planificaci\u00f3n por ejemplo en las plantaciones forestales cuyos \u00e1rboles llegan a los caminos mismos y no existen franjas de corte fuego en todos los lugares que ha visitado, que las vivienda est\u00e1n en medio de plantaciones sin ninguna prohibici\u00f3n de construir en lugares no apropiados etc.<\/p>\n<p>La vulnerabilidad de las personas, los factores Socio-Culturales, los Factores Pol\u00edticos-Institucionales, factores ambientales, indicando que no existen pol\u00edticas de resguardo en las organizaciones y coordinaci\u00f3n para comprender y reducir el riego de desastre dentro de los Gobiernos Locales, estableciendo alianzas locales y la coordinaci\u00f3n de todos dentro una municipalidad, asignaci\u00f3n de presupuestos para enfrentar los riesgos en cuanto a gastos, manutenci\u00f3n de informaci\u00f3n actualizada sobre las amenazas y la vulnerabilidad que existe, la inversi\u00f3n en infraestructura que reduzca los riesgos seg\u00fan sea necesario.<\/p>\n<p>\u00abEs necesario establecer Estrategias de Acci\u00f3n en los distintos entes como Escuela, Municipio, entidades Sociales como Carabineros, Bomberos, Salud, coordinado con programas Educativos y de capacitaci\u00f3n constante, protecci\u00f3n de los ecosistemas.\u00bb concluyo Antoine.<\/p>\n<p>El objetivo de este taller fue el de Fortalecer la Capacidad de los Actores Locales, Desarrollar herramientas para la gesti\u00f3n territorial, reducir el riesgo de desastre, promover la participaci\u00f3n ciudadana en el desarrollo, seguimiento y evaluaci\u00f3n de la planificaci\u00f3n estrat\u00e9gica del territorio y con ello se espera un plan de desarrollo estrat\u00e9gico con \u00e9nfasis en reducci\u00f3n de riesgos y desastres.<\/p>\n<p>Acompa\u00f1ado de estos logros se espera desarrollar un sistema de informaci\u00f3n geogr\u00e1fica local que sirva como observatorio del territorio, de acceso Publico, una metodolog\u00eda para el desarrollo territorial que pueda ser aplicada en caso de emergencia etc.<\/p>\n<p>En el Acto de la jornada estuvieron la palabras del Alcalde Carlos Garrido Carcamo en la bienvenida, palabras del Presidente de la Asociaci\u00f3n de Municipalidades del valle del Itata Sr. Jaime Catal\u00e1n Saldias, proyecto y planificaci\u00f3n de la Asociaci\u00f3n territorios Solidarios de Suiza a cargo de Jaime Soto Acu\u00f1a, plan de desarrollo y reducci\u00f3n de riegos Francisco Almendra de la Municipalidad de Quirihue, y otros expositores, por la tarde mesas de trabajo y plenario de las aspectos a incluir en estrategias a utilizar.<\/p>\n","protected":false},"excerpt":{"rendered":"<p>Con la introducci\u00f3n a un enfoque sobre el Riesgo de desastre y la magnitud probable del da\u00f1o que pueden sufrir las personas, se desarroll\u00f3 en R\u00e1nquil el seminario\u00bbSeminario Taller De Planificaci\u00f3n Y Reducci\u00f3n de Riesgos De Desastres En El Valle Del Itata\u00bb. En lo espec\u00edfico el seminario se enfoc\u00f3 a los riesgos que como comunidad [&hellip;]<\/p>\n","protected":false},"author":1,"featured_media":0,"comment_status":"open","ping_status":"open","sticky":false,"template":"","format":"standard","meta":{"footnotes":""},"categories":[169],"tags":[],"class_list":["post-5729","post","type-post","status-publish","format-standard","hentry","category-charlas"],"yoast_head":"<!-- This site is optimized with the Yoast SEO plugin v25.0 - https:\/\/yoast.com\/wordpress\/plugins\/seo\/ -->\n<title>En R\u00e1nquil Se Desarroll\u00f3 Seminario Taller De Planificaci\u00f3n Y Reducci\u00f3n de Riesgos De Desastres En El Valle Del Itata - Nuestro Bio B\u00edo<\/title>\n<meta name=\"robots\" content=\"index, follow, max-snippet:-1, max-image-preview:large, max-video-preview:-1\" \/>\n<link rel=\"canonical\" href=\"https:\/\/www.fraczinet.cl\/sitio\/2012\/07\/30\/en-ranquil-se-desarrollo-seminario-taller-de-planificacion-y-reduccion-de-riesgos-de-desastres-en-el-valle-del-itata\/\" \/>\n<meta property=\"og:locale\" content=\"es_ES\" \/>\n<meta property=\"og:type\" content=\"article\" \/>\n<meta property=\"og:title\" content=\"En R\u00e1nquil Se Desarroll\u00f3 Seminario Taller De Planificaci\u00f3n Y Reducci\u00f3n de Riesgos De Desastres En El Valle Del Itata - Nuestro Bio B\u00edo\" \/>\n<meta property=\"og:description\" content=\"Con la introducci\u00f3n a un enfoque sobre el Riesgo de desastre y la magnitud probable del da\u00f1o que pueden sufrir las personas, se desarroll\u00f3 en R\u00e1nquil el seminario\u00bbSeminario Taller De Planificaci\u00f3n Y Reducci\u00f3n de Riesgos De Desastres En El Valle Del Itata\u00bb. En lo espec\u00edfico el seminario se enfoc\u00f3 a los riesgos que como comunidad [&hellip;]\" \/>\n<meta property=\"og:url\" content=\"https:\/\/www.fraczinet.cl\/sitio\/2012\/07\/30\/en-ranquil-se-desarrollo-seminario-taller-de-planificacion-y-reduccion-de-riesgos-de-desastres-en-el-valle-del-itata\/\" \/>\n<meta property=\"og:site_name\" content=\"Nuestro Bio B\u00edo\" \/>\n<meta property=\"article:published_time\" content=\"2012-07-30T14:45:00+00:00\" \/>\n<meta property=\"article:modified_time\" content=\"2022-10-06T23:40:12+00:00\" \/>\n<meta property=\"og:image\" content=\"https:\/\/www.fraczinet.cl\/sitio\/wp-content\/uploads\/2021\/07\/bannerlogo-1.gif\" \/>\n\t<meta property=\"og:image:width\" content=\"159\" \/>\n\t<meta property=\"og:image:height\" content=\"79\" \/>\n\t<meta property=\"og:image:type\" content=\"image\/gif\" \/>\n<meta name=\"author\" content=\"admin\" \/>\n<meta name=\"twitter:card\" content=\"summary_large_image\" \/>\n<meta name=\"twitter:creator\" content=\"@nuestrobiobio\" \/>\n<meta name=\"twitter:site\" content=\"@nuestrobiobio\" \/>\n<meta name=\"twitter:label1\" content=\"Escrito por\" \/>\n\t<meta name=\"twitter:data1\" content=\"admin\" \/>\n\t<meta name=\"twitter:label2\" content=\"Tiempo de lectura\" \/>\n\t<meta name=\"twitter:data2\" content=\"4 minutos\" \/>\n<script type=\"application\/ld+json\" class=\"yoast-schema-graph\">{\"@context\":\"https:\/\/schema.org\",\"@graph\":[{\"@type\":\"Article\",\"@id\":\"https:\/\/www.fraczinet.cl\/sitio\/2012\/07\/30\/en-ranquil-se-desarrollo-seminario-taller-de-planificacion-y-reduccion-de-riesgos-de-desastres-en-el-valle-del-itata\/#article\",\"isPartOf\":{\"@id\":\"https:\/\/www.fraczinet.cl\/sitio\/2012\/07\/30\/en-ranquil-se-desarrollo-seminario-taller-de-planificacion-y-reduccion-de-riesgos-de-desastres-en-el-valle-del-itata\/\"},\"author\":{\"name\":\"admin\",\"@id\":\"https:\/\/www.fraczinet.cl\/sitio\/#\/schema\/person\/bc30f98e9cb10ae7e119dbe14bc93784\"},\"headline\":\"En R\u00e1nquil Se Desarroll\u00f3 Seminario Taller De Planificaci\u00f3n Y Reducci\u00f3n de Riesgos De Desastres En El Valle Del Itata\",\"datePublished\":\"2012-07-30T14:45:00+00:00\",\"dateModified\":\"2022-10-06T23:40:12+00:00\",\"mainEntityOfPage\":{\"@id\":\"https:\/\/www.fraczinet.cl\/sitio\/2012\/07\/30\/en-ranquil-se-desarrollo-seminario-taller-de-planificacion-y-reduccion-de-riesgos-de-desastres-en-el-valle-del-itata\/\"},\"wordCount\":731,\"commentCount\":0,\"publisher\":{\"@id\":\"https:\/\/www.fraczinet.cl\/sitio\/#\/schema\/person\/aec8ee4da68df2b9b0eefdad24a0d582\"},\"articleSection\":[\"Charlas\"],\"inLanguage\":\"es\",\"potentialAction\":[{\"@type\":\"CommentAction\",\"name\":\"Comment\",\"target\":[\"https:\/\/www.fraczinet.cl\/sitio\/2012\/07\/30\/en-ranquil-se-desarrollo-seminario-taller-de-planificacion-y-reduccion-de-riesgos-de-desastres-en-el-valle-del-itata\/#respond\"]}]},{\"@type\":\"WebPage\",\"@id\":\"https:\/\/www.fraczinet.cl\/sitio\/2012\/07\/30\/en-ranquil-se-desarrollo-seminario-taller-de-planificacion-y-reduccion-de-riesgos-de-desastres-en-el-valle-del-itata\/\",\"url\":\"https:\/\/www.fraczinet.cl\/sitio\/2012\/07\/30\/en-ranquil-se-desarrollo-seminario-taller-de-planificacion-y-reduccion-de-riesgos-de-desastres-en-el-valle-del-itata\/\",\"name\":\"En R\u00e1nquil Se Desarroll\u00f3 Seminario Taller De Planificaci\u00f3n Y Reducci\u00f3n de Riesgos De Desastres En El Valle Del Itata - Nuestro Bio B\u00edo\",\"isPartOf\":{\"@id\":\"https:\/\/www.fraczinet.cl\/sitio\/#website\"},\"datePublished\":\"2012-07-30T14:45:00+00:00\",\"dateModified\":\"2022-10-06T23:40:12+00:00\",\"breadcrumb\":{\"@id\":\"https:\/\/www.fraczinet.cl\/sitio\/2012\/07\/30\/en-ranquil-se-desarrollo-seminario-taller-de-planificacion-y-reduccion-de-riesgos-de-desastres-en-el-valle-del-itata\/#breadcrumb\"},\"inLanguage\":\"es\",\"potentialAction\":[{\"@type\":\"ReadAction\",\"target\":[\"https:\/\/www.fraczinet.cl\/sitio\/2012\/07\/30\/en-ranquil-se-desarrollo-seminario-taller-de-planificacion-y-reduccion-de-riesgos-de-desastres-en-el-valle-del-itata\/\"]}]},{\"@type\":\"BreadcrumbList\",\"@id\":\"https:\/\/www.fraczinet.cl\/sitio\/2012\/07\/30\/en-ranquil-se-desarrollo-seminario-taller-de-planificacion-y-reduccion-de-riesgos-de-desastres-en-el-valle-del-itata\/#breadcrumb\",\"itemListElement\":[{\"@type\":\"ListItem\",\"position\":1,\"name\":\"Portada\",\"item\":\"https:\/\/www.fraczinet.cl\/sitio\/\"},{\"@type\":\"ListItem\",\"position\":2,\"name\":\"En R\u00e1nquil Se Desarroll\u00f3 Seminario Taller De Planificaci\u00f3n Y Reducci\u00f3n de Riesgos De Desastres En El Valle Del Itata\"}]},{\"@type\":\"WebSite\",\"@id\":\"https:\/\/www.fraczinet.cl\/sitio\/#website\",\"url\":\"https:\/\/www.fraczinet.cl\/sitio\/\",\"name\":\"Nuestro Bio B\u00edo\",\"description\":\"Tierra de Encuentros\",\"publisher\":{\"@id\":\"https:\/\/www.fraczinet.cl\/sitio\/#\/schema\/person\/aec8ee4da68df2b9b0eefdad24a0d582\"},\"potentialAction\":[{\"@type\":\"SearchAction\",\"target\":{\"@type\":\"EntryPoint\",\"urlTemplate\":\"https:\/\/www.fraczinet.cl\/sitio\/?s={search_term_string}\"},\"query-input\":{\"@type\":\"PropertyValueSpecification\",\"valueRequired\":true,\"valueName\":\"search_term_string\"}}],\"inLanguage\":\"es\"},{\"@type\":[\"Person\",\"Organization\"],\"@id\":\"https:\/\/www.fraczinet.cl\/sitio\/#\/schema\/person\/aec8ee4da68df2b9b0eefdad24a0d582\",\"name\":\"Luis Fernando Fraczinet\",\"image\":{\"@type\":\"ImageObject\",\"inLanguage\":\"es\",\"@id\":\"https:\/\/www.fraczinet.cl\/sitio\/#\/schema\/person\/image\/\",\"url\":\"https:\/\/www.fraczinet.cl\/sitio\/wp-content\/uploads\/2021\/07\/bannerlogo-1.gif\",\"contentUrl\":\"https:\/\/www.fraczinet.cl\/sitio\/wp-content\/uploads\/2021\/07\/bannerlogo-1.gif\",\"width\":159,\"height\":79,\"caption\":\"Luis Fernando Fraczinet\"},\"logo\":{\"@id\":\"https:\/\/www.fraczinet.cl\/sitio\/#\/schema\/person\/image\/\"},\"sameAs\":[\"https:\/\/www.fraczinet.cl\/sitio\/\"]},{\"@type\":\"Person\",\"@id\":\"https:\/\/www.fraczinet.cl\/sitio\/#\/schema\/person\/bc30f98e9cb10ae7e119dbe14bc93784\",\"name\":\"admin\",\"image\":{\"@type\":\"ImageObject\",\"inLanguage\":\"es\",\"@id\":\"https:\/\/www.fraczinet.cl\/sitio\/#\/schema\/person\/image\/\",\"url\":\"https:\/\/secure.gravatar.com\/avatar\/d5ad3cf7ef3b23a2bb5be73be780c86b2fc8545c3ad6b149f3913ff458c00099?s=96&d=mm&r=g\",\"contentUrl\":\"https:\/\/secure.gravatar.com\/avatar\/d5ad3cf7ef3b23a2bb5be73be780c86b2fc8545c3ad6b149f3913ff458c00099?s=96&d=mm&r=g\",\"caption\":\"admin\"},\"sameAs\":[\"https:\/\/www.fraczinet.cl\/sitio\"]}]}<\/script>\n<!-- \/ Yoast SEO plugin. -->","yoast_head_json":{"title":"En R\u00e1nquil Se Desarroll\u00f3 Seminario Taller De Planificaci\u00f3n Y Reducci\u00f3n de Riesgos De Desastres En El Valle Del Itata - Nuestro Bio B\u00edo","robots":{"index":"index","follow":"follow","max-snippet":"max-snippet:-1","max-image-preview":"max-image-preview:large","max-video-preview":"max-video-preview:-1"},"canonical":"https:\/\/www.fraczinet.cl\/sitio\/2012\/07\/30\/en-ranquil-se-desarrollo-seminario-taller-de-planificacion-y-reduccion-de-riesgos-de-desastres-en-el-valle-del-itata\/","og_locale":"es_ES","og_type":"article","og_title":"En R\u00e1nquil Se Desarroll\u00f3 Seminario Taller De Planificaci\u00f3n Y Reducci\u00f3n de Riesgos De Desastres En El Valle Del Itata - Nuestro Bio B\u00edo","og_description":"Con la introducci\u00f3n a un enfoque sobre el Riesgo de desastre y la magnitud probable del da\u00f1o que pueden sufrir las personas, se desarroll\u00f3 en R\u00e1nquil el seminario\u00bbSeminario Taller De Planificaci\u00f3n Y Reducci\u00f3n de Riesgos De Desastres En El Valle Del Itata\u00bb. En lo espec\u00edfico el seminario se enfoc\u00f3 a los riesgos que como comunidad [&hellip;]","og_url":"https:\/\/www.fraczinet.cl\/sitio\/2012\/07\/30\/en-ranquil-se-desarrollo-seminario-taller-de-planificacion-y-reduccion-de-riesgos-de-desastres-en-el-valle-del-itata\/","og_site_name":"Nuestro Bio B\u00edo","article_published_time":"2012-07-30T14:45:00+00:00","article_modified_time":"2022-10-06T23:40:12+00:00","og_image":[{"width":159,"height":79,"url":"https:\/\/www.fraczinet.cl\/sitio\/wp-content\/uploads\/2021\/07\/bannerlogo-1.gif","type":"image\/gif"}],"author":"admin","twitter_card":"summary_large_image","twitter_creator":"@nuestrobiobio","twitter_site":"@nuestrobiobio","twitter_misc":{"Escrito por":"admin","Tiempo de lectura":"4 minutos"},"schema":{"@context":"https:\/\/schema.org","@graph":[{"@type":"Article","@id":"https:\/\/www.fraczinet.cl\/sitio\/2012\/07\/30\/en-ranquil-se-desarrollo-seminario-taller-de-planificacion-y-reduccion-de-riesgos-de-desastres-en-el-valle-del-itata\/#article","isPartOf":{"@id":"https:\/\/www.fraczinet.cl\/sitio\/2012\/07\/30\/en-ranquil-se-desarrollo-seminario-taller-de-planificacion-y-reduccion-de-riesgos-de-desastres-en-el-valle-del-itata\/"},"author":{"name":"admin","@id":"https:\/\/www.fraczinet.cl\/sitio\/#\/schema\/person\/bc30f98e9cb10ae7e119dbe14bc93784"},"headline":"En R\u00e1nquil Se Desarroll\u00f3 Seminario Taller De Planificaci\u00f3n Y Reducci\u00f3n de Riesgos De Desastres En El Valle Del Itata","datePublished":"2012-07-30T14:45:00+00:00","dateModified":"2022-10-06T23:40:12+00:00","mainEntityOfPage":{"@id":"https:\/\/www.fraczinet.cl\/sitio\/2012\/07\/30\/en-ranquil-se-desarrollo-seminario-taller-de-planificacion-y-reduccion-de-riesgos-de-desastres-en-el-valle-del-itata\/"},"wordCount":731,"commentCount":0,"publisher":{"@id":"https:\/\/www.fraczinet.cl\/sitio\/#\/schema\/person\/aec8ee4da68df2b9b0eefdad24a0d582"},"articleSection":["Charlas"],"inLanguage":"es","potentialAction":[{"@type":"CommentAction","name":"Comment","target":["https:\/\/www.fraczinet.cl\/sitio\/2012\/07\/30\/en-ranquil-se-desarrollo-seminario-taller-de-planificacion-y-reduccion-de-riesgos-de-desastres-en-el-valle-del-itata\/#respond"]}]},{"@type":"WebPage","@id":"https:\/\/www.fraczinet.cl\/sitio\/2012\/07\/30\/en-ranquil-se-desarrollo-seminario-taller-de-planificacion-y-reduccion-de-riesgos-de-desastres-en-el-valle-del-itata\/","url":"https:\/\/www.fraczinet.cl\/sitio\/2012\/07\/30\/en-ranquil-se-desarrollo-seminario-taller-de-planificacion-y-reduccion-de-riesgos-de-desastres-en-el-valle-del-itata\/","name":"En R\u00e1nquil Se Desarroll\u00f3 Seminario Taller De Planificaci\u00f3n Y Reducci\u00f3n de Riesgos De Desastres En El Valle Del Itata - Nuestro Bio B\u00edo","isPartOf":{"@id":"https:\/\/www.fraczinet.cl\/sitio\/#website"},"datePublished":"2012-07-30T14:45:00+00:00","dateModified":"2022-10-06T23:40:12+00:00","breadcrumb":{"@id":"https:\/\/www.fraczinet.cl\/sitio\/2012\/07\/30\/en-ranquil-se-desarrollo-seminario-taller-de-planificacion-y-reduccion-de-riesgos-de-desastres-en-el-valle-del-itata\/#breadcrumb"},"inLanguage":"es","potentialAction":[{"@type":"ReadAction","target":["https:\/\/www.fraczinet.cl\/sitio\/2012\/07\/30\/en-ranquil-se-desarrollo-seminario-taller-de-planificacion-y-reduccion-de-riesgos-de-desastres-en-el-valle-del-itata\/"]}]},{"@type":"BreadcrumbList","@id":"https:\/\/www.fraczinet.cl\/sitio\/2012\/07\/30\/en-ranquil-se-desarrollo-seminario-taller-de-planificacion-y-reduccion-de-riesgos-de-desastres-en-el-valle-del-itata\/#breadcrumb","itemListElement":[{"@type":"ListItem","position":1,"name":"Portada","item":"https:\/\/www.fraczinet.cl\/sitio\/"},{"@type":"ListItem","position":2,"name":"En R\u00e1nquil Se Desarroll\u00f3 Seminario Taller De Planificaci\u00f3n Y Reducci\u00f3n de Riesgos De Desastres En El Valle Del Itata"}]},{"@type":"WebSite","@id":"https:\/\/www.fraczinet.cl\/sitio\/#website","url":"https:\/\/www.fraczinet.cl\/sitio\/","name":"Nuestro Bio B\u00edo","description":"Tierra de Encuentros","publisher":{"@id":"https:\/\/www.fraczinet.cl\/sitio\/#\/schema\/person\/aec8ee4da68df2b9b0eefdad24a0d582"},"potentialAction":[{"@type":"SearchAction","target":{"@type":"EntryPoint","urlTemplate":"https:\/\/www.fraczinet.cl\/sitio\/?s={search_term_string}"},"query-input":{"@type":"PropertyValueSpecification","valueRequired":true,"valueName":"search_term_string"}}],"inLanguage":"es"},{"@type":["Person","Organization"],"@id":"https:\/\/www.fraczinet.cl\/sitio\/#\/schema\/person\/aec8ee4da68df2b9b0eefdad24a0d582","name":"Luis Fernando Fraczinet","image":{"@type":"ImageObject","inLanguage":"es","@id":"https:\/\/www.fraczinet.cl\/sitio\/#\/schema\/person\/image\/","url":"https:\/\/www.fraczinet.cl\/sitio\/wp-content\/uploads\/2021\/07\/bannerlogo-1.gif","contentUrl":"https:\/\/www.fraczinet.cl\/sitio\/wp-content\/uploads\/2021\/07\/bannerlogo-1.gif","width":159,"height":79,"caption":"Luis Fernando Fraczinet"},"logo":{"@id":"https:\/\/www.fraczinet.cl\/sitio\/#\/schema\/person\/image\/"},"sameAs":["https:\/\/www.fraczinet.cl\/sitio\/"]},{"@type":"Person","@id":"https:\/\/www.fraczinet.cl\/sitio\/#\/schema\/person\/bc30f98e9cb10ae7e119dbe14bc93784","name":"admin","image":{"@type":"ImageObject","inLanguage":"es","@id":"https:\/\/www.fraczinet.cl\/sitio\/#\/schema\/person\/image\/","url":"https:\/\/secure.gravatar.com\/avatar\/d5ad3cf7ef3b23a2bb5be73be780c86b2fc8545c3ad6b149f3913ff458c00099?s=96&d=mm&r=g","contentUrl":"https:\/\/secure.gravatar.com\/avatar\/d5ad3cf7ef3b23a2bb5be73be780c86b2fc8545c3ad6b149f3913ff458c00099?s=96&d=mm&r=g","caption":"admin"},"sameAs":["https:\/\/www.fraczinet.cl\/sitio"]}]}},"_links":{"self":[{"href":"https:\/\/www.fraczinet.cl\/sitio\/wp-json\/wp\/v2\/posts\/5729","targetHints":{"allow":["GET"]}}],"collection":[{"href":"https:\/\/www.fraczinet.cl\/sitio\/wp-json\/wp\/v2\/posts"}],"about":[{"href":"https:\/\/www.fraczinet.cl\/sitio\/wp-json\/wp\/v2\/types\/post"}],"author":[{"embeddable":true,"href":"https:\/\/www.fraczinet.cl\/sitio\/wp-json\/wp\/v2\/users\/1"}],"replies":[{"embeddable":true,"href":"https:\/\/www.fraczinet.cl\/sitio\/wp-json\/wp\/v2\/comments?post=5729"}],"version-history":[{"count":1,"href":"https:\/\/www.fraczinet.cl\/sitio\/wp-json\/wp\/v2\/posts\/5729\/revisions"}],"predecessor-version":[{"id":14378,"href":"https:\/\/www.fraczinet.cl\/sitio\/wp-json\/wp\/v2\/posts\/5729\/revisions\/14378"}],"wp:attachment":[{"href":"https:\/\/www.fraczinet.cl\/sitio\/wp-json\/wp\/v2\/media?parent=5729"}],"wp:term":[{"taxonomy":"category","embeddable":true,"href":"https:\/\/www.fraczinet.cl\/sitio\/wp-json\/wp\/v2\/categories?post=5729"},{"taxonomy":"post_tag","embeddable":true,"href":"https:\/\/www.fraczinet.cl\/sitio\/wp-json\/wp\/v2\/tags?post=5729"}],"curies":[{"name":"wp","href":"https:\/\/api.w.org\/{rel}","templated":true}]}}