{"id":5730,"date":"2012-07-20T04:26:00","date_gmt":"2012-07-20T04:26:00","guid":{"rendered":"https:\/\/www.fraczinet.cl\/sitio\/2012\/07\/20\/declaracion-publica-de-la-red-de-organizaciones-por-los-derechos-humanos-de-la-diversidad-sexual-de-la-region-del-bio-bio\/"},"modified":"2012-07-20T04:26:00","modified_gmt":"2012-07-20T04:26:00","slug":"declaracion-publica-de-la-red-de-organizaciones-por-los-derechos-humanos-de-la-diversidad-sexual-de-la-region-del-bio-bio","status":"publish","type":"post","link":"https:\/\/www.fraczinet.cl\/sitio\/2012\/07\/20\/declaracion-publica-de-la-red-de-organizaciones-por-los-derechos-humanos-de-la-diversidad-sexual-de-la-region-del-bio-bio\/","title":{"rendered":"Declaraci\u00f3n P\u00fablica De La Red De Organizaciones Por Los Derechos Humanos De La Diversidad Sexual De La Regi\u00f3n Del Bio B\u00edo"},"content":{"rendered":"<p>El d\u00eda de Hoy, Valeska Salazar, adolescente lesbiana de 16 a\u00f1os, fue brutalmente agredida por un grupo de familiares de su ex pareja en la comuna de Santa Juana, propin\u00e1ndoles golpes y pu\u00f1aladas en su casa, luego de lo cual fue nuevamente agredida en el Hospital de la Ciudad, por los mismos sujetos, que la golpearon en la cabeza con parte del mobiliario del hospital, en el que causaron destrozos. En esta situaci\u00f3n, el personal hospitalario huy\u00f3 sin actuar frente a la agresi\u00f3n.<\/p>\n<p>Valeska hab\u00eda sido amenazada anteriormente por estas mismas personas, en forma reiterada, por su orientaci\u00f3n sexual. En este momento, su familia se encuentra con ella en su casa, por miedo a que ella sea agredida nuevamente si es hospitalizada, encontr\u00e1ndose sin resguardo policial, y sufriendo acoso por parte de los agresores que se encuentran en libertad.<\/p>\n<p>Durante el d\u00eda de hoy, nos hemos puesto en contacto con la familia de Valeska, el INDH, SENAME, Servicio de Salud Concepci\u00f3n, Hospital Regional de Concepci\u00f3n, Hospital de Santa Juana, la Diputada Mar\u00eda Antonieta Saa y Asesores del Ministro Chadwick, con intenci\u00f3n de recabar antecedentes y prestar ayuda a la v\u00edctima y su familia.<\/p>\n<p>Frente a esta situaci\u00f3n, las organizaciones reunidas en la Red de Organizaciones Por los Derechos Humanos de la Diversidad Sexual de la Regi\u00f3n del Bio-Bio, declaramos lo siguiente:<\/p>\n<p><span style=\"font-weight: bold;\">1.-<\/span> Repudiamos la violencia homo-lesbo-transf\u00f3bica, con clara intenci\u00f3n de homicidio por parte de los agresores hacia la adolescente Valeska Salazar, por su orientaci\u00f3n sexual.<\/p>\n<p><span style=\"font-weight: bold;\">2.-<\/span> La discriminaci\u00f3n por orientaci\u00f3n sexual que surge desde la Homo-Lesbo-Transfobia es una realidad latente en nuestra sociedad, que se manifiesta en diversas maneras, desde la exclusi\u00f3n y las burlas hasta ataques tan terribles como los vividos por Valeska Salazar y Daniel Zamudio, y es necesario combatirla a todos los niveles, desde los organismos del estado y la sociedad civil.<\/p>\n<p><span style=\"font-weight: bold;\">3.-<\/span> Denunciamos la vulnerabilidad en la que se encuentra, tanto la afectada como su familia, quienes permanecen en su hogar sin resguardo policial, y siendo acosados por los agresores, que se encuentran rondando la casa.<\/p>\n<p><span style=\"font-weight: bold;\">4.-<\/span> Queremos visibilizar el riesgo vital en que se encuentra la ex pareja de Valeska, menor de edad y familiar de los agresores, dada la violencia con la que han actuado y el que ella se encuentra desprovista de ayuda en estos momentos.<\/p>\n<p><span style=\"font-weight: bold;\">5.-<\/span> Las agresiones vividas por Valeska constituyen, adem\u00e1s de actos de discriminaci\u00f3n, vulneraciones a los Derechos Humanos y Derechos del ni\u00f1o, y es inaceptable que, ante esto, no se activen todos los mecanismos de protecci\u00f3n para la v\u00edctima y su familia.<\/p>\n<p><span style=\"font-weight: bold;\">6.-<\/span> Denunciamos, adem\u00e1s que, a partir de la comunicaci\u00f3n que hemos mantenido con los padres de Valeska, existen antecedentes que evidencian  negligencia por parte del personal hospitalario, que ante las agresiones, huye sin prestar ayuda a Valeska mientras era violentada frente a ellos.<\/p>\n<p><span style=\"font-weight: bold;\">7.- <\/span>Denunciamos, tambi\u00e9n, la clara negligencia en el actuar de Carabineros de Chile y de la Fiscal Carmen Flores, que al no decretar una medida de resguardo policial ni una medida precautoria, pese a las intenciones femicidas de los agresores. Esto acent\u00faa la gravedad del hecho, pues mantiene la situaci\u00f3n de vulnerabilidad de la v\u00edctima. <\/p>\n<p>El d\u00eda de ma\u00f1ana nos reuniremos con Valeska, su familia y el Alcalde de Santa Juana, \u00c1ngel Castro durante la ma\u00f1ana, con intenci\u00f3n de llevar implementos b\u00e1sicos que necesita la familia y prestar contenci\u00f3n psicol\u00f3gica.<\/p>\n<p>Hacemos un llamado a las autoridades pol\u00edticas regionales y a los organismos estatales pertinentes a que se hagan presentes, solicitando la aplicaci\u00f3n de la Ley Anti Discriminaci\u00f3n y medidas ejemplificatorias contra los agresores y quienes resulten responsables, tanto por acci\u00f3n como por omisi\u00f3n.<\/p>\n<p><span style=\"font-weight: bold;\">RED POR LOS DERECHOS HUMANOS DE LA DIVERSIDAD SEXUAL DE LA REGI\u00d3N DEL B\u00cdO B\u00cdO:<\/p>\n<p>COORDINADORA EUFORIA DE G\u00c9NERO<\/p>\n<p>LESBIANAS Y FEMINISTAS POR EL DERECHO A LA INFORMACI\u00d3N<\/p>\n<p>ORGANIZACI\u00d3N DE TRANSEXUALES POR LA DIGNIDAD DE LA DIVERSIDAD, OTD.<\/span><\/p>\n","protected":false},"excerpt":{"rendered":"<p>El d\u00eda de Hoy, Valeska Salazar, adolescente lesbiana de 16 a\u00f1os, fue brutalmente agredida por un grupo de familiares de su ex pareja en la comuna de Santa Juana, propin\u00e1ndoles golpes y pu\u00f1aladas en su casa, luego de lo cual fue nuevamente agredida en el Hospital de la Ciudad, por los mismos sujetos, que la [&hellip;]<\/p>\n","protected":false},"author":1,"featured_media":0,"comment_status":"open","ping_status":"open","sticky":false,"template":"","format":"standard","meta":{"footnotes":""},"categories":[154],"tags":[],"class_list":["post-5730","post","type-post","status-publish","format-standard","hentry","category-ddhh"],"yoast_head":"<!-- This site is optimized with the Yoast SEO plugin v25.0 - https:\/\/yoast.com\/wordpress\/plugins\/seo\/ -->\n<title>Declaraci\u00f3n P\u00fablica De La Red De Organizaciones Por Los Derechos Humanos De La Diversidad Sexual De La Regi\u00f3n Del Bio B\u00edo - Nuestro Bio B\u00edo<\/title>\n<meta name=\"robots\" content=\"index, follow, max-snippet:-1, max-image-preview:large, max-video-preview:-1\" \/>\n<link rel=\"canonical\" href=\"https:\/\/www.fraczinet.cl\/sitio\/2012\/07\/20\/declaracion-publica-de-la-red-de-organizaciones-por-los-derechos-humanos-de-la-diversidad-sexual-de-la-region-del-bio-bio\/\" \/>\n<meta property=\"og:locale\" content=\"es_ES\" \/>\n<meta property=\"og:type\" content=\"article\" \/>\n<meta property=\"og:title\" content=\"Declaraci\u00f3n P\u00fablica De La Red De Organizaciones Por Los Derechos Humanos De La Diversidad Sexual De La Regi\u00f3n Del Bio B\u00edo - Nuestro Bio B\u00edo\" \/>\n<meta property=\"og:description\" content=\"El d\u00eda de Hoy, Valeska Salazar, adolescente lesbiana de 16 a\u00f1os, fue brutalmente agredida por un grupo de familiares de su ex pareja en la comuna de Santa Juana, propin\u00e1ndoles golpes y pu\u00f1aladas en su casa, luego de lo cual fue nuevamente agredida en el Hospital de la Ciudad, por los mismos sujetos, que la [&hellip;]\" \/>\n<meta property=\"og:url\" content=\"https:\/\/www.fraczinet.cl\/sitio\/2012\/07\/20\/declaracion-publica-de-la-red-de-organizaciones-por-los-derechos-humanos-de-la-diversidad-sexual-de-la-region-del-bio-bio\/\" \/>\n<meta property=\"og:site_name\" content=\"Nuestro Bio B\u00edo\" \/>\n<meta property=\"article:published_time\" content=\"2012-07-20T04:26:00+00:00\" \/>\n<meta property=\"og:image\" content=\"https:\/\/www.fraczinet.cl\/sitio\/wp-content\/uploads\/2021\/07\/bannerlogo-1.gif\" \/>\n\t<meta property=\"og:image:width\" content=\"159\" \/>\n\t<meta property=\"og:image:height\" content=\"79\" \/>\n\t<meta property=\"og:image:type\" content=\"image\/gif\" \/>\n<meta name=\"author\" content=\"admin\" \/>\n<meta name=\"twitter:card\" content=\"summary_large_image\" \/>\n<meta name=\"twitter:creator\" content=\"@nuestrobiobio\" \/>\n<meta name=\"twitter:site\" content=\"@nuestrobiobio\" \/>\n<meta name=\"twitter:label1\" content=\"Escrito por\" \/>\n\t<meta name=\"twitter:data1\" content=\"admin\" \/>\n\t<meta name=\"twitter:label2\" content=\"Tiempo de lectura\" \/>\n\t<meta name=\"twitter:data2\" content=\"3 minutos\" \/>\n<script type=\"application\/ld+json\" class=\"yoast-schema-graph\">{\"@context\":\"https:\/\/schema.org\",\"@graph\":[{\"@type\":\"Article\",\"@id\":\"https:\/\/www.fraczinet.cl\/sitio\/2012\/07\/20\/declaracion-publica-de-la-red-de-organizaciones-por-los-derechos-humanos-de-la-diversidad-sexual-de-la-region-del-bio-bio\/#article\",\"isPartOf\":{\"@id\":\"https:\/\/www.fraczinet.cl\/sitio\/2012\/07\/20\/declaracion-publica-de-la-red-de-organizaciones-por-los-derechos-humanos-de-la-diversidad-sexual-de-la-region-del-bio-bio\/\"},\"author\":{\"name\":\"admin\",\"@id\":\"https:\/\/www.fraczinet.cl\/sitio\/#\/schema\/person\/bc30f98e9cb10ae7e119dbe14bc93784\"},\"headline\":\"Declaraci\u00f3n P\u00fablica De La Red De Organizaciones Por Los Derechos Humanos De La Diversidad Sexual De La Regi\u00f3n Del Bio B\u00edo\",\"datePublished\":\"2012-07-20T04:26:00+00:00\",\"mainEntityOfPage\":{\"@id\":\"https:\/\/www.fraczinet.cl\/sitio\/2012\/07\/20\/declaracion-publica-de-la-red-de-organizaciones-por-los-derechos-humanos-de-la-diversidad-sexual-de-la-region-del-bio-bio\/\"},\"wordCount\":714,\"commentCount\":0,\"publisher\":{\"@id\":\"https:\/\/www.fraczinet.cl\/sitio\/#\/schema\/person\/aec8ee4da68df2b9b0eefdad24a0d582\"},\"articleSection\":[\"DDHH\"],\"inLanguage\":\"es\",\"potentialAction\":[{\"@type\":\"CommentAction\",\"name\":\"Comment\",\"target\":[\"https:\/\/www.fraczinet.cl\/sitio\/2012\/07\/20\/declaracion-publica-de-la-red-de-organizaciones-por-los-derechos-humanos-de-la-diversidad-sexual-de-la-region-del-bio-bio\/#respond\"]}]},{\"@type\":\"WebPage\",\"@id\":\"https:\/\/www.fraczinet.cl\/sitio\/2012\/07\/20\/declaracion-publica-de-la-red-de-organizaciones-por-los-derechos-humanos-de-la-diversidad-sexual-de-la-region-del-bio-bio\/\",\"url\":\"https:\/\/www.fraczinet.cl\/sitio\/2012\/07\/20\/declaracion-publica-de-la-red-de-organizaciones-por-los-derechos-humanos-de-la-diversidad-sexual-de-la-region-del-bio-bio\/\",\"name\":\"Declaraci\u00f3n P\u00fablica De La Red De Organizaciones Por Los Derechos Humanos De La Diversidad Sexual De La Regi\u00f3n Del Bio B\u00edo - Nuestro Bio B\u00edo\",\"isPartOf\":{\"@id\":\"https:\/\/www.fraczinet.cl\/sitio\/#website\"},\"datePublished\":\"2012-07-20T04:26:00+00:00\",\"breadcrumb\":{\"@id\":\"https:\/\/www.fraczinet.cl\/sitio\/2012\/07\/20\/declaracion-publica-de-la-red-de-organizaciones-por-los-derechos-humanos-de-la-diversidad-sexual-de-la-region-del-bio-bio\/#breadcrumb\"},\"inLanguage\":\"es\",\"potentialAction\":[{\"@type\":\"ReadAction\",\"target\":[\"https:\/\/www.fraczinet.cl\/sitio\/2012\/07\/20\/declaracion-publica-de-la-red-de-organizaciones-por-los-derechos-humanos-de-la-diversidad-sexual-de-la-region-del-bio-bio\/\"]}]},{\"@type\":\"BreadcrumbList\",\"@id\":\"https:\/\/www.fraczinet.cl\/sitio\/2012\/07\/20\/declaracion-publica-de-la-red-de-organizaciones-por-los-derechos-humanos-de-la-diversidad-sexual-de-la-region-del-bio-bio\/#breadcrumb\",\"itemListElement\":[{\"@type\":\"ListItem\",\"position\":1,\"name\":\"Portada\",\"item\":\"https:\/\/www.fraczinet.cl\/sitio\/\"},{\"@type\":\"ListItem\",\"position\":2,\"name\":\"Declaraci\u00f3n P\u00fablica De La Red De Organizaciones Por Los Derechos Humanos De La Diversidad Sexual De La Regi\u00f3n Del Bio B\u00edo\"}]},{\"@type\":\"WebSite\",\"@id\":\"https:\/\/www.fraczinet.cl\/sitio\/#website\",\"url\":\"https:\/\/www.fraczinet.cl\/sitio\/\",\"name\":\"Nuestro Bio B\u00edo\",\"description\":\"Tierra de Encuentros\",\"publisher\":{\"@id\":\"https:\/\/www.fraczinet.cl\/sitio\/#\/schema\/person\/aec8ee4da68df2b9b0eefdad24a0d582\"},\"potentialAction\":[{\"@type\":\"SearchAction\",\"target\":{\"@type\":\"EntryPoint\",\"urlTemplate\":\"https:\/\/www.fraczinet.cl\/sitio\/?s={search_term_string}\"},\"query-input\":{\"@type\":\"PropertyValueSpecification\",\"valueRequired\":true,\"valueName\":\"search_term_string\"}}],\"inLanguage\":\"es\"},{\"@type\":[\"Person\",\"Organization\"],\"@id\":\"https:\/\/www.fraczinet.cl\/sitio\/#\/schema\/person\/aec8ee4da68df2b9b0eefdad24a0d582\",\"name\":\"Luis Fernando Fraczinet\",\"image\":{\"@type\":\"ImageObject\",\"inLanguage\":\"es\",\"@id\":\"https:\/\/www.fraczinet.cl\/sitio\/#\/schema\/person\/image\/\",\"url\":\"https:\/\/www.fraczinet.cl\/sitio\/wp-content\/uploads\/2021\/07\/bannerlogo-1.gif\",\"contentUrl\":\"https:\/\/www.fraczinet.cl\/sitio\/wp-content\/uploads\/2021\/07\/bannerlogo-1.gif\",\"width\":159,\"height\":79,\"caption\":\"Luis Fernando Fraczinet\"},\"logo\":{\"@id\":\"https:\/\/www.fraczinet.cl\/sitio\/#\/schema\/person\/image\/\"},\"sameAs\":[\"https:\/\/www.fraczinet.cl\/sitio\/\"]},{\"@type\":\"Person\",\"@id\":\"https:\/\/www.fraczinet.cl\/sitio\/#\/schema\/person\/bc30f98e9cb10ae7e119dbe14bc93784\",\"name\":\"admin\",\"image\":{\"@type\":\"ImageObject\",\"inLanguage\":\"es\",\"@id\":\"https:\/\/www.fraczinet.cl\/sitio\/#\/schema\/person\/image\/\",\"url\":\"https:\/\/secure.gravatar.com\/avatar\/d5ad3cf7ef3b23a2bb5be73be780c86b2fc8545c3ad6b149f3913ff458c00099?s=96&d=mm&r=g\",\"contentUrl\":\"https:\/\/secure.gravatar.com\/avatar\/d5ad3cf7ef3b23a2bb5be73be780c86b2fc8545c3ad6b149f3913ff458c00099?s=96&d=mm&r=g\",\"caption\":\"admin\"},\"sameAs\":[\"https:\/\/www.fraczinet.cl\/sitio\"]}]}<\/script>\n<!-- \/ Yoast SEO plugin. -->","yoast_head_json":{"title":"Declaraci\u00f3n P\u00fablica De La Red De Organizaciones Por Los Derechos Humanos De La Diversidad Sexual De La Regi\u00f3n Del Bio B\u00edo - Nuestro Bio B\u00edo","robots":{"index":"index","follow":"follow","max-snippet":"max-snippet:-1","max-image-preview":"max-image-preview:large","max-video-preview":"max-video-preview:-1"},"canonical":"https:\/\/www.fraczinet.cl\/sitio\/2012\/07\/20\/declaracion-publica-de-la-red-de-organizaciones-por-los-derechos-humanos-de-la-diversidad-sexual-de-la-region-del-bio-bio\/","og_locale":"es_ES","og_type":"article","og_title":"Declaraci\u00f3n P\u00fablica De La Red De Organizaciones Por Los Derechos Humanos De La Diversidad Sexual De La Regi\u00f3n Del Bio B\u00edo - Nuestro Bio B\u00edo","og_description":"El d\u00eda de Hoy, Valeska Salazar, adolescente lesbiana de 16 a\u00f1os, fue brutalmente agredida por un grupo de familiares de su ex pareja en la comuna de Santa Juana, propin\u00e1ndoles golpes y pu\u00f1aladas en su casa, luego de lo cual fue nuevamente agredida en el Hospital de la Ciudad, por los mismos sujetos, que la [&hellip;]","og_url":"https:\/\/www.fraczinet.cl\/sitio\/2012\/07\/20\/declaracion-publica-de-la-red-de-organizaciones-por-los-derechos-humanos-de-la-diversidad-sexual-de-la-region-del-bio-bio\/","og_site_name":"Nuestro Bio B\u00edo","article_published_time":"2012-07-20T04:26:00+00:00","og_image":[{"width":159,"height":79,"url":"https:\/\/www.fraczinet.cl\/sitio\/wp-content\/uploads\/2021\/07\/bannerlogo-1.gif","type":"image\/gif"}],"author":"admin","twitter_card":"summary_large_image","twitter_creator":"@nuestrobiobio","twitter_site":"@nuestrobiobio","twitter_misc":{"Escrito por":"admin","Tiempo de lectura":"3 minutos"},"schema":{"@context":"https:\/\/schema.org","@graph":[{"@type":"Article","@id":"https:\/\/www.fraczinet.cl\/sitio\/2012\/07\/20\/declaracion-publica-de-la-red-de-organizaciones-por-los-derechos-humanos-de-la-diversidad-sexual-de-la-region-del-bio-bio\/#article","isPartOf":{"@id":"https:\/\/www.fraczinet.cl\/sitio\/2012\/07\/20\/declaracion-publica-de-la-red-de-organizaciones-por-los-derechos-humanos-de-la-diversidad-sexual-de-la-region-del-bio-bio\/"},"author":{"name":"admin","@id":"https:\/\/www.fraczinet.cl\/sitio\/#\/schema\/person\/bc30f98e9cb10ae7e119dbe14bc93784"},"headline":"Declaraci\u00f3n P\u00fablica De La Red De Organizaciones Por Los Derechos Humanos De La Diversidad Sexual De La Regi\u00f3n Del Bio B\u00edo","datePublished":"2012-07-20T04:26:00+00:00","mainEntityOfPage":{"@id":"https:\/\/www.fraczinet.cl\/sitio\/2012\/07\/20\/declaracion-publica-de-la-red-de-organizaciones-por-los-derechos-humanos-de-la-diversidad-sexual-de-la-region-del-bio-bio\/"},"wordCount":714,"commentCount":0,"publisher":{"@id":"https:\/\/www.fraczinet.cl\/sitio\/#\/schema\/person\/aec8ee4da68df2b9b0eefdad24a0d582"},"articleSection":["DDHH"],"inLanguage":"es","potentialAction":[{"@type":"CommentAction","name":"Comment","target":["https:\/\/www.fraczinet.cl\/sitio\/2012\/07\/20\/declaracion-publica-de-la-red-de-organizaciones-por-los-derechos-humanos-de-la-diversidad-sexual-de-la-region-del-bio-bio\/#respond"]}]},{"@type":"WebPage","@id":"https:\/\/www.fraczinet.cl\/sitio\/2012\/07\/20\/declaracion-publica-de-la-red-de-organizaciones-por-los-derechos-humanos-de-la-diversidad-sexual-de-la-region-del-bio-bio\/","url":"https:\/\/www.fraczinet.cl\/sitio\/2012\/07\/20\/declaracion-publica-de-la-red-de-organizaciones-por-los-derechos-humanos-de-la-diversidad-sexual-de-la-region-del-bio-bio\/","name":"Declaraci\u00f3n P\u00fablica De La Red De Organizaciones Por Los Derechos Humanos De La Diversidad Sexual De La Regi\u00f3n Del Bio B\u00edo - Nuestro Bio B\u00edo","isPartOf":{"@id":"https:\/\/www.fraczinet.cl\/sitio\/#website"},"datePublished":"2012-07-20T04:26:00+00:00","breadcrumb":{"@id":"https:\/\/www.fraczinet.cl\/sitio\/2012\/07\/20\/declaracion-publica-de-la-red-de-organizaciones-por-los-derechos-humanos-de-la-diversidad-sexual-de-la-region-del-bio-bio\/#breadcrumb"},"inLanguage":"es","potentialAction":[{"@type":"ReadAction","target":["https:\/\/www.fraczinet.cl\/sitio\/2012\/07\/20\/declaracion-publica-de-la-red-de-organizaciones-por-los-derechos-humanos-de-la-diversidad-sexual-de-la-region-del-bio-bio\/"]}]},{"@type":"BreadcrumbList","@id":"https:\/\/www.fraczinet.cl\/sitio\/2012\/07\/20\/declaracion-publica-de-la-red-de-organizaciones-por-los-derechos-humanos-de-la-diversidad-sexual-de-la-region-del-bio-bio\/#breadcrumb","itemListElement":[{"@type":"ListItem","position":1,"name":"Portada","item":"https:\/\/www.fraczinet.cl\/sitio\/"},{"@type":"ListItem","position":2,"name":"Declaraci\u00f3n P\u00fablica De La Red De Organizaciones Por Los Derechos Humanos De La Diversidad Sexual De La Regi\u00f3n Del Bio B\u00edo"}]},{"@type":"WebSite","@id":"https:\/\/www.fraczinet.cl\/sitio\/#website","url":"https:\/\/www.fraczinet.cl\/sitio\/","name":"Nuestro Bio B\u00edo","description":"Tierra de Encuentros","publisher":{"@id":"https:\/\/www.fraczinet.cl\/sitio\/#\/schema\/person\/aec8ee4da68df2b9b0eefdad24a0d582"},"potentialAction":[{"@type":"SearchAction","target":{"@type":"EntryPoint","urlTemplate":"https:\/\/www.fraczinet.cl\/sitio\/?s={search_term_string}"},"query-input":{"@type":"PropertyValueSpecification","valueRequired":true,"valueName":"search_term_string"}}],"inLanguage":"es"},{"@type":["Person","Organization"],"@id":"https:\/\/www.fraczinet.cl\/sitio\/#\/schema\/person\/aec8ee4da68df2b9b0eefdad24a0d582","name":"Luis Fernando Fraczinet","image":{"@type":"ImageObject","inLanguage":"es","@id":"https:\/\/www.fraczinet.cl\/sitio\/#\/schema\/person\/image\/","url":"https:\/\/www.fraczinet.cl\/sitio\/wp-content\/uploads\/2021\/07\/bannerlogo-1.gif","contentUrl":"https:\/\/www.fraczinet.cl\/sitio\/wp-content\/uploads\/2021\/07\/bannerlogo-1.gif","width":159,"height":79,"caption":"Luis Fernando Fraczinet"},"logo":{"@id":"https:\/\/www.fraczinet.cl\/sitio\/#\/schema\/person\/image\/"},"sameAs":["https:\/\/www.fraczinet.cl\/sitio\/"]},{"@type":"Person","@id":"https:\/\/www.fraczinet.cl\/sitio\/#\/schema\/person\/bc30f98e9cb10ae7e119dbe14bc93784","name":"admin","image":{"@type":"ImageObject","inLanguage":"es","@id":"https:\/\/www.fraczinet.cl\/sitio\/#\/schema\/person\/image\/","url":"https:\/\/secure.gravatar.com\/avatar\/d5ad3cf7ef3b23a2bb5be73be780c86b2fc8545c3ad6b149f3913ff458c00099?s=96&d=mm&r=g","contentUrl":"https:\/\/secure.gravatar.com\/avatar\/d5ad3cf7ef3b23a2bb5be73be780c86b2fc8545c3ad6b149f3913ff458c00099?s=96&d=mm&r=g","caption":"admin"},"sameAs":["https:\/\/www.fraczinet.cl\/sitio"]}]}},"_links":{"self":[{"href":"https:\/\/www.fraczinet.cl\/sitio\/wp-json\/wp\/v2\/posts\/5730","targetHints":{"allow":["GET"]}}],"collection":[{"href":"https:\/\/www.fraczinet.cl\/sitio\/wp-json\/wp\/v2\/posts"}],"about":[{"href":"https:\/\/www.fraczinet.cl\/sitio\/wp-json\/wp\/v2\/types\/post"}],"author":[{"embeddable":true,"href":"https:\/\/www.fraczinet.cl\/sitio\/wp-json\/wp\/v2\/users\/1"}],"replies":[{"embeddable":true,"href":"https:\/\/www.fraczinet.cl\/sitio\/wp-json\/wp\/v2\/comments?post=5730"}],"version-history":[{"count":0,"href":"https:\/\/www.fraczinet.cl\/sitio\/wp-json\/wp\/v2\/posts\/5730\/revisions"}],"wp:attachment":[{"href":"https:\/\/www.fraczinet.cl\/sitio\/wp-json\/wp\/v2\/media?parent=5730"}],"wp:term":[{"taxonomy":"category","embeddable":true,"href":"https:\/\/www.fraczinet.cl\/sitio\/wp-json\/wp\/v2\/categories?post=5730"},{"taxonomy":"post_tag","embeddable":true,"href":"https:\/\/www.fraczinet.cl\/sitio\/wp-json\/wp\/v2\/tags?post=5730"}],"curies":[{"name":"wp","href":"https:\/\/api.w.org\/{rel}","templated":true}]}}