{"id":5732,"date":"2012-07-12T22:32:00","date_gmt":"2012-07-12T22:32:00","guid":{"rendered":"https:\/\/www.fraczinet.cl\/sitio\/2012\/07\/12\/concepcion-se-movilizo-por-recuperar-nuestros-recursos-naturales\/"},"modified":"2022-10-05T20:40:36","modified_gmt":"2022-10-05T20:40:36","slug":"concepcion-se-movilizo-por-recuperar-nuestros-recursos-naturales","status":"publish","type":"post","link":"https:\/\/www.fraczinet.cl\/sitio\/2012\/07\/12\/concepcion-se-movilizo-por-recuperar-nuestros-recursos-naturales\/","title":{"rendered":"Concepci\u00f3n Se Moviliz\u00f3 Por Recuperar Nuestros Recursos Naturales"},"content":{"rendered":"<p>16 fueron las organizaciones y m\u00e1s de 300 personas se dieron cita para levantar la voz por lo que es nuestro, por defender y valorar nuestros recursos naturales, un d\u00eda en en que se conmemora otro a\u00f1o m\u00e1s en que Chile, el Gobierno de Chile NACIONALIZ\u00d3 EL COBRE!!!, con la firmeza de quien desea lo mejor para su pa\u00eds, <\/p>\n<p>A 41 a\u00f1os de que el Presidente Salvador Allende entreg\u00f3 el cobre a los chilenos. Hoy quienes convocaron y quienes asistieron exigen con voz en alto: PAREMOS EL SAQUEO AMBIENTAL, El Cobre, El Litio, El Agua para los chilenos.<\/p>\n<p><embed flashvars=\"host=picasaweb.google.com&amp;hl=es&amp;feat=flashalbum&amp;RGB=0x000000&amp;feed=https%3A%2F%2Fpicasaweb.google.com%2Fdata%2Ffeed%2Fapi%2Fuser%2Fnuestrobiobio%2Falbumid%2F5764414099210148433%3Falt%3Drss%26kind%3Dphoto%26hl%3Des\" height=\"267\" pluginspage=\"http:\/\/www.macromedia.com\/go\/getflashplayer\" src=\"https:\/\/picasaweb.google.com\/s\/c\/bin\/slideshow.swf\" type=\"application\/x-shockwave-flash\" width=\"400\"><\/embed><\/p>\n<p><iframe allowfullscreen=\"\" frameborder=\"0\" height=\"315\" src=\"http:\/\/www.youtube.com\/embed\/ou_STadkwI0\" width=\"580\"><\/iframe><\/p>\n<p><iframe allowfullscreen=\"\" frameborder=\"0\" height=\"315\" src=\"http:\/\/www.youtube.com\/embed\/YTkAVTOejD0\" width=\"580\"><\/iframe><\/p>\n","protected":false},"excerpt":{"rendered":"<p>16 fueron las organizaciones y m\u00e1s de 300 personas se dieron cita para levantar la voz por lo que es nuestro, por defender y valorar nuestros recursos naturales, un d\u00eda en en que se conmemora otro a\u00f1o m\u00e1s en que Chile, el Gobierno de Chile NACIONALIZ\u00d3 EL COBRE!!!, con la firmeza de quien desea lo [&hellip;]<\/p>\n","protected":false},"author":1,"featured_media":0,"comment_status":"open","ping_status":"open","sticky":false,"template":"","format":"standard","meta":{"footnotes":""},"categories":[113,42,251],"tags":[],"class_list":["post-5732","post","type-post","status-publish","format-standard","hentry","category-ciudadania","category-concepcion","category-rrnn"],"yoast_head":"<!-- This site is optimized with the Yoast SEO plugin v25.0 - https:\/\/yoast.com\/wordpress\/plugins\/seo\/ -->\n<title>Concepci\u00f3n Se Moviliz\u00f3 Por Recuperar Nuestros Recursos Naturales - Nuestro Bio B\u00edo<\/title>\n<meta name=\"robots\" content=\"index, follow, max-snippet:-1, max-image-preview:large, max-video-preview:-1\" \/>\n<link rel=\"canonical\" href=\"https:\/\/www.fraczinet.cl\/sitio\/2012\/07\/12\/concepcion-se-movilizo-por-recuperar-nuestros-recursos-naturales\/\" \/>\n<meta property=\"og:locale\" content=\"es_ES\" \/>\n<meta property=\"og:type\" content=\"article\" \/>\n<meta property=\"og:title\" content=\"Concepci\u00f3n Se Moviliz\u00f3 Por Recuperar Nuestros Recursos Naturales - Nuestro Bio B\u00edo\" \/>\n<meta property=\"og:description\" content=\"16 fueron las organizaciones y m\u00e1s de 300 personas se dieron cita para levantar la voz por lo que es nuestro, por defender y valorar nuestros recursos naturales, un d\u00eda en en que se conmemora otro a\u00f1o m\u00e1s en que Chile, el Gobierno de Chile NACIONALIZ\u00d3 EL COBRE!!!, con la firmeza de quien desea lo [&hellip;]\" \/>\n<meta property=\"og:url\" content=\"https:\/\/www.fraczinet.cl\/sitio\/2012\/07\/12\/concepcion-se-movilizo-por-recuperar-nuestros-recursos-naturales\/\" \/>\n<meta property=\"og:site_name\" content=\"Nuestro Bio B\u00edo\" \/>\n<meta property=\"article:published_time\" content=\"2012-07-12T22:32:00+00:00\" \/>\n<meta property=\"article:modified_time\" content=\"2022-10-05T20:40:36+00:00\" \/>\n<meta property=\"og:image\" content=\"https:\/\/www.fraczinet.cl\/sitio\/wp-content\/uploads\/2021\/07\/bannerlogo-1.gif\" \/>\n\t<meta property=\"og:image:width\" content=\"159\" \/>\n\t<meta property=\"og:image:height\" content=\"79\" \/>\n\t<meta property=\"og:image:type\" content=\"image\/gif\" \/>\n<meta name=\"author\" content=\"admin\" \/>\n<meta name=\"twitter:card\" content=\"summary_large_image\" \/>\n<meta name=\"twitter:creator\" content=\"@nuestrobiobio\" \/>\n<meta name=\"twitter:site\" content=\"@nuestrobiobio\" \/>\n<meta name=\"twitter:label1\" content=\"Escrito por\" \/>\n\t<meta name=\"twitter:data1\" content=\"admin\" \/>\n\t<meta name=\"twitter:label2\" content=\"Tiempo de lectura\" \/>\n\t<meta name=\"twitter:data2\" content=\"1 minuto\" \/>\n<script type=\"application\/ld+json\" class=\"yoast-schema-graph\">{\"@context\":\"https:\/\/schema.org\",\"@graph\":[{\"@type\":\"Article\",\"@id\":\"https:\/\/www.fraczinet.cl\/sitio\/2012\/07\/12\/concepcion-se-movilizo-por-recuperar-nuestros-recursos-naturales\/#article\",\"isPartOf\":{\"@id\":\"https:\/\/www.fraczinet.cl\/sitio\/2012\/07\/12\/concepcion-se-movilizo-por-recuperar-nuestros-recursos-naturales\/\"},\"author\":{\"name\":\"admin\",\"@id\":\"https:\/\/www.fraczinet.cl\/sitio\/#\/schema\/person\/bc30f98e9cb10ae7e119dbe14bc93784\"},\"headline\":\"Concepci\u00f3n Se Moviliz\u00f3 Por Recuperar Nuestros Recursos Naturales\",\"datePublished\":\"2012-07-12T22:32:00+00:00\",\"dateModified\":\"2022-10-05T20:40:36+00:00\",\"mainEntityOfPage\":{\"@id\":\"https:\/\/www.fraczinet.cl\/sitio\/2012\/07\/12\/concepcion-se-movilizo-por-recuperar-nuestros-recursos-naturales\/\"},\"wordCount\":110,\"commentCount\":0,\"publisher\":{\"@id\":\"https:\/\/www.fraczinet.cl\/sitio\/#\/schema\/person\/aec8ee4da68df2b9b0eefdad24a0d582\"},\"articleSection\":[\"Ciudadan\u00eda\",\"Concepci\u00f3n\",\"RRNN\"],\"inLanguage\":\"es\",\"potentialAction\":[{\"@type\":\"CommentAction\",\"name\":\"Comment\",\"target\":[\"https:\/\/www.fraczinet.cl\/sitio\/2012\/07\/12\/concepcion-se-movilizo-por-recuperar-nuestros-recursos-naturales\/#respond\"]}]},{\"@type\":\"WebPage\",\"@id\":\"https:\/\/www.fraczinet.cl\/sitio\/2012\/07\/12\/concepcion-se-movilizo-por-recuperar-nuestros-recursos-naturales\/\",\"url\":\"https:\/\/www.fraczinet.cl\/sitio\/2012\/07\/12\/concepcion-se-movilizo-por-recuperar-nuestros-recursos-naturales\/\",\"name\":\"Concepci\u00f3n Se Moviliz\u00f3 Por Recuperar Nuestros Recursos Naturales - Nuestro Bio B\u00edo\",\"isPartOf\":{\"@id\":\"https:\/\/www.fraczinet.cl\/sitio\/#website\"},\"datePublished\":\"2012-07-12T22:32:00+00:00\",\"dateModified\":\"2022-10-05T20:40:36+00:00\",\"breadcrumb\":{\"@id\":\"https:\/\/www.fraczinet.cl\/sitio\/2012\/07\/12\/concepcion-se-movilizo-por-recuperar-nuestros-recursos-naturales\/#breadcrumb\"},\"inLanguage\":\"es\",\"potentialAction\":[{\"@type\":\"ReadAction\",\"target\":[\"https:\/\/www.fraczinet.cl\/sitio\/2012\/07\/12\/concepcion-se-movilizo-por-recuperar-nuestros-recursos-naturales\/\"]}]},{\"@type\":\"BreadcrumbList\",\"@id\":\"https:\/\/www.fraczinet.cl\/sitio\/2012\/07\/12\/concepcion-se-movilizo-por-recuperar-nuestros-recursos-naturales\/#breadcrumb\",\"itemListElement\":[{\"@type\":\"ListItem\",\"position\":1,\"name\":\"Portada\",\"item\":\"https:\/\/www.fraczinet.cl\/sitio\/\"},{\"@type\":\"ListItem\",\"position\":2,\"name\":\"Concepci\u00f3n Se Moviliz\u00f3 Por Recuperar Nuestros Recursos Naturales\"}]},{\"@type\":\"WebSite\",\"@id\":\"https:\/\/www.fraczinet.cl\/sitio\/#website\",\"url\":\"https:\/\/www.fraczinet.cl\/sitio\/\",\"name\":\"Nuestro Bio B\u00edo\",\"description\":\"Tierra de Encuentros\",\"publisher\":{\"@id\":\"https:\/\/www.fraczinet.cl\/sitio\/#\/schema\/person\/aec8ee4da68df2b9b0eefdad24a0d582\"},\"potentialAction\":[{\"@type\":\"SearchAction\",\"target\":{\"@type\":\"EntryPoint\",\"urlTemplate\":\"https:\/\/www.fraczinet.cl\/sitio\/?s={search_term_string}\"},\"query-input\":{\"@type\":\"PropertyValueSpecification\",\"valueRequired\":true,\"valueName\":\"search_term_string\"}}],\"inLanguage\":\"es\"},{\"@type\":[\"Person\",\"Organization\"],\"@id\":\"https:\/\/www.fraczinet.cl\/sitio\/#\/schema\/person\/aec8ee4da68df2b9b0eefdad24a0d582\",\"name\":\"Luis Fernando Fraczinet\",\"image\":{\"@type\":\"ImageObject\",\"inLanguage\":\"es\",\"@id\":\"https:\/\/www.fraczinet.cl\/sitio\/#\/schema\/person\/image\/\",\"url\":\"https:\/\/www.fraczinet.cl\/sitio\/wp-content\/uploads\/2021\/07\/bannerlogo-1.gif\",\"contentUrl\":\"https:\/\/www.fraczinet.cl\/sitio\/wp-content\/uploads\/2021\/07\/bannerlogo-1.gif\",\"width\":159,\"height\":79,\"caption\":\"Luis Fernando Fraczinet\"},\"logo\":{\"@id\":\"https:\/\/www.fraczinet.cl\/sitio\/#\/schema\/person\/image\/\"},\"sameAs\":[\"https:\/\/www.fraczinet.cl\/sitio\/\"]},{\"@type\":\"Person\",\"@id\":\"https:\/\/www.fraczinet.cl\/sitio\/#\/schema\/person\/bc30f98e9cb10ae7e119dbe14bc93784\",\"name\":\"admin\",\"image\":{\"@type\":\"ImageObject\",\"inLanguage\":\"es\",\"@id\":\"https:\/\/www.fraczinet.cl\/sitio\/#\/schema\/person\/image\/\",\"url\":\"https:\/\/secure.gravatar.com\/avatar\/d5ad3cf7ef3b23a2bb5be73be780c86b2fc8545c3ad6b149f3913ff458c00099?s=96&d=mm&r=g\",\"contentUrl\":\"https:\/\/secure.gravatar.com\/avatar\/d5ad3cf7ef3b23a2bb5be73be780c86b2fc8545c3ad6b149f3913ff458c00099?s=96&d=mm&r=g\",\"caption\":\"admin\"},\"sameAs\":[\"https:\/\/www.fraczinet.cl\/sitio\"]}]}<\/script>\n<!-- \/ Yoast SEO plugin. -->","yoast_head_json":{"title":"Concepci\u00f3n Se Moviliz\u00f3 Por Recuperar Nuestros Recursos Naturales - Nuestro Bio B\u00edo","robots":{"index":"index","follow":"follow","max-snippet":"max-snippet:-1","max-image-preview":"max-image-preview:large","max-video-preview":"max-video-preview:-1"},"canonical":"https:\/\/www.fraczinet.cl\/sitio\/2012\/07\/12\/concepcion-se-movilizo-por-recuperar-nuestros-recursos-naturales\/","og_locale":"es_ES","og_type":"article","og_title":"Concepci\u00f3n Se Moviliz\u00f3 Por Recuperar Nuestros Recursos Naturales - Nuestro Bio B\u00edo","og_description":"16 fueron las organizaciones y m\u00e1s de 300 personas se dieron cita para levantar la voz por lo que es nuestro, por defender y valorar nuestros recursos naturales, un d\u00eda en en que se conmemora otro a\u00f1o m\u00e1s en que Chile, el Gobierno de Chile NACIONALIZ\u00d3 EL COBRE!!!, con la firmeza de quien desea lo [&hellip;]","og_url":"https:\/\/www.fraczinet.cl\/sitio\/2012\/07\/12\/concepcion-se-movilizo-por-recuperar-nuestros-recursos-naturales\/","og_site_name":"Nuestro Bio B\u00edo","article_published_time":"2012-07-12T22:32:00+00:00","article_modified_time":"2022-10-05T20:40:36+00:00","og_image":[{"width":159,"height":79,"url":"https:\/\/www.fraczinet.cl\/sitio\/wp-content\/uploads\/2021\/07\/bannerlogo-1.gif","type":"image\/gif"}],"author":"admin","twitter_card":"summary_large_image","twitter_creator":"@nuestrobiobio","twitter_site":"@nuestrobiobio","twitter_misc":{"Escrito por":"admin","Tiempo de lectura":"1 minuto"},"schema":{"@context":"https:\/\/schema.org","@graph":[{"@type":"Article","@id":"https:\/\/www.fraczinet.cl\/sitio\/2012\/07\/12\/concepcion-se-movilizo-por-recuperar-nuestros-recursos-naturales\/#article","isPartOf":{"@id":"https:\/\/www.fraczinet.cl\/sitio\/2012\/07\/12\/concepcion-se-movilizo-por-recuperar-nuestros-recursos-naturales\/"},"author":{"name":"admin","@id":"https:\/\/www.fraczinet.cl\/sitio\/#\/schema\/person\/bc30f98e9cb10ae7e119dbe14bc93784"},"headline":"Concepci\u00f3n Se Moviliz\u00f3 Por Recuperar Nuestros Recursos Naturales","datePublished":"2012-07-12T22:32:00+00:00","dateModified":"2022-10-05T20:40:36+00:00","mainEntityOfPage":{"@id":"https:\/\/www.fraczinet.cl\/sitio\/2012\/07\/12\/concepcion-se-movilizo-por-recuperar-nuestros-recursos-naturales\/"},"wordCount":110,"commentCount":0,"publisher":{"@id":"https:\/\/www.fraczinet.cl\/sitio\/#\/schema\/person\/aec8ee4da68df2b9b0eefdad24a0d582"},"articleSection":["Ciudadan\u00eda","Concepci\u00f3n","RRNN"],"inLanguage":"es","potentialAction":[{"@type":"CommentAction","name":"Comment","target":["https:\/\/www.fraczinet.cl\/sitio\/2012\/07\/12\/concepcion-se-movilizo-por-recuperar-nuestros-recursos-naturales\/#respond"]}]},{"@type":"WebPage","@id":"https:\/\/www.fraczinet.cl\/sitio\/2012\/07\/12\/concepcion-se-movilizo-por-recuperar-nuestros-recursos-naturales\/","url":"https:\/\/www.fraczinet.cl\/sitio\/2012\/07\/12\/concepcion-se-movilizo-por-recuperar-nuestros-recursos-naturales\/","name":"Concepci\u00f3n Se Moviliz\u00f3 Por Recuperar Nuestros Recursos Naturales - Nuestro Bio B\u00edo","isPartOf":{"@id":"https:\/\/www.fraczinet.cl\/sitio\/#website"},"datePublished":"2012-07-12T22:32:00+00:00","dateModified":"2022-10-05T20:40:36+00:00","breadcrumb":{"@id":"https:\/\/www.fraczinet.cl\/sitio\/2012\/07\/12\/concepcion-se-movilizo-por-recuperar-nuestros-recursos-naturales\/#breadcrumb"},"inLanguage":"es","potentialAction":[{"@type":"ReadAction","target":["https:\/\/www.fraczinet.cl\/sitio\/2012\/07\/12\/concepcion-se-movilizo-por-recuperar-nuestros-recursos-naturales\/"]}]},{"@type":"BreadcrumbList","@id":"https:\/\/www.fraczinet.cl\/sitio\/2012\/07\/12\/concepcion-se-movilizo-por-recuperar-nuestros-recursos-naturales\/#breadcrumb","itemListElement":[{"@type":"ListItem","position":1,"name":"Portada","item":"https:\/\/www.fraczinet.cl\/sitio\/"},{"@type":"ListItem","position":2,"name":"Concepci\u00f3n Se Moviliz\u00f3 Por Recuperar Nuestros Recursos Naturales"}]},{"@type":"WebSite","@id":"https:\/\/www.fraczinet.cl\/sitio\/#website","url":"https:\/\/www.fraczinet.cl\/sitio\/","name":"Nuestro Bio B\u00edo","description":"Tierra de Encuentros","publisher":{"@id":"https:\/\/www.fraczinet.cl\/sitio\/#\/schema\/person\/aec8ee4da68df2b9b0eefdad24a0d582"},"potentialAction":[{"@type":"SearchAction","target":{"@type":"EntryPoint","urlTemplate":"https:\/\/www.fraczinet.cl\/sitio\/?s={search_term_string}"},"query-input":{"@type":"PropertyValueSpecification","valueRequired":true,"valueName":"search_term_string"}}],"inLanguage":"es"},{"@type":["Person","Organization"],"@id":"https:\/\/www.fraczinet.cl\/sitio\/#\/schema\/person\/aec8ee4da68df2b9b0eefdad24a0d582","name":"Luis Fernando Fraczinet","image":{"@type":"ImageObject","inLanguage":"es","@id":"https:\/\/www.fraczinet.cl\/sitio\/#\/schema\/person\/image\/","url":"https:\/\/www.fraczinet.cl\/sitio\/wp-content\/uploads\/2021\/07\/bannerlogo-1.gif","contentUrl":"https:\/\/www.fraczinet.cl\/sitio\/wp-content\/uploads\/2021\/07\/bannerlogo-1.gif","width":159,"height":79,"caption":"Luis Fernando Fraczinet"},"logo":{"@id":"https:\/\/www.fraczinet.cl\/sitio\/#\/schema\/person\/image\/"},"sameAs":["https:\/\/www.fraczinet.cl\/sitio\/"]},{"@type":"Person","@id":"https:\/\/www.fraczinet.cl\/sitio\/#\/schema\/person\/bc30f98e9cb10ae7e119dbe14bc93784","name":"admin","image":{"@type":"ImageObject","inLanguage":"es","@id":"https:\/\/www.fraczinet.cl\/sitio\/#\/schema\/person\/image\/","url":"https:\/\/secure.gravatar.com\/avatar\/d5ad3cf7ef3b23a2bb5be73be780c86b2fc8545c3ad6b149f3913ff458c00099?s=96&d=mm&r=g","contentUrl":"https:\/\/secure.gravatar.com\/avatar\/d5ad3cf7ef3b23a2bb5be73be780c86b2fc8545c3ad6b149f3913ff458c00099?s=96&d=mm&r=g","caption":"admin"},"sameAs":["https:\/\/www.fraczinet.cl\/sitio"]}]}},"_links":{"self":[{"href":"https:\/\/www.fraczinet.cl\/sitio\/wp-json\/wp\/v2\/posts\/5732","targetHints":{"allow":["GET"]}}],"collection":[{"href":"https:\/\/www.fraczinet.cl\/sitio\/wp-json\/wp\/v2\/posts"}],"about":[{"href":"https:\/\/www.fraczinet.cl\/sitio\/wp-json\/wp\/v2\/types\/post"}],"author":[{"embeddable":true,"href":"https:\/\/www.fraczinet.cl\/sitio\/wp-json\/wp\/v2\/users\/1"}],"replies":[{"embeddable":true,"href":"https:\/\/www.fraczinet.cl\/sitio\/wp-json\/wp\/v2\/comments?post=5732"}],"version-history":[{"count":1,"href":"https:\/\/www.fraczinet.cl\/sitio\/wp-json\/wp\/v2\/posts\/5732\/revisions"}],"predecessor-version":[{"id":14052,"href":"https:\/\/www.fraczinet.cl\/sitio\/wp-json\/wp\/v2\/posts\/5732\/revisions\/14052"}],"wp:attachment":[{"href":"https:\/\/www.fraczinet.cl\/sitio\/wp-json\/wp\/v2\/media?parent=5732"}],"wp:term":[{"taxonomy":"category","embeddable":true,"href":"https:\/\/www.fraczinet.cl\/sitio\/wp-json\/wp\/v2\/categories?post=5732"},{"taxonomy":"post_tag","embeddable":true,"href":"https:\/\/www.fraczinet.cl\/sitio\/wp-json\/wp\/v2\/tags?post=5732"}],"curies":[{"name":"wp","href":"https:\/\/api.w.org\/{rel}","templated":true}]}}