{"id":5737,"date":"2012-07-02T15:10:00","date_gmt":"2012-07-02T15:10:00","guid":{"rendered":"https:\/\/www.fraczinet.cl\/sitio\/2012\/07\/02\/el-litio-chileno-para-los-chilenos\/"},"modified":"2012-07-02T15:10:00","modified_gmt":"2012-07-02T15:10:00","slug":"el-litio-chileno-para-los-chilenos","status":"publish","type":"post","link":"https:\/\/www.fraczinet.cl\/sitio\/2012\/07\/02\/el-litio-chileno-para-los-chilenos\/","title":{"rendered":"El Litio Chileno Para Los Chilenos"},"content":{"rendered":"<p><span style=\"-webkit-text-size-adjust: auto; -webkit-text-stroke-width: 0px; background-color: #ebebeb; color: #333333; display: inline !important; float: none; font-family: arial, sans-serif; font-size: 13px; font-style: normal; font-variant: normal; font-weight: normal; letter-spacing: normal; line-height: 18px; orphans: 2; text-align: left; text-indent: 0px; text-transform: none; white-space: normal; widows: 2; word-spacing: 0px;\"><iframe allowfullscreen=\"\" frameborder=\"0\" height=\"315\" src=\"http:\/\/www.youtube.com\/embed\/zqGXZEFb8DY\" width=\"500\"><\/iframe><\/p>\n<p>El litio es un metal cuyas m\u00e1ximas reservas mundiales se encuentran en el salar de Uyuni en Bolivia y en el salar de Atacama, en Chile. Aunque Chile es actualmente el primer productor mundial, la demanda creciente del mineral ha hecho proyectar un incremento de cien mil toneladas.<\/span><br \/><br style=\"-webkit-text-size-adjust: auto; -webkit-text-stroke-width: 0px; background-color: #ebebeb; color: #333333; font-family: arial, sans-serif; font-size: 13px; font-style: normal; font-variant: normal; font-weight: normal; letter-spacing: normal; line-height: 18px; orphans: 2; text-align: left; text-indent: 0px; text-transform: none; white-space: normal; widows: 2; word-spacing: 0px;\" \/><span style=\"-webkit-text-size-adjust: auto; -webkit-text-stroke-width: 0px; background-color: #ebebeb; color: #333333; display: inline !important; float: none; font-family: arial, sans-serif; font-size: 13px; font-style: normal; font-variant: normal; font-weight: normal; letter-spacing: normal; line-height: 18px; orphans: 2; text-align: left; text-indent: 0px; text-transform: none; white-space: normal; widows: 2; word-spacing: 0px;\">Por su car\u00e1cter estrat\u00e9gico (la producci\u00f3n de tritio de las centrales nucleares) y su uso en la mayor\u00eda de las bater\u00edas de alto rendimiento, como las de los autos el\u00e9ctricos, celulares, computadores y otros artefactos, el valor del litio ha ido creciendo progresivamente en los \u00faltimos a\u00f1os, pasando de los 1.500 d\u00f3lares por tonelada, a los casi 6.000 d\u00f3lares que vale al d\u00eda de hoy.<\/span><br \/><br style=\"-webkit-text-size-adjust: auto; -webkit-text-stroke-width: 0px; background-color: #ebebeb; color: #333333; font-family: arial, sans-serif; font-size: 13px; font-style: normal; font-variant: normal; font-weight: normal; letter-spacing: normal; line-height: 18px; orphans: 2; text-align: left; text-indent: 0px; text-transform: none; white-space: normal; widows: 2; word-spacing: 0px;\" \/><span style=\"-webkit-text-size-adjust: auto; -webkit-text-stroke-width: 0px; background-color: #ebebeb; color: #333333; display: inline !important; float: none; font-family: arial, sans-serif; font-size: 13px; font-style: normal; font-variant: normal; font-weight: normal; letter-spacing: normal; line-height: 18px; orphans: 2; text-align: left; text-indent: 0px; text-transform: none; white-space: normal; widows: 2; word-spacing: 0px;\">A pesar de lo anterior, el gobierno chileno no considera que el litio sea un mineral estrat\u00e9gico y pretende entregar una concesi\u00f3n a privados, burlando la legislaci\u00f3n minera a trav\u00e9s de un oscuro decreto vigente, el decreto 2.886 promulgado por Pinochet en 1979 y en virtud del cual la dictadura privatiz\u00f3 la miner\u00eda en Chile.<\/span><br \/><br style=\"-webkit-text-size-adjust: auto; -webkit-text-stroke-width: 0px; background-color: #ebebeb; color: #333333; font-family: arial, sans-serif; font-size: 13px; font-style: normal; font-variant: normal; font-weight: normal; letter-spacing: normal; line-height: 18px; orphans: 2; text-align: left; text-indent: 0px; text-transform: none; white-space: normal; widows: 2; word-spacing: 0px;\" \/><span style=\"-webkit-text-size-adjust: auto; -webkit-text-stroke-width: 0px; background-color: #ebebeb; color: #333333; display: inline !important; float: none; font-family: arial, sans-serif; font-size: 13px; font-style: normal; font-variant: normal; font-weight: normal; letter-spacing: normal; line-height: 18px; orphans: 2; text-align: left; text-indent: 0px; text-transform: none; white-space: normal; widows: 2; word-spacing: 0px;\">El ministerio de miner\u00eda public\u00f3 las bases de la licitaci\u00f3n en la cual se pretende entregar una concesi\u00f3n de 20 a\u00f1os para una extracci\u00f3n de 100.000 toneladas, contra un pago de un 7% de royalty m\u00e1s los impuestos vigentes.<\/span><br \/><br style=\"-webkit-text-size-adjust: auto; -webkit-text-stroke-width: 0px; background-color: #ebebeb; color: #333333; font-family: arial, sans-serif; font-size: 13px; font-style: normal; font-variant: normal; font-weight: normal; letter-spacing: normal; line-height: 18px; orphans: 2; text-align: left; text-indent: 0px; text-transform: none; white-space: normal; widows: 2; word-spacing: 0px;\" \/><span style=\"-webkit-text-size-adjust: auto; -webkit-text-stroke-width: 0px; background-color: #ebebeb; color: #333333; display: inline !important; float: none; font-family: arial, sans-serif; font-size: 13px; font-style: normal; font-variant: normal; font-weight: normal; letter-spacing: normal; line-height: 18px; orphans: 2; text-align: left; text-indent: 0px; text-transform: none; white-space: normal; widows: 2; word-spacing: 0px;\">Considerando el precio actual del litio, esto generar\u00eda un ingreso para el pa\u00eds de aproximadamente 350 millones de d\u00f3lares anuales y una ganancia privada de 450 millones de d\u00f3lares por a\u00f1o, lo que proyectado a 20 a\u00f1os significar\u00eda una recaudaci\u00f3n de 7.000 millones de d\u00f3lares, frente a una ganancia privada de 9.000 millones de d\u00f3lares.<\/span><br \/><br style=\"-webkit-text-size-adjust: auto; -webkit-text-stroke-width: 0px; background-color: #ebebeb; color: #333333; font-family: arial, sans-serif; font-size: 13px; font-style: normal; font-variant: normal; font-weight: normal; letter-spacing: normal; line-height: 18px; orphans: 2; text-align: left; text-indent: 0px; text-transform: none; white-space: normal; widows: 2; word-spacing: 0px;\" \/><span style=\"-webkit-text-size-adjust: auto; -webkit-text-stroke-width: 0px; background-color: #ebebeb; color: #333333; display: inline !important; float: none; font-family: arial, sans-serif; font-size: 13px; font-style: normal; font-variant: normal; font-weight: normal; letter-spacing: normal; line-height: 18px; orphans: 2; text-align: left; text-indent: 0px; text-transform: none; white-space: normal; widows: 2; word-spacing: 0px;\">Si la inversi\u00f3n inicial requerida para iniciar la faena es de unos 1.000 millones de d\u00f3lares \u00bfpor qu\u00e9 no hacemos la inversi\u00f3n como pa\u00eds y hacemos entrar a las arcas fiscales esos 8.000 millones de diferencia?<\/span><br \/><br style=\"-webkit-text-size-adjust: auto; -webkit-text-stroke-width: 0px; background-color: #ebebeb; color: #333333; font-family: arial, sans-serif; font-size: 13px; font-style: normal; font-variant: normal; font-weight: normal; letter-spacing: normal; line-height: 18px; orphans: 2; text-align: left; text-indent: 0px; text-transform: none; white-space: normal; widows: 2; word-spacing: 0px;\" \/><span style=\"-webkit-text-size-adjust: auto; -webkit-text-stroke-width: 0px; background-color: #ebebeb; color: #333333; display: inline !important; float: none; font-family: arial, sans-serif; font-size: 13px; font-style: normal; font-variant: normal; font-weight: normal; letter-spacing: normal; line-height: 18px; orphans: 2; text-align: left; text-indent: 0px; text-transform: none; white-space: normal; widows: 2; word-spacing: 0px;\">Algunos dice: \u00a1es que las empresas estatales son menos eficientes! Y nosotros respondemos: es cierto, CODELCO es un 10% menos eficiente que la competencia privada. Entonces, no ser\u00e1n 15.000 millones los que recaudaremos&#8230; ser\u00e1n \u00abs\u00f3lo\u00bb 13.500.<\/span><br \/><br style=\"-webkit-text-size-adjust: auto; -webkit-text-stroke-width: 0px; background-color: #ebebeb; color: #333333; font-family: arial, sans-serif; font-size: 13px; font-style: normal; font-variant: normal; font-weight: normal; letter-spacing: normal; line-height: 18px; orphans: 2; text-align: left; text-indent: 0px; text-transform: none; white-space: normal; widows: 2; word-spacing: 0px;\" \/><span style=\"-webkit-text-size-adjust: auto; -webkit-text-stroke-width: 0px; background-color: #ebebeb; color: #333333; display: inline !important; float: none; font-family: arial, sans-serif; font-size: 13px; font-style: normal; font-variant: normal; font-weight: normal; letter-spacing: normal; line-height: 18px; orphans: 2; text-align: left; text-indent: 0px; text-transform: none; white-space: normal; widows: 2; word-spacing: 0px;\">Pero la verdad es otra y la sabe todo Chile: la cerdocracia pretende concesionar estos recursos a sus hermanos, a sus primos y a sus amigos, los que seguir\u00e1n enriqueci\u00e9ndose mientras el pueblo de Chile sigue empobrecido.<\/span><br \/><br style=\"-webkit-text-size-adjust: auto; -webkit-text-stroke-width: 0px; background-color: #ebebeb; color: #333333; font-family: arial, sans-serif; font-size: 13px; font-style: normal; font-variant: normal; font-weight: normal; letter-spacing: normal; line-height: 18px; orphans: 2; text-align: left; text-indent: 0px; text-transform: none; white-space: normal; widows: 2; word-spacing: 0px;\" \/><span style=\"-webkit-text-size-adjust: auto; -webkit-text-stroke-width: 0px; background-color: #ebebeb; color: #333333; display: inline !important; float: none; font-family: arial, sans-serif; font-size: 13px; font-style: normal; font-variant: normal; font-weight: normal; letter-spacing: normal; line-height: 18px; orphans: 2; text-align: left; text-indent: 0px; text-transform: none; white-space: normal; widows: 2; word-spacing: 0px;\">Recuperemos lo que es nuestro.<span> <\/span><\/span><br \/><span style=\"-webkit-text-size-adjust: auto; -webkit-text-stroke-width: 0px; background-color: #ebebeb; color: #333333; display: inline !important; float: none; font-family: arial, sans-serif; font-size: 13px; font-style: normal; font-variant: normal; font-weight: normal; letter-spacing: normal; line-height: 18px; orphans: 2; text-align: left; text-indent: 0px; text-transform: none; white-space: normal; widows: 2; word-spacing: 0px;\">No + cerdocracia<br \/><\/span><\/p>\n","protected":false},"excerpt":{"rendered":"<p>El litio es un metal cuyas m\u00e1ximas reservas mundiales se encuentran en el salar de Uyuni en Bolivia y en el salar de Atacama, en Chile. Aunque Chile es actualmente el primer productor mundial, la demanda creciente del mineral ha hecho proyectar un incremento de cien mil toneladas.Por su car\u00e1cter estrat\u00e9gico (la producci\u00f3n de tritio [&hellip;]<\/p>\n","protected":false},"author":1,"featured_media":0,"comment_status":"open","ping_status":"open","sticky":false,"template":"","format":"standard","meta":{"footnotes":""},"categories":[251],"tags":[],"class_list":["post-5737","post","type-post","status-publish","format-standard","hentry","category-rrnn"],"yoast_head":"<!-- This site is optimized with the Yoast SEO plugin v25.0 - https:\/\/yoast.com\/wordpress\/plugins\/seo\/ -->\n<title>El Litio Chileno Para Los Chilenos - Nuestro Bio B\u00edo<\/title>\n<meta name=\"robots\" content=\"index, follow, max-snippet:-1, max-image-preview:large, max-video-preview:-1\" \/>\n<link rel=\"canonical\" href=\"https:\/\/www.fraczinet.cl\/sitio\/2012\/07\/02\/el-litio-chileno-para-los-chilenos\/\" \/>\n<meta property=\"og:locale\" content=\"es_ES\" \/>\n<meta property=\"og:type\" content=\"article\" \/>\n<meta property=\"og:title\" content=\"El Litio Chileno Para Los Chilenos - Nuestro Bio B\u00edo\" \/>\n<meta property=\"og:description\" content=\"El litio es un metal cuyas m\u00e1ximas reservas mundiales se encuentran en el salar de Uyuni en Bolivia y en el salar de Atacama, en Chile. Aunque Chile es actualmente el primer productor mundial, la demanda creciente del mineral ha hecho proyectar un incremento de cien mil toneladas.Por su car\u00e1cter estrat\u00e9gico (la producci\u00f3n de tritio [&hellip;]\" \/>\n<meta property=\"og:url\" content=\"https:\/\/www.fraczinet.cl\/sitio\/2012\/07\/02\/el-litio-chileno-para-los-chilenos\/\" \/>\n<meta property=\"og:site_name\" content=\"Nuestro Bio B\u00edo\" \/>\n<meta property=\"article:published_time\" content=\"2012-07-02T15:10:00+00:00\" \/>\n<meta property=\"og:image\" content=\"https:\/\/www.fraczinet.cl\/sitio\/wp-content\/uploads\/2021\/07\/bannerlogo-1.gif\" \/>\n\t<meta property=\"og:image:width\" content=\"159\" \/>\n\t<meta property=\"og:image:height\" content=\"79\" \/>\n\t<meta property=\"og:image:type\" content=\"image\/gif\" \/>\n<meta name=\"author\" content=\"admin\" \/>\n<meta name=\"twitter:card\" content=\"summary_large_image\" \/>\n<meta name=\"twitter:creator\" content=\"@nuestrobiobio\" \/>\n<meta name=\"twitter:site\" content=\"@nuestrobiobio\" \/>\n<meta name=\"twitter:label1\" content=\"Escrito por\" \/>\n\t<meta name=\"twitter:data1\" content=\"admin\" \/>\n\t<meta name=\"twitter:label2\" content=\"Tiempo de lectura\" \/>\n\t<meta name=\"twitter:data2\" content=\"2 minutos\" \/>\n<script type=\"application\/ld+json\" class=\"yoast-schema-graph\">{\"@context\":\"https:\/\/schema.org\",\"@graph\":[{\"@type\":\"Article\",\"@id\":\"https:\/\/www.fraczinet.cl\/sitio\/2012\/07\/02\/el-litio-chileno-para-los-chilenos\/#article\",\"isPartOf\":{\"@id\":\"https:\/\/www.fraczinet.cl\/sitio\/2012\/07\/02\/el-litio-chileno-para-los-chilenos\/\"},\"author\":{\"name\":\"admin\",\"@id\":\"https:\/\/www.fraczinet.cl\/sitio\/#\/schema\/person\/bc30f98e9cb10ae7e119dbe14bc93784\"},\"headline\":\"El Litio Chileno Para Los Chilenos\",\"datePublished\":\"2012-07-02T15:10:00+00:00\",\"mainEntityOfPage\":{\"@id\":\"https:\/\/www.fraczinet.cl\/sitio\/2012\/07\/02\/el-litio-chileno-para-los-chilenos\/\"},\"wordCount\":408,\"commentCount\":0,\"publisher\":{\"@id\":\"https:\/\/www.fraczinet.cl\/sitio\/#\/schema\/person\/aec8ee4da68df2b9b0eefdad24a0d582\"},\"articleSection\":[\"RRNN\"],\"inLanguage\":\"es\",\"potentialAction\":[{\"@type\":\"CommentAction\",\"name\":\"Comment\",\"target\":[\"https:\/\/www.fraczinet.cl\/sitio\/2012\/07\/02\/el-litio-chileno-para-los-chilenos\/#respond\"]}]},{\"@type\":\"WebPage\",\"@id\":\"https:\/\/www.fraczinet.cl\/sitio\/2012\/07\/02\/el-litio-chileno-para-los-chilenos\/\",\"url\":\"https:\/\/www.fraczinet.cl\/sitio\/2012\/07\/02\/el-litio-chileno-para-los-chilenos\/\",\"name\":\"El Litio Chileno Para Los Chilenos - Nuestro Bio B\u00edo\",\"isPartOf\":{\"@id\":\"https:\/\/www.fraczinet.cl\/sitio\/#website\"},\"datePublished\":\"2012-07-02T15:10:00+00:00\",\"breadcrumb\":{\"@id\":\"https:\/\/www.fraczinet.cl\/sitio\/2012\/07\/02\/el-litio-chileno-para-los-chilenos\/#breadcrumb\"},\"inLanguage\":\"es\",\"potentialAction\":[{\"@type\":\"ReadAction\",\"target\":[\"https:\/\/www.fraczinet.cl\/sitio\/2012\/07\/02\/el-litio-chileno-para-los-chilenos\/\"]}]},{\"@type\":\"BreadcrumbList\",\"@id\":\"https:\/\/www.fraczinet.cl\/sitio\/2012\/07\/02\/el-litio-chileno-para-los-chilenos\/#breadcrumb\",\"itemListElement\":[{\"@type\":\"ListItem\",\"position\":1,\"name\":\"Portada\",\"item\":\"https:\/\/www.fraczinet.cl\/sitio\/\"},{\"@type\":\"ListItem\",\"position\":2,\"name\":\"El Litio Chileno Para Los Chilenos\"}]},{\"@type\":\"WebSite\",\"@id\":\"https:\/\/www.fraczinet.cl\/sitio\/#website\",\"url\":\"https:\/\/www.fraczinet.cl\/sitio\/\",\"name\":\"Nuestro Bio B\u00edo\",\"description\":\"Tierra de Encuentros\",\"publisher\":{\"@id\":\"https:\/\/www.fraczinet.cl\/sitio\/#\/schema\/person\/aec8ee4da68df2b9b0eefdad24a0d582\"},\"potentialAction\":[{\"@type\":\"SearchAction\",\"target\":{\"@type\":\"EntryPoint\",\"urlTemplate\":\"https:\/\/www.fraczinet.cl\/sitio\/?s={search_term_string}\"},\"query-input\":{\"@type\":\"PropertyValueSpecification\",\"valueRequired\":true,\"valueName\":\"search_term_string\"}}],\"inLanguage\":\"es\"},{\"@type\":[\"Person\",\"Organization\"],\"@id\":\"https:\/\/www.fraczinet.cl\/sitio\/#\/schema\/person\/aec8ee4da68df2b9b0eefdad24a0d582\",\"name\":\"Luis Fernando Fraczinet\",\"image\":{\"@type\":\"ImageObject\",\"inLanguage\":\"es\",\"@id\":\"https:\/\/www.fraczinet.cl\/sitio\/#\/schema\/person\/image\/\",\"url\":\"https:\/\/www.fraczinet.cl\/sitio\/wp-content\/uploads\/2021\/07\/bannerlogo-1.gif\",\"contentUrl\":\"https:\/\/www.fraczinet.cl\/sitio\/wp-content\/uploads\/2021\/07\/bannerlogo-1.gif\",\"width\":159,\"height\":79,\"caption\":\"Luis Fernando Fraczinet\"},\"logo\":{\"@id\":\"https:\/\/www.fraczinet.cl\/sitio\/#\/schema\/person\/image\/\"},\"sameAs\":[\"https:\/\/www.fraczinet.cl\/sitio\/\"]},{\"@type\":\"Person\",\"@id\":\"https:\/\/www.fraczinet.cl\/sitio\/#\/schema\/person\/bc30f98e9cb10ae7e119dbe14bc93784\",\"name\":\"admin\",\"image\":{\"@type\":\"ImageObject\",\"inLanguage\":\"es\",\"@id\":\"https:\/\/www.fraczinet.cl\/sitio\/#\/schema\/person\/image\/\",\"url\":\"https:\/\/secure.gravatar.com\/avatar\/d5ad3cf7ef3b23a2bb5be73be780c86b2fc8545c3ad6b149f3913ff458c00099?s=96&d=mm&r=g\",\"contentUrl\":\"https:\/\/secure.gravatar.com\/avatar\/d5ad3cf7ef3b23a2bb5be73be780c86b2fc8545c3ad6b149f3913ff458c00099?s=96&d=mm&r=g\",\"caption\":\"admin\"},\"sameAs\":[\"https:\/\/www.fraczinet.cl\/sitio\"]}]}<\/script>\n<!-- \/ Yoast SEO plugin. -->","yoast_head_json":{"title":"El Litio Chileno Para Los Chilenos - Nuestro Bio B\u00edo","robots":{"index":"index","follow":"follow","max-snippet":"max-snippet:-1","max-image-preview":"max-image-preview:large","max-video-preview":"max-video-preview:-1"},"canonical":"https:\/\/www.fraczinet.cl\/sitio\/2012\/07\/02\/el-litio-chileno-para-los-chilenos\/","og_locale":"es_ES","og_type":"article","og_title":"El Litio Chileno Para Los Chilenos - Nuestro Bio B\u00edo","og_description":"El litio es un metal cuyas m\u00e1ximas reservas mundiales se encuentran en el salar de Uyuni en Bolivia y en el salar de Atacama, en Chile. Aunque Chile es actualmente el primer productor mundial, la demanda creciente del mineral ha hecho proyectar un incremento de cien mil toneladas.Por su car\u00e1cter estrat\u00e9gico (la producci\u00f3n de tritio [&hellip;]","og_url":"https:\/\/www.fraczinet.cl\/sitio\/2012\/07\/02\/el-litio-chileno-para-los-chilenos\/","og_site_name":"Nuestro Bio B\u00edo","article_published_time":"2012-07-02T15:10:00+00:00","og_image":[{"width":159,"height":79,"url":"https:\/\/www.fraczinet.cl\/sitio\/wp-content\/uploads\/2021\/07\/bannerlogo-1.gif","type":"image\/gif"}],"author":"admin","twitter_card":"summary_large_image","twitter_creator":"@nuestrobiobio","twitter_site":"@nuestrobiobio","twitter_misc":{"Escrito por":"admin","Tiempo de lectura":"2 minutos"},"schema":{"@context":"https:\/\/schema.org","@graph":[{"@type":"Article","@id":"https:\/\/www.fraczinet.cl\/sitio\/2012\/07\/02\/el-litio-chileno-para-los-chilenos\/#article","isPartOf":{"@id":"https:\/\/www.fraczinet.cl\/sitio\/2012\/07\/02\/el-litio-chileno-para-los-chilenos\/"},"author":{"name":"admin","@id":"https:\/\/www.fraczinet.cl\/sitio\/#\/schema\/person\/bc30f98e9cb10ae7e119dbe14bc93784"},"headline":"El Litio Chileno Para Los Chilenos","datePublished":"2012-07-02T15:10:00+00:00","mainEntityOfPage":{"@id":"https:\/\/www.fraczinet.cl\/sitio\/2012\/07\/02\/el-litio-chileno-para-los-chilenos\/"},"wordCount":408,"commentCount":0,"publisher":{"@id":"https:\/\/www.fraczinet.cl\/sitio\/#\/schema\/person\/aec8ee4da68df2b9b0eefdad24a0d582"},"articleSection":["RRNN"],"inLanguage":"es","potentialAction":[{"@type":"CommentAction","name":"Comment","target":["https:\/\/www.fraczinet.cl\/sitio\/2012\/07\/02\/el-litio-chileno-para-los-chilenos\/#respond"]}]},{"@type":"WebPage","@id":"https:\/\/www.fraczinet.cl\/sitio\/2012\/07\/02\/el-litio-chileno-para-los-chilenos\/","url":"https:\/\/www.fraczinet.cl\/sitio\/2012\/07\/02\/el-litio-chileno-para-los-chilenos\/","name":"El Litio Chileno Para Los Chilenos - Nuestro Bio B\u00edo","isPartOf":{"@id":"https:\/\/www.fraczinet.cl\/sitio\/#website"},"datePublished":"2012-07-02T15:10:00+00:00","breadcrumb":{"@id":"https:\/\/www.fraczinet.cl\/sitio\/2012\/07\/02\/el-litio-chileno-para-los-chilenos\/#breadcrumb"},"inLanguage":"es","potentialAction":[{"@type":"ReadAction","target":["https:\/\/www.fraczinet.cl\/sitio\/2012\/07\/02\/el-litio-chileno-para-los-chilenos\/"]}]},{"@type":"BreadcrumbList","@id":"https:\/\/www.fraczinet.cl\/sitio\/2012\/07\/02\/el-litio-chileno-para-los-chilenos\/#breadcrumb","itemListElement":[{"@type":"ListItem","position":1,"name":"Portada","item":"https:\/\/www.fraczinet.cl\/sitio\/"},{"@type":"ListItem","position":2,"name":"El Litio Chileno Para Los Chilenos"}]},{"@type":"WebSite","@id":"https:\/\/www.fraczinet.cl\/sitio\/#website","url":"https:\/\/www.fraczinet.cl\/sitio\/","name":"Nuestro Bio B\u00edo","description":"Tierra de Encuentros","publisher":{"@id":"https:\/\/www.fraczinet.cl\/sitio\/#\/schema\/person\/aec8ee4da68df2b9b0eefdad24a0d582"},"potentialAction":[{"@type":"SearchAction","target":{"@type":"EntryPoint","urlTemplate":"https:\/\/www.fraczinet.cl\/sitio\/?s={search_term_string}"},"query-input":{"@type":"PropertyValueSpecification","valueRequired":true,"valueName":"search_term_string"}}],"inLanguage":"es"},{"@type":["Person","Organization"],"@id":"https:\/\/www.fraczinet.cl\/sitio\/#\/schema\/person\/aec8ee4da68df2b9b0eefdad24a0d582","name":"Luis Fernando Fraczinet","image":{"@type":"ImageObject","inLanguage":"es","@id":"https:\/\/www.fraczinet.cl\/sitio\/#\/schema\/person\/image\/","url":"https:\/\/www.fraczinet.cl\/sitio\/wp-content\/uploads\/2021\/07\/bannerlogo-1.gif","contentUrl":"https:\/\/www.fraczinet.cl\/sitio\/wp-content\/uploads\/2021\/07\/bannerlogo-1.gif","width":159,"height":79,"caption":"Luis Fernando Fraczinet"},"logo":{"@id":"https:\/\/www.fraczinet.cl\/sitio\/#\/schema\/person\/image\/"},"sameAs":["https:\/\/www.fraczinet.cl\/sitio\/"]},{"@type":"Person","@id":"https:\/\/www.fraczinet.cl\/sitio\/#\/schema\/person\/bc30f98e9cb10ae7e119dbe14bc93784","name":"admin","image":{"@type":"ImageObject","inLanguage":"es","@id":"https:\/\/www.fraczinet.cl\/sitio\/#\/schema\/person\/image\/","url":"https:\/\/secure.gravatar.com\/avatar\/d5ad3cf7ef3b23a2bb5be73be780c86b2fc8545c3ad6b149f3913ff458c00099?s=96&d=mm&r=g","contentUrl":"https:\/\/secure.gravatar.com\/avatar\/d5ad3cf7ef3b23a2bb5be73be780c86b2fc8545c3ad6b149f3913ff458c00099?s=96&d=mm&r=g","caption":"admin"},"sameAs":["https:\/\/www.fraczinet.cl\/sitio"]}]}},"_links":{"self":[{"href":"https:\/\/www.fraczinet.cl\/sitio\/wp-json\/wp\/v2\/posts\/5737","targetHints":{"allow":["GET"]}}],"collection":[{"href":"https:\/\/www.fraczinet.cl\/sitio\/wp-json\/wp\/v2\/posts"}],"about":[{"href":"https:\/\/www.fraczinet.cl\/sitio\/wp-json\/wp\/v2\/types\/post"}],"author":[{"embeddable":true,"href":"https:\/\/www.fraczinet.cl\/sitio\/wp-json\/wp\/v2\/users\/1"}],"replies":[{"embeddable":true,"href":"https:\/\/www.fraczinet.cl\/sitio\/wp-json\/wp\/v2\/comments?post=5737"}],"version-history":[{"count":0,"href":"https:\/\/www.fraczinet.cl\/sitio\/wp-json\/wp\/v2\/posts\/5737\/revisions"}],"wp:attachment":[{"href":"https:\/\/www.fraczinet.cl\/sitio\/wp-json\/wp\/v2\/media?parent=5737"}],"wp:term":[{"taxonomy":"category","embeddable":true,"href":"https:\/\/www.fraczinet.cl\/sitio\/wp-json\/wp\/v2\/categories?post=5737"},{"taxonomy":"post_tag","embeddable":true,"href":"https:\/\/www.fraczinet.cl\/sitio\/wp-json\/wp\/v2\/tags?post=5737"}],"curies":[{"name":"wp","href":"https:\/\/api.w.org\/{rel}","templated":true}]}}