{"id":5744,"date":"2012-05-29T00:32:00","date_gmt":"2012-05-29T00:32:00","guid":{"rendered":"https:\/\/www.fraczinet.cl\/sitio\/2012\/05\/29\/camilo-cabezas-alcalde-de-yumbel-apoyando-a-los-jovenes-humanistas-por-concepcion\/"},"modified":"2022-10-05T00:42:21","modified_gmt":"2022-10-05T00:42:21","slug":"camilo-cabezas-alcalde-de-yumbel-apoyando-a-los-jovenes-humanistas-por-concepcion","status":"publish","type":"post","link":"https:\/\/www.fraczinet.cl\/sitio\/camilo-cabezas-alcalde-de-yumbel-apoyando-a-los-jovenes-humanistas-por-concepcion\/","title":{"rendered":"Camilo Cabezas Alcalde De Yumbel Apoyando A Los J\u00f3venes Humanistas Por Concepci\u00f3n"},"content":{"rendered":"<p><iframe allowfullscreen=\"\" frameborder=\"0\" height=\"315\" src=\"http:\/\/www.youtube.com\/embed\/gXsL7_PVRgE\" width=\"580\"><\/iframe><\/p>\n","protected":false},"excerpt":{"rendered":"","protected":false},"author":1,"featured_media":0,"comment_status":"open","ping_status":"closed","sticky":false,"template":"","format":"standard","meta":{"footnotes":""},"categories":[258,138,131],"tags":[],"class_list":["post-5744","post","type-post","status-publish","format-standard","hentry","category-camilo-cabezas","category-partido-humanista","category-politica"],"yoast_head":"<!-- This site is optimized with the Yoast SEO plugin v28.2 - https:\/\/yoast.com\/product\/yoast-seo-wordpress\/ -->\n<title>Camilo Cabezas Alcalde De Yumbel Apoyando A Los J\u00f3venes Humanistas Por Concepci\u00f3n - Nuestro Bio B\u00edo<\/title>\n<meta name=\"robots\" content=\"index, follow, max-snippet:-1, max-image-preview:large, max-video-preview:-1\" \/>\n<link rel=\"canonical\" href=\"https:\/\/www.fraczinet.cl\/sitio\/camilo-cabezas-alcalde-de-yumbel-apoyando-a-los-jovenes-humanistas-por-concepcion\/\" \/>\n<meta property=\"og:locale\" content=\"es_ES\" \/>\n<meta property=\"og:type\" content=\"article\" \/>\n<meta property=\"og:title\" content=\"Camilo Cabezas Alcalde De Yumbel Apoyando A Los J\u00f3venes Humanistas Por Concepci\u00f3n - Nuestro Bio B\u00edo\" \/>\n<meta property=\"og:url\" content=\"https:\/\/www.fraczinet.cl\/sitio\/camilo-cabezas-alcalde-de-yumbel-apoyando-a-los-jovenes-humanistas-por-concepcion\/\" \/>\n<meta property=\"og:site_name\" content=\"Nuestro Bio B\u00edo\" \/>\n<meta property=\"article:publisher\" content=\"https:\/\/www.facebook.com\/groups\/15721414452\/\" \/>\n<meta property=\"article:published_time\" content=\"2012-05-29T00:32:00+00:00\" \/>\n<meta property=\"article:modified_time\" content=\"2022-10-05T00:42:21+00:00\" \/>\n<meta property=\"og:image\" content=\"https:\/\/www.fraczinet.cl\/sitio\/wp-content\/uploads\/2021\/07\/bannerlogo-1.gif\" \/>\n\t<meta property=\"og:image:width\" content=\"159\" \/>\n\t<meta property=\"og:image:height\" content=\"79\" \/>\n\t<meta property=\"og:image:type\" content=\"image\/gif\" \/>\n<meta name=\"twitter:card\" content=\"summary_large_image\" \/>\n<meta name=\"twitter:creator\" content=\"@nuestrobiobio\" \/>\n<meta name=\"twitter:site\" content=\"@nuestrobiobio\" \/>\n<meta name=\"twitter:label1\" content=\"Escrito por\" \/>\n\t<meta name=\"twitter:data1\" content=\"\" \/>\n<script type=\"application\/ld+json\" class=\"yoast-schema-graph\">{\"@context\":\"https:\\\/\\\/schema.org\",\"@graph\":[{\"@type\":\"Article\",\"@id\":\"https:\\\/\\\/www.fraczinet.cl\\\/sitio\\\/camilo-cabezas-alcalde-de-yumbel-apoyando-a-los-jovenes-humanistas-por-concepcion\\\/#article\",\"isPartOf\":{\"@id\":\"https:\\\/\\\/www.fraczinet.cl\\\/sitio\\\/camilo-cabezas-alcalde-de-yumbel-apoyando-a-los-jovenes-humanistas-por-concepcion\\\/\"},\"author\":{\"name\":\"\",\"@id\":\"\"},\"headline\":\"Camilo Cabezas Alcalde De Yumbel Apoyando A Los J\u00f3venes Humanistas Por Concepci\u00f3n\",\"datePublished\":\"2012-05-29T00:32:00+00:00\",\"dateModified\":\"2022-10-05T00:42:21+00:00\",\"mainEntityOfPage\":{\"@id\":\"https:\\\/\\\/www.fraczinet.cl\\\/sitio\\\/camilo-cabezas-alcalde-de-yumbel-apoyando-a-los-jovenes-humanistas-por-concepcion\\\/\"},\"wordCount\":14,\"commentCount\":0,\"articleSection\":[\"Camilo Cabezas\",\"Partido Humanista\",\"Pol\u00edtica\"],\"inLanguage\":\"es\",\"potentialAction\":[{\"@type\":\"CommentAction\",\"name\":\"Comment\",\"target\":[\"https:\\\/\\\/www.fraczinet.cl\\\/sitio\\\/camilo-cabezas-alcalde-de-yumbel-apoyando-a-los-jovenes-humanistas-por-concepcion\\\/#respond\"]}]},{\"@type\":\"WebPage\",\"@id\":\"https:\\\/\\\/www.fraczinet.cl\\\/sitio\\\/camilo-cabezas-alcalde-de-yumbel-apoyando-a-los-jovenes-humanistas-por-concepcion\\\/\",\"url\":\"https:\\\/\\\/www.fraczinet.cl\\\/sitio\\\/camilo-cabezas-alcalde-de-yumbel-apoyando-a-los-jovenes-humanistas-por-concepcion\\\/\",\"name\":\"Camilo Cabezas Alcalde De Yumbel Apoyando A Los J\u00f3venes Humanistas Por Concepci\u00f3n - Nuestro Bio B\u00edo\",\"isPartOf\":{\"@id\":\"https:\\\/\\\/www.fraczinet.cl\\\/sitio\\\/#website\"},\"datePublished\":\"2012-05-29T00:32:00+00:00\",\"dateModified\":\"2022-10-05T00:42:21+00:00\",\"author\":{\"@id\":\"\"},\"breadcrumb\":{\"@id\":\"https:\\\/\\\/www.fraczinet.cl\\\/sitio\\\/camilo-cabezas-alcalde-de-yumbel-apoyando-a-los-jovenes-humanistas-por-concepcion\\\/#breadcrumb\"},\"inLanguage\":\"es\",\"potentialAction\":[{\"@type\":\"ReadAction\",\"target\":[\"https:\\\/\\\/www.fraczinet.cl\\\/sitio\\\/camilo-cabezas-alcalde-de-yumbel-apoyando-a-los-jovenes-humanistas-por-concepcion\\\/\"]}]},{\"@type\":\"BreadcrumbList\",\"@id\":\"https:\\\/\\\/www.fraczinet.cl\\\/sitio\\\/camilo-cabezas-alcalde-de-yumbel-apoyando-a-los-jovenes-humanistas-por-concepcion\\\/#breadcrumb\",\"itemListElement\":[{\"@type\":\"ListItem\",\"position\":1,\"name\":\"Portada\",\"item\":\"https:\\\/\\\/www.fraczinet.cl\\\/sitio\\\/\"},{\"@type\":\"ListItem\",\"position\":2,\"name\":\"Camilo Cabezas Alcalde De Yumbel Apoyando A Los J\u00f3venes Humanistas Por Concepci\u00f3n\"}]},{\"@type\":\"WebSite\",\"@id\":\"https:\\\/\\\/www.fraczinet.cl\\\/sitio\\\/#website\",\"url\":\"https:\\\/\\\/www.fraczinet.cl\\\/sitio\\\/\",\"name\":\"Nuestro Bio B\u00edo\",\"description\":\"Tierra de Encuentros\",\"potentialAction\":[{\"@type\":\"SearchAction\",\"target\":{\"@type\":\"EntryPoint\",\"urlTemplate\":\"https:\\\/\\\/www.fraczinet.cl\\\/sitio\\\/?s={search_term_string}\"},\"query-input\":{\"@type\":\"PropertyValueSpecification\",\"valueRequired\":true,\"valueName\":\"search_term_string\"}}],\"inLanguage\":\"es\"},{\"@type\":\"Person\",\"@id\":\"\"}]}<\/script>\n<!-- \/ Yoast SEO plugin. -->","yoast_head_json":{"title":"Camilo Cabezas Alcalde De Yumbel Apoyando A Los J\u00f3venes Humanistas Por Concepci\u00f3n - Nuestro Bio B\u00edo","robots":{"index":"index","follow":"follow","max-snippet":"max-snippet:-1","max-image-preview":"max-image-preview:large","max-video-preview":"max-video-preview:-1"},"canonical":"https:\/\/www.fraczinet.cl\/sitio\/camilo-cabezas-alcalde-de-yumbel-apoyando-a-los-jovenes-humanistas-por-concepcion\/","og_locale":"es_ES","og_type":"article","og_title":"Camilo Cabezas Alcalde De Yumbel Apoyando A Los J\u00f3venes Humanistas Por Concepci\u00f3n - Nuestro Bio B\u00edo","og_url":"https:\/\/www.fraczinet.cl\/sitio\/camilo-cabezas-alcalde-de-yumbel-apoyando-a-los-jovenes-humanistas-por-concepcion\/","og_site_name":"Nuestro Bio B\u00edo","article_publisher":"https:\/\/www.facebook.com\/groups\/15721414452\/","article_published_time":"2012-05-29T00:32:00+00:00","article_modified_time":"2022-10-05T00:42:21+00:00","og_image":[{"width":159,"height":79,"url":"https:\/\/www.fraczinet.cl\/sitio\/wp-content\/uploads\/2021\/07\/bannerlogo-1.gif","type":"image\/gif"}],"twitter_card":"summary_large_image","twitter_creator":"@nuestrobiobio","twitter_site":"@nuestrobiobio","twitter_misc":{"Escrito por":""},"schema":{"@context":"https:\/\/schema.org","@graph":[{"@type":"Article","@id":"https:\/\/www.fraczinet.cl\/sitio\/camilo-cabezas-alcalde-de-yumbel-apoyando-a-los-jovenes-humanistas-por-concepcion\/#article","isPartOf":{"@id":"https:\/\/www.fraczinet.cl\/sitio\/camilo-cabezas-alcalde-de-yumbel-apoyando-a-los-jovenes-humanistas-por-concepcion\/"},"author":{"name":"","@id":""},"headline":"Camilo Cabezas Alcalde De Yumbel Apoyando A Los J\u00f3venes Humanistas Por Concepci\u00f3n","datePublished":"2012-05-29T00:32:00+00:00","dateModified":"2022-10-05T00:42:21+00:00","mainEntityOfPage":{"@id":"https:\/\/www.fraczinet.cl\/sitio\/camilo-cabezas-alcalde-de-yumbel-apoyando-a-los-jovenes-humanistas-por-concepcion\/"},"wordCount":14,"commentCount":0,"articleSection":["Camilo Cabezas","Partido Humanista","Pol\u00edtica"],"inLanguage":"es","potentialAction":[{"@type":"CommentAction","name":"Comment","target":["https:\/\/www.fraczinet.cl\/sitio\/camilo-cabezas-alcalde-de-yumbel-apoyando-a-los-jovenes-humanistas-por-concepcion\/#respond"]}]},{"@type":"WebPage","@id":"https:\/\/www.fraczinet.cl\/sitio\/camilo-cabezas-alcalde-de-yumbel-apoyando-a-los-jovenes-humanistas-por-concepcion\/","url":"https:\/\/www.fraczinet.cl\/sitio\/camilo-cabezas-alcalde-de-yumbel-apoyando-a-los-jovenes-humanistas-por-concepcion\/","name":"Camilo Cabezas Alcalde De Yumbel Apoyando A Los J\u00f3venes Humanistas Por Concepci\u00f3n - Nuestro Bio B\u00edo","isPartOf":{"@id":"https:\/\/www.fraczinet.cl\/sitio\/#website"},"datePublished":"2012-05-29T00:32:00+00:00","dateModified":"2022-10-05T00:42:21+00:00","author":{"@id":""},"breadcrumb":{"@id":"https:\/\/www.fraczinet.cl\/sitio\/camilo-cabezas-alcalde-de-yumbel-apoyando-a-los-jovenes-humanistas-por-concepcion\/#breadcrumb"},"inLanguage":"es","potentialAction":[{"@type":"ReadAction","target":["https:\/\/www.fraczinet.cl\/sitio\/camilo-cabezas-alcalde-de-yumbel-apoyando-a-los-jovenes-humanistas-por-concepcion\/"]}]},{"@type":"BreadcrumbList","@id":"https:\/\/www.fraczinet.cl\/sitio\/camilo-cabezas-alcalde-de-yumbel-apoyando-a-los-jovenes-humanistas-por-concepcion\/#breadcrumb","itemListElement":[{"@type":"ListItem","position":1,"name":"Portada","item":"https:\/\/www.fraczinet.cl\/sitio\/"},{"@type":"ListItem","position":2,"name":"Camilo Cabezas Alcalde De Yumbel Apoyando A Los J\u00f3venes Humanistas Por Concepci\u00f3n"}]},{"@type":"WebSite","@id":"https:\/\/www.fraczinet.cl\/sitio\/#website","url":"https:\/\/www.fraczinet.cl\/sitio\/","name":"Nuestro Bio B\u00edo","description":"Tierra de Encuentros","potentialAction":[{"@type":"SearchAction","target":{"@type":"EntryPoint","urlTemplate":"https:\/\/www.fraczinet.cl\/sitio\/?s={search_term_string}"},"query-input":{"@type":"PropertyValueSpecification","valueRequired":true,"valueName":"search_term_string"}}],"inLanguage":"es"},{"@type":"Person","@id":""}]}},"_links":{"self":[{"href":"https:\/\/www.fraczinet.cl\/sitio\/wp-json\/wp\/v2\/posts\/5744","targetHints":{"allow":["GET"]}}],"collection":[{"href":"https:\/\/www.fraczinet.cl\/sitio\/wp-json\/wp\/v2\/posts"}],"about":[{"href":"https:\/\/www.fraczinet.cl\/sitio\/wp-json\/wp\/v2\/types\/post"}],"author":[{"embeddable":true,"href":"https:\/\/www.fraczinet.cl\/sitio\/wp-json\/wp\/v2\/users\/1"}],"replies":[{"embeddable":true,"href":"https:\/\/www.fraczinet.cl\/sitio\/wp-json\/wp\/v2\/comments?post=5744"}],"version-history":[{"count":1,"href":"https:\/\/www.fraczinet.cl\/sitio\/wp-json\/wp\/v2\/posts\/5744\/revisions"}],"predecessor-version":[{"id":14022,"href":"https:\/\/www.fraczinet.cl\/sitio\/wp-json\/wp\/v2\/posts\/5744\/revisions\/14022"}],"wp:attachment":[{"href":"https:\/\/www.fraczinet.cl\/sitio\/wp-json\/wp\/v2\/media?parent=5744"}],"wp:term":[{"taxonomy":"category","embeddable":true,"href":"https:\/\/www.fraczinet.cl\/sitio\/wp-json\/wp\/v2\/categories?post=5744"},{"taxonomy":"post_tag","embeddable":true,"href":"https:\/\/www.fraczinet.cl\/sitio\/wp-json\/wp\/v2\/tags?post=5744"}],"curies":[{"name":"wp","href":"https:\/\/api.w.org\/{rel}","templated":true}]}}