{"id":5747,"date":"2012-05-16T14:44:00","date_gmt":"2012-05-16T14:44:00","guid":{"rendered":"https:\/\/www.fraczinet.cl\/sitio\/2012\/05\/16\/cecal-invita-a-charla-con-el-fotografo-fernando-melo\/"},"modified":"2022-10-07T00:48:35","modified_gmt":"2022-10-07T00:48:35","slug":"cecal-invita-a-charla-con-el-fotografo-fernando-melo","status":"publish","type":"post","link":"https:\/\/www.fraczinet.cl\/sitio\/cecal-invita-a-charla-con-el-fotografo-fernando-melo\/","title":{"rendered":"Cecal Invita A Charla Con El Fot\u00f3grafo Fernando Melo"},"content":{"rendered":"<p>El jueves 17 de mayo, a las 18:00 horas el destacado fot\u00f3grafo Fernando Melo realizar\u00e1 una charla informativa a todos los fot\u00f3grafos de la provincia de \u00d1uble, que est\u00e9n interesados en postular al taller que dictar\u00e1 Andrea J\u00f6sch, Directora Escuela de Artes Visuales, Universidad UNIACC, el 22, 23 y 24 de junio del presente a\u00f1o.<\/p>\n<p>Esta charla se dictar\u00e1 en el Centro de Extensi\u00f3n Cultural de la Universidad de Concepci\u00f3n, CECAL, ubicado en calle Isabel Riquelme 479, Chill\u00e1n.<\/p>\n<p>En esta reuni\u00f3n los interesados podr\u00e1n conocer la experiencia del destacado fot\u00f3grafo Fernando Melo en la producci\u00f3n de portafolio y edici\u00f3n fotogr\u00e1fica. <\/p>\n<p>La invitaci\u00f3n se hace extensiva a todos los interesados en participar.<\/p>\n","protected":false},"excerpt":{"rendered":"<p>El jueves 17 de mayo, a las 18:00 horas el destacado fot\u00f3grafo Fernando Melo realizar\u00e1 una charla informativa a todos los fot\u00f3grafos de la provincia de \u00d1uble, que est\u00e9n interesados en postular al taller que dictar\u00e1 Andrea J\u00f6sch, Directora Escuela de Artes Visuales, Universidad UNIACC, el 22, 23 y 24 de junio del presente a\u00f1o. [&hellip;]<\/p>\n","protected":false},"author":1,"featured_media":0,"comment_status":"open","ping_status":"closed","sticky":false,"template":"","format":"standard","meta":{"footnotes":""},"categories":[208],"tags":[],"class_list":["post-5747","post","type-post","status-publish","format-standard","hentry","category-fotografia"],"yoast_head":"<!-- This site is optimized with the Yoast SEO plugin v28.2 - https:\/\/yoast.com\/product\/yoast-seo-wordpress\/ -->\n<title>Cecal Invita A Charla Con El Fot\u00f3grafo Fernando Melo - Nuestro Bio B\u00edo<\/title>\n<meta name=\"robots\" content=\"index, follow, max-snippet:-1, max-image-preview:large, max-video-preview:-1\" \/>\n<link rel=\"canonical\" href=\"https:\/\/www.fraczinet.cl\/sitio\/cecal-invita-a-charla-con-el-fotografo-fernando-melo\/\" \/>\n<meta property=\"og:locale\" content=\"es_ES\" \/>\n<meta property=\"og:type\" content=\"article\" \/>\n<meta property=\"og:title\" content=\"Cecal Invita A Charla Con El Fot\u00f3grafo Fernando Melo - Nuestro Bio B\u00edo\" \/>\n<meta property=\"og:description\" content=\"El jueves 17 de mayo, a las 18:00 horas el destacado fot\u00f3grafo Fernando Melo realizar\u00e1 una charla informativa a todos los fot\u00f3grafos de la provincia de \u00d1uble, que est\u00e9n interesados en postular al taller que dictar\u00e1 Andrea J\u00f6sch, Directora Escuela de Artes Visuales, Universidad UNIACC, el 22, 23 y 24 de junio del presente a\u00f1o. [&hellip;]\" \/>\n<meta property=\"og:url\" content=\"https:\/\/www.fraczinet.cl\/sitio\/cecal-invita-a-charla-con-el-fotografo-fernando-melo\/\" \/>\n<meta property=\"og:site_name\" content=\"Nuestro Bio B\u00edo\" \/>\n<meta property=\"article:publisher\" content=\"https:\/\/www.facebook.com\/groups\/15721414452\/\" \/>\n<meta property=\"article:published_time\" content=\"2012-05-16T14:44:00+00:00\" \/>\n<meta property=\"article:modified_time\" content=\"2022-10-07T00:48:35+00:00\" \/>\n<meta property=\"og:image\" content=\"https:\/\/www.fraczinet.cl\/sitio\/wp-content\/uploads\/2021\/07\/bannerlogo-1.gif\" \/>\n\t<meta property=\"og:image:width\" content=\"159\" \/>\n\t<meta property=\"og:image:height\" content=\"79\" \/>\n\t<meta property=\"og:image:type\" content=\"image\/gif\" \/>\n<meta name=\"twitter:card\" content=\"summary_large_image\" \/>\n<meta name=\"twitter:creator\" content=\"@nuestrobiobio\" \/>\n<meta name=\"twitter:site\" content=\"@nuestrobiobio\" \/>\n<meta name=\"twitter:label1\" content=\"Escrito por\" \/>\n\t<meta name=\"twitter:data1\" content=\"\" \/>\n\t<meta name=\"twitter:label2\" content=\"Tiempo de lectura\" \/>\n\t<meta name=\"twitter:data2\" content=\"1 minuto\" \/>\n<script type=\"application\/ld+json\" class=\"yoast-schema-graph\">{\"@context\":\"https:\\\/\\\/schema.org\",\"@graph\":[{\"@type\":\"Article\",\"@id\":\"https:\\\/\\\/www.fraczinet.cl\\\/sitio\\\/cecal-invita-a-charla-con-el-fotografo-fernando-melo\\\/#article\",\"isPartOf\":{\"@id\":\"https:\\\/\\\/www.fraczinet.cl\\\/sitio\\\/cecal-invita-a-charla-con-el-fotografo-fernando-melo\\\/\"},\"author\":{\"name\":\"\",\"@id\":\"\"},\"headline\":\"Cecal Invita A Charla Con El Fot\u00f3grafo Fernando Melo\",\"datePublished\":\"2012-05-16T14:44:00+00:00\",\"dateModified\":\"2022-10-07T00:48:35+00:00\",\"mainEntityOfPage\":{\"@id\":\"https:\\\/\\\/www.fraczinet.cl\\\/sitio\\\/cecal-invita-a-charla-con-el-fotografo-fernando-melo\\\/\"},\"wordCount\":130,\"commentCount\":0,\"articleSection\":[\"Fotograf\u00eda\"],\"inLanguage\":\"es\",\"potentialAction\":[{\"@type\":\"CommentAction\",\"name\":\"Comment\",\"target\":[\"https:\\\/\\\/www.fraczinet.cl\\\/sitio\\\/cecal-invita-a-charla-con-el-fotografo-fernando-melo\\\/#respond\"]}]},{\"@type\":\"WebPage\",\"@id\":\"https:\\\/\\\/www.fraczinet.cl\\\/sitio\\\/cecal-invita-a-charla-con-el-fotografo-fernando-melo\\\/\",\"url\":\"https:\\\/\\\/www.fraczinet.cl\\\/sitio\\\/cecal-invita-a-charla-con-el-fotografo-fernando-melo\\\/\",\"name\":\"Cecal Invita A Charla Con El Fot\u00f3grafo Fernando Melo - Nuestro Bio B\u00edo\",\"isPartOf\":{\"@id\":\"https:\\\/\\\/www.fraczinet.cl\\\/sitio\\\/#website\"},\"datePublished\":\"2012-05-16T14:44:00+00:00\",\"dateModified\":\"2022-10-07T00:48:35+00:00\",\"author\":{\"@id\":\"\"},\"breadcrumb\":{\"@id\":\"https:\\\/\\\/www.fraczinet.cl\\\/sitio\\\/cecal-invita-a-charla-con-el-fotografo-fernando-melo\\\/#breadcrumb\"},\"inLanguage\":\"es\",\"potentialAction\":[{\"@type\":\"ReadAction\",\"target\":[\"https:\\\/\\\/www.fraczinet.cl\\\/sitio\\\/cecal-invita-a-charla-con-el-fotografo-fernando-melo\\\/\"]}]},{\"@type\":\"BreadcrumbList\",\"@id\":\"https:\\\/\\\/www.fraczinet.cl\\\/sitio\\\/cecal-invita-a-charla-con-el-fotografo-fernando-melo\\\/#breadcrumb\",\"itemListElement\":[{\"@type\":\"ListItem\",\"position\":1,\"name\":\"Portada\",\"item\":\"https:\\\/\\\/www.fraczinet.cl\\\/sitio\\\/\"},{\"@type\":\"ListItem\",\"position\":2,\"name\":\"Cecal Invita A Charla Con El Fot\u00f3grafo Fernando Melo\"}]},{\"@type\":\"WebSite\",\"@id\":\"https:\\\/\\\/www.fraczinet.cl\\\/sitio\\\/#website\",\"url\":\"https:\\\/\\\/www.fraczinet.cl\\\/sitio\\\/\",\"name\":\"Nuestro Bio B\u00edo\",\"description\":\"Tierra de Encuentros\",\"potentialAction\":[{\"@type\":\"SearchAction\",\"target\":{\"@type\":\"EntryPoint\",\"urlTemplate\":\"https:\\\/\\\/www.fraczinet.cl\\\/sitio\\\/?s={search_term_string}\"},\"query-input\":{\"@type\":\"PropertyValueSpecification\",\"valueRequired\":true,\"valueName\":\"search_term_string\"}}],\"inLanguage\":\"es\"},{\"@type\":\"Person\",\"@id\":\"\"}]}<\/script>\n<!-- \/ Yoast SEO plugin. -->","yoast_head_json":{"title":"Cecal Invita A Charla Con El Fot\u00f3grafo Fernando Melo - Nuestro Bio B\u00edo","robots":{"index":"index","follow":"follow","max-snippet":"max-snippet:-1","max-image-preview":"max-image-preview:large","max-video-preview":"max-video-preview:-1"},"canonical":"https:\/\/www.fraczinet.cl\/sitio\/cecal-invita-a-charla-con-el-fotografo-fernando-melo\/","og_locale":"es_ES","og_type":"article","og_title":"Cecal Invita A Charla Con El Fot\u00f3grafo Fernando Melo - Nuestro Bio B\u00edo","og_description":"El jueves 17 de mayo, a las 18:00 horas el destacado fot\u00f3grafo Fernando Melo realizar\u00e1 una charla informativa a todos los fot\u00f3grafos de la provincia de \u00d1uble, que est\u00e9n interesados en postular al taller que dictar\u00e1 Andrea J\u00f6sch, Directora Escuela de Artes Visuales, Universidad UNIACC, el 22, 23 y 24 de junio del presente a\u00f1o. [&hellip;]","og_url":"https:\/\/www.fraczinet.cl\/sitio\/cecal-invita-a-charla-con-el-fotografo-fernando-melo\/","og_site_name":"Nuestro Bio B\u00edo","article_publisher":"https:\/\/www.facebook.com\/groups\/15721414452\/","article_published_time":"2012-05-16T14:44:00+00:00","article_modified_time":"2022-10-07T00:48:35+00:00","og_image":[{"width":159,"height":79,"url":"https:\/\/www.fraczinet.cl\/sitio\/wp-content\/uploads\/2021\/07\/bannerlogo-1.gif","type":"image\/gif"}],"twitter_card":"summary_large_image","twitter_creator":"@nuestrobiobio","twitter_site":"@nuestrobiobio","twitter_misc":{"Escrito por":"","Tiempo de lectura":"1 minuto"},"schema":{"@context":"https:\/\/schema.org","@graph":[{"@type":"Article","@id":"https:\/\/www.fraczinet.cl\/sitio\/cecal-invita-a-charla-con-el-fotografo-fernando-melo\/#article","isPartOf":{"@id":"https:\/\/www.fraczinet.cl\/sitio\/cecal-invita-a-charla-con-el-fotografo-fernando-melo\/"},"author":{"name":"","@id":""},"headline":"Cecal Invita A Charla Con El Fot\u00f3grafo Fernando Melo","datePublished":"2012-05-16T14:44:00+00:00","dateModified":"2022-10-07T00:48:35+00:00","mainEntityOfPage":{"@id":"https:\/\/www.fraczinet.cl\/sitio\/cecal-invita-a-charla-con-el-fotografo-fernando-melo\/"},"wordCount":130,"commentCount":0,"articleSection":["Fotograf\u00eda"],"inLanguage":"es","potentialAction":[{"@type":"CommentAction","name":"Comment","target":["https:\/\/www.fraczinet.cl\/sitio\/cecal-invita-a-charla-con-el-fotografo-fernando-melo\/#respond"]}]},{"@type":"WebPage","@id":"https:\/\/www.fraczinet.cl\/sitio\/cecal-invita-a-charla-con-el-fotografo-fernando-melo\/","url":"https:\/\/www.fraczinet.cl\/sitio\/cecal-invita-a-charla-con-el-fotografo-fernando-melo\/","name":"Cecal Invita A Charla Con El Fot\u00f3grafo Fernando Melo - Nuestro Bio B\u00edo","isPartOf":{"@id":"https:\/\/www.fraczinet.cl\/sitio\/#website"},"datePublished":"2012-05-16T14:44:00+00:00","dateModified":"2022-10-07T00:48:35+00:00","author":{"@id":""},"breadcrumb":{"@id":"https:\/\/www.fraczinet.cl\/sitio\/cecal-invita-a-charla-con-el-fotografo-fernando-melo\/#breadcrumb"},"inLanguage":"es","potentialAction":[{"@type":"ReadAction","target":["https:\/\/www.fraczinet.cl\/sitio\/cecal-invita-a-charla-con-el-fotografo-fernando-melo\/"]}]},{"@type":"BreadcrumbList","@id":"https:\/\/www.fraczinet.cl\/sitio\/cecal-invita-a-charla-con-el-fotografo-fernando-melo\/#breadcrumb","itemListElement":[{"@type":"ListItem","position":1,"name":"Portada","item":"https:\/\/www.fraczinet.cl\/sitio\/"},{"@type":"ListItem","position":2,"name":"Cecal Invita A Charla Con El Fot\u00f3grafo Fernando Melo"}]},{"@type":"WebSite","@id":"https:\/\/www.fraczinet.cl\/sitio\/#website","url":"https:\/\/www.fraczinet.cl\/sitio\/","name":"Nuestro Bio B\u00edo","description":"Tierra de Encuentros","potentialAction":[{"@type":"SearchAction","target":{"@type":"EntryPoint","urlTemplate":"https:\/\/www.fraczinet.cl\/sitio\/?s={search_term_string}"},"query-input":{"@type":"PropertyValueSpecification","valueRequired":true,"valueName":"search_term_string"}}],"inLanguage":"es"},{"@type":"Person","@id":""}]}},"_links":{"self":[{"href":"https:\/\/www.fraczinet.cl\/sitio\/wp-json\/wp\/v2\/posts\/5747","targetHints":{"allow":["GET"]}}],"collection":[{"href":"https:\/\/www.fraczinet.cl\/sitio\/wp-json\/wp\/v2\/posts"}],"about":[{"href":"https:\/\/www.fraczinet.cl\/sitio\/wp-json\/wp\/v2\/types\/post"}],"author":[{"embeddable":true,"href":"https:\/\/www.fraczinet.cl\/sitio\/wp-json\/wp\/v2\/users\/1"}],"replies":[{"embeddable":true,"href":"https:\/\/www.fraczinet.cl\/sitio\/wp-json\/wp\/v2\/comments?post=5747"}],"version-history":[{"count":1,"href":"https:\/\/www.fraczinet.cl\/sitio\/wp-json\/wp\/v2\/posts\/5747\/revisions"}],"predecessor-version":[{"id":14430,"href":"https:\/\/www.fraczinet.cl\/sitio\/wp-json\/wp\/v2\/posts\/5747\/revisions\/14430"}],"wp:attachment":[{"href":"https:\/\/www.fraczinet.cl\/sitio\/wp-json\/wp\/v2\/media?parent=5747"}],"wp:term":[{"taxonomy":"category","embeddable":true,"href":"https:\/\/www.fraczinet.cl\/sitio\/wp-json\/wp\/v2\/categories?post=5747"},{"taxonomy":"post_tag","embeddable":true,"href":"https:\/\/www.fraczinet.cl\/sitio\/wp-json\/wp\/v2\/tags?post=5747"}],"curies":[{"name":"wp","href":"https:\/\/api.w.org\/{rel}","templated":true}]}}