{"id":5751,"date":"2012-05-13T13:52:00","date_gmt":"2012-05-13T13:52:00","guid":{"rendered":"https:\/\/www.fraczinet.cl\/sitio\/2012\/05\/13\/comunidad-indigena-admapu-molchenancu-de-mulchen-realizara-proyecto-de-energias-renovables-no-convencionales-ernc\/"},"modified":"2022-10-04T23:43:36","modified_gmt":"2022-10-04T23:43:36","slug":"comunidad-indigena-admapu-molchenancu-de-mulchen-realizara-proyecto-de-energias-renovables-no-convencionales-ernc","status":"publish","type":"post","link":"https:\/\/www.fraczinet.cl\/sitio\/2012\/05\/13\/comunidad-indigena-admapu-molchenancu-de-mulchen-realizara-proyecto-de-energias-renovables-no-convencionales-ernc\/","title":{"rendered":"Comunidad Ind\u00edgena Admapu Molche\u00f1ancu De Mulch\u00e9n Realizar\u00e1 Proyecto De Energ\u00edas Renovables No Convencionales (ERNC)"},"content":{"rendered":"<p><a href=\"http:\/\/1.bp.blogspot.com\/-mnbICrdKZQc\/T6_B6sURhTI\/AAAAAAAAVKo\/tQrK3BDNPVQ\/s1600\/letrero%2B%25283%2529.jpg\"><img decoding=\"async\" alt=\"\" border=\"0\" id=\"BLOGGER_PHOTO_ID_5742021263993439538\" src=\"http:\/\/1.bp.blogspot.com\/-mnbICrdKZQc\/T6_B6sURhTI\/AAAAAAAAVKo\/tQrK3BDNPVQ\/s400\/letrero%2B%25283%2529.jpg\" style=\"cursor: pointer; display: block; height: 345px; margin: 0px auto 10px; text-align: center; width: 400px;\" \/><\/a><\/p>\n<p><span style=\"font-style: italic;\"><span style=\"font-weight: bold;\">La comunidad ind\u00edgena Admapu Molche\u00f1ancu de la Comuna de Mulch\u00e9n, realizar\u00e1 un proyecto de energ\u00edas renovables no convencionales (ERNC) adjudicado con el Fondo De Protecci\u00f3n Ambiental del Ministerio del Medioambiente y Conadi. El proyecto tiene que ver con la utilizaci\u00f3n de energ\u00eda limpias y su difusi\u00f3n. <\/span><\/span><\/p>\n<p>Para nuestra comunidad es un honor encabezar un proyecto que fundamentalmente tiene que ver con el respeto hacia nuestra Madre Tierra (<span style=\"font-weight: bold;\">\u00d1uke Mapu<\/span>), el pueblo mapuche es por lejos la instituci\u00f3n mas respetuosa del mediambiente y solo utiliza sus recursos para vivir el dia a dia y no para enriquecerse agotando sus recursos y contaminando nuestro h\u00e1bitat global.<\/p>\n<p>Creemos que en la medida que el Estado de Chile diversifique su matr\u00edz energ\u00e9tica con energ\u00edas verdes, estaremos dando un gran paso hacia la independencia energ\u00e9tica y de paso estaremos contribuyendo a descontaminar nuestro planeta de la poluci\u00f3n brutal que est\u00e1n sufriendo nuestros ecosistemas que fueron regalados por el creador (<span style=\"font-weight: bold;\">nge nechen<\/span>) para administrarlos con sabidur\u00eda y sin codicia la utilizaci\u00f3n de energ\u00edas limpias, en la medida que la sociedad se informe que est\u00e1n en todas partes y al alcance de la mano y lo m\u00e0s importante que son gratis e inagotables ser\u00e1n la soluci\u00f3n para bajar nuestra huella de carbono (responsabilidad individual). <\/p>\n<p>El mundo camina hacia una matr\u00edz energ\u00e9tica renovable y limpia y es mejor comenzar ahora, ya las t\u00e9cnologias est\u00e1n a nuestra disposici\u00f3n y cada dia est\u00e1n bajando sus costos de inversi\u00f3n inicial, ahora no tenemos pretextos para NO contribuir hacia un mundo limpio y libre de contaminaci\u00f3n, en nuestra regi\u00f3n est\u00e1n trabajando varias empresas que est\u00e1n instalando parques e\u00f3licos y ya sali\u00f3 la ley de autoabastecimiento residencial (<span style=\"font-weight: bold;\">net metering<\/span> o medici\u00f3n neta), lo que va ha permitir generar nuestra propia electricidad utilizando la energ\u00eda del Sol, Viento, Agua, Biomasa, etc. Quiz\u00e1s es por ese motivo que ninguna empresa generadora o distribuidora de electricidad nos respondi\u00f3 cuando solicitamos su apoyo para este proyecto, pero gracias a el apoyo de las siguientes instituciones difundiremos las bondades de utilizar las energ\u00edas renovables para que nuestra Sociedad Local se informe que NO es bueno, sano y econ\u00f3mico seguir quemando Carb\u00f3n y Petr\u00f3leo. <\/p>\n<p>Valoramos el apoyo de este proyecto llamado \u201cENERGIAS, REGALO DEL NGE NECHEN\u201c (<span style=\"font-weight: bold;\">Creador<\/span>)  del: <br \/>&#8211; Ministerio del Medioambiente, <br \/>&#8211; Fondo de Protecci\u00f3n Ambiental, <br \/>&#8211; Conadi, <br \/>&#8211; CER, <br \/>&#8211; Servicio de Salud Bio Bio, <br \/>&#8211; Municipalidad de Mulch\u00e9n, <br \/>&#8211; Hospital de Mulch\u00e9n, <br \/>&#8211; Essbio, <br \/>&#8211; Forestal Mininco, <br \/>&#8211; Iglesia Metodista y <br \/>&#8211; empresas del rubro generaci\u00f3n e\u00f3lica que se est\u00e1n instalando en nuestra regi\u00f3n en las cuales estamos en conversaci\u00f3n. <\/p>\n<p>Esperamos que este proyecto sea el comienzo de una cruzada de descontaminaci\u00f3n de nuestra Aldea Global en nuestra provincia. Como producto de este proyecto se implementar\u00e1 una vivienda con generaci\u00f3n el\u00e9ctrica aut\u00f3noma como una experiencia piloto. El lanzamiento de este proyecto se realizar\u00e1 el d\u00eda S\u00e1bado 26 de Mayo, desde las 09.00 hrs. En el internado municipal de la Comuna de Mulch\u00e9n.<\/p>\n<p><span style=\"font-weight: bold;\">Ad\u00e1n Carim\u00e1n R.<br \/>Presidente <br \/>Comunidad ind\u00edgena Admapu Molche\u00f1ancu <br \/>Comuna de Mulch\u00e9n<br \/>Regi\u00f3n del Bio B\u00edo<\/span><\/p>\n","protected":false},"excerpt":{"rendered":"<p>La comunidad ind\u00edgena Admapu Molche\u00f1ancu de la Comuna de Mulch\u00e9n, realizar\u00e1 un proyecto de energ\u00edas renovables no convencionales (ERNC) adjudicado con el Fondo De Protecci\u00f3n Ambiental del Ministerio del Medioambiente y Conadi. El proyecto tiene que ver con la utilizaci\u00f3n de energ\u00eda limpias y su difusi\u00f3n. Para nuestra comunidad es un honor encabezar un proyecto [&hellip;]<\/p>\n","protected":false},"author":1,"featured_media":0,"comment_status":"open","ping_status":"open","sticky":false,"template":"","format":"standard","meta":{"footnotes":""},"categories":[123,251],"tags":[],"class_list":["post-5751","post","type-post","status-publish","format-standard","hentry","category-moluches","category-rrnn"],"yoast_head":"<!-- This site is optimized with the Yoast SEO plugin v25.0 - https:\/\/yoast.com\/wordpress\/plugins\/seo\/ -->\n<title>Comunidad Ind\u00edgena Admapu Molche\u00f1ancu De Mulch\u00e9n Realizar\u00e1 Proyecto De Energ\u00edas Renovables No Convencionales (ERNC) - Nuestro Bio B\u00edo<\/title>\n<meta name=\"robots\" content=\"index, follow, max-snippet:-1, max-image-preview:large, max-video-preview:-1\" \/>\n<link rel=\"canonical\" href=\"https:\/\/www.fraczinet.cl\/sitio\/2012\/05\/13\/comunidad-indigena-admapu-molchenancu-de-mulchen-realizara-proyecto-de-energias-renovables-no-convencionales-ernc\/\" \/>\n<meta property=\"og:locale\" content=\"es_ES\" \/>\n<meta property=\"og:type\" content=\"article\" \/>\n<meta property=\"og:title\" content=\"Comunidad Ind\u00edgena Admapu Molche\u00f1ancu De Mulch\u00e9n Realizar\u00e1 Proyecto De Energ\u00edas Renovables No Convencionales (ERNC) - Nuestro Bio B\u00edo\" \/>\n<meta property=\"og:description\" content=\"La comunidad ind\u00edgena Admapu Molche\u00f1ancu de la Comuna de Mulch\u00e9n, realizar\u00e1 un proyecto de energ\u00edas renovables no convencionales (ERNC) adjudicado con el Fondo De Protecci\u00f3n Ambiental del Ministerio del Medioambiente y Conadi. El proyecto tiene que ver con la utilizaci\u00f3n de energ\u00eda limpias y su difusi\u00f3n. Para nuestra comunidad es un honor encabezar un proyecto [&hellip;]\" \/>\n<meta property=\"og:url\" content=\"https:\/\/www.fraczinet.cl\/sitio\/2012\/05\/13\/comunidad-indigena-admapu-molchenancu-de-mulchen-realizara-proyecto-de-energias-renovables-no-convencionales-ernc\/\" \/>\n<meta property=\"og:site_name\" content=\"Nuestro Bio B\u00edo\" \/>\n<meta property=\"article:published_time\" content=\"2012-05-13T13:52:00+00:00\" \/>\n<meta property=\"article:modified_time\" content=\"2022-10-04T23:43:36+00:00\" \/>\n<meta property=\"og:image\" content=\"http:\/\/1.bp.blogspot.com\/-mnbICrdKZQc\/T6_B6sURhTI\/AAAAAAAAVKo\/tQrK3BDNPVQ\/s400\/letrero%2B%25283%2529.jpg\" \/>\n<meta name=\"author\" content=\"admin\" \/>\n<meta name=\"twitter:card\" content=\"summary_large_image\" \/>\n<meta name=\"twitter:creator\" content=\"@nuestrobiobio\" \/>\n<meta name=\"twitter:site\" content=\"@nuestrobiobio\" \/>\n<meta name=\"twitter:label1\" content=\"Escrito por\" \/>\n\t<meta name=\"twitter:data1\" content=\"admin\" \/>\n\t<meta name=\"twitter:label2\" content=\"Tiempo de lectura\" \/>\n\t<meta name=\"twitter:data2\" content=\"3 minutos\" \/>\n<script type=\"application\/ld+json\" class=\"yoast-schema-graph\">{\"@context\":\"https:\/\/schema.org\",\"@graph\":[{\"@type\":\"Article\",\"@id\":\"https:\/\/www.fraczinet.cl\/sitio\/2012\/05\/13\/comunidad-indigena-admapu-molchenancu-de-mulchen-realizara-proyecto-de-energias-renovables-no-convencionales-ernc\/#article\",\"isPartOf\":{\"@id\":\"https:\/\/www.fraczinet.cl\/sitio\/2012\/05\/13\/comunidad-indigena-admapu-molchenancu-de-mulchen-realizara-proyecto-de-energias-renovables-no-convencionales-ernc\/\"},\"author\":{\"name\":\"admin\",\"@id\":\"https:\/\/www.fraczinet.cl\/sitio\/#\/schema\/person\/bc30f98e9cb10ae7e119dbe14bc93784\"},\"headline\":\"Comunidad Ind\u00edgena Admapu Molche\u00f1ancu De Mulch\u00e9n Realizar\u00e1 Proyecto De Energ\u00edas Renovables No Convencionales (ERNC)\",\"datePublished\":\"2012-05-13T13:52:00+00:00\",\"dateModified\":\"2022-10-04T23:43:36+00:00\",\"mainEntityOfPage\":{\"@id\":\"https:\/\/www.fraczinet.cl\/sitio\/2012\/05\/13\/comunidad-indigena-admapu-molchenancu-de-mulchen-realizara-proyecto-de-energias-renovables-no-convencionales-ernc\/\"},\"wordCount\":580,\"commentCount\":0,\"publisher\":{\"@id\":\"https:\/\/www.fraczinet.cl\/sitio\/#\/schema\/person\/aec8ee4da68df2b9b0eefdad24a0d582\"},\"image\":{\"@id\":\"https:\/\/www.fraczinet.cl\/sitio\/2012\/05\/13\/comunidad-indigena-admapu-molchenancu-de-mulchen-realizara-proyecto-de-energias-renovables-no-convencionales-ernc\/#primaryimage\"},\"thumbnailUrl\":\"http:\/\/1.bp.blogspot.com\/-mnbICrdKZQc\/T6_B6sURhTI\/AAAAAAAAVKo\/tQrK3BDNPVQ\/s400\/letrero%2B%25283%2529.jpg\",\"articleSection\":[\"Moluches\",\"RRNN\"],\"inLanguage\":\"es\",\"potentialAction\":[{\"@type\":\"CommentAction\",\"name\":\"Comment\",\"target\":[\"https:\/\/www.fraczinet.cl\/sitio\/2012\/05\/13\/comunidad-indigena-admapu-molchenancu-de-mulchen-realizara-proyecto-de-energias-renovables-no-convencionales-ernc\/#respond\"]}]},{\"@type\":\"WebPage\",\"@id\":\"https:\/\/www.fraczinet.cl\/sitio\/2012\/05\/13\/comunidad-indigena-admapu-molchenancu-de-mulchen-realizara-proyecto-de-energias-renovables-no-convencionales-ernc\/\",\"url\":\"https:\/\/www.fraczinet.cl\/sitio\/2012\/05\/13\/comunidad-indigena-admapu-molchenancu-de-mulchen-realizara-proyecto-de-energias-renovables-no-convencionales-ernc\/\",\"name\":\"Comunidad Ind\u00edgena Admapu Molche\u00f1ancu De Mulch\u00e9n Realizar\u00e1 Proyecto De Energ\u00edas Renovables No Convencionales (ERNC) - Nuestro Bio B\u00edo\",\"isPartOf\":{\"@id\":\"https:\/\/www.fraczinet.cl\/sitio\/#website\"},\"primaryImageOfPage\":{\"@id\":\"https:\/\/www.fraczinet.cl\/sitio\/2012\/05\/13\/comunidad-indigena-admapu-molchenancu-de-mulchen-realizara-proyecto-de-energias-renovables-no-convencionales-ernc\/#primaryimage\"},\"image\":{\"@id\":\"https:\/\/www.fraczinet.cl\/sitio\/2012\/05\/13\/comunidad-indigena-admapu-molchenancu-de-mulchen-realizara-proyecto-de-energias-renovables-no-convencionales-ernc\/#primaryimage\"},\"thumbnailUrl\":\"http:\/\/1.bp.blogspot.com\/-mnbICrdKZQc\/T6_B6sURhTI\/AAAAAAAAVKo\/tQrK3BDNPVQ\/s400\/letrero%2B%25283%2529.jpg\",\"datePublished\":\"2012-05-13T13:52:00+00:00\",\"dateModified\":\"2022-10-04T23:43:36+00:00\",\"breadcrumb\":{\"@id\":\"https:\/\/www.fraczinet.cl\/sitio\/2012\/05\/13\/comunidad-indigena-admapu-molchenancu-de-mulchen-realizara-proyecto-de-energias-renovables-no-convencionales-ernc\/#breadcrumb\"},\"inLanguage\":\"es\",\"potentialAction\":[{\"@type\":\"ReadAction\",\"target\":[\"https:\/\/www.fraczinet.cl\/sitio\/2012\/05\/13\/comunidad-indigena-admapu-molchenancu-de-mulchen-realizara-proyecto-de-energias-renovables-no-convencionales-ernc\/\"]}]},{\"@type\":\"ImageObject\",\"inLanguage\":\"es\",\"@id\":\"https:\/\/www.fraczinet.cl\/sitio\/2012\/05\/13\/comunidad-indigena-admapu-molchenancu-de-mulchen-realizara-proyecto-de-energias-renovables-no-convencionales-ernc\/#primaryimage\",\"url\":\"http:\/\/1.bp.blogspot.com\/-mnbICrdKZQc\/T6_B6sURhTI\/AAAAAAAAVKo\/tQrK3BDNPVQ\/s400\/letrero%2B%25283%2529.jpg\",\"contentUrl\":\"http:\/\/1.bp.blogspot.com\/-mnbICrdKZQc\/T6_B6sURhTI\/AAAAAAAAVKo\/tQrK3BDNPVQ\/s400\/letrero%2B%25283%2529.jpg\"},{\"@type\":\"BreadcrumbList\",\"@id\":\"https:\/\/www.fraczinet.cl\/sitio\/2012\/05\/13\/comunidad-indigena-admapu-molchenancu-de-mulchen-realizara-proyecto-de-energias-renovables-no-convencionales-ernc\/#breadcrumb\",\"itemListElement\":[{\"@type\":\"ListItem\",\"position\":1,\"name\":\"Portada\",\"item\":\"https:\/\/www.fraczinet.cl\/sitio\/\"},{\"@type\":\"ListItem\",\"position\":2,\"name\":\"Comunidad Ind\u00edgena Admapu Molche\u00f1ancu De Mulch\u00e9n Realizar\u00e1 Proyecto De Energ\u00edas Renovables No Convencionales (ERNC)\"}]},{\"@type\":\"WebSite\",\"@id\":\"https:\/\/www.fraczinet.cl\/sitio\/#website\",\"url\":\"https:\/\/www.fraczinet.cl\/sitio\/\",\"name\":\"Nuestro Bio B\u00edo\",\"description\":\"Tierra de Encuentros\",\"publisher\":{\"@id\":\"https:\/\/www.fraczinet.cl\/sitio\/#\/schema\/person\/aec8ee4da68df2b9b0eefdad24a0d582\"},\"potentialAction\":[{\"@type\":\"SearchAction\",\"target\":{\"@type\":\"EntryPoint\",\"urlTemplate\":\"https:\/\/www.fraczinet.cl\/sitio\/?s={search_term_string}\"},\"query-input\":{\"@type\":\"PropertyValueSpecification\",\"valueRequired\":true,\"valueName\":\"search_term_string\"}}],\"inLanguage\":\"es\"},{\"@type\":[\"Person\",\"Organization\"],\"@id\":\"https:\/\/www.fraczinet.cl\/sitio\/#\/schema\/person\/aec8ee4da68df2b9b0eefdad24a0d582\",\"name\":\"Luis Fernando Fraczinet\",\"image\":{\"@type\":\"ImageObject\",\"inLanguage\":\"es\",\"@id\":\"https:\/\/www.fraczinet.cl\/sitio\/#\/schema\/person\/image\/\",\"url\":\"https:\/\/www.fraczinet.cl\/sitio\/wp-content\/uploads\/2021\/07\/bannerlogo-1.gif\",\"contentUrl\":\"https:\/\/www.fraczinet.cl\/sitio\/wp-content\/uploads\/2021\/07\/bannerlogo-1.gif\",\"width\":159,\"height\":79,\"caption\":\"Luis Fernando Fraczinet\"},\"logo\":{\"@id\":\"https:\/\/www.fraczinet.cl\/sitio\/#\/schema\/person\/image\/\"},\"sameAs\":[\"https:\/\/www.fraczinet.cl\/sitio\/\"]},{\"@type\":\"Person\",\"@id\":\"https:\/\/www.fraczinet.cl\/sitio\/#\/schema\/person\/bc30f98e9cb10ae7e119dbe14bc93784\",\"name\":\"admin\",\"image\":{\"@type\":\"ImageObject\",\"inLanguage\":\"es\",\"@id\":\"https:\/\/www.fraczinet.cl\/sitio\/#\/schema\/person\/image\/\",\"url\":\"https:\/\/secure.gravatar.com\/avatar\/d5ad3cf7ef3b23a2bb5be73be780c86b2fc8545c3ad6b149f3913ff458c00099?s=96&d=mm&r=g\",\"contentUrl\":\"https:\/\/secure.gravatar.com\/avatar\/d5ad3cf7ef3b23a2bb5be73be780c86b2fc8545c3ad6b149f3913ff458c00099?s=96&d=mm&r=g\",\"caption\":\"admin\"},\"sameAs\":[\"https:\/\/www.fraczinet.cl\/sitio\"]}]}<\/script>\n<!-- \/ Yoast SEO plugin. -->","yoast_head_json":{"title":"Comunidad Ind\u00edgena Admapu Molche\u00f1ancu De Mulch\u00e9n Realizar\u00e1 Proyecto De Energ\u00edas Renovables No Convencionales (ERNC) - Nuestro Bio B\u00edo","robots":{"index":"index","follow":"follow","max-snippet":"max-snippet:-1","max-image-preview":"max-image-preview:large","max-video-preview":"max-video-preview:-1"},"canonical":"https:\/\/www.fraczinet.cl\/sitio\/2012\/05\/13\/comunidad-indigena-admapu-molchenancu-de-mulchen-realizara-proyecto-de-energias-renovables-no-convencionales-ernc\/","og_locale":"es_ES","og_type":"article","og_title":"Comunidad Ind\u00edgena Admapu Molche\u00f1ancu De Mulch\u00e9n Realizar\u00e1 Proyecto De Energ\u00edas Renovables No Convencionales (ERNC) - Nuestro Bio B\u00edo","og_description":"La comunidad ind\u00edgena Admapu Molche\u00f1ancu de la Comuna de Mulch\u00e9n, realizar\u00e1 un proyecto de energ\u00edas renovables no convencionales (ERNC) adjudicado con el Fondo De Protecci\u00f3n Ambiental del Ministerio del Medioambiente y Conadi. El proyecto tiene que ver con la utilizaci\u00f3n de energ\u00eda limpias y su difusi\u00f3n. Para nuestra comunidad es un honor encabezar un proyecto [&hellip;]","og_url":"https:\/\/www.fraczinet.cl\/sitio\/2012\/05\/13\/comunidad-indigena-admapu-molchenancu-de-mulchen-realizara-proyecto-de-energias-renovables-no-convencionales-ernc\/","og_site_name":"Nuestro Bio B\u00edo","article_published_time":"2012-05-13T13:52:00+00:00","article_modified_time":"2022-10-04T23:43:36+00:00","og_image":[{"url":"http:\/\/1.bp.blogspot.com\/-mnbICrdKZQc\/T6_B6sURhTI\/AAAAAAAAVKo\/tQrK3BDNPVQ\/s400\/letrero%2B%25283%2529.jpg","type":"","width":"","height":""}],"author":"admin","twitter_card":"summary_large_image","twitter_creator":"@nuestrobiobio","twitter_site":"@nuestrobiobio","twitter_misc":{"Escrito por":"admin","Tiempo de lectura":"3 minutos"},"schema":{"@context":"https:\/\/schema.org","@graph":[{"@type":"Article","@id":"https:\/\/www.fraczinet.cl\/sitio\/2012\/05\/13\/comunidad-indigena-admapu-molchenancu-de-mulchen-realizara-proyecto-de-energias-renovables-no-convencionales-ernc\/#article","isPartOf":{"@id":"https:\/\/www.fraczinet.cl\/sitio\/2012\/05\/13\/comunidad-indigena-admapu-molchenancu-de-mulchen-realizara-proyecto-de-energias-renovables-no-convencionales-ernc\/"},"author":{"name":"admin","@id":"https:\/\/www.fraczinet.cl\/sitio\/#\/schema\/person\/bc30f98e9cb10ae7e119dbe14bc93784"},"headline":"Comunidad Ind\u00edgena Admapu Molche\u00f1ancu De Mulch\u00e9n Realizar\u00e1 Proyecto De Energ\u00edas Renovables No Convencionales (ERNC)","datePublished":"2012-05-13T13:52:00+00:00","dateModified":"2022-10-04T23:43:36+00:00","mainEntityOfPage":{"@id":"https:\/\/www.fraczinet.cl\/sitio\/2012\/05\/13\/comunidad-indigena-admapu-molchenancu-de-mulchen-realizara-proyecto-de-energias-renovables-no-convencionales-ernc\/"},"wordCount":580,"commentCount":0,"publisher":{"@id":"https:\/\/www.fraczinet.cl\/sitio\/#\/schema\/person\/aec8ee4da68df2b9b0eefdad24a0d582"},"image":{"@id":"https:\/\/www.fraczinet.cl\/sitio\/2012\/05\/13\/comunidad-indigena-admapu-molchenancu-de-mulchen-realizara-proyecto-de-energias-renovables-no-convencionales-ernc\/#primaryimage"},"thumbnailUrl":"http:\/\/1.bp.blogspot.com\/-mnbICrdKZQc\/T6_B6sURhTI\/AAAAAAAAVKo\/tQrK3BDNPVQ\/s400\/letrero%2B%25283%2529.jpg","articleSection":["Moluches","RRNN"],"inLanguage":"es","potentialAction":[{"@type":"CommentAction","name":"Comment","target":["https:\/\/www.fraczinet.cl\/sitio\/2012\/05\/13\/comunidad-indigena-admapu-molchenancu-de-mulchen-realizara-proyecto-de-energias-renovables-no-convencionales-ernc\/#respond"]}]},{"@type":"WebPage","@id":"https:\/\/www.fraczinet.cl\/sitio\/2012\/05\/13\/comunidad-indigena-admapu-molchenancu-de-mulchen-realizara-proyecto-de-energias-renovables-no-convencionales-ernc\/","url":"https:\/\/www.fraczinet.cl\/sitio\/2012\/05\/13\/comunidad-indigena-admapu-molchenancu-de-mulchen-realizara-proyecto-de-energias-renovables-no-convencionales-ernc\/","name":"Comunidad Ind\u00edgena Admapu Molche\u00f1ancu De Mulch\u00e9n Realizar\u00e1 Proyecto De Energ\u00edas Renovables No Convencionales (ERNC) - Nuestro Bio B\u00edo","isPartOf":{"@id":"https:\/\/www.fraczinet.cl\/sitio\/#website"},"primaryImageOfPage":{"@id":"https:\/\/www.fraczinet.cl\/sitio\/2012\/05\/13\/comunidad-indigena-admapu-molchenancu-de-mulchen-realizara-proyecto-de-energias-renovables-no-convencionales-ernc\/#primaryimage"},"image":{"@id":"https:\/\/www.fraczinet.cl\/sitio\/2012\/05\/13\/comunidad-indigena-admapu-molchenancu-de-mulchen-realizara-proyecto-de-energias-renovables-no-convencionales-ernc\/#primaryimage"},"thumbnailUrl":"http:\/\/1.bp.blogspot.com\/-mnbICrdKZQc\/T6_B6sURhTI\/AAAAAAAAVKo\/tQrK3BDNPVQ\/s400\/letrero%2B%25283%2529.jpg","datePublished":"2012-05-13T13:52:00+00:00","dateModified":"2022-10-04T23:43:36+00:00","breadcrumb":{"@id":"https:\/\/www.fraczinet.cl\/sitio\/2012\/05\/13\/comunidad-indigena-admapu-molchenancu-de-mulchen-realizara-proyecto-de-energias-renovables-no-convencionales-ernc\/#breadcrumb"},"inLanguage":"es","potentialAction":[{"@type":"ReadAction","target":["https:\/\/www.fraczinet.cl\/sitio\/2012\/05\/13\/comunidad-indigena-admapu-molchenancu-de-mulchen-realizara-proyecto-de-energias-renovables-no-convencionales-ernc\/"]}]},{"@type":"ImageObject","inLanguage":"es","@id":"https:\/\/www.fraczinet.cl\/sitio\/2012\/05\/13\/comunidad-indigena-admapu-molchenancu-de-mulchen-realizara-proyecto-de-energias-renovables-no-convencionales-ernc\/#primaryimage","url":"http:\/\/1.bp.blogspot.com\/-mnbICrdKZQc\/T6_B6sURhTI\/AAAAAAAAVKo\/tQrK3BDNPVQ\/s400\/letrero%2B%25283%2529.jpg","contentUrl":"http:\/\/1.bp.blogspot.com\/-mnbICrdKZQc\/T6_B6sURhTI\/AAAAAAAAVKo\/tQrK3BDNPVQ\/s400\/letrero%2B%25283%2529.jpg"},{"@type":"BreadcrumbList","@id":"https:\/\/www.fraczinet.cl\/sitio\/2012\/05\/13\/comunidad-indigena-admapu-molchenancu-de-mulchen-realizara-proyecto-de-energias-renovables-no-convencionales-ernc\/#breadcrumb","itemListElement":[{"@type":"ListItem","position":1,"name":"Portada","item":"https:\/\/www.fraczinet.cl\/sitio\/"},{"@type":"ListItem","position":2,"name":"Comunidad Ind\u00edgena Admapu Molche\u00f1ancu De Mulch\u00e9n Realizar\u00e1 Proyecto De Energ\u00edas Renovables No Convencionales (ERNC)"}]},{"@type":"WebSite","@id":"https:\/\/www.fraczinet.cl\/sitio\/#website","url":"https:\/\/www.fraczinet.cl\/sitio\/","name":"Nuestro Bio B\u00edo","description":"Tierra de Encuentros","publisher":{"@id":"https:\/\/www.fraczinet.cl\/sitio\/#\/schema\/person\/aec8ee4da68df2b9b0eefdad24a0d582"},"potentialAction":[{"@type":"SearchAction","target":{"@type":"EntryPoint","urlTemplate":"https:\/\/www.fraczinet.cl\/sitio\/?s={search_term_string}"},"query-input":{"@type":"PropertyValueSpecification","valueRequired":true,"valueName":"search_term_string"}}],"inLanguage":"es"},{"@type":["Person","Organization"],"@id":"https:\/\/www.fraczinet.cl\/sitio\/#\/schema\/person\/aec8ee4da68df2b9b0eefdad24a0d582","name":"Luis Fernando Fraczinet","image":{"@type":"ImageObject","inLanguage":"es","@id":"https:\/\/www.fraczinet.cl\/sitio\/#\/schema\/person\/image\/","url":"https:\/\/www.fraczinet.cl\/sitio\/wp-content\/uploads\/2021\/07\/bannerlogo-1.gif","contentUrl":"https:\/\/www.fraczinet.cl\/sitio\/wp-content\/uploads\/2021\/07\/bannerlogo-1.gif","width":159,"height":79,"caption":"Luis Fernando Fraczinet"},"logo":{"@id":"https:\/\/www.fraczinet.cl\/sitio\/#\/schema\/person\/image\/"},"sameAs":["https:\/\/www.fraczinet.cl\/sitio\/"]},{"@type":"Person","@id":"https:\/\/www.fraczinet.cl\/sitio\/#\/schema\/person\/bc30f98e9cb10ae7e119dbe14bc93784","name":"admin","image":{"@type":"ImageObject","inLanguage":"es","@id":"https:\/\/www.fraczinet.cl\/sitio\/#\/schema\/person\/image\/","url":"https:\/\/secure.gravatar.com\/avatar\/d5ad3cf7ef3b23a2bb5be73be780c86b2fc8545c3ad6b149f3913ff458c00099?s=96&d=mm&r=g","contentUrl":"https:\/\/secure.gravatar.com\/avatar\/d5ad3cf7ef3b23a2bb5be73be780c86b2fc8545c3ad6b149f3913ff458c00099?s=96&d=mm&r=g","caption":"admin"},"sameAs":["https:\/\/www.fraczinet.cl\/sitio"]}]}},"_links":{"self":[{"href":"https:\/\/www.fraczinet.cl\/sitio\/wp-json\/wp\/v2\/posts\/5751","targetHints":{"allow":["GET"]}}],"collection":[{"href":"https:\/\/www.fraczinet.cl\/sitio\/wp-json\/wp\/v2\/posts"}],"about":[{"href":"https:\/\/www.fraczinet.cl\/sitio\/wp-json\/wp\/v2\/types\/post"}],"author":[{"embeddable":true,"href":"https:\/\/www.fraczinet.cl\/sitio\/wp-json\/wp\/v2\/users\/1"}],"replies":[{"embeddable":true,"href":"https:\/\/www.fraczinet.cl\/sitio\/wp-json\/wp\/v2\/comments?post=5751"}],"version-history":[{"count":1,"href":"https:\/\/www.fraczinet.cl\/sitio\/wp-json\/wp\/v2\/posts\/5751\/revisions"}],"predecessor-version":[{"id":13982,"href":"https:\/\/www.fraczinet.cl\/sitio\/wp-json\/wp\/v2\/posts\/5751\/revisions\/13982"}],"wp:attachment":[{"href":"https:\/\/www.fraczinet.cl\/sitio\/wp-json\/wp\/v2\/media?parent=5751"}],"wp:term":[{"taxonomy":"category","embeddable":true,"href":"https:\/\/www.fraczinet.cl\/sitio\/wp-json\/wp\/v2\/categories?post=5751"},{"taxonomy":"post_tag","embeddable":true,"href":"https:\/\/www.fraczinet.cl\/sitio\/wp-json\/wp\/v2\/tags?post=5751"}],"curies":[{"name":"wp","href":"https:\/\/api.w.org\/{rel}","templated":true}]}}