{"id":5752,"date":"2012-05-12T18:16:00","date_gmt":"2012-05-12T18:16:00","guid":{"rendered":"https:\/\/www.fraczinet.cl\/sitio\/2012\/05\/12\/por-la-vida-por-ingrid-odgers\/"},"modified":"2012-05-12T18:16:00","modified_gmt":"2012-05-12T18:16:00","slug":"por-la-vida-por-ingrid-odgers","status":"publish","type":"post","link":"https:\/\/www.fraczinet.cl\/sitio\/2012\/05\/12\/por-la-vida-por-ingrid-odgers\/","title":{"rendered":"Por La Vida&#8230; Por Ingrid Odgers"},"content":{"rendered":"<p>POR LA VIDA<\/p>\n<p>Gracias a mis padres<br \/>Gracias por el amor<br \/>Gracias por la bondad<br \/>Gracias por los cuidados<br \/>Gracias por el ejemplo<br \/>Gracias.<\/p>\n<p>Mi alma se llena del amor de mi madre<br \/>Y su eterna sonrisa<br \/>Y su c\u00e1lido seno<br \/>Su energ\u00eda en ofrenda cotidiana<br \/>Su blanco coraz\u00f3n<br \/>La sublime bendici\u00f3n del desvelo.<\/p>\n<p>Mi alma se inunda del amor de mi padre<br \/>Centinela inclaudicable<br \/>Crec\u00ed<br \/>bajo su celo<br \/>en su ancha rectitud<br \/>con firme amor<br \/>con soles y lunas.<\/p>\n<p>Vine<br \/>Parida de albas<br \/>De los labios fecundos del amanecer<br \/>Vine a la noche al silencio<br \/>Al oro a la fantas\u00eda al \u00e1rbol a la lluvia<br \/>Al Parque Ecuador al Cerro Amarillo<br \/>Al B\u00edoB\u00edo<br \/>A la alta copa del honor<br \/>Al misterio insondable de la vida.<\/p>\n<p>Desde las v\u00edsceras del tiempo<br \/>Recibo el aliento de mis antepasados<br \/>La luz de mis abuelos<br \/>La imperturbable candela de los campos<br \/>De Santa Juana y Nacimiento<br \/>All\u00ed la simiente del brillante ojo<br \/>All\u00ed la disciplina el rigor el verbo<br \/>De la calle Serrano la carencia y el temblor<br \/>De Lorenzo Arenas las estrellas y el v\u00e9rtigo<br \/>De Concepci\u00f3n la man\u00eda imperturbable<br \/>del desencanto<br \/>la fuente de la soledad<br \/>la inmaculada decepci\u00f3n<br \/>sembrada por una dictadura voraz<br \/>que rompi\u00f3 sue\u00f1os y cort\u00f3 vidas.<\/p>\n<p>\u00a1Ah!, el Hado indescriptible\u2026<\/p>\n<p>Gracias<br \/>A los libros<br \/>a los autores y poetas que abren sendas<br \/>con interrogantes fracasos y \u00e9xitos.<\/p>\n<p>Gracias a la derrota y carencia del arte en Chile<br \/>porque ello me permite seguir creando.<br \/>(Esta es la paradoja feroz)<\/p>\n<p>A los amigos fieles e infieles<br \/>de estos \u00faltimos aprend\u00ed<br \/>la importancia de la cuidadosa selecci\u00f3n<br \/>y la fuerza para levantarme<br \/>(Luego de cada desastrosa experiencia).<\/p>\n<p>De los primeros, de esos fieles<br \/>La humildad sencillez y fe.<\/p>\n<p>Gracias por la vida<br \/>Su incertidumbre<br \/>Su herida<br \/>Su paz<br \/>A la vida con sus m\u00faltiples colores y tonalidades.<\/p>\n<p>Gracias a ella<br \/>aprendo como he de morir<br \/>a cada instante:<br \/>Estoicamente sola<br \/>abierta a nuevos soles<br \/>desnuda ante Dios.<\/p>\n<p>Ingrid Odgers<br \/>Poetisa de Nuestra Tierra<\/p>\n","protected":false},"excerpt":{"rendered":"<p>POR LA VIDA Gracias a mis padresGracias por el amorGracias por la bondadGracias por los cuidadosGracias por el ejemploGracias. Mi alma se llena del amor de mi madreY su eterna sonrisaY su c\u00e1lido senoSu energ\u00eda en ofrenda cotidianaSu blanco coraz\u00f3nLa sublime bendici\u00f3n del desvelo. Mi alma se inunda del amor de mi padreCentinela inclaudicableCrec\u00edbajo su [&hellip;]<\/p>\n","protected":false},"author":1,"featured_media":0,"comment_status":"open","ping_status":"open","sticky":false,"template":"","format":"standard","meta":{"footnotes":""},"categories":[149,67],"tags":[],"class_list":["post-5752","post","type-post","status-publish","format-standard","hentry","category-ingrid-odgers","category-poesia"],"yoast_head":"<!-- This site is optimized with the Yoast SEO plugin v25.0 - https:\/\/yoast.com\/wordpress\/plugins\/seo\/ -->\n<title>Por La Vida... Por Ingrid Odgers - Nuestro Bio B\u00edo<\/title>\n<meta name=\"robots\" content=\"index, follow, max-snippet:-1, max-image-preview:large, max-video-preview:-1\" \/>\n<link rel=\"canonical\" href=\"https:\/\/www.fraczinet.cl\/sitio\/2012\/05\/12\/por-la-vida-por-ingrid-odgers\/\" \/>\n<meta property=\"og:locale\" content=\"es_ES\" \/>\n<meta property=\"og:type\" content=\"article\" \/>\n<meta property=\"og:title\" content=\"Por La Vida... Por Ingrid Odgers - Nuestro Bio B\u00edo\" \/>\n<meta property=\"og:description\" content=\"POR LA VIDA Gracias a mis padresGracias por el amorGracias por la bondadGracias por los cuidadosGracias por el ejemploGracias. Mi alma se llena del amor de mi madreY su eterna sonrisaY su c\u00e1lido senoSu energ\u00eda en ofrenda cotidianaSu blanco coraz\u00f3nLa sublime bendici\u00f3n del desvelo. Mi alma se inunda del amor de mi padreCentinela inclaudicableCrec\u00edbajo su [&hellip;]\" \/>\n<meta property=\"og:url\" content=\"https:\/\/www.fraczinet.cl\/sitio\/2012\/05\/12\/por-la-vida-por-ingrid-odgers\/\" \/>\n<meta property=\"og:site_name\" content=\"Nuestro Bio B\u00edo\" \/>\n<meta property=\"article:published_time\" content=\"2012-05-12T18:16:00+00:00\" \/>\n<meta property=\"og:image\" content=\"https:\/\/www.fraczinet.cl\/sitio\/wp-content\/uploads\/2021\/07\/bannerlogo-1.gif\" \/>\n\t<meta property=\"og:image:width\" content=\"159\" \/>\n\t<meta property=\"og:image:height\" content=\"79\" \/>\n\t<meta property=\"og:image:type\" content=\"image\/gif\" \/>\n<meta name=\"author\" content=\"admin\" \/>\n<meta name=\"twitter:card\" content=\"summary_large_image\" \/>\n<meta name=\"twitter:creator\" content=\"@nuestrobiobio\" \/>\n<meta name=\"twitter:site\" content=\"@nuestrobiobio\" \/>\n<meta name=\"twitter:label1\" content=\"Escrito por\" \/>\n\t<meta name=\"twitter:data1\" content=\"admin\" \/>\n\t<meta name=\"twitter:label2\" content=\"Tiempo de lectura\" \/>\n\t<meta name=\"twitter:data2\" content=\"1 minuto\" \/>\n<script type=\"application\/ld+json\" class=\"yoast-schema-graph\">{\"@context\":\"https:\/\/schema.org\",\"@graph\":[{\"@type\":\"Article\",\"@id\":\"https:\/\/www.fraczinet.cl\/sitio\/2012\/05\/12\/por-la-vida-por-ingrid-odgers\/#article\",\"isPartOf\":{\"@id\":\"https:\/\/www.fraczinet.cl\/sitio\/2012\/05\/12\/por-la-vida-por-ingrid-odgers\/\"},\"author\":{\"name\":\"admin\",\"@id\":\"https:\/\/www.fraczinet.cl\/sitio\/#\/schema\/person\/bc30f98e9cb10ae7e119dbe14bc93784\"},\"headline\":\"Por La Vida&#8230; Por Ingrid Odgers\",\"datePublished\":\"2012-05-12T18:16:00+00:00\",\"mainEntityOfPage\":{\"@id\":\"https:\/\/www.fraczinet.cl\/sitio\/2012\/05\/12\/por-la-vida-por-ingrid-odgers\/\"},\"wordCount\":301,\"commentCount\":0,\"publisher\":{\"@id\":\"https:\/\/www.fraczinet.cl\/sitio\/#\/schema\/person\/aec8ee4da68df2b9b0eefdad24a0d582\"},\"articleSection\":[\"Ingrid Odgers\",\"Poes\u00eda\"],\"inLanguage\":\"es\",\"potentialAction\":[{\"@type\":\"CommentAction\",\"name\":\"Comment\",\"target\":[\"https:\/\/www.fraczinet.cl\/sitio\/2012\/05\/12\/por-la-vida-por-ingrid-odgers\/#respond\"]}]},{\"@type\":\"WebPage\",\"@id\":\"https:\/\/www.fraczinet.cl\/sitio\/2012\/05\/12\/por-la-vida-por-ingrid-odgers\/\",\"url\":\"https:\/\/www.fraczinet.cl\/sitio\/2012\/05\/12\/por-la-vida-por-ingrid-odgers\/\",\"name\":\"Por La Vida... Por Ingrid Odgers - Nuestro Bio B\u00edo\",\"isPartOf\":{\"@id\":\"https:\/\/www.fraczinet.cl\/sitio\/#website\"},\"datePublished\":\"2012-05-12T18:16:00+00:00\",\"breadcrumb\":{\"@id\":\"https:\/\/www.fraczinet.cl\/sitio\/2012\/05\/12\/por-la-vida-por-ingrid-odgers\/#breadcrumb\"},\"inLanguage\":\"es\",\"potentialAction\":[{\"@type\":\"ReadAction\",\"target\":[\"https:\/\/www.fraczinet.cl\/sitio\/2012\/05\/12\/por-la-vida-por-ingrid-odgers\/\"]}]},{\"@type\":\"BreadcrumbList\",\"@id\":\"https:\/\/www.fraczinet.cl\/sitio\/2012\/05\/12\/por-la-vida-por-ingrid-odgers\/#breadcrumb\",\"itemListElement\":[{\"@type\":\"ListItem\",\"position\":1,\"name\":\"Portada\",\"item\":\"https:\/\/www.fraczinet.cl\/sitio\/\"},{\"@type\":\"ListItem\",\"position\":2,\"name\":\"Por La Vida&#8230; Por Ingrid Odgers\"}]},{\"@type\":\"WebSite\",\"@id\":\"https:\/\/www.fraczinet.cl\/sitio\/#website\",\"url\":\"https:\/\/www.fraczinet.cl\/sitio\/\",\"name\":\"Nuestro Bio B\u00edo\",\"description\":\"Tierra de Encuentros\",\"publisher\":{\"@id\":\"https:\/\/www.fraczinet.cl\/sitio\/#\/schema\/person\/aec8ee4da68df2b9b0eefdad24a0d582\"},\"potentialAction\":[{\"@type\":\"SearchAction\",\"target\":{\"@type\":\"EntryPoint\",\"urlTemplate\":\"https:\/\/www.fraczinet.cl\/sitio\/?s={search_term_string}\"},\"query-input\":{\"@type\":\"PropertyValueSpecification\",\"valueRequired\":true,\"valueName\":\"search_term_string\"}}],\"inLanguage\":\"es\"},{\"@type\":[\"Person\",\"Organization\"],\"@id\":\"https:\/\/www.fraczinet.cl\/sitio\/#\/schema\/person\/aec8ee4da68df2b9b0eefdad24a0d582\",\"name\":\"Luis Fernando Fraczinet\",\"image\":{\"@type\":\"ImageObject\",\"inLanguage\":\"es\",\"@id\":\"https:\/\/www.fraczinet.cl\/sitio\/#\/schema\/person\/image\/\",\"url\":\"https:\/\/www.fraczinet.cl\/sitio\/wp-content\/uploads\/2021\/07\/bannerlogo-1.gif\",\"contentUrl\":\"https:\/\/www.fraczinet.cl\/sitio\/wp-content\/uploads\/2021\/07\/bannerlogo-1.gif\",\"width\":159,\"height\":79,\"caption\":\"Luis Fernando Fraczinet\"},\"logo\":{\"@id\":\"https:\/\/www.fraczinet.cl\/sitio\/#\/schema\/person\/image\/\"},\"sameAs\":[\"https:\/\/www.fraczinet.cl\/sitio\/\"]},{\"@type\":\"Person\",\"@id\":\"https:\/\/www.fraczinet.cl\/sitio\/#\/schema\/person\/bc30f98e9cb10ae7e119dbe14bc93784\",\"name\":\"admin\",\"image\":{\"@type\":\"ImageObject\",\"inLanguage\":\"es\",\"@id\":\"https:\/\/www.fraczinet.cl\/sitio\/#\/schema\/person\/image\/\",\"url\":\"https:\/\/secure.gravatar.com\/avatar\/d5ad3cf7ef3b23a2bb5be73be780c86b2fc8545c3ad6b149f3913ff458c00099?s=96&d=mm&r=g\",\"contentUrl\":\"https:\/\/secure.gravatar.com\/avatar\/d5ad3cf7ef3b23a2bb5be73be780c86b2fc8545c3ad6b149f3913ff458c00099?s=96&d=mm&r=g\",\"caption\":\"admin\"},\"sameAs\":[\"https:\/\/www.fraczinet.cl\/sitio\"]}]}<\/script>\n<!-- \/ Yoast SEO plugin. -->","yoast_head_json":{"title":"Por La Vida... Por Ingrid Odgers - Nuestro Bio B\u00edo","robots":{"index":"index","follow":"follow","max-snippet":"max-snippet:-1","max-image-preview":"max-image-preview:large","max-video-preview":"max-video-preview:-1"},"canonical":"https:\/\/www.fraczinet.cl\/sitio\/2012\/05\/12\/por-la-vida-por-ingrid-odgers\/","og_locale":"es_ES","og_type":"article","og_title":"Por La Vida... Por Ingrid Odgers - Nuestro Bio B\u00edo","og_description":"POR LA VIDA Gracias a mis padresGracias por el amorGracias por la bondadGracias por los cuidadosGracias por el ejemploGracias. Mi alma se llena del amor de mi madreY su eterna sonrisaY su c\u00e1lido senoSu energ\u00eda en ofrenda cotidianaSu blanco coraz\u00f3nLa sublime bendici\u00f3n del desvelo. Mi alma se inunda del amor de mi padreCentinela inclaudicableCrec\u00edbajo su [&hellip;]","og_url":"https:\/\/www.fraczinet.cl\/sitio\/2012\/05\/12\/por-la-vida-por-ingrid-odgers\/","og_site_name":"Nuestro Bio B\u00edo","article_published_time":"2012-05-12T18:16:00+00:00","og_image":[{"width":159,"height":79,"url":"https:\/\/www.fraczinet.cl\/sitio\/wp-content\/uploads\/2021\/07\/bannerlogo-1.gif","type":"image\/gif"}],"author":"admin","twitter_card":"summary_large_image","twitter_creator":"@nuestrobiobio","twitter_site":"@nuestrobiobio","twitter_misc":{"Escrito por":"admin","Tiempo de lectura":"1 minuto"},"schema":{"@context":"https:\/\/schema.org","@graph":[{"@type":"Article","@id":"https:\/\/www.fraczinet.cl\/sitio\/2012\/05\/12\/por-la-vida-por-ingrid-odgers\/#article","isPartOf":{"@id":"https:\/\/www.fraczinet.cl\/sitio\/2012\/05\/12\/por-la-vida-por-ingrid-odgers\/"},"author":{"name":"admin","@id":"https:\/\/www.fraczinet.cl\/sitio\/#\/schema\/person\/bc30f98e9cb10ae7e119dbe14bc93784"},"headline":"Por La Vida&#8230; Por Ingrid Odgers","datePublished":"2012-05-12T18:16:00+00:00","mainEntityOfPage":{"@id":"https:\/\/www.fraczinet.cl\/sitio\/2012\/05\/12\/por-la-vida-por-ingrid-odgers\/"},"wordCount":301,"commentCount":0,"publisher":{"@id":"https:\/\/www.fraczinet.cl\/sitio\/#\/schema\/person\/aec8ee4da68df2b9b0eefdad24a0d582"},"articleSection":["Ingrid Odgers","Poes\u00eda"],"inLanguage":"es","potentialAction":[{"@type":"CommentAction","name":"Comment","target":["https:\/\/www.fraczinet.cl\/sitio\/2012\/05\/12\/por-la-vida-por-ingrid-odgers\/#respond"]}]},{"@type":"WebPage","@id":"https:\/\/www.fraczinet.cl\/sitio\/2012\/05\/12\/por-la-vida-por-ingrid-odgers\/","url":"https:\/\/www.fraczinet.cl\/sitio\/2012\/05\/12\/por-la-vida-por-ingrid-odgers\/","name":"Por La Vida... Por Ingrid Odgers - Nuestro Bio B\u00edo","isPartOf":{"@id":"https:\/\/www.fraczinet.cl\/sitio\/#website"},"datePublished":"2012-05-12T18:16:00+00:00","breadcrumb":{"@id":"https:\/\/www.fraczinet.cl\/sitio\/2012\/05\/12\/por-la-vida-por-ingrid-odgers\/#breadcrumb"},"inLanguage":"es","potentialAction":[{"@type":"ReadAction","target":["https:\/\/www.fraczinet.cl\/sitio\/2012\/05\/12\/por-la-vida-por-ingrid-odgers\/"]}]},{"@type":"BreadcrumbList","@id":"https:\/\/www.fraczinet.cl\/sitio\/2012\/05\/12\/por-la-vida-por-ingrid-odgers\/#breadcrumb","itemListElement":[{"@type":"ListItem","position":1,"name":"Portada","item":"https:\/\/www.fraczinet.cl\/sitio\/"},{"@type":"ListItem","position":2,"name":"Por La Vida&#8230; Por Ingrid Odgers"}]},{"@type":"WebSite","@id":"https:\/\/www.fraczinet.cl\/sitio\/#website","url":"https:\/\/www.fraczinet.cl\/sitio\/","name":"Nuestro Bio B\u00edo","description":"Tierra de Encuentros","publisher":{"@id":"https:\/\/www.fraczinet.cl\/sitio\/#\/schema\/person\/aec8ee4da68df2b9b0eefdad24a0d582"},"potentialAction":[{"@type":"SearchAction","target":{"@type":"EntryPoint","urlTemplate":"https:\/\/www.fraczinet.cl\/sitio\/?s={search_term_string}"},"query-input":{"@type":"PropertyValueSpecification","valueRequired":true,"valueName":"search_term_string"}}],"inLanguage":"es"},{"@type":["Person","Organization"],"@id":"https:\/\/www.fraczinet.cl\/sitio\/#\/schema\/person\/aec8ee4da68df2b9b0eefdad24a0d582","name":"Luis Fernando Fraczinet","image":{"@type":"ImageObject","inLanguage":"es","@id":"https:\/\/www.fraczinet.cl\/sitio\/#\/schema\/person\/image\/","url":"https:\/\/www.fraczinet.cl\/sitio\/wp-content\/uploads\/2021\/07\/bannerlogo-1.gif","contentUrl":"https:\/\/www.fraczinet.cl\/sitio\/wp-content\/uploads\/2021\/07\/bannerlogo-1.gif","width":159,"height":79,"caption":"Luis Fernando Fraczinet"},"logo":{"@id":"https:\/\/www.fraczinet.cl\/sitio\/#\/schema\/person\/image\/"},"sameAs":["https:\/\/www.fraczinet.cl\/sitio\/"]},{"@type":"Person","@id":"https:\/\/www.fraczinet.cl\/sitio\/#\/schema\/person\/bc30f98e9cb10ae7e119dbe14bc93784","name":"admin","image":{"@type":"ImageObject","inLanguage":"es","@id":"https:\/\/www.fraczinet.cl\/sitio\/#\/schema\/person\/image\/","url":"https:\/\/secure.gravatar.com\/avatar\/d5ad3cf7ef3b23a2bb5be73be780c86b2fc8545c3ad6b149f3913ff458c00099?s=96&d=mm&r=g","contentUrl":"https:\/\/secure.gravatar.com\/avatar\/d5ad3cf7ef3b23a2bb5be73be780c86b2fc8545c3ad6b149f3913ff458c00099?s=96&d=mm&r=g","caption":"admin"},"sameAs":["https:\/\/www.fraczinet.cl\/sitio"]}]}},"_links":{"self":[{"href":"https:\/\/www.fraczinet.cl\/sitio\/wp-json\/wp\/v2\/posts\/5752","targetHints":{"allow":["GET"]}}],"collection":[{"href":"https:\/\/www.fraczinet.cl\/sitio\/wp-json\/wp\/v2\/posts"}],"about":[{"href":"https:\/\/www.fraczinet.cl\/sitio\/wp-json\/wp\/v2\/types\/post"}],"author":[{"embeddable":true,"href":"https:\/\/www.fraczinet.cl\/sitio\/wp-json\/wp\/v2\/users\/1"}],"replies":[{"embeddable":true,"href":"https:\/\/www.fraczinet.cl\/sitio\/wp-json\/wp\/v2\/comments?post=5752"}],"version-history":[{"count":0,"href":"https:\/\/www.fraczinet.cl\/sitio\/wp-json\/wp\/v2\/posts\/5752\/revisions"}],"wp:attachment":[{"href":"https:\/\/www.fraczinet.cl\/sitio\/wp-json\/wp\/v2\/media?parent=5752"}],"wp:term":[{"taxonomy":"category","embeddable":true,"href":"https:\/\/www.fraczinet.cl\/sitio\/wp-json\/wp\/v2\/categories?post=5752"},{"taxonomy":"post_tag","embeddable":true,"href":"https:\/\/www.fraczinet.cl\/sitio\/wp-json\/wp\/v2\/tags?post=5752"}],"curies":[{"name":"wp","href":"https:\/\/api.w.org\/{rel}","templated":true}]}}