{"id":5757,"date":"2012-05-02T13:43:00","date_gmt":"2012-05-02T13:43:00","guid":{"rendered":"https:\/\/www.fraczinet.cl\/sitio\/2012\/05\/02\/intervencion-pacifica-en-cmpc-planta-santa-fe-de-nacimientyo-mas-fiscalizacion-menos-abuso\/"},"modified":"2024-08-10T02:03:54","modified_gmt":"2024-08-10T02:03:54","slug":"intervencion-pacifica-en-cmpc-planta-santa-fe-de-nacimientyo-mas-fiscalizacion-menos-abuso","status":"publish","type":"post","link":"https:\/\/www.fraczinet.cl\/sitio\/intervencion-pacifica-en-cmpc-planta-santa-fe-de-nacimientyo-mas-fiscalizacion-menos-abuso\/","title":{"rendered":"Intervenci\u00f3n Pac\u00edfica En CMPC Planta Santa Fe De Nacimientyo &#8211; M\u00e1s Fiscalizaci\u00f3n Menos Abuso"},"content":{"rendered":"<p><a href=\"http:\/\/3.bp.blogspot.com\/-cJpJEdlqAZI\/T6E7LTFq23I\/AAAAAAAAVDg\/QWE53jT6nnM\/s1600\/6984181856_4dff9ec636.jpg\"><img decoding=\"async\" id=\"BLOGGER_PHOTO_ID_5737932465535376242\" style=\"cursor: pointer; display: block; height: 266px; margin: 0px auto 10px; text-align: center; width: 400px;\" src=\"http:\/\/3.bp.blogspot.com\/-cJpJEdlqAZI\/T6E7LTFq23I\/AAAAAAAAVDg\/QWE53jT6nnM\/s400\/6984181856_4dff9ec636.jpg\" alt=\"\" border=\"0\" \/><\/a><br \/>\n<a href=\"http:\/\/1.bp.blogspot.com\/-GgOmKdJpDOs\/T6E7LEIhDGI\/AAAAAAAAVDU\/E8gRTz3J--A\/s1600\/6984181848_158d6f4b91.jpg\"><img decoding=\"async\" id=\"BLOGGER_PHOTO_ID_5737932461520784482\" style=\"cursor: pointer; display: block; height: 266px; margin: 0px auto 10px; text-align: center; width: 400px;\" src=\"http:\/\/1.bp.blogspot.com\/-GgOmKdJpDOs\/T6E7LEIhDGI\/AAAAAAAAVDU\/E8gRTz3J--A\/s400\/6984181848_158d6f4b91.jpg\" alt=\"\" border=\"0\" \/><\/a><br \/>\n<a href=\"http:\/\/1.bp.blogspot.com\/-Q98rDqWPYOg\/T6E7KbvQwcI\/AAAAAAAAVDI\/YA_J4Bc4m-k\/s1600\/6984181842_4ec7970ed0.jpg\"><img decoding=\"async\" id=\"BLOGGER_PHOTO_ID_5737932450677440962\" style=\"cursor: pointer; display: block; height: 266px; margin: 0px auto 10px; text-align: center; width: 400px;\" src=\"http:\/\/1.bp.blogspot.com\/-Q98rDqWPYOg\/T6E7KbvQwcI\/AAAAAAAAVDI\/YA_J4Bc4m-k\/s400\/6984181842_4ec7970ed0.jpg\" alt=\"\" border=\"0\" \/><\/a><br \/>\n<a href=\"http:\/\/4.bp.blogspot.com\/-b4Jr_9LPRU8\/T6E7L-MF4nI\/AAAAAAAAVDs\/caUFHTAQZQs\/s1600\/6987825774_59844bdec7.jpg\"><img decoding=\"async\" id=\"BLOGGER_PHOTO_ID_5737932477105037938\" style=\"cursor: pointer; display: block; height: 400px; margin: 0px auto 10px; text-align: center; width: 266px;\" src=\"http:\/\/4.bp.blogspot.com\/-b4Jr_9LPRU8\/T6E7L-MF4nI\/AAAAAAAAVDs\/caUFHTAQZQs\/s400\/6987825774_59844bdec7.jpg\" alt=\"\" border=\"0\" \/><\/a><\/p>\n<p>En un hecho in\u00e9dito en la Comuna de Nacimiento, tres j\u00f3venes irrumpieron el pasado lunes 30 de abril, en las dependencias de la todopoderosa CMPC Planta Sta. Fe, vestidos al m\u00e1s puro estilo faenero y con mascarillas en el rostro desplegaron un lienzo que rezaba: <span style=\"font-style: italic;\">\u00ab<span style=\"font-weight: bold;\">El Aire es un Derecho + Fiscalizaci\u00f3n &#8211; Abuso<\/span>\u00ab.<\/span><\/p>\n<p>La acci\u00f3n se llev\u00f3 a cabo como un pac\u00edfico acto de protesta, a ra\u00edz de las peri\u00f3dicas emisiones que cada cierto tiempo afectan a la poblaci\u00f3n aleda\u00f1a a la planta en cuesti\u00f3n y que parecen no tener fin.<\/p>\n<p>La intervenci\u00f3n no dur\u00f3 mas de 15 minutos, tiempo que tard\u00f3 en reaccionar la guardia personal de la planta, que c\u00e1mara en mano trat\u00f3 de retratar a los manifestantes, que pac\u00edficamente retiraron su pancarta y emprendieron la retirada.<\/p>\n<p><span style=\"font-weight: bold;\">Simplemente todo un ejemplo.<\/span><\/p>\n<p><span style=\"font-weight: bold;\">Fuente: <a href=\"http:\/\/nacimientochile.blogspot.com\/2012\/05\/intervencion-pacifica-en-cmpc-santa-fe.html\">Nacimiento Digital<\/a><\/span><\/p>\n","protected":false},"excerpt":{"rendered":"<p>En un hecho in\u00e9dito en la Comuna de Nacimiento, tres j\u00f3venes irrumpieron el pasado lunes 30 de abril, en las dependencias de la todopoderosa CMPC Planta Sta. Fe, vestidos al m\u00e1s puro estilo faenero y con mascarillas en el rostro desplegaron un lienzo que rezaba: \u00abEl Aire es un Derecho + Fiscalizaci\u00f3n &#8211; Abuso\u00ab. La [&hellip;]<\/p>\n","protected":false},"author":1,"featured_media":16013,"comment_status":"open","ping_status":"closed","sticky":false,"template":"","format":"standard","meta":{"footnotes":""},"categories":[113,159,124],"tags":[],"class_list":["post-5757","post","type-post","status-publish","format-standard","has-post-thumbnail","hentry","category-ciudadania","category-contaminacion","category-medio-ambiente"],"yoast_head":"<!-- This site is optimized with the Yoast SEO plugin v28.2 - https:\/\/yoast.com\/product\/yoast-seo-wordpress\/ -->\n<title>Intervenci\u00f3n Pac\u00edfica En CMPC Planta Santa Fe De Nacimientyo - M\u00e1s Fiscalizaci\u00f3n Menos Abuso - Nuestro Bio B\u00edo<\/title>\n<meta name=\"robots\" content=\"index, follow, max-snippet:-1, max-image-preview:large, max-video-preview:-1\" \/>\n<link rel=\"canonical\" href=\"https:\/\/www.fraczinet.cl\/sitio\/intervencion-pacifica-en-cmpc-planta-santa-fe-de-nacimientyo-mas-fiscalizacion-menos-abuso\/\" \/>\n<meta property=\"og:locale\" content=\"es_ES\" \/>\n<meta property=\"og:type\" content=\"article\" \/>\n<meta property=\"og:title\" content=\"Intervenci\u00f3n Pac\u00edfica En CMPC Planta Santa Fe De Nacimientyo - M\u00e1s Fiscalizaci\u00f3n Menos Abuso - Nuestro Bio B\u00edo\" \/>\n<meta property=\"og:description\" content=\"En un hecho in\u00e9dito en la Comuna de Nacimiento, tres j\u00f3venes irrumpieron el pasado lunes 30 de abril, en las dependencias de la todopoderosa CMPC Planta Sta. Fe, vestidos al m\u00e1s puro estilo faenero y con mascarillas en el rostro desplegaron un lienzo que rezaba: \u00abEl Aire es un Derecho + Fiscalizaci\u00f3n &#8211; Abuso\u00ab. La [&hellip;]\" \/>\n<meta property=\"og:url\" content=\"https:\/\/www.fraczinet.cl\/sitio\/intervencion-pacifica-en-cmpc-planta-santa-fe-de-nacimientyo-mas-fiscalizacion-menos-abuso\/\" \/>\n<meta property=\"og:site_name\" content=\"Nuestro Bio B\u00edo\" \/>\n<meta property=\"article:publisher\" content=\"https:\/\/www.facebook.com\/groups\/15721414452\/\" \/>\n<meta property=\"article:published_time\" content=\"2012-05-02T13:43:00+00:00\" \/>\n<meta property=\"article:modified_time\" content=\"2024-08-10T02:03:54+00:00\" \/>\n<meta property=\"og:image\" content=\"https:\/\/www.fraczinet.cl\/sitio\/wp-content\/uploads\/2012\/05\/6984181842_4ec7970ed0.jpg\" \/>\n\t<meta property=\"og:image:width\" content=\"400\" \/>\n\t<meta property=\"og:image:height\" content=\"266\" \/>\n\t<meta property=\"og:image:type\" content=\"image\/jpeg\" \/>\n<meta name=\"twitter:card\" content=\"summary_large_image\" \/>\n<meta name=\"twitter:creator\" content=\"@nuestrobiobio\" \/>\n<meta name=\"twitter:site\" content=\"@nuestrobiobio\" \/>\n<meta name=\"twitter:label1\" content=\"Escrito por\" \/>\n\t<meta name=\"twitter:data1\" content=\"\" \/>\n\t<meta name=\"twitter:label2\" content=\"Tiempo de lectura\" \/>\n\t<meta name=\"twitter:data2\" content=\"2 minutos\" \/>\n<script type=\"application\/ld+json\" class=\"yoast-schema-graph\">{\"@context\":\"https:\\\/\\\/schema.org\",\"@graph\":[{\"@type\":\"Article\",\"@id\":\"https:\\\/\\\/www.fraczinet.cl\\\/sitio\\\/intervencion-pacifica-en-cmpc-planta-santa-fe-de-nacimientyo-mas-fiscalizacion-menos-abuso\\\/#article\",\"isPartOf\":{\"@id\":\"https:\\\/\\\/www.fraczinet.cl\\\/sitio\\\/intervencion-pacifica-en-cmpc-planta-santa-fe-de-nacimientyo-mas-fiscalizacion-menos-abuso\\\/\"},\"author\":{\"name\":\"\",\"@id\":\"\"},\"headline\":\"Intervenci\u00f3n Pac\u00edfica En CMPC Planta Santa Fe De Nacimientyo &#8211; M\u00e1s Fiscalizaci\u00f3n Menos Abuso\",\"datePublished\":\"2012-05-02T13:43:00+00:00\",\"dateModified\":\"2024-08-10T02:03:54+00:00\",\"mainEntityOfPage\":{\"@id\":\"https:\\\/\\\/www.fraczinet.cl\\\/sitio\\\/intervencion-pacifica-en-cmpc-planta-santa-fe-de-nacimientyo-mas-fiscalizacion-menos-abuso\\\/\"},\"wordCount\":166,\"commentCount\":0,\"image\":{\"@id\":\"https:\\\/\\\/www.fraczinet.cl\\\/sitio\\\/intervencion-pacifica-en-cmpc-planta-santa-fe-de-nacimientyo-mas-fiscalizacion-menos-abuso\\\/#primaryimage\"},\"thumbnailUrl\":\"https:\\\/\\\/www.fraczinet.cl\\\/sitio\\\/wp-content\\\/uploads\\\/2012\\\/05\\\/6984181842_4ec7970ed0.jpg\",\"articleSection\":[\"Ciudadan\u00eda\",\"Contaminaci\u00f3n\",\"Medio Ambiente\"],\"inLanguage\":\"es\",\"potentialAction\":[{\"@type\":\"CommentAction\",\"name\":\"Comment\",\"target\":[\"https:\\\/\\\/www.fraczinet.cl\\\/sitio\\\/intervencion-pacifica-en-cmpc-planta-santa-fe-de-nacimientyo-mas-fiscalizacion-menos-abuso\\\/#respond\"]}]},{\"@type\":\"WebPage\",\"@id\":\"https:\\\/\\\/www.fraczinet.cl\\\/sitio\\\/intervencion-pacifica-en-cmpc-planta-santa-fe-de-nacimientyo-mas-fiscalizacion-menos-abuso\\\/\",\"url\":\"https:\\\/\\\/www.fraczinet.cl\\\/sitio\\\/intervencion-pacifica-en-cmpc-planta-santa-fe-de-nacimientyo-mas-fiscalizacion-menos-abuso\\\/\",\"name\":\"Intervenci\u00f3n Pac\u00edfica En CMPC Planta Santa Fe De Nacimientyo - M\u00e1s Fiscalizaci\u00f3n Menos Abuso - Nuestro Bio B\u00edo\",\"isPartOf\":{\"@id\":\"https:\\\/\\\/www.fraczinet.cl\\\/sitio\\\/#website\"},\"primaryImageOfPage\":{\"@id\":\"https:\\\/\\\/www.fraczinet.cl\\\/sitio\\\/intervencion-pacifica-en-cmpc-planta-santa-fe-de-nacimientyo-mas-fiscalizacion-menos-abuso\\\/#primaryimage\"},\"image\":{\"@id\":\"https:\\\/\\\/www.fraczinet.cl\\\/sitio\\\/intervencion-pacifica-en-cmpc-planta-santa-fe-de-nacimientyo-mas-fiscalizacion-menos-abuso\\\/#primaryimage\"},\"thumbnailUrl\":\"https:\\\/\\\/www.fraczinet.cl\\\/sitio\\\/wp-content\\\/uploads\\\/2012\\\/05\\\/6984181842_4ec7970ed0.jpg\",\"datePublished\":\"2012-05-02T13:43:00+00:00\",\"dateModified\":\"2024-08-10T02:03:54+00:00\",\"author\":{\"@id\":\"\"},\"breadcrumb\":{\"@id\":\"https:\\\/\\\/www.fraczinet.cl\\\/sitio\\\/intervencion-pacifica-en-cmpc-planta-santa-fe-de-nacimientyo-mas-fiscalizacion-menos-abuso\\\/#breadcrumb\"},\"inLanguage\":\"es\",\"potentialAction\":[{\"@type\":\"ReadAction\",\"target\":[\"https:\\\/\\\/www.fraczinet.cl\\\/sitio\\\/intervencion-pacifica-en-cmpc-planta-santa-fe-de-nacimientyo-mas-fiscalizacion-menos-abuso\\\/\"]}]},{\"@type\":\"ImageObject\",\"inLanguage\":\"es\",\"@id\":\"https:\\\/\\\/www.fraczinet.cl\\\/sitio\\\/intervencion-pacifica-en-cmpc-planta-santa-fe-de-nacimientyo-mas-fiscalizacion-menos-abuso\\\/#primaryimage\",\"url\":\"https:\\\/\\\/www.fraczinet.cl\\\/sitio\\\/wp-content\\\/uploads\\\/2012\\\/05\\\/6984181842_4ec7970ed0.jpg\",\"contentUrl\":\"https:\\\/\\\/www.fraczinet.cl\\\/sitio\\\/wp-content\\\/uploads\\\/2012\\\/05\\\/6984181842_4ec7970ed0.jpg\",\"width\":400,\"height\":266},{\"@type\":\"BreadcrumbList\",\"@id\":\"https:\\\/\\\/www.fraczinet.cl\\\/sitio\\\/intervencion-pacifica-en-cmpc-planta-santa-fe-de-nacimientyo-mas-fiscalizacion-menos-abuso\\\/#breadcrumb\",\"itemListElement\":[{\"@type\":\"ListItem\",\"position\":1,\"name\":\"Portada\",\"item\":\"https:\\\/\\\/www.fraczinet.cl\\\/sitio\\\/\"},{\"@type\":\"ListItem\",\"position\":2,\"name\":\"Intervenci\u00f3n Pac\u00edfica En CMPC Planta Santa Fe De Nacimientyo &#8211; M\u00e1s Fiscalizaci\u00f3n Menos Abuso\"}]},{\"@type\":\"WebSite\",\"@id\":\"https:\\\/\\\/www.fraczinet.cl\\\/sitio\\\/#website\",\"url\":\"https:\\\/\\\/www.fraczinet.cl\\\/sitio\\\/\",\"name\":\"Nuestro Bio B\u00edo\",\"description\":\"Tierra de Encuentros\",\"potentialAction\":[{\"@type\":\"SearchAction\",\"target\":{\"@type\":\"EntryPoint\",\"urlTemplate\":\"https:\\\/\\\/www.fraczinet.cl\\\/sitio\\\/?s={search_term_string}\"},\"query-input\":{\"@type\":\"PropertyValueSpecification\",\"valueRequired\":true,\"valueName\":\"search_term_string\"}}],\"inLanguage\":\"es\"},{\"@type\":\"Person\",\"@id\":\"\"}]}<\/script>\n<!-- \/ Yoast SEO plugin. -->","yoast_head_json":{"title":"Intervenci\u00f3n Pac\u00edfica En CMPC Planta Santa Fe De Nacimientyo - M\u00e1s Fiscalizaci\u00f3n Menos Abuso - Nuestro Bio B\u00edo","robots":{"index":"index","follow":"follow","max-snippet":"max-snippet:-1","max-image-preview":"max-image-preview:large","max-video-preview":"max-video-preview:-1"},"canonical":"https:\/\/www.fraczinet.cl\/sitio\/intervencion-pacifica-en-cmpc-planta-santa-fe-de-nacimientyo-mas-fiscalizacion-menos-abuso\/","og_locale":"es_ES","og_type":"article","og_title":"Intervenci\u00f3n Pac\u00edfica En CMPC Planta Santa Fe De Nacimientyo - M\u00e1s Fiscalizaci\u00f3n Menos Abuso - Nuestro Bio B\u00edo","og_description":"En un hecho in\u00e9dito en la Comuna de Nacimiento, tres j\u00f3venes irrumpieron el pasado lunes 30 de abril, en las dependencias de la todopoderosa CMPC Planta Sta. Fe, vestidos al m\u00e1s puro estilo faenero y con mascarillas en el rostro desplegaron un lienzo que rezaba: \u00abEl Aire es un Derecho + Fiscalizaci\u00f3n &#8211; Abuso\u00ab. La [&hellip;]","og_url":"https:\/\/www.fraczinet.cl\/sitio\/intervencion-pacifica-en-cmpc-planta-santa-fe-de-nacimientyo-mas-fiscalizacion-menos-abuso\/","og_site_name":"Nuestro Bio B\u00edo","article_publisher":"https:\/\/www.facebook.com\/groups\/15721414452\/","article_published_time":"2012-05-02T13:43:00+00:00","article_modified_time":"2024-08-10T02:03:54+00:00","og_image":[{"width":400,"height":266,"url":"https:\/\/www.fraczinet.cl\/sitio\/wp-content\/uploads\/2012\/05\/6984181842_4ec7970ed0.jpg","type":"image\/jpeg"}],"twitter_card":"summary_large_image","twitter_creator":"@nuestrobiobio","twitter_site":"@nuestrobiobio","twitter_misc":{"Escrito por":"","Tiempo de lectura":"2 minutos"},"schema":{"@context":"https:\/\/schema.org","@graph":[{"@type":"Article","@id":"https:\/\/www.fraczinet.cl\/sitio\/intervencion-pacifica-en-cmpc-planta-santa-fe-de-nacimientyo-mas-fiscalizacion-menos-abuso\/#article","isPartOf":{"@id":"https:\/\/www.fraczinet.cl\/sitio\/intervencion-pacifica-en-cmpc-planta-santa-fe-de-nacimientyo-mas-fiscalizacion-menos-abuso\/"},"author":{"name":"","@id":""},"headline":"Intervenci\u00f3n Pac\u00edfica En CMPC Planta Santa Fe De Nacimientyo &#8211; M\u00e1s Fiscalizaci\u00f3n Menos Abuso","datePublished":"2012-05-02T13:43:00+00:00","dateModified":"2024-08-10T02:03:54+00:00","mainEntityOfPage":{"@id":"https:\/\/www.fraczinet.cl\/sitio\/intervencion-pacifica-en-cmpc-planta-santa-fe-de-nacimientyo-mas-fiscalizacion-menos-abuso\/"},"wordCount":166,"commentCount":0,"image":{"@id":"https:\/\/www.fraczinet.cl\/sitio\/intervencion-pacifica-en-cmpc-planta-santa-fe-de-nacimientyo-mas-fiscalizacion-menos-abuso\/#primaryimage"},"thumbnailUrl":"https:\/\/www.fraczinet.cl\/sitio\/wp-content\/uploads\/2012\/05\/6984181842_4ec7970ed0.jpg","articleSection":["Ciudadan\u00eda","Contaminaci\u00f3n","Medio Ambiente"],"inLanguage":"es","potentialAction":[{"@type":"CommentAction","name":"Comment","target":["https:\/\/www.fraczinet.cl\/sitio\/intervencion-pacifica-en-cmpc-planta-santa-fe-de-nacimientyo-mas-fiscalizacion-menos-abuso\/#respond"]}]},{"@type":"WebPage","@id":"https:\/\/www.fraczinet.cl\/sitio\/intervencion-pacifica-en-cmpc-planta-santa-fe-de-nacimientyo-mas-fiscalizacion-menos-abuso\/","url":"https:\/\/www.fraczinet.cl\/sitio\/intervencion-pacifica-en-cmpc-planta-santa-fe-de-nacimientyo-mas-fiscalizacion-menos-abuso\/","name":"Intervenci\u00f3n Pac\u00edfica En CMPC Planta Santa Fe De Nacimientyo - M\u00e1s Fiscalizaci\u00f3n Menos Abuso - Nuestro Bio B\u00edo","isPartOf":{"@id":"https:\/\/www.fraczinet.cl\/sitio\/#website"},"primaryImageOfPage":{"@id":"https:\/\/www.fraczinet.cl\/sitio\/intervencion-pacifica-en-cmpc-planta-santa-fe-de-nacimientyo-mas-fiscalizacion-menos-abuso\/#primaryimage"},"image":{"@id":"https:\/\/www.fraczinet.cl\/sitio\/intervencion-pacifica-en-cmpc-planta-santa-fe-de-nacimientyo-mas-fiscalizacion-menos-abuso\/#primaryimage"},"thumbnailUrl":"https:\/\/www.fraczinet.cl\/sitio\/wp-content\/uploads\/2012\/05\/6984181842_4ec7970ed0.jpg","datePublished":"2012-05-02T13:43:00+00:00","dateModified":"2024-08-10T02:03:54+00:00","author":{"@id":""},"breadcrumb":{"@id":"https:\/\/www.fraczinet.cl\/sitio\/intervencion-pacifica-en-cmpc-planta-santa-fe-de-nacimientyo-mas-fiscalizacion-menos-abuso\/#breadcrumb"},"inLanguage":"es","potentialAction":[{"@type":"ReadAction","target":["https:\/\/www.fraczinet.cl\/sitio\/intervencion-pacifica-en-cmpc-planta-santa-fe-de-nacimientyo-mas-fiscalizacion-menos-abuso\/"]}]},{"@type":"ImageObject","inLanguage":"es","@id":"https:\/\/www.fraczinet.cl\/sitio\/intervencion-pacifica-en-cmpc-planta-santa-fe-de-nacimientyo-mas-fiscalizacion-menos-abuso\/#primaryimage","url":"https:\/\/www.fraczinet.cl\/sitio\/wp-content\/uploads\/2012\/05\/6984181842_4ec7970ed0.jpg","contentUrl":"https:\/\/www.fraczinet.cl\/sitio\/wp-content\/uploads\/2012\/05\/6984181842_4ec7970ed0.jpg","width":400,"height":266},{"@type":"BreadcrumbList","@id":"https:\/\/www.fraczinet.cl\/sitio\/intervencion-pacifica-en-cmpc-planta-santa-fe-de-nacimientyo-mas-fiscalizacion-menos-abuso\/#breadcrumb","itemListElement":[{"@type":"ListItem","position":1,"name":"Portada","item":"https:\/\/www.fraczinet.cl\/sitio\/"},{"@type":"ListItem","position":2,"name":"Intervenci\u00f3n Pac\u00edfica En CMPC Planta Santa Fe De Nacimientyo &#8211; M\u00e1s Fiscalizaci\u00f3n Menos Abuso"}]},{"@type":"WebSite","@id":"https:\/\/www.fraczinet.cl\/sitio\/#website","url":"https:\/\/www.fraczinet.cl\/sitio\/","name":"Nuestro Bio B\u00edo","description":"Tierra de Encuentros","potentialAction":[{"@type":"SearchAction","target":{"@type":"EntryPoint","urlTemplate":"https:\/\/www.fraczinet.cl\/sitio\/?s={search_term_string}"},"query-input":{"@type":"PropertyValueSpecification","valueRequired":true,"valueName":"search_term_string"}}],"inLanguage":"es"},{"@type":"Person","@id":""}]}},"_links":{"self":[{"href":"https:\/\/www.fraczinet.cl\/sitio\/wp-json\/wp\/v2\/posts\/5757","targetHints":{"allow":["GET"]}}],"collection":[{"href":"https:\/\/www.fraczinet.cl\/sitio\/wp-json\/wp\/v2\/posts"}],"about":[{"href":"https:\/\/www.fraczinet.cl\/sitio\/wp-json\/wp\/v2\/types\/post"}],"author":[{"embeddable":true,"href":"https:\/\/www.fraczinet.cl\/sitio\/wp-json\/wp\/v2\/users\/1"}],"replies":[{"embeddable":true,"href":"https:\/\/www.fraczinet.cl\/sitio\/wp-json\/wp\/v2\/comments?post=5757"}],"version-history":[{"count":2,"href":"https:\/\/www.fraczinet.cl\/sitio\/wp-json\/wp\/v2\/posts\/5757\/revisions"}],"predecessor-version":[{"id":16014,"href":"https:\/\/www.fraczinet.cl\/sitio\/wp-json\/wp\/v2\/posts\/5757\/revisions\/16014"}],"wp:featuredmedia":[{"embeddable":true,"href":"https:\/\/www.fraczinet.cl\/sitio\/wp-json\/wp\/v2\/media\/16013"}],"wp:attachment":[{"href":"https:\/\/www.fraczinet.cl\/sitio\/wp-json\/wp\/v2\/media?parent=5757"}],"wp:term":[{"taxonomy":"category","embeddable":true,"href":"https:\/\/www.fraczinet.cl\/sitio\/wp-json\/wp\/v2\/categories?post=5757"},{"taxonomy":"post_tag","embeddable":true,"href":"https:\/\/www.fraczinet.cl\/sitio\/wp-json\/wp\/v2\/tags?post=5757"}],"curies":[{"name":"wp","href":"https:\/\/api.w.org\/{rel}","templated":true}]}}