{"id":5761,"date":"2012-04-28T13:00:00","date_gmt":"2012-04-28T13:00:00","guid":{"rendered":"https:\/\/www.fraczinet.cl\/sitio\/2012\/04\/28\/proyeccion-del-documental-que-el-verdadero-terrorista-se-ponga-de-pie\/"},"modified":"2012-04-28T13:00:00","modified_gmt":"2012-04-28T13:00:00","slug":"proyeccion-del-documental-que-el-verdadero-terrorista-se-ponga-de-pie","status":"publish","type":"post","link":"https:\/\/www.fraczinet.cl\/sitio\/2012\/04\/28\/proyeccion-del-documental-que-el-verdadero-terrorista-se-ponga-de-pie\/","title":{"rendered":"Proyecci\u00f3n Del Documental: \u00abQue El Verdadero Terrorista Se Ponga De Pie\u00bb"},"content":{"rendered":"<div><a href=\"http:\/\/1.bp.blogspot.com\/-mPl5x5v9m0M\/T5xUiL0-XlI\/AAAAAAAAVA4\/j0ZmbrnVlXE\/s1600\/Documental%2Bque%2Bel%2Bverdadero%2Bterrorista%2Bde%2Bponga%2Bde%2Bpie.jpg\" style=\"clear: left; float: left; margin-bottom: 1em; margin-right: 1em;\"><img decoding=\"async\" alt=\"\" border=\"0\" id=\"BLOGGER_PHOTO_ID_5736552971630435922\" src=\"http:\/\/1.bp.blogspot.com\/-mPl5x5v9m0M\/T5xUiL0-XlI\/AAAAAAAAVA4\/j0ZmbrnVlXE\/s400\/Documental%2Bque%2Bel%2Bverdadero%2Bterrorista%2Bde%2Bponga%2Bde%2Bpie.jpg\" style=\"cursor: pointer; display: block; height: 400px; margin: 0px auto 10px; text-align: center; width: 333px;\" \/><\/a><\/div>\n<p>\u00abQue el verdadero terrorista se ponga de pie\u00bb es un documental que recorre 50 a\u00f1os de terrorismo contra Cuba. Desde el triunfo de la Revoluci\u00f3n, el gobierno norteamericano patrocin\u00f3 la violencia contra el peque\u00f1o pa\u00eds vecino. Despu\u00e9s la toleraba, a la vez que permit\u00eda la libre operaci\u00f3n desde la Florida de los que conspiraban contra el pueblo cubano. <\/p>\n<p>Una de las medidas defensivas de Cuba, fue infiltrar agentes en los grupos contrarrevolucionarios radicados en Miami. El filme trata el caso de Cinco cubanos encarcelados en los Estados Unidos, quienes penetraron las bandas terroristas residentes en Miami, cuna del terrorismo contra la naci\u00f3n cubana. En este documental se insertan entrevistas a los m\u00e1s connotados terroristas anticubanos: Posada Carriles, Orlando Bosch, Antonio Veciana y Jos\u00e9 Basulto. Ex agentes del FBI y oficiales norteamericanos, as\u00ed como dirigentes cubanos y otros personajes imprescindibles de esta historia, ofrecen tambi\u00e9n sus testimonios sobre esta larga hoja de cr\u00edmenes y planes ofensivos contra Cuba.<\/p>\n<p>Gerardo Hern\u00e1ndez, uno de los Cinco cubanos arrestados injustamente en los Estados Unidos, explica en off desde la prisi\u00f3n, el punto de vista cubano. <\/p>\n<p>El documental fue filmado en Miami, Washington y La Habana. Contiene fotos, documentos y valioso material de archivo. Saul Landau es un escritor, periodista, director de documentales y acad\u00e9mico estadounidense. Ha recibido los premios Emmy, George Polk, First Amendment,<\/p>\n<p>Letelier-Moffit.<\/p>\n<p>A\u00f1o: 2010 \/ Duraci\u00f3n: 85 minutos<\/p>\n<p>JUEVES 3 DE MAYO, 19:00 HRS.<br \/>SALA DEL ALBA CULTURAL, PLAN B<br \/>OROMPELLO 555, CONCEPCION<\/p>\n<p>Entrada Liberada<\/p>\n<p>INVITA:<br \/>Asociacion Cultural Jose Marti<br \/>Concepcion<\/p>\n","protected":false},"excerpt":{"rendered":"<p>\u00abQue el verdadero terrorista se ponga de pie\u00bb es un documental que recorre 50 a\u00f1os de terrorismo contra Cuba. Desde el triunfo de la Revoluci\u00f3n, el gobierno norteamericano patrocin\u00f3 la violencia contra el peque\u00f1o pa\u00eds vecino. Despu\u00e9s la toleraba, a la vez que permit\u00eda la libre operaci\u00f3n desde la Florida de los que conspiraban contra [&hellip;]<\/p>\n","protected":false},"author":1,"featured_media":0,"comment_status":"open","ping_status":"open","sticky":false,"template":"","format":"standard","meta":{"footnotes":""},"categories":[164],"tags":[],"class_list":["post-5761","post","type-post","status-publish","format-standard","hentry","category-documentales"],"yoast_head":"<!-- This site is optimized with the Yoast SEO plugin v25.0 - https:\/\/yoast.com\/wordpress\/plugins\/seo\/ -->\n<title>Proyecci\u00f3n Del Documental: &quot;Que El Verdadero Terrorista Se Ponga De Pie&quot; - Nuestro Bio B\u00edo<\/title>\n<meta name=\"robots\" content=\"index, follow, max-snippet:-1, max-image-preview:large, max-video-preview:-1\" \/>\n<link rel=\"canonical\" href=\"https:\/\/www.fraczinet.cl\/sitio\/2012\/04\/28\/proyeccion-del-documental-que-el-verdadero-terrorista-se-ponga-de-pie\/\" \/>\n<meta property=\"og:locale\" content=\"es_ES\" \/>\n<meta property=\"og:type\" content=\"article\" \/>\n<meta property=\"og:title\" content=\"Proyecci\u00f3n Del Documental: &quot;Que El Verdadero Terrorista Se Ponga De Pie&quot; - Nuestro Bio B\u00edo\" \/>\n<meta property=\"og:description\" content=\"\u00abQue el verdadero terrorista se ponga de pie\u00bb es un documental que recorre 50 a\u00f1os de terrorismo contra Cuba. Desde el triunfo de la Revoluci\u00f3n, el gobierno norteamericano patrocin\u00f3 la violencia contra el peque\u00f1o pa\u00eds vecino. Despu\u00e9s la toleraba, a la vez que permit\u00eda la libre operaci\u00f3n desde la Florida de los que conspiraban contra [&hellip;]\" \/>\n<meta property=\"og:url\" content=\"https:\/\/www.fraczinet.cl\/sitio\/2012\/04\/28\/proyeccion-del-documental-que-el-verdadero-terrorista-se-ponga-de-pie\/\" \/>\n<meta property=\"og:site_name\" content=\"Nuestro Bio B\u00edo\" \/>\n<meta property=\"article:published_time\" content=\"2012-04-28T13:00:00+00:00\" \/>\n<meta property=\"og:image\" content=\"http:\/\/1.bp.blogspot.com\/-mPl5x5v9m0M\/T5xUiL0-XlI\/AAAAAAAAVA4\/j0ZmbrnVlXE\/s400\/Documental%2Bque%2Bel%2Bverdadero%2Bterrorista%2Bde%2Bponga%2Bde%2Bpie.jpg\" \/>\n<meta name=\"author\" content=\"admin\" \/>\n<meta name=\"twitter:card\" content=\"summary_large_image\" \/>\n<meta name=\"twitter:creator\" content=\"@nuestrobiobio\" \/>\n<meta name=\"twitter:site\" content=\"@nuestrobiobio\" \/>\n<meta name=\"twitter:label1\" content=\"Escrito por\" \/>\n\t<meta name=\"twitter:data1\" content=\"admin\" \/>\n\t<meta name=\"twitter:label2\" content=\"Tiempo de lectura\" \/>\n\t<meta name=\"twitter:data2\" content=\"1 minuto\" \/>\n<script type=\"application\/ld+json\" class=\"yoast-schema-graph\">{\"@context\":\"https:\/\/schema.org\",\"@graph\":[{\"@type\":\"Article\",\"@id\":\"https:\/\/www.fraczinet.cl\/sitio\/2012\/04\/28\/proyeccion-del-documental-que-el-verdadero-terrorista-se-ponga-de-pie\/#article\",\"isPartOf\":{\"@id\":\"https:\/\/www.fraczinet.cl\/sitio\/2012\/04\/28\/proyeccion-del-documental-que-el-verdadero-terrorista-se-ponga-de-pie\/\"},\"author\":{\"name\":\"admin\",\"@id\":\"https:\/\/www.fraczinet.cl\/sitio\/#\/schema\/person\/bc30f98e9cb10ae7e119dbe14bc93784\"},\"headline\":\"Proyecci\u00f3n Del Documental: \u00abQue El Verdadero Terrorista Se Ponga De Pie\u00bb\",\"datePublished\":\"2012-04-28T13:00:00+00:00\",\"mainEntityOfPage\":{\"@id\":\"https:\/\/www.fraczinet.cl\/sitio\/2012\/04\/28\/proyeccion-del-documental-que-el-verdadero-terrorista-se-ponga-de-pie\/\"},\"wordCount\":269,\"commentCount\":0,\"publisher\":{\"@id\":\"https:\/\/www.fraczinet.cl\/sitio\/#\/schema\/person\/aec8ee4da68df2b9b0eefdad24a0d582\"},\"image\":{\"@id\":\"https:\/\/www.fraczinet.cl\/sitio\/2012\/04\/28\/proyeccion-del-documental-que-el-verdadero-terrorista-se-ponga-de-pie\/#primaryimage\"},\"thumbnailUrl\":\"http:\/\/1.bp.blogspot.com\/-mPl5x5v9m0M\/T5xUiL0-XlI\/AAAAAAAAVA4\/j0ZmbrnVlXE\/s400\/Documental%2Bque%2Bel%2Bverdadero%2Bterrorista%2Bde%2Bponga%2Bde%2Bpie.jpg\",\"articleSection\":[\"Documentales\"],\"inLanguage\":\"es\",\"potentialAction\":[{\"@type\":\"CommentAction\",\"name\":\"Comment\",\"target\":[\"https:\/\/www.fraczinet.cl\/sitio\/2012\/04\/28\/proyeccion-del-documental-que-el-verdadero-terrorista-se-ponga-de-pie\/#respond\"]}]},{\"@type\":\"WebPage\",\"@id\":\"https:\/\/www.fraczinet.cl\/sitio\/2012\/04\/28\/proyeccion-del-documental-que-el-verdadero-terrorista-se-ponga-de-pie\/\",\"url\":\"https:\/\/www.fraczinet.cl\/sitio\/2012\/04\/28\/proyeccion-del-documental-que-el-verdadero-terrorista-se-ponga-de-pie\/\",\"name\":\"Proyecci\u00f3n Del Documental: \\\"Que El Verdadero Terrorista Se Ponga De Pie\\\" - Nuestro Bio B\u00edo\",\"isPartOf\":{\"@id\":\"https:\/\/www.fraczinet.cl\/sitio\/#website\"},\"primaryImageOfPage\":{\"@id\":\"https:\/\/www.fraczinet.cl\/sitio\/2012\/04\/28\/proyeccion-del-documental-que-el-verdadero-terrorista-se-ponga-de-pie\/#primaryimage\"},\"image\":{\"@id\":\"https:\/\/www.fraczinet.cl\/sitio\/2012\/04\/28\/proyeccion-del-documental-que-el-verdadero-terrorista-se-ponga-de-pie\/#primaryimage\"},\"thumbnailUrl\":\"http:\/\/1.bp.blogspot.com\/-mPl5x5v9m0M\/T5xUiL0-XlI\/AAAAAAAAVA4\/j0ZmbrnVlXE\/s400\/Documental%2Bque%2Bel%2Bverdadero%2Bterrorista%2Bde%2Bponga%2Bde%2Bpie.jpg\",\"datePublished\":\"2012-04-28T13:00:00+00:00\",\"breadcrumb\":{\"@id\":\"https:\/\/www.fraczinet.cl\/sitio\/2012\/04\/28\/proyeccion-del-documental-que-el-verdadero-terrorista-se-ponga-de-pie\/#breadcrumb\"},\"inLanguage\":\"es\",\"potentialAction\":[{\"@type\":\"ReadAction\",\"target\":[\"https:\/\/www.fraczinet.cl\/sitio\/2012\/04\/28\/proyeccion-del-documental-que-el-verdadero-terrorista-se-ponga-de-pie\/\"]}]},{\"@type\":\"ImageObject\",\"inLanguage\":\"es\",\"@id\":\"https:\/\/www.fraczinet.cl\/sitio\/2012\/04\/28\/proyeccion-del-documental-que-el-verdadero-terrorista-se-ponga-de-pie\/#primaryimage\",\"url\":\"http:\/\/1.bp.blogspot.com\/-mPl5x5v9m0M\/T5xUiL0-XlI\/AAAAAAAAVA4\/j0ZmbrnVlXE\/s400\/Documental%2Bque%2Bel%2Bverdadero%2Bterrorista%2Bde%2Bponga%2Bde%2Bpie.jpg\",\"contentUrl\":\"http:\/\/1.bp.blogspot.com\/-mPl5x5v9m0M\/T5xUiL0-XlI\/AAAAAAAAVA4\/j0ZmbrnVlXE\/s400\/Documental%2Bque%2Bel%2Bverdadero%2Bterrorista%2Bde%2Bponga%2Bde%2Bpie.jpg\"},{\"@type\":\"BreadcrumbList\",\"@id\":\"https:\/\/www.fraczinet.cl\/sitio\/2012\/04\/28\/proyeccion-del-documental-que-el-verdadero-terrorista-se-ponga-de-pie\/#breadcrumb\",\"itemListElement\":[{\"@type\":\"ListItem\",\"position\":1,\"name\":\"Portada\",\"item\":\"https:\/\/www.fraczinet.cl\/sitio\/\"},{\"@type\":\"ListItem\",\"position\":2,\"name\":\"Proyecci\u00f3n Del Documental: \u00abQue El Verdadero Terrorista Se Ponga De Pie\u00bb\"}]},{\"@type\":\"WebSite\",\"@id\":\"https:\/\/www.fraczinet.cl\/sitio\/#website\",\"url\":\"https:\/\/www.fraczinet.cl\/sitio\/\",\"name\":\"Nuestro Bio B\u00edo\",\"description\":\"Tierra de Encuentros\",\"publisher\":{\"@id\":\"https:\/\/www.fraczinet.cl\/sitio\/#\/schema\/person\/aec8ee4da68df2b9b0eefdad24a0d582\"},\"potentialAction\":[{\"@type\":\"SearchAction\",\"target\":{\"@type\":\"EntryPoint\",\"urlTemplate\":\"https:\/\/www.fraczinet.cl\/sitio\/?s={search_term_string}\"},\"query-input\":{\"@type\":\"PropertyValueSpecification\",\"valueRequired\":true,\"valueName\":\"search_term_string\"}}],\"inLanguage\":\"es\"},{\"@type\":[\"Person\",\"Organization\"],\"@id\":\"https:\/\/www.fraczinet.cl\/sitio\/#\/schema\/person\/aec8ee4da68df2b9b0eefdad24a0d582\",\"name\":\"Luis Fernando Fraczinet\",\"image\":{\"@type\":\"ImageObject\",\"inLanguage\":\"es\",\"@id\":\"https:\/\/www.fraczinet.cl\/sitio\/#\/schema\/person\/image\/\",\"url\":\"https:\/\/www.fraczinet.cl\/sitio\/wp-content\/uploads\/2021\/07\/bannerlogo-1.gif\",\"contentUrl\":\"https:\/\/www.fraczinet.cl\/sitio\/wp-content\/uploads\/2021\/07\/bannerlogo-1.gif\",\"width\":159,\"height\":79,\"caption\":\"Luis Fernando Fraczinet\"},\"logo\":{\"@id\":\"https:\/\/www.fraczinet.cl\/sitio\/#\/schema\/person\/image\/\"},\"sameAs\":[\"https:\/\/www.fraczinet.cl\/sitio\/\"]},{\"@type\":\"Person\",\"@id\":\"https:\/\/www.fraczinet.cl\/sitio\/#\/schema\/person\/bc30f98e9cb10ae7e119dbe14bc93784\",\"name\":\"admin\",\"image\":{\"@type\":\"ImageObject\",\"inLanguage\":\"es\",\"@id\":\"https:\/\/www.fraczinet.cl\/sitio\/#\/schema\/person\/image\/\",\"url\":\"https:\/\/secure.gravatar.com\/avatar\/d5ad3cf7ef3b23a2bb5be73be780c86b2fc8545c3ad6b149f3913ff458c00099?s=96&d=mm&r=g\",\"contentUrl\":\"https:\/\/secure.gravatar.com\/avatar\/d5ad3cf7ef3b23a2bb5be73be780c86b2fc8545c3ad6b149f3913ff458c00099?s=96&d=mm&r=g\",\"caption\":\"admin\"},\"sameAs\":[\"https:\/\/www.fraczinet.cl\/sitio\"]}]}<\/script>\n<!-- \/ Yoast SEO plugin. -->","yoast_head_json":{"title":"Proyecci\u00f3n Del Documental: \"Que El Verdadero Terrorista Se Ponga De Pie\" - Nuestro Bio B\u00edo","robots":{"index":"index","follow":"follow","max-snippet":"max-snippet:-1","max-image-preview":"max-image-preview:large","max-video-preview":"max-video-preview:-1"},"canonical":"https:\/\/www.fraczinet.cl\/sitio\/2012\/04\/28\/proyeccion-del-documental-que-el-verdadero-terrorista-se-ponga-de-pie\/","og_locale":"es_ES","og_type":"article","og_title":"Proyecci\u00f3n Del Documental: \"Que El Verdadero Terrorista Se Ponga De Pie\" - Nuestro Bio B\u00edo","og_description":"\u00abQue el verdadero terrorista se ponga de pie\u00bb es un documental que recorre 50 a\u00f1os de terrorismo contra Cuba. Desde el triunfo de la Revoluci\u00f3n, el gobierno norteamericano patrocin\u00f3 la violencia contra el peque\u00f1o pa\u00eds vecino. Despu\u00e9s la toleraba, a la vez que permit\u00eda la libre operaci\u00f3n desde la Florida de los que conspiraban contra [&hellip;]","og_url":"https:\/\/www.fraczinet.cl\/sitio\/2012\/04\/28\/proyeccion-del-documental-que-el-verdadero-terrorista-se-ponga-de-pie\/","og_site_name":"Nuestro Bio B\u00edo","article_published_time":"2012-04-28T13:00:00+00:00","og_image":[{"url":"http:\/\/1.bp.blogspot.com\/-mPl5x5v9m0M\/T5xUiL0-XlI\/AAAAAAAAVA4\/j0ZmbrnVlXE\/s400\/Documental%2Bque%2Bel%2Bverdadero%2Bterrorista%2Bde%2Bponga%2Bde%2Bpie.jpg","type":"","width":"","height":""}],"author":"admin","twitter_card":"summary_large_image","twitter_creator":"@nuestrobiobio","twitter_site":"@nuestrobiobio","twitter_misc":{"Escrito por":"admin","Tiempo de lectura":"1 minuto"},"schema":{"@context":"https:\/\/schema.org","@graph":[{"@type":"Article","@id":"https:\/\/www.fraczinet.cl\/sitio\/2012\/04\/28\/proyeccion-del-documental-que-el-verdadero-terrorista-se-ponga-de-pie\/#article","isPartOf":{"@id":"https:\/\/www.fraczinet.cl\/sitio\/2012\/04\/28\/proyeccion-del-documental-que-el-verdadero-terrorista-se-ponga-de-pie\/"},"author":{"name":"admin","@id":"https:\/\/www.fraczinet.cl\/sitio\/#\/schema\/person\/bc30f98e9cb10ae7e119dbe14bc93784"},"headline":"Proyecci\u00f3n Del Documental: \u00abQue El Verdadero Terrorista Se Ponga De Pie\u00bb","datePublished":"2012-04-28T13:00:00+00:00","mainEntityOfPage":{"@id":"https:\/\/www.fraczinet.cl\/sitio\/2012\/04\/28\/proyeccion-del-documental-que-el-verdadero-terrorista-se-ponga-de-pie\/"},"wordCount":269,"commentCount":0,"publisher":{"@id":"https:\/\/www.fraczinet.cl\/sitio\/#\/schema\/person\/aec8ee4da68df2b9b0eefdad24a0d582"},"image":{"@id":"https:\/\/www.fraczinet.cl\/sitio\/2012\/04\/28\/proyeccion-del-documental-que-el-verdadero-terrorista-se-ponga-de-pie\/#primaryimage"},"thumbnailUrl":"http:\/\/1.bp.blogspot.com\/-mPl5x5v9m0M\/T5xUiL0-XlI\/AAAAAAAAVA4\/j0ZmbrnVlXE\/s400\/Documental%2Bque%2Bel%2Bverdadero%2Bterrorista%2Bde%2Bponga%2Bde%2Bpie.jpg","articleSection":["Documentales"],"inLanguage":"es","potentialAction":[{"@type":"CommentAction","name":"Comment","target":["https:\/\/www.fraczinet.cl\/sitio\/2012\/04\/28\/proyeccion-del-documental-que-el-verdadero-terrorista-se-ponga-de-pie\/#respond"]}]},{"@type":"WebPage","@id":"https:\/\/www.fraczinet.cl\/sitio\/2012\/04\/28\/proyeccion-del-documental-que-el-verdadero-terrorista-se-ponga-de-pie\/","url":"https:\/\/www.fraczinet.cl\/sitio\/2012\/04\/28\/proyeccion-del-documental-que-el-verdadero-terrorista-se-ponga-de-pie\/","name":"Proyecci\u00f3n Del Documental: \"Que El Verdadero Terrorista Se Ponga De Pie\" - Nuestro Bio B\u00edo","isPartOf":{"@id":"https:\/\/www.fraczinet.cl\/sitio\/#website"},"primaryImageOfPage":{"@id":"https:\/\/www.fraczinet.cl\/sitio\/2012\/04\/28\/proyeccion-del-documental-que-el-verdadero-terrorista-se-ponga-de-pie\/#primaryimage"},"image":{"@id":"https:\/\/www.fraczinet.cl\/sitio\/2012\/04\/28\/proyeccion-del-documental-que-el-verdadero-terrorista-se-ponga-de-pie\/#primaryimage"},"thumbnailUrl":"http:\/\/1.bp.blogspot.com\/-mPl5x5v9m0M\/T5xUiL0-XlI\/AAAAAAAAVA4\/j0ZmbrnVlXE\/s400\/Documental%2Bque%2Bel%2Bverdadero%2Bterrorista%2Bde%2Bponga%2Bde%2Bpie.jpg","datePublished":"2012-04-28T13:00:00+00:00","breadcrumb":{"@id":"https:\/\/www.fraczinet.cl\/sitio\/2012\/04\/28\/proyeccion-del-documental-que-el-verdadero-terrorista-se-ponga-de-pie\/#breadcrumb"},"inLanguage":"es","potentialAction":[{"@type":"ReadAction","target":["https:\/\/www.fraczinet.cl\/sitio\/2012\/04\/28\/proyeccion-del-documental-que-el-verdadero-terrorista-se-ponga-de-pie\/"]}]},{"@type":"ImageObject","inLanguage":"es","@id":"https:\/\/www.fraczinet.cl\/sitio\/2012\/04\/28\/proyeccion-del-documental-que-el-verdadero-terrorista-se-ponga-de-pie\/#primaryimage","url":"http:\/\/1.bp.blogspot.com\/-mPl5x5v9m0M\/T5xUiL0-XlI\/AAAAAAAAVA4\/j0ZmbrnVlXE\/s400\/Documental%2Bque%2Bel%2Bverdadero%2Bterrorista%2Bde%2Bponga%2Bde%2Bpie.jpg","contentUrl":"http:\/\/1.bp.blogspot.com\/-mPl5x5v9m0M\/T5xUiL0-XlI\/AAAAAAAAVA4\/j0ZmbrnVlXE\/s400\/Documental%2Bque%2Bel%2Bverdadero%2Bterrorista%2Bde%2Bponga%2Bde%2Bpie.jpg"},{"@type":"BreadcrumbList","@id":"https:\/\/www.fraczinet.cl\/sitio\/2012\/04\/28\/proyeccion-del-documental-que-el-verdadero-terrorista-se-ponga-de-pie\/#breadcrumb","itemListElement":[{"@type":"ListItem","position":1,"name":"Portada","item":"https:\/\/www.fraczinet.cl\/sitio\/"},{"@type":"ListItem","position":2,"name":"Proyecci\u00f3n Del Documental: \u00abQue El Verdadero Terrorista Se Ponga De Pie\u00bb"}]},{"@type":"WebSite","@id":"https:\/\/www.fraczinet.cl\/sitio\/#website","url":"https:\/\/www.fraczinet.cl\/sitio\/","name":"Nuestro Bio B\u00edo","description":"Tierra de Encuentros","publisher":{"@id":"https:\/\/www.fraczinet.cl\/sitio\/#\/schema\/person\/aec8ee4da68df2b9b0eefdad24a0d582"},"potentialAction":[{"@type":"SearchAction","target":{"@type":"EntryPoint","urlTemplate":"https:\/\/www.fraczinet.cl\/sitio\/?s={search_term_string}"},"query-input":{"@type":"PropertyValueSpecification","valueRequired":true,"valueName":"search_term_string"}}],"inLanguage":"es"},{"@type":["Person","Organization"],"@id":"https:\/\/www.fraczinet.cl\/sitio\/#\/schema\/person\/aec8ee4da68df2b9b0eefdad24a0d582","name":"Luis Fernando Fraczinet","image":{"@type":"ImageObject","inLanguage":"es","@id":"https:\/\/www.fraczinet.cl\/sitio\/#\/schema\/person\/image\/","url":"https:\/\/www.fraczinet.cl\/sitio\/wp-content\/uploads\/2021\/07\/bannerlogo-1.gif","contentUrl":"https:\/\/www.fraczinet.cl\/sitio\/wp-content\/uploads\/2021\/07\/bannerlogo-1.gif","width":159,"height":79,"caption":"Luis Fernando Fraczinet"},"logo":{"@id":"https:\/\/www.fraczinet.cl\/sitio\/#\/schema\/person\/image\/"},"sameAs":["https:\/\/www.fraczinet.cl\/sitio\/"]},{"@type":"Person","@id":"https:\/\/www.fraczinet.cl\/sitio\/#\/schema\/person\/bc30f98e9cb10ae7e119dbe14bc93784","name":"admin","image":{"@type":"ImageObject","inLanguage":"es","@id":"https:\/\/www.fraczinet.cl\/sitio\/#\/schema\/person\/image\/","url":"https:\/\/secure.gravatar.com\/avatar\/d5ad3cf7ef3b23a2bb5be73be780c86b2fc8545c3ad6b149f3913ff458c00099?s=96&d=mm&r=g","contentUrl":"https:\/\/secure.gravatar.com\/avatar\/d5ad3cf7ef3b23a2bb5be73be780c86b2fc8545c3ad6b149f3913ff458c00099?s=96&d=mm&r=g","caption":"admin"},"sameAs":["https:\/\/www.fraczinet.cl\/sitio"]}]}},"_links":{"self":[{"href":"https:\/\/www.fraczinet.cl\/sitio\/wp-json\/wp\/v2\/posts\/5761","targetHints":{"allow":["GET"]}}],"collection":[{"href":"https:\/\/www.fraczinet.cl\/sitio\/wp-json\/wp\/v2\/posts"}],"about":[{"href":"https:\/\/www.fraczinet.cl\/sitio\/wp-json\/wp\/v2\/types\/post"}],"author":[{"embeddable":true,"href":"https:\/\/www.fraczinet.cl\/sitio\/wp-json\/wp\/v2\/users\/1"}],"replies":[{"embeddable":true,"href":"https:\/\/www.fraczinet.cl\/sitio\/wp-json\/wp\/v2\/comments?post=5761"}],"version-history":[{"count":0,"href":"https:\/\/www.fraczinet.cl\/sitio\/wp-json\/wp\/v2\/posts\/5761\/revisions"}],"wp:attachment":[{"href":"https:\/\/www.fraczinet.cl\/sitio\/wp-json\/wp\/v2\/media?parent=5761"}],"wp:term":[{"taxonomy":"category","embeddable":true,"href":"https:\/\/www.fraczinet.cl\/sitio\/wp-json\/wp\/v2\/categories?post=5761"},{"taxonomy":"post_tag","embeddable":true,"href":"https:\/\/www.fraczinet.cl\/sitio\/wp-json\/wp\/v2\/tags?post=5761"}],"curies":[{"name":"wp","href":"https:\/\/api.w.org\/{rel}","templated":true}]}}