{"id":5762,"date":"2012-04-27T23:45:00","date_gmt":"2012-04-27T23:45:00","guid":{"rendered":"https:\/\/www.fraczinet.cl\/sitio\/2012\/04\/27\/cuales-son-los-fuertes-de-la-region-del-bio-bio-pendiente-editar\/"},"modified":"2021-09-05T23:26:35","modified_gmt":"2021-09-05T23:26:35","slug":"cuales-son-los-fuertes-de-la-region-del-bio-bio-pendiente-editar","status":"publish","type":"post","link":"https:\/\/www.fraczinet.cl\/sitio\/cuales-son-los-fuertes-de-la-region-del-bio-bio-pendiente-editar\/","title":{"rendered":"\u00bfCu\u00e1les Son Los Fuertes De La Regi\u00f3n Del Bio B\u00edo?"},"content":{"rendered":"<p><a href=\"http:\/\/3.bp.blogspot.com\/-GgzAUn4RCdE\/T5s_N9IWEVI\/AAAAAAAAVAo\/bzXfs9D-Gqc\/s1600\/fuertelnacmnt.jpg\"><img decoding=\"async\" id=\"BLOGGER_PHOTO_ID_5736248059366871378\" style=\"cursor: pointer; float: left; height: 93px; margin: 0px 10px 10px 0px; width: 143px;\" src=\"http:\/\/3.bp.blogspot.com\/-GgzAUn4RCdE\/T5s_N9IWEVI\/AAAAAAAAVAo\/bzXfs9D-Gqc\/s400\/fuertelnacmnt.jpg\" alt=\"\" border=\"0\" \/><\/a>La Regi\u00f3n del Bio B\u00edo tiene una riqueza hist\u00f3rica de la cual nadie est\u00e1 ajeno. Como habitantes de la regi\u00f3n tambi\u00e9n somos parte de esa historia y es nuestra responsabilidad asumir todos los procesos hist\u00f3ricos, muchos de ellos de car\u00e1cter b\u00e9lico, que dieron forma y sentido a nuestra realidad.<\/p>\n<p>Esta recopilaci\u00f3n realizada por la Familia Fraczinet S\u00e1ez se enfoca a ordenar de alguna manera las rese\u00f1as e historias que bordean a los Fuertes que existieron y que, por diferentes circunstancias, han sido destruidos u olvidados y aquellos pocos que van quedando en condiciones de ser \u00edconos de alguna localidad. Historias hay muchas y nuestro deber es mantenerlas siempre vivas en nuestra conciencia.<\/p>\n<p>Como siempre decimos, la mayor\u00eda del material publicado no es de nuestra autor\u00eda, nuestro trabajo es la comunicaci\u00f3n de nuestras riquezas <span style=\"font-weight: bold;\">Para Entendernos Como Regi\u00f3n<\/span>.<\/p>\n<p>No es menor esta tem\u00e1tica de los Fuertes ya que el nombre de nuestro sitio Nuestro Bio B\u00edo Tierra de Encuentros proviene precisamente de la importancia hist\u00f3rica que ha tenido nuestra tierra en la conformaci\u00f3n del pueblo chileno como naci\u00f3n. Fue esta tierra donde el pueblo Mapuche y el Espa\u00f1ol marcaron historia y dieron forma a lo que hoy conocemos como pueblo.<\/p>\n<p>Estos 25 art\u00edculos son solo una parte de la riqueza que podemos comunicar&#8230; no tenemos toda la informaci\u00f3n que deseamos y si nos puedes ayudar con algunas fotograf\u00edas o rese\u00f1as te lo agradeceremos de todo coraz\u00f3n.<br \/>\n<br style=\"font-weight: bold;\" \/><span style=\"font-weight: bold;\"><a href=\"http:\/\/www.facebook.com\/profile.php?id=661287087\">L<\/a>uis Fraczinet<\/span><br \/>\n<b>Poeta<\/b><\/p>\n<p><span style=\"font-weight: bold;\">Provincia de Arauco<\/span><\/p>\n<p>Arauco \u2013 Mirador Cerro Colo Colo y Antiguo Fuerte<\/p>\n<p>Ca\u00f1ete \u2013 Fuerte Tucapel<\/p>\n<p>Lebu \u2013 Ca\u00f1ones de la Plaza de Armas de Lebu<\/p>\n<p>Tir\u00faa \u2013 Fuerte Quidico<br \/>\n<br style=\"font-weight: bold;\" \/><span style=\"font-weight: bold;\">Provincia de Bio B\u00edo<\/span><\/p>\n<p>Antuco \u2013 Fuerte Ballenar<\/p>\n<p>Los \u00c1ngeles \u2013 Fuerte San Carlos de Pur\u00e9n Literalmente Botado En El Suelo<\/p>\n<p>Mulch\u00e9n \u2013 1859 La Fundaci\u00f3n de Mulch\u00e9n<\/p>\n<p>Nacimiento \u2013 El Cerro Catiray, Fortaleza Mapuche<\/p>\n<p>Nacimiento \u2013 Fuerte San Ger\u00f3nimo<\/p>\n<p>Nacimiento \u2013 Fuerte Santa Cruz<\/p>\n<p>Nacimiento \u2013 Fuerte de Monterrey<\/p>\n<p>Nacimiento \u2013 Fuertes y M\u00e1s Fuertes<\/p>\n<p>Nacimiento \u2013 Fuerte de Nacimiento<\/p>\n<p>Nacimiento \u2013 Fuerte de Millapoa<\/p>\n<p>Negrete \u2013 Negrete, Centinela Espa\u00f1ola<\/p>\n<p>San Rosendo \u2013 El Origen de la Comuna de San Rosendo<\/p>\n<p>Santa B\u00e1rbara \u2013 Naturaleza, Belleza, Historia, Cultura Pewenche y Campesina<\/p>\n<p>Santa B\u00e1rbara \u2013 250 a\u00f1os de la fundaci\u00f3n de Santa B\u00e1rbara<\/p>\n<p>Santa B\u00e1rbara \u2013 Fuerte de Santa B\u00e1rbara<\/p>\n<p>Yumbel \u2013 Cronolog\u00eda Hist\u00f3rica de Yumbel 1585-1693<\/p>\n<p><span style=\"font-weight: bold;\">Provincia de Concepci\u00f3n<\/span><\/p>\n<p>Lota \u2013 Fuerte de Colcura<\/p>\n<p>Lota \u2013 Fuerte de Lota<\/p>\n<p>Penco \u2013 Fuerte de la Planchada<\/p>\n<p>Santa Juana \u2013 Fuerte de Santa Juana de Guadalcazar<\/p>\n<p>Tom\u00e9 \u2013 Fuerte Punta Parra<\/p>\n","protected":false},"excerpt":{"rendered":"<p>La Regi\u00f3n del Bio B\u00edo tiene una riqueza hist\u00f3rica de la cual nadie est\u00e1 ajeno. Como habitantes de la regi\u00f3n tambi\u00e9n somos parte de esa historia y es nuestra responsabilidad asumir todos los procesos hist\u00f3ricos, muchos de ellos de car\u00e1cter b\u00e9lico, que dieron forma y sentido a nuestra realidad. Esta recopilaci\u00f3n realizada por la Familia [&hellip;]<\/p>\n","protected":false},"author":1,"featured_media":3184,"comment_status":"open","ping_status":"closed","sticky":false,"template":"","format":"standard","meta":{"footnotes":""},"categories":[4,116,29,146],"tags":[],"class_list":["post-5762","post","type-post","status-publish","format-standard","has-post-thumbnail","hentry","category-fuertes-espanoles","category-luis-fraczinet","category-patrimonio","category-region-del-bio-bio"],"yoast_head":"<!-- This site is optimized with the Yoast SEO plugin v28.2 - https:\/\/yoast.com\/product\/yoast-seo-wordpress\/ -->\n<title>\u00bfCu\u00e1les Son Los Fuertes De La Regi\u00f3n Del Bio B\u00edo? - Nuestro Bio B\u00edo<\/title>\n<meta name=\"robots\" content=\"index, follow, max-snippet:-1, max-image-preview:large, max-video-preview:-1\" \/>\n<link rel=\"canonical\" href=\"https:\/\/www.fraczinet.cl\/sitio\/cuales-son-los-fuertes-de-la-region-del-bio-bio-pendiente-editar\/\" \/>\n<meta property=\"og:locale\" content=\"es_ES\" \/>\n<meta property=\"og:type\" content=\"article\" \/>\n<meta property=\"og:title\" content=\"\u00bfCu\u00e1les Son Los Fuertes De La Regi\u00f3n Del Bio B\u00edo? - Nuestro Bio B\u00edo\" \/>\n<meta property=\"og:description\" content=\"La Regi\u00f3n del Bio B\u00edo tiene una riqueza hist\u00f3rica de la cual nadie est\u00e1 ajeno. Como habitantes de la regi\u00f3n tambi\u00e9n somos parte de esa historia y es nuestra responsabilidad asumir todos los procesos hist\u00f3ricos, muchos de ellos de car\u00e1cter b\u00e9lico, que dieron forma y sentido a nuestra realidad. Esta recopilaci\u00f3n realizada por la Familia [&hellip;]\" \/>\n<meta property=\"og:url\" content=\"https:\/\/www.fraczinet.cl\/sitio\/cuales-son-los-fuertes-de-la-region-del-bio-bio-pendiente-editar\/\" \/>\n<meta property=\"og:site_name\" content=\"Nuestro Bio B\u00edo\" \/>\n<meta property=\"article:publisher\" content=\"https:\/\/www.facebook.com\/groups\/15721414452\/\" \/>\n<meta property=\"article:published_time\" content=\"2012-04-27T23:45:00+00:00\" \/>\n<meta property=\"article:modified_time\" content=\"2021-09-05T23:26:35+00:00\" \/>\n<meta property=\"og:image\" content=\"https:\/\/www.fraczinet.cl\/sitio\/wp-content\/uploads\/2009\/02\/muro_de_fuerte1.jpg\" \/>\n\t<meta property=\"og:image:width\" content=\"143\" \/>\n\t<meta property=\"og:image:height\" content=\"89\" \/>\n\t<meta property=\"og:image:type\" content=\"image\/jpeg\" \/>\n<meta name=\"twitter:card\" content=\"summary_large_image\" \/>\n<meta name=\"twitter:creator\" content=\"@nuestrobiobio\" \/>\n<meta name=\"twitter:site\" content=\"@nuestrobiobio\" \/>\n<meta name=\"twitter:label1\" content=\"Escrito por\" \/>\n\t<meta name=\"twitter:data1\" content=\"\" \/>\n\t<meta name=\"twitter:label2\" content=\"Tiempo de lectura\" \/>\n\t<meta name=\"twitter:data2\" content=\"2 minutos\" \/>\n<script type=\"application\/ld+json\" class=\"yoast-schema-graph\">{\"@context\":\"https:\\\/\\\/schema.org\",\"@graph\":[{\"@type\":\"Article\",\"@id\":\"https:\\\/\\\/www.fraczinet.cl\\\/sitio\\\/cuales-son-los-fuertes-de-la-region-del-bio-bio-pendiente-editar\\\/#article\",\"isPartOf\":{\"@id\":\"https:\\\/\\\/www.fraczinet.cl\\\/sitio\\\/cuales-son-los-fuertes-de-la-region-del-bio-bio-pendiente-editar\\\/\"},\"author\":{\"name\":\"\",\"@id\":\"\"},\"headline\":\"\u00bfCu\u00e1les Son Los Fuertes De La Regi\u00f3n Del Bio B\u00edo?\",\"datePublished\":\"2012-04-27T23:45:00+00:00\",\"dateModified\":\"2021-09-05T23:26:35+00:00\",\"mainEntityOfPage\":{\"@id\":\"https:\\\/\\\/www.fraczinet.cl\\\/sitio\\\/cuales-son-los-fuertes-de-la-region-del-bio-bio-pendiente-editar\\\/\"},\"wordCount\":450,\"commentCount\":0,\"image\":{\"@id\":\"https:\\\/\\\/www.fraczinet.cl\\\/sitio\\\/cuales-son-los-fuertes-de-la-region-del-bio-bio-pendiente-editar\\\/#primaryimage\"},\"thumbnailUrl\":\"https:\\\/\\\/www.fraczinet.cl\\\/sitio\\\/wp-content\\\/uploads\\\/2009\\\/02\\\/muro_de_fuerte1.jpg\",\"articleSection\":[\"Fuertes Espa\u00f1oles\",\"Luis Fraczinet\",\"Patrimonio\",\"Regi\u00f3n del Bio B\u00edo\"],\"inLanguage\":\"es\",\"potentialAction\":[{\"@type\":\"CommentAction\",\"name\":\"Comment\",\"target\":[\"https:\\\/\\\/www.fraczinet.cl\\\/sitio\\\/cuales-son-los-fuertes-de-la-region-del-bio-bio-pendiente-editar\\\/#respond\"]}]},{\"@type\":\"WebPage\",\"@id\":\"https:\\\/\\\/www.fraczinet.cl\\\/sitio\\\/cuales-son-los-fuertes-de-la-region-del-bio-bio-pendiente-editar\\\/\",\"url\":\"https:\\\/\\\/www.fraczinet.cl\\\/sitio\\\/cuales-son-los-fuertes-de-la-region-del-bio-bio-pendiente-editar\\\/\",\"name\":\"\u00bfCu\u00e1les Son Los Fuertes De La Regi\u00f3n Del Bio B\u00edo? - Nuestro Bio B\u00edo\",\"isPartOf\":{\"@id\":\"https:\\\/\\\/www.fraczinet.cl\\\/sitio\\\/#website\"},\"primaryImageOfPage\":{\"@id\":\"https:\\\/\\\/www.fraczinet.cl\\\/sitio\\\/cuales-son-los-fuertes-de-la-region-del-bio-bio-pendiente-editar\\\/#primaryimage\"},\"image\":{\"@id\":\"https:\\\/\\\/www.fraczinet.cl\\\/sitio\\\/cuales-son-los-fuertes-de-la-region-del-bio-bio-pendiente-editar\\\/#primaryimage\"},\"thumbnailUrl\":\"https:\\\/\\\/www.fraczinet.cl\\\/sitio\\\/wp-content\\\/uploads\\\/2009\\\/02\\\/muro_de_fuerte1.jpg\",\"datePublished\":\"2012-04-27T23:45:00+00:00\",\"dateModified\":\"2021-09-05T23:26:35+00:00\",\"author\":{\"@id\":\"\"},\"breadcrumb\":{\"@id\":\"https:\\\/\\\/www.fraczinet.cl\\\/sitio\\\/cuales-son-los-fuertes-de-la-region-del-bio-bio-pendiente-editar\\\/#breadcrumb\"},\"inLanguage\":\"es\",\"potentialAction\":[{\"@type\":\"ReadAction\",\"target\":[\"https:\\\/\\\/www.fraczinet.cl\\\/sitio\\\/cuales-son-los-fuertes-de-la-region-del-bio-bio-pendiente-editar\\\/\"]}]},{\"@type\":\"ImageObject\",\"inLanguage\":\"es\",\"@id\":\"https:\\\/\\\/www.fraczinet.cl\\\/sitio\\\/cuales-son-los-fuertes-de-la-region-del-bio-bio-pendiente-editar\\\/#primaryimage\",\"url\":\"https:\\\/\\\/www.fraczinet.cl\\\/sitio\\\/wp-content\\\/uploads\\\/2009\\\/02\\\/muro_de_fuerte1.jpg\",\"contentUrl\":\"https:\\\/\\\/www.fraczinet.cl\\\/sitio\\\/wp-content\\\/uploads\\\/2009\\\/02\\\/muro_de_fuerte1.jpg\",\"width\":143,\"height\":89},{\"@type\":\"BreadcrumbList\",\"@id\":\"https:\\\/\\\/www.fraczinet.cl\\\/sitio\\\/cuales-son-los-fuertes-de-la-region-del-bio-bio-pendiente-editar\\\/#breadcrumb\",\"itemListElement\":[{\"@type\":\"ListItem\",\"position\":1,\"name\":\"Portada\",\"item\":\"https:\\\/\\\/www.fraczinet.cl\\\/sitio\\\/\"},{\"@type\":\"ListItem\",\"position\":2,\"name\":\"\u00bfCu\u00e1les Son Los Fuertes De La Regi\u00f3n Del Bio B\u00edo?\"}]},{\"@type\":\"WebSite\",\"@id\":\"https:\\\/\\\/www.fraczinet.cl\\\/sitio\\\/#website\",\"url\":\"https:\\\/\\\/www.fraczinet.cl\\\/sitio\\\/\",\"name\":\"Nuestro Bio B\u00edo\",\"description\":\"Tierra de Encuentros\",\"potentialAction\":[{\"@type\":\"SearchAction\",\"target\":{\"@type\":\"EntryPoint\",\"urlTemplate\":\"https:\\\/\\\/www.fraczinet.cl\\\/sitio\\\/?s={search_term_string}\"},\"query-input\":{\"@type\":\"PropertyValueSpecification\",\"valueRequired\":true,\"valueName\":\"search_term_string\"}}],\"inLanguage\":\"es\"},{\"@type\":\"Person\",\"@id\":\"\"}]}<\/script>\n<!-- \/ Yoast SEO plugin. -->","yoast_head_json":{"title":"\u00bfCu\u00e1les Son Los Fuertes De La Regi\u00f3n Del Bio B\u00edo? - Nuestro Bio B\u00edo","robots":{"index":"index","follow":"follow","max-snippet":"max-snippet:-1","max-image-preview":"max-image-preview:large","max-video-preview":"max-video-preview:-1"},"canonical":"https:\/\/www.fraczinet.cl\/sitio\/cuales-son-los-fuertes-de-la-region-del-bio-bio-pendiente-editar\/","og_locale":"es_ES","og_type":"article","og_title":"\u00bfCu\u00e1les Son Los Fuertes De La Regi\u00f3n Del Bio B\u00edo? - Nuestro Bio B\u00edo","og_description":"La Regi\u00f3n del Bio B\u00edo tiene una riqueza hist\u00f3rica de la cual nadie est\u00e1 ajeno. Como habitantes de la regi\u00f3n tambi\u00e9n somos parte de esa historia y es nuestra responsabilidad asumir todos los procesos hist\u00f3ricos, muchos de ellos de car\u00e1cter b\u00e9lico, que dieron forma y sentido a nuestra realidad. Esta recopilaci\u00f3n realizada por la Familia [&hellip;]","og_url":"https:\/\/www.fraczinet.cl\/sitio\/cuales-son-los-fuertes-de-la-region-del-bio-bio-pendiente-editar\/","og_site_name":"Nuestro Bio B\u00edo","article_publisher":"https:\/\/www.facebook.com\/groups\/15721414452\/","article_published_time":"2012-04-27T23:45:00+00:00","article_modified_time":"2021-09-05T23:26:35+00:00","og_image":[{"width":143,"height":89,"url":"https:\/\/www.fraczinet.cl\/sitio\/wp-content\/uploads\/2009\/02\/muro_de_fuerte1.jpg","type":"image\/jpeg"}],"twitter_card":"summary_large_image","twitter_creator":"@nuestrobiobio","twitter_site":"@nuestrobiobio","twitter_misc":{"Escrito por":"","Tiempo de lectura":"2 minutos"},"schema":{"@context":"https:\/\/schema.org","@graph":[{"@type":"Article","@id":"https:\/\/www.fraczinet.cl\/sitio\/cuales-son-los-fuertes-de-la-region-del-bio-bio-pendiente-editar\/#article","isPartOf":{"@id":"https:\/\/www.fraczinet.cl\/sitio\/cuales-son-los-fuertes-de-la-region-del-bio-bio-pendiente-editar\/"},"author":{"name":"","@id":""},"headline":"\u00bfCu\u00e1les Son Los Fuertes De La Regi\u00f3n Del Bio B\u00edo?","datePublished":"2012-04-27T23:45:00+00:00","dateModified":"2021-09-05T23:26:35+00:00","mainEntityOfPage":{"@id":"https:\/\/www.fraczinet.cl\/sitio\/cuales-son-los-fuertes-de-la-region-del-bio-bio-pendiente-editar\/"},"wordCount":450,"commentCount":0,"image":{"@id":"https:\/\/www.fraczinet.cl\/sitio\/cuales-son-los-fuertes-de-la-region-del-bio-bio-pendiente-editar\/#primaryimage"},"thumbnailUrl":"https:\/\/www.fraczinet.cl\/sitio\/wp-content\/uploads\/2009\/02\/muro_de_fuerte1.jpg","articleSection":["Fuertes Espa\u00f1oles","Luis Fraczinet","Patrimonio","Regi\u00f3n del Bio B\u00edo"],"inLanguage":"es","potentialAction":[{"@type":"CommentAction","name":"Comment","target":["https:\/\/www.fraczinet.cl\/sitio\/cuales-son-los-fuertes-de-la-region-del-bio-bio-pendiente-editar\/#respond"]}]},{"@type":"WebPage","@id":"https:\/\/www.fraczinet.cl\/sitio\/cuales-son-los-fuertes-de-la-region-del-bio-bio-pendiente-editar\/","url":"https:\/\/www.fraczinet.cl\/sitio\/cuales-son-los-fuertes-de-la-region-del-bio-bio-pendiente-editar\/","name":"\u00bfCu\u00e1les Son Los Fuertes De La Regi\u00f3n Del Bio B\u00edo? - Nuestro Bio B\u00edo","isPartOf":{"@id":"https:\/\/www.fraczinet.cl\/sitio\/#website"},"primaryImageOfPage":{"@id":"https:\/\/www.fraczinet.cl\/sitio\/cuales-son-los-fuertes-de-la-region-del-bio-bio-pendiente-editar\/#primaryimage"},"image":{"@id":"https:\/\/www.fraczinet.cl\/sitio\/cuales-son-los-fuertes-de-la-region-del-bio-bio-pendiente-editar\/#primaryimage"},"thumbnailUrl":"https:\/\/www.fraczinet.cl\/sitio\/wp-content\/uploads\/2009\/02\/muro_de_fuerte1.jpg","datePublished":"2012-04-27T23:45:00+00:00","dateModified":"2021-09-05T23:26:35+00:00","author":{"@id":""},"breadcrumb":{"@id":"https:\/\/www.fraczinet.cl\/sitio\/cuales-son-los-fuertes-de-la-region-del-bio-bio-pendiente-editar\/#breadcrumb"},"inLanguage":"es","potentialAction":[{"@type":"ReadAction","target":["https:\/\/www.fraczinet.cl\/sitio\/cuales-son-los-fuertes-de-la-region-del-bio-bio-pendiente-editar\/"]}]},{"@type":"ImageObject","inLanguage":"es","@id":"https:\/\/www.fraczinet.cl\/sitio\/cuales-son-los-fuertes-de-la-region-del-bio-bio-pendiente-editar\/#primaryimage","url":"https:\/\/www.fraczinet.cl\/sitio\/wp-content\/uploads\/2009\/02\/muro_de_fuerte1.jpg","contentUrl":"https:\/\/www.fraczinet.cl\/sitio\/wp-content\/uploads\/2009\/02\/muro_de_fuerte1.jpg","width":143,"height":89},{"@type":"BreadcrumbList","@id":"https:\/\/www.fraczinet.cl\/sitio\/cuales-son-los-fuertes-de-la-region-del-bio-bio-pendiente-editar\/#breadcrumb","itemListElement":[{"@type":"ListItem","position":1,"name":"Portada","item":"https:\/\/www.fraczinet.cl\/sitio\/"},{"@type":"ListItem","position":2,"name":"\u00bfCu\u00e1les Son Los Fuertes De La Regi\u00f3n Del Bio B\u00edo?"}]},{"@type":"WebSite","@id":"https:\/\/www.fraczinet.cl\/sitio\/#website","url":"https:\/\/www.fraczinet.cl\/sitio\/","name":"Nuestro Bio B\u00edo","description":"Tierra de Encuentros","potentialAction":[{"@type":"SearchAction","target":{"@type":"EntryPoint","urlTemplate":"https:\/\/www.fraczinet.cl\/sitio\/?s={search_term_string}"},"query-input":{"@type":"PropertyValueSpecification","valueRequired":true,"valueName":"search_term_string"}}],"inLanguage":"es"},{"@type":"Person","@id":""}]}},"_links":{"self":[{"href":"https:\/\/www.fraczinet.cl\/sitio\/wp-json\/wp\/v2\/posts\/5762","targetHints":{"allow":["GET"]}}],"collection":[{"href":"https:\/\/www.fraczinet.cl\/sitio\/wp-json\/wp\/v2\/posts"}],"about":[{"href":"https:\/\/www.fraczinet.cl\/sitio\/wp-json\/wp\/v2\/types\/post"}],"author":[{"embeddable":true,"href":"https:\/\/www.fraczinet.cl\/sitio\/wp-json\/wp\/v2\/users\/1"}],"replies":[{"embeddable":true,"href":"https:\/\/www.fraczinet.cl\/sitio\/wp-json\/wp\/v2\/comments?post=5762"}],"version-history":[{"count":1,"href":"https:\/\/www.fraczinet.cl\/sitio\/wp-json\/wp\/v2\/posts\/5762\/revisions"}],"predecessor-version":[{"id":6429,"href":"https:\/\/www.fraczinet.cl\/sitio\/wp-json\/wp\/v2\/posts\/5762\/revisions\/6429"}],"wp:featuredmedia":[{"embeddable":true,"href":"https:\/\/www.fraczinet.cl\/sitio\/wp-json\/wp\/v2\/media\/3184"}],"wp:attachment":[{"href":"https:\/\/www.fraczinet.cl\/sitio\/wp-json\/wp\/v2\/media?parent=5762"}],"wp:term":[{"taxonomy":"category","embeddable":true,"href":"https:\/\/www.fraczinet.cl\/sitio\/wp-json\/wp\/v2\/categories?post=5762"},{"taxonomy":"post_tag","embeddable":true,"href":"https:\/\/www.fraczinet.cl\/sitio\/wp-json\/wp\/v2\/tags?post=5762"}],"curies":[{"name":"wp","href":"https:\/\/api.w.org\/{rel}","templated":true}]}}