{"id":5765,"date":"2012-04-27T16:11:00","date_gmt":"2012-04-27T16:11:00","guid":{"rendered":"https:\/\/www.fraczinet.cl\/sitio\/2012\/04\/27\/ponencias-primer-congreso-nacional-de-gestion-cultural-chileno\/"},"modified":"2012-04-27T16:11:00","modified_gmt":"2012-04-27T16:11:00","slug":"ponencias-primer-congreso-nacional-de-gestion-cultural-chileno","status":"publish","type":"post","link":"https:\/\/www.fraczinet.cl\/sitio\/2012\/04\/27\/ponencias-primer-congreso-nacional-de-gestion-cultural-chileno\/","title":{"rendered":"Ponencias Primer Congreso Nacional De Gesti\u00f3n Cultural Chileno"},"content":{"rendered":"<p>Estimados amigos. Ponemos a disposici\u00f3n de los participantes y p\u00fablico en general, las ponencias presentadas al Primer Congreso Nacional de Gesti\u00f3n Cultural. \u201cEscenarios, tensiones y desaf\u00edos de la Gesti\u00f3n Cultural en Chile\u201d realizado en la Universidad de Los Lagos, los d\u00edas 3, 4 y 5 de noviembre de 2011, en la ciudad de Santiago.<\/p>\n<p>El conjunto de ponencias, constituye un rico material para comprender los diversos procesos y experiencias que tienen lugar en el campo de la Gesti\u00f3n Cultural chilena y Latinoam\u00e9rica, en \u00e1mbitos como el patrimonio, el financiamiento de la cultura, formaci\u00f3n en Gesti\u00f3n Cultural, nuevas tecnolog\u00edas, pol\u00edticas culturales, desarrollo, entre otros temas, adem\u00e1s de experiencias concretas de intervenci\u00f3n art\u00edstica y cultural.<\/p>\n<p>Confiamos en que este material ser\u00e1 de valiosa utilidad para el conjunto de agentes culturales, interesados en estas materias, en especial a estudiantes e investigadores.<\/p>\n<p><span style=\"font-weight: bold;\">Escuela de Gestores y Animadores Culturales.<\/span><\/p>\n<h3><strong>\u00b7 <\/strong><strong>DESCARGAR PONENCIAS POR ORDEN ALFABETICO<\/strong><\/h3>\n<div style=\"text-align: justify;\">:: <span style=\"color: blue;\"><a href=\"http:\/\/congresogcchile.files.wordpress.com\/2012\/04\/anc3a1lisis-del-uso-del-patrimonio-cultural-edificado-en-cascos-urbanos-en-cuatro-municipios-histc3b3ricos-de-brasil.pdf\"><span style=\"color: blue;\">An\u00e1lisis del uso del patrimonio cultural edificado en Cascos Urbanos en cuatro municipios hist\u00f3ricos de Brasil<\/span><\/a> <\/span><span style=\"color: grey; font-weight: bold;\">Marcelo Ribeiro, Claudia Buzatti Souto, Priscylla Ferreira da Silva y Wellington Ribeiro Jr.<\/span><\/div>\n<div style=\"text-align: justify;\">::<span style=\"color: blue;\"> <\/span><span style=\"color: blue;\"><a href=\"http:\/\/congresogcchile.files.wordpress.com\/2012\/04\/balmaceda-arte-joven-evaluacic3b3n-de-impacto-y-desafc3ados1.pdf\"><span style=\"color: blue;\">Balmaceda Arte Joven. Evaluaci\u00f3n de impacto y desaf\u00edos<\/span><\/a>. <\/span><span style=\"color: grey; font-weight: bold;\">Mal\u00e9n Cayupi, Pamela Salazar, Samuel Yupanqui.<\/span><\/div>\n<div style=\"text-align: justify;\">:: <span style=\"color: blue;\"><a href=\"http:\/\/congresogcchile.files.wordpress.com\/2012\/04\/cultura-policial-en-comunidad1.pdf\"><span style=\"color: blue;\">Cultura policial en comunidad<\/span><\/a>.<\/span> <span style=\"color: blue; font-weight: bold;\"><span style=\"color: blue;\"><span style=\"color: #888888;\">Paula Ilabaca N\u00fa\u00f1ez.<\/span><\/span><\/span><\/div>\n<div style=\"text-align: justify;\">:: <span style=\"color: blue;\"><a href=\"http:\/\/congresogcchile.files.wordpress.com\/2012\/04\/chile-quiere-mc3a1s-cultura-la-cultura-en-el-chile-de-transicic3b3n1.pdf\"><span style=\"color: blue;\">Chile quiere m\u00e1s cultura. La cultura en el Chile de transici\u00f3n<\/span><\/a>.<\/span><span style=\"color: blue;\"><span style=\"color: blue;\"> <span style=\"color: grey; font-weight: bold;\">Daniela Tamara Acosta Bela\u00fande. <\/span><\/span><\/span><\/div>\n<div style=\"text-align: justify;\">:: <a href=\"http:\/\/congresogcchile.files.wordpress.com\/2012\/04\/cultura-mapocho-y-los-recorridos-patrimoniales.pdf\">Cultura Mapocho y los Recorridos Patrimoniales<\/a>. <span style=\"color: grey; font-weight: bold;\">Annette Garc\u00eda, M\u00f3nica Luengo.<\/span><\/div>\n<div style=\"text-align: justify;\">::<span style=\"color: blue;\"> <\/span><span style=\"color: blue;\"><a href=\"http:\/\/congresogcchile.files.wordpress.com\/2012\/04\/desarrollo-santo-grial-de-la-gestic3b3n-cultural2.pdf\"><span style=\"color: blue;\">Desarrollo Santo Grial de la Gesti\u00f3n Cultural<\/span><\/a>.<\/span> <span style=\"color: #888888; font-weight: bold;\">Ahtziri E Molina, Marcela Pa\u00eds Andrade, Rodrigo Araya Campos.<\/span><\/div>\n<div style=\"text-align: justify;\">:: <span style=\"color: blue;\"><a href=\"http:\/\/congresogcchile.files.wordpress.com\/2012\/04\/ecologc3ada-problemas-y-soluciones-culturales.pdf\"><span style=\"color: blue;\">Ecolog\u00eda. Problemas y Soluciones Culturales<\/span><\/a>.<\/span><span style=\"color: blue;\"><span style=\"color: blue;\"> <\/span><\/span><span style=\"color: #888888; font-weight: bold;\">Mar\u00eda Rodr\u00edguez Mendiga\u00f1a, David Mesa Polo, Juan Pablo Garc\u00eda.<\/span><\/div>\n<div style=\"text-align: justify;\">:: <span style=\"color: blue;\"><a href=\"http:\/\/congresogcchile.files.wordpress.com\/2012\/04\/el-cafc3a9-cultural-en-las-escuelas-pc3bablicas.pdf\"><span style=\"color: blue;\">El caf\u00e9 cultural en las escuelas p\u00fablicas<\/span><\/a>.<\/span><span style=\"color: blue;\"><span style=\"color: blue;\"> <\/span><\/span><span style=\"color: #888888; font-weight: bold;\">Walter Heredia.<\/span><\/div>\n<div style=\"text-align: justify;\">:: <span style=\"color: blue;\"><a href=\"http:\/\/congresogcchile.files.wordpress.com\/2012\/04\/el-gestor-cultural-como-protagonista-de-las-industrias-creativas.pdf\"><span style=\"color: blue;\">El gestor cultural como protagonista de las Industrias Creativas<\/span><\/a>.<\/span><span style=\"color: blue;\"><span style=\"color: blue;\"> <\/span><\/span><span style=\"color: #888888; font-weight: bold;\">Guillermo Olivares Concha.<\/span><\/div>\n<div style=\"text-align: justify;\">:: <span style=\"color: blue;\"><a href=\"http:\/\/congresogcchile.files.wordpress.com\/2012\/04\/el-imperativo-de-la-comunicacic3b3n-escenarios-tensiones-y-desafc3ados-del-momento-actual-en-la-gestic3b3n-cultural-chilena1.pdf\"><span style=\"color: blue;\">El imperativo de la comunicaci\u00f3n. Escenarios, tensiones y desaf\u00edos del momento actual en la gesti\u00f3n cultural chilena<\/span><\/a>. <\/span><span style=\"color: #888888; font-weight: bold;\">Cristian Antoine, Mar\u00eda Jos\u00e9 Vilches.<\/span><\/div>\n<div style=\"text-align: justify;\">:: <span style=\"color: blue;\"><a href=\"http:\/\/congresogcchile.files.wordpress.com\/2012\/04\/el-porvenir-de-la-gestic3b3n-cultural-en-venezuela.pdf\"><span style=\"color: blue;\">El porvenir de la Gesti\u00f3n Cultural en Venezuela<\/span><\/a><\/span><span style=\"color: blue;\">. <\/span><span style=\"color: #888888; font-weight: bold;\">Jos\u00e9 Lu\u00eds Figueroa S\u00e1nchez.<\/span><\/div>\n<div style=\"text-align: justify;\">:: <span style=\"color: blue;\"><a href=\"http:\/\/congresogcchile.files.wordpress.com\/2012\/04\/fomentando-la-cultura-en-la-carretera-austral1.pdf\"><span style=\"color: blue;\">Fomentando la cultura en la Carretera Austral<\/span><\/a>.<\/span><span style=\"color: blue;\"><span style=\"color: blue;\"> <\/span><\/span><span style=\"color: #888888; font-weight: bold;\">Flavia Labb\u00e9 Salza, Marian Zink Papic.<\/span><\/div>\n<div style=\"text-align: justify;\">:: <span style=\"color: blue;\"><a href=\"http:\/\/congresogcchile.files.wordpress.com\/2012\/04\/galp-arte-contemporc3a1neo-y-espacio-pc3bablico.pdf\"><span style=\"color: blue;\">Galp!, Arte Contempor\u00e1neo y espacio p\u00fablico<\/span><\/a><\/span>.<span style=\"color: blue;\"><span style=\"color: blue;\"> <\/span><\/span><span style=\"color: #888888; font-weight: bold;\">Mar\u00eda Jos\u00e9 Le\u00f3n.<\/span><\/div>\n<div style=\"text-align: justify;\">:: <span style=\"color: blue;\"><a href=\"http:\/\/congresogcchile.files.wordpress.com\/2012\/04\/generacic3b3n-de-nuevas-audiencias-culturales.pdf\"><span style=\"color: blue;\">Generaci\u00f3n de nuevas audiencias culturales<\/span><\/a><\/span>.<span style=\"color: blue;\"><span style=\"color: blue;\"> <\/span><\/span><span style=\"color: #888888; font-weight: bold;\">Paola Passig.<\/span><\/div>\n<div style=\"text-align: justify;\">:: <span style=\"color: blue;\"><a href=\"http:\/\/congresogcchile.files.wordpress.com\/2012\/04\/gestic3b3n-cultural-pertinente-versic3b3n-2-01.pdf\"><span style=\"color: blue;\">Gesti\u00f3n Cultural Pertinente Versi\u00f3n 2.0<\/span><\/a>.<\/span> <span style=\"color: #888888; font-weight: bold;\">Gabriel Matthey Correa.<\/span><\/div>\n<div style=\"text-align: justify;\">:: <span style=\"color: blue;\"><a href=\"http:\/\/congresogcchile.files.wordpress.com\/2012\/04\/gestic3b3n-del-patrimonio-arqueolc3b3gico-musealizacic3b3n-de-un-sitio-arqueolc3b3gico-integrado-en-el-parque-naturalia-quilpuc3a91.pdf\"><span style=\"color: blue;\">Gesti\u00f3n del Patrimonio arqueol\u00f3gico. Musealizaci\u00f3n de un sitio arqueol\u00f3gico integrado en el Parque Naturalia, Quilpu\u00e9<\/span><\/a>.<\/span> <span style=\"color: #888888; font-weight: bold;\">Gabriela Carmona S., Tania Basterrica.<\/span><\/div>\n<div style=\"text-align: justify;\">:: <span style=\"color: blue;\"><a href=\"http:\/\/congresogcchile.files.wordpress.com\/2012\/04\/la-conservacic3b3n-patrimonial-el-caso-del-movimiento-pentecostal-chileno.pdf\"><span style=\"color: blue;\">La Conservaci\u00f3n Patrimonial. El caso del Movimiento Pentecostal Chileno<\/span><\/a><\/span><span style=\"color: blue;\">. <\/span><span style=\"color: #888888; font-weight: bold;\">Marcela Ponce Sep\u00falveda,Patricio Romero Pereira.<\/span><\/div>\n<div style=\"text-align: justify;\">:: <span style=\"color: blue;\"><a href=\"http:\/\/congresogcchile.files.wordpress.com\/2012\/04\/la-experiencia-de-la-formacic3b3n-en-gestic3b3n-cultural-desde-la-perspectiva-de-la-historia-y-las-ciencias-sociales.pdf\"><span style=\"color: blue;\">La experiencia de la formaci\u00f3n en Gesti\u00f3n Cultural desde la perspectiva de la historia y las ciencias sociales<\/span><\/a>.<\/span><span style=\"color: blue;\"><span style=\"color: blue;\"> <\/span><\/span><span style=\"color: #888888; font-weight: bold;\">Rafael Chavarr\u00eda. <\/span><\/div>\n<div style=\"text-align: justify;\">:: <span style=\"color: blue;\"><a href=\"http:\/\/congresogcchile.files.wordpress.com\/2012\/04\/los-bailes-chinos-del-norte-chico-herederos-de-los-pueblos-originarios.pdf\"><span style=\"color: blue;\">Los Bailes Chinos del Norte Chico, herederos de los Pueblos Originarios<\/span><\/a>.<\/span> <span style=\"color: #888888; font-weight: bold;\">Carolina Herrera Rojas<\/span><\/div>\n<div style=\"text-align: justify;\">:: <span style=\"color: blue;\"><a href=\"http:\/\/congresogcchile.files.wordpress.com\/2012\/04\/los-bigotes-de-la-mona-lisa2.pdf\"><span style=\"color: blue;\">Los bigotes de la Mona Lisa<\/span><\/a>.<\/span> <span style=\"color: #888888; font-weight: bold;\">\u00c1lvaro Cuadra.<\/span><\/div>\n<div style=\"text-align: justify;\">:: <span style=\"color: blue;\"><a href=\"http:\/\/congresogcchile.files.wordpress.com\/2012\/04\/memoria-documentos-y-monumentos-el-museo-y-su-desplazamiento-a-lo-virtual1.pdf\"><span style=\"color: blue;\">Memoria, documentos y monumentos. El museo y su desplazamiento a lo virtual<\/span><\/a>. <\/span><span style=\"color: #888888; font-weight: bold;\">Javiera Carmona Jim\u00e9nez.<\/span><\/div>\n<div style=\"text-align: justify;\">:: <span style=\"color: blue;\"><a href=\"http:\/\/congresogcchile.files.wordpress.com\/2012\/04\/nuevas-expresiones-para-la-asociatividad-cultural-el-espacio-virtual-como-espacio-pc3bablico-comunidades-y-territorios-imaginarios.pdf\"><span style=\"color: blue;\">Nuevas  expresiones para la asociatividad cultural. El espacio virtual como  espacio p\u00fablico, comunidades y territorios imaginarios<\/span><\/a>. <\/span><span style=\"color: grey; font-weight: bold;\">Magglio Chiuminatto Orrego, Oscar V\u00e1squez Bronfman.<\/span><\/div>\n<div style=\"text-align: justify;\">:: <span style=\"color: blue;\"><a href=\"http:\/\/congresogcchile.files.wordpress.com\/2012\/04\/polc3adticas-culturales-en-la-gestic3b3n-de-la-ciudad.pdf\"><span style=\"color: blue;\">Pol\u00edticas culturales en la gesti\u00f3n de la ciudad<\/span><\/a><\/span><span style=\"color: blue;\">. <\/span><span style=\"color: #888888; font-weight: bold;\">Luc\u00eda Maciel Barbosa de Oliveira.<\/span><\/div>\n<div style=\"text-align: justify;\">:: <span style=\"color: blue;\"><a href=\"http:\/\/congresogcchile.files.wordpress.com\/2012\/04\/polc3adticas-para-la-formacic3b3n-en-gestic3b3n-cultural.pdf\"><span style=\"color: blue;\">Pol\u00edticas para la formaci\u00f3n en Gesti\u00f3n Cultural<\/span><\/a>.<\/span><span style=\"color: blue;\"> <\/span><span style=\"color: #888888; font-weight: bold;\">Soledad Vidal.<\/span><\/div>\n<div style=\"text-align: justify;\">:: <span style=\"color: blue;\"><a href=\"http:\/\/congresogcchile.files.wordpress.com\/2012\/04\/propuesta-de-cooperacic3b3n-local-basada-en-la-memoria-y-la-participacic3b3n.pdf\"><span style=\"color: blue;\">Propuesta de Cooperaci\u00f3n local basada en la Memoria y la Participaci\u00f3n<\/span><\/a>.<\/span><span style=\"color: blue;\"><span style=\"color: blue;\"> <\/span><\/span><span style=\"color: #888888; font-weight: bold;\">Elena Stephens C.<\/span><\/div>\n<div style=\"text-align: justify;\">::<span style=\"color: blue;\"> <\/span><span style=\"color: blue;\"><span style=\"color: blue;\"><a href=\"http:\/\/congresogcchile.files.wordpress.com\/2012\/04\/quc3a9-vas-a-hacer-tc3ba-gestic3b3n-colaborativa-dialogante-con-la-comunidad-en-contra-la-violencia-de-gc3a9nero.pdf\"><span style=\"color: blue;\">Qu\u00e9 vas a hacer t\u00fa. Gesti\u00f3n colaborativa dialogante con la comunidad, en contra la violencia de g\u00e9nero<\/span><\/a>. <\/span><\/span><span style=\"color: grey; font-weight: bold;\">Pen\u00e9lope Glass Indyk, Paulina Ledesma Araya.<\/span><\/div>\n<div style=\"text-align: justify;\">:: <span style=\"color: blue;\"><a href=\"http:\/\/congresogcchile.files.wordpress.com\/2012\/04\/revistas-culturales-en-la-era-digital-c2bfhacia-dc3b3nde-van-y-cc3b3mo-se-financian-el-c3a1rbol-la-pollera-arte-y-crc3adtica-mich-60-watts.pdf\"><span style=\"color: blue;\">Revistas culturales en la era digital \u00bfhacia d\u00f3nde van y c\u00f3mo se financian El \u00e1rbol, La Pollera, Arte y cr\u00edtica, MICH, 60 Watts<\/span><\/a>.<\/span> <span style=\"color: #888888; font-weight: bold;\">Bel\u00e9n Bascu\u00f1\u00e1n.<\/span><\/div>\n<div style=\"text-align: justify;\">:: <span style=\"color: blue;\"><a href=\"http:\/\/congresogcchile.files.wordpress.com\/2012\/04\/teatro-uc-nuevas-estrategias-de-financiamiento-cultural-en-miras-a-la-celebracic3b3n-de-los-70-ac3b1os.pdf\"><span style=\"color: blue;\">Teatro UC. Nuevas estrategias de financiamiento cultural en miras a la celebraci\u00f3n de los 70 a\u00f1os<\/span><\/a>.<\/span><span style=\"color: blue;\"><span style=\"color: blue;\"> <\/span><\/span><span style=\"color: #888888; font-weight: bold;\">Pamela L\u00f3pez Rodr\u00edguez.<\/span><\/div>\n<div style=\"text-align: justify;\">:: <span style=\"color: blue;\"><a href=\"http:\/\/congresogcchile.files.wordpress.com\/2012\/04\/tic-cultura-y-desigualdad-un-vacc3ado-institucional1.pdf\"><span style=\"color: blue;\">TIC, cultura y desigualdad un vac\u00edo institucional<\/span><\/a>.<\/span><span style=\"color: blue;\"> <\/span><span style=\"color: #888888; font-weight: bold;\">Erika Silva Urbano.<\/span><\/div>\n<h3 style=\"text-align: justify;\"><strong>\u00b7 DESCARGAR PRESENTACIONES EN PDF<\/strong><\/h3>\n<p>:: <span style=\"color: blue;\"><a href=\"http:\/\/congresogcchile.files.wordpress.com\/2012\/04\/presentacic3b3n-el-cartel.pdf\"><span style=\"color: blue;\">Presentaci\u00f3n El Cartel<\/span><\/a><\/span><span style=\"color: blue;\"><span style=\"color: blue;\">. <span style=\"color: #888888; font-weight: bold;\">Alfonso Becerra.<\/span><\/span><\/span><br \/>::<span style=\"color: blue;\"> <a href=\"http:\/\/congresogcchile.files.wordpress.com\/2012\/04\/presentacic3b3n-turismo-cultural-en-el-ecuador.pdf\"><span style=\"color: blue;\">Presentaci\u00f3n Turismo Cultural en el Ecuador<\/span><\/a>.<\/span><span style=\"color: blue;\"><span style=\"color: blue;\"> <span style=\"color: #888888; font-weight: bold;\">Fabi\u00e1n Paredes.<\/span><\/span><\/span><br \/>:: <span style=\"color: blue;\"><a href=\"http:\/\/congresogcchile.files.wordpress.com\/2012\/04\/presentacic3b3n-bailes-chinos.pdf\"><span style=\"color: blue;\">Presentaci\u00f3n Los Bailes Chinos del Norte Chico.<\/span><\/a> <\/span><span style=\"color: #888888; font-weight: bold;\">Carolina Herrera Rojas.<\/span><\/p>\n<p>Fuente: <a href=\"http:\/\/congresogcchile.wordpress.com\/%E2%80%A2-ponencias\/?preview=true&amp;preview_id=1001&amp;preview_nonce=a2185bef6c\">http:\/\/congresogcchile.wordpress.com\/<\/a><\/p>\n","protected":false},"excerpt":{"rendered":"<p>Estimados amigos. Ponemos a disposici\u00f3n de los participantes y p\u00fablico en general, las ponencias presentadas al Primer Congreso Nacional de Gesti\u00f3n Cultural. \u201cEscenarios, tensiones y desaf\u00edos de la Gesti\u00f3n Cultural en Chile\u201d realizado en la Universidad de Los Lagos, los d\u00edas 3, 4 y 5 de noviembre de 2011, en la ciudad de Santiago. El [&hellip;]<\/p>\n","protected":false},"author":1,"featured_media":0,"comment_status":"open","ping_status":"open","sticky":false,"template":"","format":"standard","meta":{"footnotes":""},"categories":[196,207],"tags":[],"class_list":["post-5765","post","type-post","status-publish","format-standard","hentry","category-congresos","category-gestion-cultural"],"yoast_head":"<!-- This site is optimized with the Yoast SEO plugin v25.0 - https:\/\/yoast.com\/wordpress\/plugins\/seo\/ -->\n<title>Ponencias Primer Congreso Nacional De Gesti\u00f3n Cultural Chileno - Nuestro Bio B\u00edo<\/title>\n<meta name=\"robots\" content=\"index, follow, max-snippet:-1, max-image-preview:large, max-video-preview:-1\" \/>\n<link rel=\"canonical\" href=\"https:\/\/www.fraczinet.cl\/sitio\/2012\/04\/27\/ponencias-primer-congreso-nacional-de-gestion-cultural-chileno\/\" \/>\n<meta property=\"og:locale\" content=\"es_ES\" \/>\n<meta property=\"og:type\" content=\"article\" \/>\n<meta property=\"og:title\" content=\"Ponencias Primer Congreso Nacional De Gesti\u00f3n Cultural Chileno - Nuestro Bio B\u00edo\" \/>\n<meta property=\"og:description\" content=\"Estimados amigos. Ponemos a disposici\u00f3n de los participantes y p\u00fablico en general, las ponencias presentadas al Primer Congreso Nacional de Gesti\u00f3n Cultural. \u201cEscenarios, tensiones y desaf\u00edos de la Gesti\u00f3n Cultural en Chile\u201d realizado en la Universidad de Los Lagos, los d\u00edas 3, 4 y 5 de noviembre de 2011, en la ciudad de Santiago. El [&hellip;]\" \/>\n<meta property=\"og:url\" content=\"https:\/\/www.fraczinet.cl\/sitio\/2012\/04\/27\/ponencias-primer-congreso-nacional-de-gestion-cultural-chileno\/\" \/>\n<meta property=\"og:site_name\" content=\"Nuestro Bio B\u00edo\" \/>\n<meta property=\"article:published_time\" content=\"2012-04-27T16:11:00+00:00\" \/>\n<meta property=\"og:image\" content=\"https:\/\/www.fraczinet.cl\/sitio\/wp-content\/uploads\/2021\/07\/bannerlogo-1.gif\" \/>\n\t<meta property=\"og:image:width\" content=\"159\" \/>\n\t<meta property=\"og:image:height\" content=\"79\" \/>\n\t<meta property=\"og:image:type\" content=\"image\/gif\" \/>\n<meta name=\"author\" content=\"admin\" \/>\n<meta name=\"twitter:card\" content=\"summary_large_image\" \/>\n<meta name=\"twitter:creator\" content=\"@nuestrobiobio\" \/>\n<meta name=\"twitter:site\" content=\"@nuestrobiobio\" \/>\n<meta name=\"twitter:label1\" content=\"Escrito por\" \/>\n\t<meta name=\"twitter:data1\" content=\"admin\" \/>\n\t<meta name=\"twitter:label2\" content=\"Tiempo de lectura\" \/>\n\t<meta name=\"twitter:data2\" content=\"3 minutos\" \/>\n<script type=\"application\/ld+json\" class=\"yoast-schema-graph\">{\"@context\":\"https:\/\/schema.org\",\"@graph\":[{\"@type\":\"Article\",\"@id\":\"https:\/\/www.fraczinet.cl\/sitio\/2012\/04\/27\/ponencias-primer-congreso-nacional-de-gestion-cultural-chileno\/#article\",\"isPartOf\":{\"@id\":\"https:\/\/www.fraczinet.cl\/sitio\/2012\/04\/27\/ponencias-primer-congreso-nacional-de-gestion-cultural-chileno\/\"},\"author\":{\"name\":\"admin\",\"@id\":\"https:\/\/www.fraczinet.cl\/sitio\/#\/schema\/person\/bc30f98e9cb10ae7e119dbe14bc93784\"},\"headline\":\"Ponencias Primer Congreso Nacional De Gesti\u00f3n Cultural Chileno\",\"datePublished\":\"2012-04-27T16:11:00+00:00\",\"mainEntityOfPage\":{\"@id\":\"https:\/\/www.fraczinet.cl\/sitio\/2012\/04\/27\/ponencias-primer-congreso-nacional-de-gestion-cultural-chileno\/\"},\"wordCount\":692,\"commentCount\":0,\"publisher\":{\"@id\":\"https:\/\/www.fraczinet.cl\/sitio\/#\/schema\/person\/aec8ee4da68df2b9b0eefdad24a0d582\"},\"articleSection\":[\"Congresos\",\"Gesti\u00f3n Cultural\"],\"inLanguage\":\"es\",\"potentialAction\":[{\"@type\":\"CommentAction\",\"name\":\"Comment\",\"target\":[\"https:\/\/www.fraczinet.cl\/sitio\/2012\/04\/27\/ponencias-primer-congreso-nacional-de-gestion-cultural-chileno\/#respond\"]}]},{\"@type\":\"WebPage\",\"@id\":\"https:\/\/www.fraczinet.cl\/sitio\/2012\/04\/27\/ponencias-primer-congreso-nacional-de-gestion-cultural-chileno\/\",\"url\":\"https:\/\/www.fraczinet.cl\/sitio\/2012\/04\/27\/ponencias-primer-congreso-nacional-de-gestion-cultural-chileno\/\",\"name\":\"Ponencias Primer Congreso Nacional De Gesti\u00f3n Cultural Chileno - Nuestro Bio B\u00edo\",\"isPartOf\":{\"@id\":\"https:\/\/www.fraczinet.cl\/sitio\/#website\"},\"datePublished\":\"2012-04-27T16:11:00+00:00\",\"breadcrumb\":{\"@id\":\"https:\/\/www.fraczinet.cl\/sitio\/2012\/04\/27\/ponencias-primer-congreso-nacional-de-gestion-cultural-chileno\/#breadcrumb\"},\"inLanguage\":\"es\",\"potentialAction\":[{\"@type\":\"ReadAction\",\"target\":[\"https:\/\/www.fraczinet.cl\/sitio\/2012\/04\/27\/ponencias-primer-congreso-nacional-de-gestion-cultural-chileno\/\"]}]},{\"@type\":\"BreadcrumbList\",\"@id\":\"https:\/\/www.fraczinet.cl\/sitio\/2012\/04\/27\/ponencias-primer-congreso-nacional-de-gestion-cultural-chileno\/#breadcrumb\",\"itemListElement\":[{\"@type\":\"ListItem\",\"position\":1,\"name\":\"Portada\",\"item\":\"https:\/\/www.fraczinet.cl\/sitio\/\"},{\"@type\":\"ListItem\",\"position\":2,\"name\":\"Ponencias Primer Congreso Nacional De Gesti\u00f3n Cultural Chileno\"}]},{\"@type\":\"WebSite\",\"@id\":\"https:\/\/www.fraczinet.cl\/sitio\/#website\",\"url\":\"https:\/\/www.fraczinet.cl\/sitio\/\",\"name\":\"Nuestro Bio B\u00edo\",\"description\":\"Tierra de Encuentros\",\"publisher\":{\"@id\":\"https:\/\/www.fraczinet.cl\/sitio\/#\/schema\/person\/aec8ee4da68df2b9b0eefdad24a0d582\"},\"potentialAction\":[{\"@type\":\"SearchAction\",\"target\":{\"@type\":\"EntryPoint\",\"urlTemplate\":\"https:\/\/www.fraczinet.cl\/sitio\/?s={search_term_string}\"},\"query-input\":{\"@type\":\"PropertyValueSpecification\",\"valueRequired\":true,\"valueName\":\"search_term_string\"}}],\"inLanguage\":\"es\"},{\"@type\":[\"Person\",\"Organization\"],\"@id\":\"https:\/\/www.fraczinet.cl\/sitio\/#\/schema\/person\/aec8ee4da68df2b9b0eefdad24a0d582\",\"name\":\"Luis Fernando Fraczinet\",\"image\":{\"@type\":\"ImageObject\",\"inLanguage\":\"es\",\"@id\":\"https:\/\/www.fraczinet.cl\/sitio\/#\/schema\/person\/image\/\",\"url\":\"https:\/\/www.fraczinet.cl\/sitio\/wp-content\/uploads\/2021\/07\/bannerlogo-1.gif\",\"contentUrl\":\"https:\/\/www.fraczinet.cl\/sitio\/wp-content\/uploads\/2021\/07\/bannerlogo-1.gif\",\"width\":159,\"height\":79,\"caption\":\"Luis Fernando Fraczinet\"},\"logo\":{\"@id\":\"https:\/\/www.fraczinet.cl\/sitio\/#\/schema\/person\/image\/\"},\"sameAs\":[\"https:\/\/www.fraczinet.cl\/sitio\/\"]},{\"@type\":\"Person\",\"@id\":\"https:\/\/www.fraczinet.cl\/sitio\/#\/schema\/person\/bc30f98e9cb10ae7e119dbe14bc93784\",\"name\":\"admin\",\"image\":{\"@type\":\"ImageObject\",\"inLanguage\":\"es\",\"@id\":\"https:\/\/www.fraczinet.cl\/sitio\/#\/schema\/person\/image\/\",\"url\":\"https:\/\/secure.gravatar.com\/avatar\/d5ad3cf7ef3b23a2bb5be73be780c86b2fc8545c3ad6b149f3913ff458c00099?s=96&d=mm&r=g\",\"contentUrl\":\"https:\/\/secure.gravatar.com\/avatar\/d5ad3cf7ef3b23a2bb5be73be780c86b2fc8545c3ad6b149f3913ff458c00099?s=96&d=mm&r=g\",\"caption\":\"admin\"},\"sameAs\":[\"https:\/\/www.fraczinet.cl\/sitio\"]}]}<\/script>\n<!-- \/ Yoast SEO plugin. -->","yoast_head_json":{"title":"Ponencias Primer Congreso Nacional De Gesti\u00f3n Cultural Chileno - Nuestro Bio B\u00edo","robots":{"index":"index","follow":"follow","max-snippet":"max-snippet:-1","max-image-preview":"max-image-preview:large","max-video-preview":"max-video-preview:-1"},"canonical":"https:\/\/www.fraczinet.cl\/sitio\/2012\/04\/27\/ponencias-primer-congreso-nacional-de-gestion-cultural-chileno\/","og_locale":"es_ES","og_type":"article","og_title":"Ponencias Primer Congreso Nacional De Gesti\u00f3n Cultural Chileno - Nuestro Bio B\u00edo","og_description":"Estimados amigos. Ponemos a disposici\u00f3n de los participantes y p\u00fablico en general, las ponencias presentadas al Primer Congreso Nacional de Gesti\u00f3n Cultural. \u201cEscenarios, tensiones y desaf\u00edos de la Gesti\u00f3n Cultural en Chile\u201d realizado en la Universidad de Los Lagos, los d\u00edas 3, 4 y 5 de noviembre de 2011, en la ciudad de Santiago. El [&hellip;]","og_url":"https:\/\/www.fraczinet.cl\/sitio\/2012\/04\/27\/ponencias-primer-congreso-nacional-de-gestion-cultural-chileno\/","og_site_name":"Nuestro Bio B\u00edo","article_published_time":"2012-04-27T16:11:00+00:00","og_image":[{"width":159,"height":79,"url":"https:\/\/www.fraczinet.cl\/sitio\/wp-content\/uploads\/2021\/07\/bannerlogo-1.gif","type":"image\/gif"}],"author":"admin","twitter_card":"summary_large_image","twitter_creator":"@nuestrobiobio","twitter_site":"@nuestrobiobio","twitter_misc":{"Escrito por":"admin","Tiempo de lectura":"3 minutos"},"schema":{"@context":"https:\/\/schema.org","@graph":[{"@type":"Article","@id":"https:\/\/www.fraczinet.cl\/sitio\/2012\/04\/27\/ponencias-primer-congreso-nacional-de-gestion-cultural-chileno\/#article","isPartOf":{"@id":"https:\/\/www.fraczinet.cl\/sitio\/2012\/04\/27\/ponencias-primer-congreso-nacional-de-gestion-cultural-chileno\/"},"author":{"name":"admin","@id":"https:\/\/www.fraczinet.cl\/sitio\/#\/schema\/person\/bc30f98e9cb10ae7e119dbe14bc93784"},"headline":"Ponencias Primer Congreso Nacional De Gesti\u00f3n Cultural Chileno","datePublished":"2012-04-27T16:11:00+00:00","mainEntityOfPage":{"@id":"https:\/\/www.fraczinet.cl\/sitio\/2012\/04\/27\/ponencias-primer-congreso-nacional-de-gestion-cultural-chileno\/"},"wordCount":692,"commentCount":0,"publisher":{"@id":"https:\/\/www.fraczinet.cl\/sitio\/#\/schema\/person\/aec8ee4da68df2b9b0eefdad24a0d582"},"articleSection":["Congresos","Gesti\u00f3n Cultural"],"inLanguage":"es","potentialAction":[{"@type":"CommentAction","name":"Comment","target":["https:\/\/www.fraczinet.cl\/sitio\/2012\/04\/27\/ponencias-primer-congreso-nacional-de-gestion-cultural-chileno\/#respond"]}]},{"@type":"WebPage","@id":"https:\/\/www.fraczinet.cl\/sitio\/2012\/04\/27\/ponencias-primer-congreso-nacional-de-gestion-cultural-chileno\/","url":"https:\/\/www.fraczinet.cl\/sitio\/2012\/04\/27\/ponencias-primer-congreso-nacional-de-gestion-cultural-chileno\/","name":"Ponencias Primer Congreso Nacional De Gesti\u00f3n Cultural Chileno - Nuestro Bio B\u00edo","isPartOf":{"@id":"https:\/\/www.fraczinet.cl\/sitio\/#website"},"datePublished":"2012-04-27T16:11:00+00:00","breadcrumb":{"@id":"https:\/\/www.fraczinet.cl\/sitio\/2012\/04\/27\/ponencias-primer-congreso-nacional-de-gestion-cultural-chileno\/#breadcrumb"},"inLanguage":"es","potentialAction":[{"@type":"ReadAction","target":["https:\/\/www.fraczinet.cl\/sitio\/2012\/04\/27\/ponencias-primer-congreso-nacional-de-gestion-cultural-chileno\/"]}]},{"@type":"BreadcrumbList","@id":"https:\/\/www.fraczinet.cl\/sitio\/2012\/04\/27\/ponencias-primer-congreso-nacional-de-gestion-cultural-chileno\/#breadcrumb","itemListElement":[{"@type":"ListItem","position":1,"name":"Portada","item":"https:\/\/www.fraczinet.cl\/sitio\/"},{"@type":"ListItem","position":2,"name":"Ponencias Primer Congreso Nacional De Gesti\u00f3n Cultural Chileno"}]},{"@type":"WebSite","@id":"https:\/\/www.fraczinet.cl\/sitio\/#website","url":"https:\/\/www.fraczinet.cl\/sitio\/","name":"Nuestro Bio B\u00edo","description":"Tierra de Encuentros","publisher":{"@id":"https:\/\/www.fraczinet.cl\/sitio\/#\/schema\/person\/aec8ee4da68df2b9b0eefdad24a0d582"},"potentialAction":[{"@type":"SearchAction","target":{"@type":"EntryPoint","urlTemplate":"https:\/\/www.fraczinet.cl\/sitio\/?s={search_term_string}"},"query-input":{"@type":"PropertyValueSpecification","valueRequired":true,"valueName":"search_term_string"}}],"inLanguage":"es"},{"@type":["Person","Organization"],"@id":"https:\/\/www.fraczinet.cl\/sitio\/#\/schema\/person\/aec8ee4da68df2b9b0eefdad24a0d582","name":"Luis Fernando Fraczinet","image":{"@type":"ImageObject","inLanguage":"es","@id":"https:\/\/www.fraczinet.cl\/sitio\/#\/schema\/person\/image\/","url":"https:\/\/www.fraczinet.cl\/sitio\/wp-content\/uploads\/2021\/07\/bannerlogo-1.gif","contentUrl":"https:\/\/www.fraczinet.cl\/sitio\/wp-content\/uploads\/2021\/07\/bannerlogo-1.gif","width":159,"height":79,"caption":"Luis Fernando Fraczinet"},"logo":{"@id":"https:\/\/www.fraczinet.cl\/sitio\/#\/schema\/person\/image\/"},"sameAs":["https:\/\/www.fraczinet.cl\/sitio\/"]},{"@type":"Person","@id":"https:\/\/www.fraczinet.cl\/sitio\/#\/schema\/person\/bc30f98e9cb10ae7e119dbe14bc93784","name":"admin","image":{"@type":"ImageObject","inLanguage":"es","@id":"https:\/\/www.fraczinet.cl\/sitio\/#\/schema\/person\/image\/","url":"https:\/\/secure.gravatar.com\/avatar\/d5ad3cf7ef3b23a2bb5be73be780c86b2fc8545c3ad6b149f3913ff458c00099?s=96&d=mm&r=g","contentUrl":"https:\/\/secure.gravatar.com\/avatar\/d5ad3cf7ef3b23a2bb5be73be780c86b2fc8545c3ad6b149f3913ff458c00099?s=96&d=mm&r=g","caption":"admin"},"sameAs":["https:\/\/www.fraczinet.cl\/sitio"]}]}},"_links":{"self":[{"href":"https:\/\/www.fraczinet.cl\/sitio\/wp-json\/wp\/v2\/posts\/5765","targetHints":{"allow":["GET"]}}],"collection":[{"href":"https:\/\/www.fraczinet.cl\/sitio\/wp-json\/wp\/v2\/posts"}],"about":[{"href":"https:\/\/www.fraczinet.cl\/sitio\/wp-json\/wp\/v2\/types\/post"}],"author":[{"embeddable":true,"href":"https:\/\/www.fraczinet.cl\/sitio\/wp-json\/wp\/v2\/users\/1"}],"replies":[{"embeddable":true,"href":"https:\/\/www.fraczinet.cl\/sitio\/wp-json\/wp\/v2\/comments?post=5765"}],"version-history":[{"count":0,"href":"https:\/\/www.fraczinet.cl\/sitio\/wp-json\/wp\/v2\/posts\/5765\/revisions"}],"wp:attachment":[{"href":"https:\/\/www.fraczinet.cl\/sitio\/wp-json\/wp\/v2\/media?parent=5765"}],"wp:term":[{"taxonomy":"category","embeddable":true,"href":"https:\/\/www.fraczinet.cl\/sitio\/wp-json\/wp\/v2\/categories?post=5765"},{"taxonomy":"post_tag","embeddable":true,"href":"https:\/\/www.fraczinet.cl\/sitio\/wp-json\/wp\/v2\/tags?post=5765"}],"curies":[{"name":"wp","href":"https:\/\/api.w.org\/{rel}","templated":true}]}}