{"id":5777,"date":"2012-04-18T20:05:00","date_gmt":"2012-04-18T20:05:00","guid":{"rendered":"https:\/\/www.fraczinet.cl\/sitio\/2012\/04\/18\/generales-digan-donde-los-tienen-secuestrados\/"},"modified":"2012-04-18T20:05:00","modified_gmt":"2012-04-18T20:05:00","slug":"generales-digan-donde-los-tienen-secuestrados","status":"publish","type":"post","link":"https:\/\/www.fraczinet.cl\/sitio\/2012\/04\/18\/generales-digan-donde-los-tienen-secuestrados\/","title":{"rendered":"Generales!!! Digan D\u00f3nde Los Tienen Secuestrados"},"content":{"rendered":"<p><a href=\"http:\/\/1.bp.blogspot.com\/-g72DlMggOZE\/T48g0t-ZVAI\/AAAAAAAAU2Q\/TSFCB039Qzo\/s1600\/Detenidos%2BDesaparecidos600.jpg\"><img decoding=\"async\" alt=\"\" border=\"0\" src=\"http:\/\/1.bp.blogspot.com\/-g72DlMggOZE\/T48g0t-ZVAI\/AAAAAAAAU2Q\/TSFCB039Qzo\/s400\/Detenidos%2BDesaparecidos600.jpg\" id=\"BLOGGER_PHOTO_ID_5732836940732519426\" style=\"cursor: hand; cursor: pointer; display: block; height: 175px; margin: 0px auto 10px; text-align: center; width: 400px;\" \/><\/a><\/p>\n<p>En Villa Grimaldi el pr\u00f3ximo domingo 22 de abril a las 11:00, el \u00abCentro Verdad y Justicia\u00bb recordar\u00e1 a Juan, Luis y Manuel a 36 a\u00f1os de su detenci\u00f3n y desaparici\u00f3n.<\/p>\n<p>Tres j\u00f3venes ser\u00e1n secuestrados y desaparecer\u00e1n en abril de 1976&#8230; el contexto: los a\u00f1os negros de una verdadera \u201cinternacional del crimen\u201d conformada por las dictaduras de Argentina, Chile, Brasil, Paraguay, Uruguay y Bolivia durante los a\u00f1os 70 para practicar el Terrorismo de Estado.<\/p>\n<p>M\u00e1s tarde, se conocer\u00eda el nombre de esa siniestra red: \u201c<span style=\"font-weight: bold;\">Operaci\u00f3n C\u00f3ndor<\/span>\u201d que conformada en 1975 estuvo dedicada a perseguir, secuestrar, torturar y ejecutar en diversos pa\u00edses de Am\u00e9rica Latina a personas consideradas \u201cenemigos\u201d, la inmensa mayor\u00eda j\u00f3venes militantes de organizaciones de izquierda, que intentaban resistir desde precarias clandestinidades a los reg\u00edmenes autoritarios de esos a\u00f1os.<\/p>\n<p>Secuestros, seguimientos, ejecuciones sumarias, operaciones comunicacionales para encubrir y blanquear operativos, conformaron este plan de exterminio. Cientos de j\u00f3venes retornaran a sus pa\u00edses maniatados en camiones de doble fondo, camionetas con toldos en operaciones nocturnas y blindadas por fronteras \u201ccopadas\u201d y serviles.<\/p>\n<p><span style=\"font-weight: bold;\">En Mendoza los secuestran<\/span><\/p>\n<p>El 3 de abril de 1976, en la ciudad de Mendoza y en el marco de la \u201cOperaci\u00f3n C\u00f3ndor\u201d, la DINA junto a la polic\u00eda federal de Argentina secuestraran a tres j\u00f3venes chilenos, militantes socialistas en la Avenida Belgrano en pleno centro de esa ciudad. Reducir\u00e1n y subir\u00e1n a una camioneta a Luis Mu\u00f1oz Vel\u00e1squez, Juan Hern\u00e1ndez Zaspe y Manuel Tamayo Mart\u00ednez. Luego, los captorres los llevar\u00e1n al regimiento Maipo de Mendoza; para durante la noche cruzar el paso \u201cLos Libertadores\u201d en una camioneta C-10 con toldo. Los antecedentes y testimonios documentan que posteriormente arribaron al campo de torturas \u201cCuatro \u00c1lamos\u201d, para luego ser conducidos al \u201cCuartel Terranova\u201d, denominaci\u00f3n de los perpetradores para el centro de torturas y exterminio que ocupaba \u201cVilla Grimaldi\u201d en los faldeos de Pe\u00f1alol\u00e9n.<\/p>\n<p><span style=\"font-weight: bold;\">\u00bfQui\u00e9nes eran?<\/span><\/p>\n<p>Juan Hern\u00e1ndez Zaspe, ten\u00eda 24 a\u00f1os y hab\u00eda sido presidente de la Federaci\u00f3n de Estudiantes Industriales y T\u00e9cnicos de Chile (FEITECh), era el segundo de doce hermanos, hab\u00eda estudiado en la Escuela Industrial \u201cVicente Vald\u00e9s\u201d de la Florida y luego en la Escuela Industrial N\u00ba 3 de Recoleta que lo acoge en toda su ense\u00f1anza secundaria. En 1969 ingres\u00f3 a la Juventud Socialista participando en trabajos voluntarios en diversas ciudades del sur y norte del pa\u00eds.<\/p>\n<p>Flor Hern\u00e1ndez, hermana menor de Juan comparte una de las \u00faltimas cartas, que alcanz\u00f3 a recibir, cuando culminaba sus estudios de pedagog\u00eda: \u201c<span style=\"font-style: italic;\">empezar\u00e1s luego a ense\u00f1ar, empezar\u00e1s a tener tus alumnos y desde ac\u00e1 un fuerte deseo que te vaya muy bien en esta tarea&#8230; ens\u00e9\u00f1ales no tan solo los conocimientos f\u00edsicos y materiales, sino el amor por el compa\u00f1ero de banco, el amor no tan solo por lo material sino el amor espiritual, para su pr\u00f3jimo&#8230; no le ocultes la raz\u00f3n de su existencia ni su labor en el mundo, as\u00ed estar\u00e1s no tan s\u00f3lo ense\u00f1ando sino prepar\u00e1ndolos para la vida&#8230;<\/span>\u201d.<\/p>\n<p>Luis Mu\u00f1oz Velasquez ten\u00eda 26 a\u00f1os y era originario de una numerosa familia de Puente Alto. Hab\u00eda vivido en la poblaci\u00f3n Maipo, Papelera y en Vi\u00f1as Unidas hasta 1968, era contador y jugaba en el deportivo \u201cMataquitos\u201d. Se hab\u00eda desempe\u00f1ado como ex presidente del Centro de Alumnos del Liceo Consolidado de Puente Alto en 1968. Y hab\u00eda sido candidato a regidor por el PS de San Bernardo y secretario del seccional de San Bernard. En el trabajo clandestino pertenec\u00eda al sector \u201cComisi\u00f3n de Consenso\u201d.<\/p>\n<p>Manuel Tamayo Mart\u00ednez, hab\u00eda estudiado sociolog\u00eda e ingenier\u00eda comercial en la Universidad de Concepci\u00f3n y era dirigente socialista. Al momento de su aprehensi\u00f3n trabajaba estrechamente con los miembros del Comit\u00e9 Central de su partido, teniendo el importante rol de ser enlace entre dos dirigentes clandestinos de ese periodo que tambi\u00e9n ser\u00edan detenidos \u2013desaparecidos: Carlos Lorca y Ricardo Lagos.<\/p>\n<p><span style=\"font-weight: bold;\">La obstinada Memoria<\/span><\/p>\n<p>El \u201cCentro Verdad y Justicia\u201d conformado por los familiares, compa\u00f1eros y amigos de los tres j\u00f3venes socialistas, tiene por objetivo mantener viva su memoria y simult\u00e1neamente promover los DD.HH. En los \u00faltimos a\u00f1os la entidad de memoria a homenajeado y reconocido a muy destacadas personalidades e instituciones como Sola Sierra, Andr\u00e9s Aylwin, Juan Bustos, Juan Pablo C\u00e1rdenas y Michelle Bachelet entre otros. En esta ocasi\u00f3n y con la m\u00fasica de Trasporte Urbano, ser\u00e1 homenajeado y reconocido el juez espa\u00f1ol Baltasar Garz\u00f3n. En febrero reciente el \u201cCentro Verdad y Justicia\u201d calificaba de \u201csorprendente e incre\u00edble que la justicia espa\u00f1ola condene al juez que investiga la corrupci\u00f3n y los culpables sigan gozando de libertad, o sea corruptos y fascistas condenando a un magistrado, sin duda Espa\u00f1a est\u00e1 al rev\u00e9s\u201d.<\/p>\n<p><span style=\"font-weight: bold;\"><a href=\"http:\/\/www.facebook.com\/villagrimaldi\">Villa Grimaldi<\/a><br \/>COMUNICACIONES VILLA GRIMALDI. 17\/4\/12.<\/span><\/p>\n","protected":false},"excerpt":{"rendered":"<p>En Villa Grimaldi el pr\u00f3ximo domingo 22 de abril a las 11:00, el \u00abCentro Verdad y Justicia\u00bb recordar\u00e1 a Juan, Luis y Manuel a 36 a\u00f1os de su detenci\u00f3n y desaparici\u00f3n. Tres j\u00f3venes ser\u00e1n secuestrados y desaparecer\u00e1n en abril de 1976&#8230; el contexto: los a\u00f1os negros de una verdadera \u201cinternacional del crimen\u201d conformada por las [&hellip;]<\/p>\n","protected":false},"author":1,"featured_media":0,"comment_status":"open","ping_status":"open","sticky":false,"template":"","format":"standard","meta":{"footnotes":""},"categories":[154],"tags":[],"class_list":["post-5777","post","type-post","status-publish","format-standard","hentry","category-ddhh"],"yoast_head":"<!-- This site is optimized with the Yoast SEO plugin v25.0 - https:\/\/yoast.com\/wordpress\/plugins\/seo\/ -->\n<title>Generales!!! Digan D\u00f3nde Los Tienen Secuestrados - Nuestro Bio B\u00edo<\/title>\n<meta name=\"robots\" content=\"index, follow, max-snippet:-1, max-image-preview:large, max-video-preview:-1\" \/>\n<link rel=\"canonical\" href=\"https:\/\/www.fraczinet.cl\/sitio\/2012\/04\/18\/generales-digan-donde-los-tienen-secuestrados\/\" \/>\n<meta property=\"og:locale\" content=\"es_ES\" \/>\n<meta property=\"og:type\" content=\"article\" \/>\n<meta property=\"og:title\" content=\"Generales!!! Digan D\u00f3nde Los Tienen Secuestrados - Nuestro Bio B\u00edo\" \/>\n<meta property=\"og:description\" content=\"En Villa Grimaldi el pr\u00f3ximo domingo 22 de abril a las 11:00, el \u00abCentro Verdad y Justicia\u00bb recordar\u00e1 a Juan, Luis y Manuel a 36 a\u00f1os de su detenci\u00f3n y desaparici\u00f3n. Tres j\u00f3venes ser\u00e1n secuestrados y desaparecer\u00e1n en abril de 1976&#8230; el contexto: los a\u00f1os negros de una verdadera \u201cinternacional del crimen\u201d conformada por las [&hellip;]\" \/>\n<meta property=\"og:url\" content=\"https:\/\/www.fraczinet.cl\/sitio\/2012\/04\/18\/generales-digan-donde-los-tienen-secuestrados\/\" \/>\n<meta property=\"og:site_name\" content=\"Nuestro Bio B\u00edo\" \/>\n<meta property=\"article:published_time\" content=\"2012-04-18T20:05:00+00:00\" \/>\n<meta property=\"og:image\" content=\"http:\/\/1.bp.blogspot.com\/-g72DlMggOZE\/T48g0t-ZVAI\/AAAAAAAAU2Q\/TSFCB039Qzo\/s400\/Detenidos%2BDesaparecidos600.jpg\" \/>\n<meta name=\"author\" content=\"admin\" \/>\n<meta name=\"twitter:card\" content=\"summary_large_image\" \/>\n<meta name=\"twitter:creator\" content=\"@nuestrobiobio\" \/>\n<meta name=\"twitter:site\" content=\"@nuestrobiobio\" \/>\n<meta name=\"twitter:label1\" content=\"Escrito por\" \/>\n\t<meta name=\"twitter:data1\" content=\"admin\" \/>\n\t<meta name=\"twitter:label2\" content=\"Tiempo de lectura\" \/>\n\t<meta name=\"twitter:data2\" content=\"4 minutos\" \/>\n<script type=\"application\/ld+json\" class=\"yoast-schema-graph\">{\"@context\":\"https:\/\/schema.org\",\"@graph\":[{\"@type\":\"Article\",\"@id\":\"https:\/\/www.fraczinet.cl\/sitio\/2012\/04\/18\/generales-digan-donde-los-tienen-secuestrados\/#article\",\"isPartOf\":{\"@id\":\"https:\/\/www.fraczinet.cl\/sitio\/2012\/04\/18\/generales-digan-donde-los-tienen-secuestrados\/\"},\"author\":{\"name\":\"admin\",\"@id\":\"https:\/\/www.fraczinet.cl\/sitio\/#\/schema\/person\/bc30f98e9cb10ae7e119dbe14bc93784\"},\"headline\":\"Generales!!! Digan D\u00f3nde Los Tienen Secuestrados\",\"datePublished\":\"2012-04-18T20:05:00+00:00\",\"mainEntityOfPage\":{\"@id\":\"https:\/\/www.fraczinet.cl\/sitio\/2012\/04\/18\/generales-digan-donde-los-tienen-secuestrados\/\"},\"wordCount\":849,\"commentCount\":0,\"publisher\":{\"@id\":\"https:\/\/www.fraczinet.cl\/sitio\/#\/schema\/person\/aec8ee4da68df2b9b0eefdad24a0d582\"},\"image\":{\"@id\":\"https:\/\/www.fraczinet.cl\/sitio\/2012\/04\/18\/generales-digan-donde-los-tienen-secuestrados\/#primaryimage\"},\"thumbnailUrl\":\"http:\/\/1.bp.blogspot.com\/-g72DlMggOZE\/T48g0t-ZVAI\/AAAAAAAAU2Q\/TSFCB039Qzo\/s400\/Detenidos%2BDesaparecidos600.jpg\",\"articleSection\":[\"DDHH\"],\"inLanguage\":\"es\",\"potentialAction\":[{\"@type\":\"CommentAction\",\"name\":\"Comment\",\"target\":[\"https:\/\/www.fraczinet.cl\/sitio\/2012\/04\/18\/generales-digan-donde-los-tienen-secuestrados\/#respond\"]}]},{\"@type\":\"WebPage\",\"@id\":\"https:\/\/www.fraczinet.cl\/sitio\/2012\/04\/18\/generales-digan-donde-los-tienen-secuestrados\/\",\"url\":\"https:\/\/www.fraczinet.cl\/sitio\/2012\/04\/18\/generales-digan-donde-los-tienen-secuestrados\/\",\"name\":\"Generales!!! Digan D\u00f3nde Los Tienen Secuestrados - Nuestro Bio B\u00edo\",\"isPartOf\":{\"@id\":\"https:\/\/www.fraczinet.cl\/sitio\/#website\"},\"primaryImageOfPage\":{\"@id\":\"https:\/\/www.fraczinet.cl\/sitio\/2012\/04\/18\/generales-digan-donde-los-tienen-secuestrados\/#primaryimage\"},\"image\":{\"@id\":\"https:\/\/www.fraczinet.cl\/sitio\/2012\/04\/18\/generales-digan-donde-los-tienen-secuestrados\/#primaryimage\"},\"thumbnailUrl\":\"http:\/\/1.bp.blogspot.com\/-g72DlMggOZE\/T48g0t-ZVAI\/AAAAAAAAU2Q\/TSFCB039Qzo\/s400\/Detenidos%2BDesaparecidos600.jpg\",\"datePublished\":\"2012-04-18T20:05:00+00:00\",\"breadcrumb\":{\"@id\":\"https:\/\/www.fraczinet.cl\/sitio\/2012\/04\/18\/generales-digan-donde-los-tienen-secuestrados\/#breadcrumb\"},\"inLanguage\":\"es\",\"potentialAction\":[{\"@type\":\"ReadAction\",\"target\":[\"https:\/\/www.fraczinet.cl\/sitio\/2012\/04\/18\/generales-digan-donde-los-tienen-secuestrados\/\"]}]},{\"@type\":\"ImageObject\",\"inLanguage\":\"es\",\"@id\":\"https:\/\/www.fraczinet.cl\/sitio\/2012\/04\/18\/generales-digan-donde-los-tienen-secuestrados\/#primaryimage\",\"url\":\"http:\/\/1.bp.blogspot.com\/-g72DlMggOZE\/T48g0t-ZVAI\/AAAAAAAAU2Q\/TSFCB039Qzo\/s400\/Detenidos%2BDesaparecidos600.jpg\",\"contentUrl\":\"http:\/\/1.bp.blogspot.com\/-g72DlMggOZE\/T48g0t-ZVAI\/AAAAAAAAU2Q\/TSFCB039Qzo\/s400\/Detenidos%2BDesaparecidos600.jpg\"},{\"@type\":\"BreadcrumbList\",\"@id\":\"https:\/\/www.fraczinet.cl\/sitio\/2012\/04\/18\/generales-digan-donde-los-tienen-secuestrados\/#breadcrumb\",\"itemListElement\":[{\"@type\":\"ListItem\",\"position\":1,\"name\":\"Portada\",\"item\":\"https:\/\/www.fraczinet.cl\/sitio\/\"},{\"@type\":\"ListItem\",\"position\":2,\"name\":\"Generales!!! Digan D\u00f3nde Los Tienen Secuestrados\"}]},{\"@type\":\"WebSite\",\"@id\":\"https:\/\/www.fraczinet.cl\/sitio\/#website\",\"url\":\"https:\/\/www.fraczinet.cl\/sitio\/\",\"name\":\"Nuestro Bio B\u00edo\",\"description\":\"Tierra de Encuentros\",\"publisher\":{\"@id\":\"https:\/\/www.fraczinet.cl\/sitio\/#\/schema\/person\/aec8ee4da68df2b9b0eefdad24a0d582\"},\"potentialAction\":[{\"@type\":\"SearchAction\",\"target\":{\"@type\":\"EntryPoint\",\"urlTemplate\":\"https:\/\/www.fraczinet.cl\/sitio\/?s={search_term_string}\"},\"query-input\":{\"@type\":\"PropertyValueSpecification\",\"valueRequired\":true,\"valueName\":\"search_term_string\"}}],\"inLanguage\":\"es\"},{\"@type\":[\"Person\",\"Organization\"],\"@id\":\"https:\/\/www.fraczinet.cl\/sitio\/#\/schema\/person\/aec8ee4da68df2b9b0eefdad24a0d582\",\"name\":\"Luis Fernando Fraczinet\",\"image\":{\"@type\":\"ImageObject\",\"inLanguage\":\"es\",\"@id\":\"https:\/\/www.fraczinet.cl\/sitio\/#\/schema\/person\/image\/\",\"url\":\"https:\/\/www.fraczinet.cl\/sitio\/wp-content\/uploads\/2021\/07\/bannerlogo-1.gif\",\"contentUrl\":\"https:\/\/www.fraczinet.cl\/sitio\/wp-content\/uploads\/2021\/07\/bannerlogo-1.gif\",\"width\":159,\"height\":79,\"caption\":\"Luis Fernando Fraczinet\"},\"logo\":{\"@id\":\"https:\/\/www.fraczinet.cl\/sitio\/#\/schema\/person\/image\/\"},\"sameAs\":[\"https:\/\/www.fraczinet.cl\/sitio\/\"]},{\"@type\":\"Person\",\"@id\":\"https:\/\/www.fraczinet.cl\/sitio\/#\/schema\/person\/bc30f98e9cb10ae7e119dbe14bc93784\",\"name\":\"admin\",\"image\":{\"@type\":\"ImageObject\",\"inLanguage\":\"es\",\"@id\":\"https:\/\/www.fraczinet.cl\/sitio\/#\/schema\/person\/image\/\",\"url\":\"https:\/\/secure.gravatar.com\/avatar\/d5ad3cf7ef3b23a2bb5be73be780c86b2fc8545c3ad6b149f3913ff458c00099?s=96&d=mm&r=g\",\"contentUrl\":\"https:\/\/secure.gravatar.com\/avatar\/d5ad3cf7ef3b23a2bb5be73be780c86b2fc8545c3ad6b149f3913ff458c00099?s=96&d=mm&r=g\",\"caption\":\"admin\"},\"sameAs\":[\"https:\/\/www.fraczinet.cl\/sitio\"]}]}<\/script>\n<!-- \/ Yoast SEO plugin. -->","yoast_head_json":{"title":"Generales!!! Digan D\u00f3nde Los Tienen Secuestrados - Nuestro Bio B\u00edo","robots":{"index":"index","follow":"follow","max-snippet":"max-snippet:-1","max-image-preview":"max-image-preview:large","max-video-preview":"max-video-preview:-1"},"canonical":"https:\/\/www.fraczinet.cl\/sitio\/2012\/04\/18\/generales-digan-donde-los-tienen-secuestrados\/","og_locale":"es_ES","og_type":"article","og_title":"Generales!!! Digan D\u00f3nde Los Tienen Secuestrados - Nuestro Bio B\u00edo","og_description":"En Villa Grimaldi el pr\u00f3ximo domingo 22 de abril a las 11:00, el \u00abCentro Verdad y Justicia\u00bb recordar\u00e1 a Juan, Luis y Manuel a 36 a\u00f1os de su detenci\u00f3n y desaparici\u00f3n. Tres j\u00f3venes ser\u00e1n secuestrados y desaparecer\u00e1n en abril de 1976&#8230; el contexto: los a\u00f1os negros de una verdadera \u201cinternacional del crimen\u201d conformada por las [&hellip;]","og_url":"https:\/\/www.fraczinet.cl\/sitio\/2012\/04\/18\/generales-digan-donde-los-tienen-secuestrados\/","og_site_name":"Nuestro Bio B\u00edo","article_published_time":"2012-04-18T20:05:00+00:00","og_image":[{"url":"http:\/\/1.bp.blogspot.com\/-g72DlMggOZE\/T48g0t-ZVAI\/AAAAAAAAU2Q\/TSFCB039Qzo\/s400\/Detenidos%2BDesaparecidos600.jpg","type":"","width":"","height":""}],"author":"admin","twitter_card":"summary_large_image","twitter_creator":"@nuestrobiobio","twitter_site":"@nuestrobiobio","twitter_misc":{"Escrito por":"admin","Tiempo de lectura":"4 minutos"},"schema":{"@context":"https:\/\/schema.org","@graph":[{"@type":"Article","@id":"https:\/\/www.fraczinet.cl\/sitio\/2012\/04\/18\/generales-digan-donde-los-tienen-secuestrados\/#article","isPartOf":{"@id":"https:\/\/www.fraczinet.cl\/sitio\/2012\/04\/18\/generales-digan-donde-los-tienen-secuestrados\/"},"author":{"name":"admin","@id":"https:\/\/www.fraczinet.cl\/sitio\/#\/schema\/person\/bc30f98e9cb10ae7e119dbe14bc93784"},"headline":"Generales!!! Digan D\u00f3nde Los Tienen Secuestrados","datePublished":"2012-04-18T20:05:00+00:00","mainEntityOfPage":{"@id":"https:\/\/www.fraczinet.cl\/sitio\/2012\/04\/18\/generales-digan-donde-los-tienen-secuestrados\/"},"wordCount":849,"commentCount":0,"publisher":{"@id":"https:\/\/www.fraczinet.cl\/sitio\/#\/schema\/person\/aec8ee4da68df2b9b0eefdad24a0d582"},"image":{"@id":"https:\/\/www.fraczinet.cl\/sitio\/2012\/04\/18\/generales-digan-donde-los-tienen-secuestrados\/#primaryimage"},"thumbnailUrl":"http:\/\/1.bp.blogspot.com\/-g72DlMggOZE\/T48g0t-ZVAI\/AAAAAAAAU2Q\/TSFCB039Qzo\/s400\/Detenidos%2BDesaparecidos600.jpg","articleSection":["DDHH"],"inLanguage":"es","potentialAction":[{"@type":"CommentAction","name":"Comment","target":["https:\/\/www.fraczinet.cl\/sitio\/2012\/04\/18\/generales-digan-donde-los-tienen-secuestrados\/#respond"]}]},{"@type":"WebPage","@id":"https:\/\/www.fraczinet.cl\/sitio\/2012\/04\/18\/generales-digan-donde-los-tienen-secuestrados\/","url":"https:\/\/www.fraczinet.cl\/sitio\/2012\/04\/18\/generales-digan-donde-los-tienen-secuestrados\/","name":"Generales!!! Digan D\u00f3nde Los Tienen Secuestrados - Nuestro Bio B\u00edo","isPartOf":{"@id":"https:\/\/www.fraczinet.cl\/sitio\/#website"},"primaryImageOfPage":{"@id":"https:\/\/www.fraczinet.cl\/sitio\/2012\/04\/18\/generales-digan-donde-los-tienen-secuestrados\/#primaryimage"},"image":{"@id":"https:\/\/www.fraczinet.cl\/sitio\/2012\/04\/18\/generales-digan-donde-los-tienen-secuestrados\/#primaryimage"},"thumbnailUrl":"http:\/\/1.bp.blogspot.com\/-g72DlMggOZE\/T48g0t-ZVAI\/AAAAAAAAU2Q\/TSFCB039Qzo\/s400\/Detenidos%2BDesaparecidos600.jpg","datePublished":"2012-04-18T20:05:00+00:00","breadcrumb":{"@id":"https:\/\/www.fraczinet.cl\/sitio\/2012\/04\/18\/generales-digan-donde-los-tienen-secuestrados\/#breadcrumb"},"inLanguage":"es","potentialAction":[{"@type":"ReadAction","target":["https:\/\/www.fraczinet.cl\/sitio\/2012\/04\/18\/generales-digan-donde-los-tienen-secuestrados\/"]}]},{"@type":"ImageObject","inLanguage":"es","@id":"https:\/\/www.fraczinet.cl\/sitio\/2012\/04\/18\/generales-digan-donde-los-tienen-secuestrados\/#primaryimage","url":"http:\/\/1.bp.blogspot.com\/-g72DlMggOZE\/T48g0t-ZVAI\/AAAAAAAAU2Q\/TSFCB039Qzo\/s400\/Detenidos%2BDesaparecidos600.jpg","contentUrl":"http:\/\/1.bp.blogspot.com\/-g72DlMggOZE\/T48g0t-ZVAI\/AAAAAAAAU2Q\/TSFCB039Qzo\/s400\/Detenidos%2BDesaparecidos600.jpg"},{"@type":"BreadcrumbList","@id":"https:\/\/www.fraczinet.cl\/sitio\/2012\/04\/18\/generales-digan-donde-los-tienen-secuestrados\/#breadcrumb","itemListElement":[{"@type":"ListItem","position":1,"name":"Portada","item":"https:\/\/www.fraczinet.cl\/sitio\/"},{"@type":"ListItem","position":2,"name":"Generales!!! Digan D\u00f3nde Los Tienen Secuestrados"}]},{"@type":"WebSite","@id":"https:\/\/www.fraczinet.cl\/sitio\/#website","url":"https:\/\/www.fraczinet.cl\/sitio\/","name":"Nuestro Bio B\u00edo","description":"Tierra de Encuentros","publisher":{"@id":"https:\/\/www.fraczinet.cl\/sitio\/#\/schema\/person\/aec8ee4da68df2b9b0eefdad24a0d582"},"potentialAction":[{"@type":"SearchAction","target":{"@type":"EntryPoint","urlTemplate":"https:\/\/www.fraczinet.cl\/sitio\/?s={search_term_string}"},"query-input":{"@type":"PropertyValueSpecification","valueRequired":true,"valueName":"search_term_string"}}],"inLanguage":"es"},{"@type":["Person","Organization"],"@id":"https:\/\/www.fraczinet.cl\/sitio\/#\/schema\/person\/aec8ee4da68df2b9b0eefdad24a0d582","name":"Luis Fernando Fraczinet","image":{"@type":"ImageObject","inLanguage":"es","@id":"https:\/\/www.fraczinet.cl\/sitio\/#\/schema\/person\/image\/","url":"https:\/\/www.fraczinet.cl\/sitio\/wp-content\/uploads\/2021\/07\/bannerlogo-1.gif","contentUrl":"https:\/\/www.fraczinet.cl\/sitio\/wp-content\/uploads\/2021\/07\/bannerlogo-1.gif","width":159,"height":79,"caption":"Luis Fernando Fraczinet"},"logo":{"@id":"https:\/\/www.fraczinet.cl\/sitio\/#\/schema\/person\/image\/"},"sameAs":["https:\/\/www.fraczinet.cl\/sitio\/"]},{"@type":"Person","@id":"https:\/\/www.fraczinet.cl\/sitio\/#\/schema\/person\/bc30f98e9cb10ae7e119dbe14bc93784","name":"admin","image":{"@type":"ImageObject","inLanguage":"es","@id":"https:\/\/www.fraczinet.cl\/sitio\/#\/schema\/person\/image\/","url":"https:\/\/secure.gravatar.com\/avatar\/d5ad3cf7ef3b23a2bb5be73be780c86b2fc8545c3ad6b149f3913ff458c00099?s=96&d=mm&r=g","contentUrl":"https:\/\/secure.gravatar.com\/avatar\/d5ad3cf7ef3b23a2bb5be73be780c86b2fc8545c3ad6b149f3913ff458c00099?s=96&d=mm&r=g","caption":"admin"},"sameAs":["https:\/\/www.fraczinet.cl\/sitio"]}]}},"_links":{"self":[{"href":"https:\/\/www.fraczinet.cl\/sitio\/wp-json\/wp\/v2\/posts\/5777","targetHints":{"allow":["GET"]}}],"collection":[{"href":"https:\/\/www.fraczinet.cl\/sitio\/wp-json\/wp\/v2\/posts"}],"about":[{"href":"https:\/\/www.fraczinet.cl\/sitio\/wp-json\/wp\/v2\/types\/post"}],"author":[{"embeddable":true,"href":"https:\/\/www.fraczinet.cl\/sitio\/wp-json\/wp\/v2\/users\/1"}],"replies":[{"embeddable":true,"href":"https:\/\/www.fraczinet.cl\/sitio\/wp-json\/wp\/v2\/comments?post=5777"}],"version-history":[{"count":0,"href":"https:\/\/www.fraczinet.cl\/sitio\/wp-json\/wp\/v2\/posts\/5777\/revisions"}],"wp:attachment":[{"href":"https:\/\/www.fraczinet.cl\/sitio\/wp-json\/wp\/v2\/media?parent=5777"}],"wp:term":[{"taxonomy":"category","embeddable":true,"href":"https:\/\/www.fraczinet.cl\/sitio\/wp-json\/wp\/v2\/categories?post=5777"},{"taxonomy":"post_tag","embeddable":true,"href":"https:\/\/www.fraczinet.cl\/sitio\/wp-json\/wp\/v2\/tags?post=5777"}],"curies":[{"name":"wp","href":"https:\/\/api.w.org\/{rel}","templated":true}]}}