{"id":5816,"date":"2012-03-25T16:31:00","date_gmt":"2012-03-25T16:31:00","guid":{"rendered":"https:\/\/www.fraczinet.cl\/sitio\/2012\/03\/25\/comisaria-de-san-carlos-fue-centro-de-detencion-mas-importante-de-la-zona-en-la-dictadura\/"},"modified":"2022-09-18T16:42:16","modified_gmt":"2022-09-18T16:42:16","slug":"comisaria-de-san-carlos-fue-centro-de-detencion-mas-importante-de-la-zona-en-la-dictadura","status":"publish","type":"post","link":"https:\/\/www.fraczinet.cl\/sitio\/2012\/03\/25\/comisaria-de-san-carlos-fue-centro-de-detencion-mas-importante-de-la-zona-en-la-dictadura\/","title":{"rendered":"Comisar\u00eda De San Carlos Fue Centro De Detenci\u00f3n M\u00e1s Importante De La Zona En La Dictadura"},"content":{"rendered":"<p>La Comisar\u00eda de San Carlos fue el centro de detenci\u00f3n mas importante de esta ciudad y sus alrededores. En general los presos pol\u00edticos eran normalmente detenidos en la Comisar\u00eda de San Carlos y posteriormente trasladados al Regimiento de Chill\u00e1n donde eran torturados.<\/p>\n<p>Testimonios de la \u00e9poca tambi\u00e9n muestran que en varias ocasiones, los presos pol\u00edticos eran brutalmente golpeados en la Comisar\u00eda antes de ser puestos en veh\u00edculos militares y enviados a Chill\u00e1n, donde eran luego enviados al Regimiento de Chill\u00e1n o al Cuartel de Investigaciones de Chill\u00e1n, donde eran sistem\u00e1ticamente torturados.<\/p>\n<p>En estas sesiones de tortura participaban miembros del Ejercito, Carabineros, miembros de Investigaciones y civiles de Chill\u00e1n y San Carlos. En el caso de los torturadores provenientes de San Carlos, estos viajaban especialmente desde San Carlos al Regimiento de Chill\u00e1n para participar en la interrogaci\u00f3n de los presos pol\u00edticos. En su mayor\u00eda, los civiles que participaron el las torturas de los presos pol\u00edticos eran miembros activos del grupo ultraderechista \u201cPatria y Libertad\u201d de San Carlos. Todos ellos est\u00e1n implicados directamente en la detenci\u00f3n y tortura de presos pol\u00edticos de la regi\u00f3n de San Carlos en los d\u00edas y meses subsiguiente al golpe militar. Los presos pol\u00edticos eran detenidos por orden del entonces Fiscal Militar de Chill\u00e1n Mario Romero Godoy (originario de San Carlos), usando lista elaboradas por colaboradores proveniente de \u201cPatria y Libertad\u201d y de partidos de derecha de la \u00e9poca (Partido Nacional).<\/p>\n<p><span style=\"font-weight: bold;\">Criminales y c\u00f3mplices<\/span>:<\/p>\n<p><span style=\"font-weight: bold;\">Militares<\/span>: Mario Romero Godoy (Mayor de Ejercito, Fiscal Militar de \u00d1uble), H\u00e9ctor Navarrete (se integro posteriormente a la DINA).<\/p>\n<p><span style=\"font-weight: bold;\">Carabineros<\/span>: Lautaro Iturriaga Valenzuela (encargado del \u00abSicar\u00bb en la ciudad de San Carlos), cabo Nivaldo Palavecino (agente del \u00abSICAR\u00bb).<\/p>\n<p><span style=\"font-weight: bold;\">Civiles<\/span>: Manuel Antonio Sep\u00falveda (alias \u201cel p\u00e1jaro loco\u201d, miembro de \u201cPatria y Libertad\u201d); Cinecio Casta\u00f1o (miembro y dirigente de \u201cPatria y Libertad\u201d y actual due\u00f1o de la panader\u00eda \u201cLa Espiga de Oro\u201d en San Carlos); Guillermo Lagos Assadi (miembro de \u201cPatria y Libertad\u201d. Fue nombrado Alcalde de San Carlos por Pinochet), Florencio Rodr\u00edguez Orellana (actualmente sigue trabajando en la Municipalidad de San Carlos), Manuel Soto (alias \u201cel Micho Soto\u201d), Pedro Guzm\u00e1n \u00c1lvarez, Ramiro Grez Fuentes, (estuvo empleado en el Convento Padres Trinitarios de San Carlos y hoy es Director de Transito en San Carlos), Carlos Polanco Herrera (medico cirujano de la Cl\u00ednica San Carlos y actualmente ejerce como Concejal en San Carlos), Ocean Mu\u00f1oz Meyer, Fernando Vera Peralta, Heriberto Hern\u00e1ndez, Cesar M\u00e1rquez Bravo, Julio Henr\u00edquez Fuentes, Ra\u00fal Fuentez Fuentez, Roberto Maraboli L\u00f3pez, Hader Hirmas, Oscar Irrarazabal, Ciro Larrocau, Mario Landaeta, Jos\u00e9 Peterman Trillar, Luis Gaete del Pino, Eduardo Linch, Toribio Castillo, Esteban Hern\u00e1ndez, Heriberto Hern\u00e1ndez, \u00c1ngel Landaeta del Mar, Claudio Aguiluz del R\u00edo, Zacar\u00edas Merino, Luis Dinamarca, Patricio de la Fuente, Fernando Duran Rodr\u00edguez (due\u00f1o del diario \u201cEl Esfuerzo\u201d de San Carlos).<\/p>\n<p><span style=\"font-weight: bold;\">Fuente: <a href=\"http:\/\/www.memoriaviva.com\/Centros\/08Region\/comisaria_de_carabineros_de_san_carlos.htm\">Memoria Viva<\/a><br \/>\nArchivo digital de las Violaciones de los Derechos Humanos de la Dictadura Militar en Chile (1973-1990)<\/span><\/p>\n","protected":false},"excerpt":{"rendered":"<p>La Comisar\u00eda de San Carlos fue el centro de detenci\u00f3n mas importante de esta ciudad y sus alrededores. En general los presos pol\u00edticos eran normalmente detenidos en la Comisar\u00eda de San Carlos y posteriormente trasladados al Regimiento de Chill\u00e1n donde eran torturados. Testimonios de la \u00e9poca tambi\u00e9n muestran que en varias ocasiones, los presos pol\u00edticos [&hellip;]<\/p>\n","protected":false},"author":1,"featured_media":12944,"comment_status":"open","ping_status":"open","sticky":false,"template":"","format":"standard","meta":{"footnotes":""},"categories":[154],"tags":[],"class_list":["post-5816","post","type-post","status-publish","format-standard","has-post-thumbnail","hentry","category-ddhh"],"yoast_head":"<!-- This site is optimized with the Yoast SEO plugin v25.0 - https:\/\/yoast.com\/wordpress\/plugins\/seo\/ -->\n<title>Comisar\u00eda De San Carlos Fue Centro De Detenci\u00f3n M\u00e1s Importante De La Zona En La Dictadura - Nuestro Bio B\u00edo<\/title>\n<meta name=\"robots\" content=\"index, follow, max-snippet:-1, max-image-preview:large, max-video-preview:-1\" \/>\n<link rel=\"canonical\" href=\"https:\/\/www.fraczinet.cl\/sitio\/2012\/03\/25\/comisaria-de-san-carlos-fue-centro-de-detencion-mas-importante-de-la-zona-en-la-dictadura\/\" \/>\n<meta property=\"og:locale\" content=\"es_ES\" \/>\n<meta property=\"og:type\" content=\"article\" \/>\n<meta property=\"og:title\" content=\"Comisar\u00eda De San Carlos Fue Centro De Detenci\u00f3n M\u00e1s Importante De La Zona En La Dictadura - Nuestro Bio B\u00edo\" \/>\n<meta property=\"og:description\" content=\"La Comisar\u00eda de San Carlos fue el centro de detenci\u00f3n mas importante de esta ciudad y sus alrededores. En general los presos pol\u00edticos eran normalmente detenidos en la Comisar\u00eda de San Carlos y posteriormente trasladados al Regimiento de Chill\u00e1n donde eran torturados. Testimonios de la \u00e9poca tambi\u00e9n muestran que en varias ocasiones, los presos pol\u00edticos [&hellip;]\" \/>\n<meta property=\"og:url\" content=\"https:\/\/www.fraczinet.cl\/sitio\/2012\/03\/25\/comisaria-de-san-carlos-fue-centro-de-detencion-mas-importante-de-la-zona-en-la-dictadura\/\" \/>\n<meta property=\"og:site_name\" content=\"Nuestro Bio B\u00edo\" \/>\n<meta property=\"article:published_time\" content=\"2012-03-25T16:31:00+00:00\" \/>\n<meta property=\"article:modified_time\" content=\"2022-09-18T16:42:16+00:00\" \/>\n<meta property=\"og:image\" content=\"https:\/\/www.fraczinet.cl\/sitio\/wp-content\/uploads\/2012\/03\/detenido-desaparecido.jpeg\" \/>\n\t<meta property=\"og:image:width\" content=\"300\" \/>\n\t<meta property=\"og:image:height\" content=\"168\" \/>\n\t<meta property=\"og:image:type\" content=\"image\/jpeg\" \/>\n<meta name=\"author\" content=\"admin\" \/>\n<meta name=\"twitter:card\" content=\"summary_large_image\" \/>\n<meta name=\"twitter:creator\" content=\"@nuestrobiobio\" \/>\n<meta name=\"twitter:site\" content=\"@nuestrobiobio\" \/>\n<meta name=\"twitter:label1\" content=\"Escrito por\" \/>\n\t<meta name=\"twitter:data1\" content=\"admin\" \/>\n\t<meta name=\"twitter:label2\" content=\"Tiempo de lectura\" \/>\n\t<meta name=\"twitter:data2\" content=\"3 minutos\" \/>\n<script type=\"application\/ld+json\" class=\"yoast-schema-graph\">{\"@context\":\"https:\/\/schema.org\",\"@graph\":[{\"@type\":\"Article\",\"@id\":\"https:\/\/www.fraczinet.cl\/sitio\/2012\/03\/25\/comisaria-de-san-carlos-fue-centro-de-detencion-mas-importante-de-la-zona-en-la-dictadura\/#article\",\"isPartOf\":{\"@id\":\"https:\/\/www.fraczinet.cl\/sitio\/2012\/03\/25\/comisaria-de-san-carlos-fue-centro-de-detencion-mas-importante-de-la-zona-en-la-dictadura\/\"},\"author\":{\"name\":\"admin\",\"@id\":\"https:\/\/www.fraczinet.cl\/sitio\/#\/schema\/person\/bc30f98e9cb10ae7e119dbe14bc93784\"},\"headline\":\"Comisar\u00eda De San Carlos Fue Centro De Detenci\u00f3n M\u00e1s Importante De La Zona En La Dictadura\",\"datePublished\":\"2012-03-25T16:31:00+00:00\",\"dateModified\":\"2022-09-18T16:42:16+00:00\",\"mainEntityOfPage\":{\"@id\":\"https:\/\/www.fraczinet.cl\/sitio\/2012\/03\/25\/comisaria-de-san-carlos-fue-centro-de-detencion-mas-importante-de-la-zona-en-la-dictadura\/\"},\"wordCount\":543,\"commentCount\":0,\"publisher\":{\"@id\":\"https:\/\/www.fraczinet.cl\/sitio\/#\/schema\/person\/aec8ee4da68df2b9b0eefdad24a0d582\"},\"image\":{\"@id\":\"https:\/\/www.fraczinet.cl\/sitio\/2012\/03\/25\/comisaria-de-san-carlos-fue-centro-de-detencion-mas-importante-de-la-zona-en-la-dictadura\/#primaryimage\"},\"thumbnailUrl\":\"https:\/\/www.fraczinet.cl\/sitio\/wp-content\/uploads\/2012\/03\/detenido-desaparecido.jpeg\",\"articleSection\":[\"DDHH\"],\"inLanguage\":\"es\",\"potentialAction\":[{\"@type\":\"CommentAction\",\"name\":\"Comment\",\"target\":[\"https:\/\/www.fraczinet.cl\/sitio\/2012\/03\/25\/comisaria-de-san-carlos-fue-centro-de-detencion-mas-importante-de-la-zona-en-la-dictadura\/#respond\"]}]},{\"@type\":\"WebPage\",\"@id\":\"https:\/\/www.fraczinet.cl\/sitio\/2012\/03\/25\/comisaria-de-san-carlos-fue-centro-de-detencion-mas-importante-de-la-zona-en-la-dictadura\/\",\"url\":\"https:\/\/www.fraczinet.cl\/sitio\/2012\/03\/25\/comisaria-de-san-carlos-fue-centro-de-detencion-mas-importante-de-la-zona-en-la-dictadura\/\",\"name\":\"Comisar\u00eda De San Carlos Fue Centro De Detenci\u00f3n M\u00e1s Importante De La Zona En La Dictadura - Nuestro Bio B\u00edo\",\"isPartOf\":{\"@id\":\"https:\/\/www.fraczinet.cl\/sitio\/#website\"},\"primaryImageOfPage\":{\"@id\":\"https:\/\/www.fraczinet.cl\/sitio\/2012\/03\/25\/comisaria-de-san-carlos-fue-centro-de-detencion-mas-importante-de-la-zona-en-la-dictadura\/#primaryimage\"},\"image\":{\"@id\":\"https:\/\/www.fraczinet.cl\/sitio\/2012\/03\/25\/comisaria-de-san-carlos-fue-centro-de-detencion-mas-importante-de-la-zona-en-la-dictadura\/#primaryimage\"},\"thumbnailUrl\":\"https:\/\/www.fraczinet.cl\/sitio\/wp-content\/uploads\/2012\/03\/detenido-desaparecido.jpeg\",\"datePublished\":\"2012-03-25T16:31:00+00:00\",\"dateModified\":\"2022-09-18T16:42:16+00:00\",\"breadcrumb\":{\"@id\":\"https:\/\/www.fraczinet.cl\/sitio\/2012\/03\/25\/comisaria-de-san-carlos-fue-centro-de-detencion-mas-importante-de-la-zona-en-la-dictadura\/#breadcrumb\"},\"inLanguage\":\"es\",\"potentialAction\":[{\"@type\":\"ReadAction\",\"target\":[\"https:\/\/www.fraczinet.cl\/sitio\/2012\/03\/25\/comisaria-de-san-carlos-fue-centro-de-detencion-mas-importante-de-la-zona-en-la-dictadura\/\"]}]},{\"@type\":\"ImageObject\",\"inLanguage\":\"es\",\"@id\":\"https:\/\/www.fraczinet.cl\/sitio\/2012\/03\/25\/comisaria-de-san-carlos-fue-centro-de-detencion-mas-importante-de-la-zona-en-la-dictadura\/#primaryimage\",\"url\":\"https:\/\/www.fraczinet.cl\/sitio\/wp-content\/uploads\/2012\/03\/detenido-desaparecido.jpeg\",\"contentUrl\":\"https:\/\/www.fraczinet.cl\/sitio\/wp-content\/uploads\/2012\/03\/detenido-desaparecido.jpeg\",\"width\":300,\"height\":168},{\"@type\":\"BreadcrumbList\",\"@id\":\"https:\/\/www.fraczinet.cl\/sitio\/2012\/03\/25\/comisaria-de-san-carlos-fue-centro-de-detencion-mas-importante-de-la-zona-en-la-dictadura\/#breadcrumb\",\"itemListElement\":[{\"@type\":\"ListItem\",\"position\":1,\"name\":\"Portada\",\"item\":\"https:\/\/www.fraczinet.cl\/sitio\/\"},{\"@type\":\"ListItem\",\"position\":2,\"name\":\"Comisar\u00eda De San Carlos Fue Centro De Detenci\u00f3n M\u00e1s Importante De La Zona En La Dictadura\"}]},{\"@type\":\"WebSite\",\"@id\":\"https:\/\/www.fraczinet.cl\/sitio\/#website\",\"url\":\"https:\/\/www.fraczinet.cl\/sitio\/\",\"name\":\"Nuestro Bio B\u00edo\",\"description\":\"Tierra de Encuentros\",\"publisher\":{\"@id\":\"https:\/\/www.fraczinet.cl\/sitio\/#\/schema\/person\/aec8ee4da68df2b9b0eefdad24a0d582\"},\"potentialAction\":[{\"@type\":\"SearchAction\",\"target\":{\"@type\":\"EntryPoint\",\"urlTemplate\":\"https:\/\/www.fraczinet.cl\/sitio\/?s={search_term_string}\"},\"query-input\":{\"@type\":\"PropertyValueSpecification\",\"valueRequired\":true,\"valueName\":\"search_term_string\"}}],\"inLanguage\":\"es\"},{\"@type\":[\"Person\",\"Organization\"],\"@id\":\"https:\/\/www.fraczinet.cl\/sitio\/#\/schema\/person\/aec8ee4da68df2b9b0eefdad24a0d582\",\"name\":\"Luis Fernando Fraczinet\",\"image\":{\"@type\":\"ImageObject\",\"inLanguage\":\"es\",\"@id\":\"https:\/\/www.fraczinet.cl\/sitio\/#\/schema\/person\/image\/\",\"url\":\"https:\/\/www.fraczinet.cl\/sitio\/wp-content\/uploads\/2021\/07\/bannerlogo-1.gif\",\"contentUrl\":\"https:\/\/www.fraczinet.cl\/sitio\/wp-content\/uploads\/2021\/07\/bannerlogo-1.gif\",\"width\":159,\"height\":79,\"caption\":\"Luis Fernando Fraczinet\"},\"logo\":{\"@id\":\"https:\/\/www.fraczinet.cl\/sitio\/#\/schema\/person\/image\/\"},\"sameAs\":[\"https:\/\/www.fraczinet.cl\/sitio\/\"]},{\"@type\":\"Person\",\"@id\":\"https:\/\/www.fraczinet.cl\/sitio\/#\/schema\/person\/bc30f98e9cb10ae7e119dbe14bc93784\",\"name\":\"admin\",\"image\":{\"@type\":\"ImageObject\",\"inLanguage\":\"es\",\"@id\":\"https:\/\/www.fraczinet.cl\/sitio\/#\/schema\/person\/image\/\",\"url\":\"https:\/\/secure.gravatar.com\/avatar\/d5ad3cf7ef3b23a2bb5be73be780c86b2fc8545c3ad6b149f3913ff458c00099?s=96&d=mm&r=g\",\"contentUrl\":\"https:\/\/secure.gravatar.com\/avatar\/d5ad3cf7ef3b23a2bb5be73be780c86b2fc8545c3ad6b149f3913ff458c00099?s=96&d=mm&r=g\",\"caption\":\"admin\"},\"sameAs\":[\"https:\/\/www.fraczinet.cl\/sitio\"]}]}<\/script>\n<!-- \/ Yoast SEO plugin. -->","yoast_head_json":{"title":"Comisar\u00eda De San Carlos Fue Centro De Detenci\u00f3n M\u00e1s Importante De La Zona En La Dictadura - Nuestro Bio B\u00edo","robots":{"index":"index","follow":"follow","max-snippet":"max-snippet:-1","max-image-preview":"max-image-preview:large","max-video-preview":"max-video-preview:-1"},"canonical":"https:\/\/www.fraczinet.cl\/sitio\/2012\/03\/25\/comisaria-de-san-carlos-fue-centro-de-detencion-mas-importante-de-la-zona-en-la-dictadura\/","og_locale":"es_ES","og_type":"article","og_title":"Comisar\u00eda De San Carlos Fue Centro De Detenci\u00f3n M\u00e1s Importante De La Zona En La Dictadura - Nuestro Bio B\u00edo","og_description":"La Comisar\u00eda de San Carlos fue el centro de detenci\u00f3n mas importante de esta ciudad y sus alrededores. En general los presos pol\u00edticos eran normalmente detenidos en la Comisar\u00eda de San Carlos y posteriormente trasladados al Regimiento de Chill\u00e1n donde eran torturados. Testimonios de la \u00e9poca tambi\u00e9n muestran que en varias ocasiones, los presos pol\u00edticos [&hellip;]","og_url":"https:\/\/www.fraczinet.cl\/sitio\/2012\/03\/25\/comisaria-de-san-carlos-fue-centro-de-detencion-mas-importante-de-la-zona-en-la-dictadura\/","og_site_name":"Nuestro Bio B\u00edo","article_published_time":"2012-03-25T16:31:00+00:00","article_modified_time":"2022-09-18T16:42:16+00:00","og_image":[{"width":300,"height":168,"url":"https:\/\/www.fraczinet.cl\/sitio\/wp-content\/uploads\/2012\/03\/detenido-desaparecido.jpeg","type":"image\/jpeg"}],"author":"admin","twitter_card":"summary_large_image","twitter_creator":"@nuestrobiobio","twitter_site":"@nuestrobiobio","twitter_misc":{"Escrito por":"admin","Tiempo de lectura":"3 minutos"},"schema":{"@context":"https:\/\/schema.org","@graph":[{"@type":"Article","@id":"https:\/\/www.fraczinet.cl\/sitio\/2012\/03\/25\/comisaria-de-san-carlos-fue-centro-de-detencion-mas-importante-de-la-zona-en-la-dictadura\/#article","isPartOf":{"@id":"https:\/\/www.fraczinet.cl\/sitio\/2012\/03\/25\/comisaria-de-san-carlos-fue-centro-de-detencion-mas-importante-de-la-zona-en-la-dictadura\/"},"author":{"name":"admin","@id":"https:\/\/www.fraczinet.cl\/sitio\/#\/schema\/person\/bc30f98e9cb10ae7e119dbe14bc93784"},"headline":"Comisar\u00eda De San Carlos Fue Centro De Detenci\u00f3n M\u00e1s Importante De La Zona En La Dictadura","datePublished":"2012-03-25T16:31:00+00:00","dateModified":"2022-09-18T16:42:16+00:00","mainEntityOfPage":{"@id":"https:\/\/www.fraczinet.cl\/sitio\/2012\/03\/25\/comisaria-de-san-carlos-fue-centro-de-detencion-mas-importante-de-la-zona-en-la-dictadura\/"},"wordCount":543,"commentCount":0,"publisher":{"@id":"https:\/\/www.fraczinet.cl\/sitio\/#\/schema\/person\/aec8ee4da68df2b9b0eefdad24a0d582"},"image":{"@id":"https:\/\/www.fraczinet.cl\/sitio\/2012\/03\/25\/comisaria-de-san-carlos-fue-centro-de-detencion-mas-importante-de-la-zona-en-la-dictadura\/#primaryimage"},"thumbnailUrl":"https:\/\/www.fraczinet.cl\/sitio\/wp-content\/uploads\/2012\/03\/detenido-desaparecido.jpeg","articleSection":["DDHH"],"inLanguage":"es","potentialAction":[{"@type":"CommentAction","name":"Comment","target":["https:\/\/www.fraczinet.cl\/sitio\/2012\/03\/25\/comisaria-de-san-carlos-fue-centro-de-detencion-mas-importante-de-la-zona-en-la-dictadura\/#respond"]}]},{"@type":"WebPage","@id":"https:\/\/www.fraczinet.cl\/sitio\/2012\/03\/25\/comisaria-de-san-carlos-fue-centro-de-detencion-mas-importante-de-la-zona-en-la-dictadura\/","url":"https:\/\/www.fraczinet.cl\/sitio\/2012\/03\/25\/comisaria-de-san-carlos-fue-centro-de-detencion-mas-importante-de-la-zona-en-la-dictadura\/","name":"Comisar\u00eda De San Carlos Fue Centro De Detenci\u00f3n M\u00e1s Importante De La Zona En La Dictadura - Nuestro Bio B\u00edo","isPartOf":{"@id":"https:\/\/www.fraczinet.cl\/sitio\/#website"},"primaryImageOfPage":{"@id":"https:\/\/www.fraczinet.cl\/sitio\/2012\/03\/25\/comisaria-de-san-carlos-fue-centro-de-detencion-mas-importante-de-la-zona-en-la-dictadura\/#primaryimage"},"image":{"@id":"https:\/\/www.fraczinet.cl\/sitio\/2012\/03\/25\/comisaria-de-san-carlos-fue-centro-de-detencion-mas-importante-de-la-zona-en-la-dictadura\/#primaryimage"},"thumbnailUrl":"https:\/\/www.fraczinet.cl\/sitio\/wp-content\/uploads\/2012\/03\/detenido-desaparecido.jpeg","datePublished":"2012-03-25T16:31:00+00:00","dateModified":"2022-09-18T16:42:16+00:00","breadcrumb":{"@id":"https:\/\/www.fraczinet.cl\/sitio\/2012\/03\/25\/comisaria-de-san-carlos-fue-centro-de-detencion-mas-importante-de-la-zona-en-la-dictadura\/#breadcrumb"},"inLanguage":"es","potentialAction":[{"@type":"ReadAction","target":["https:\/\/www.fraczinet.cl\/sitio\/2012\/03\/25\/comisaria-de-san-carlos-fue-centro-de-detencion-mas-importante-de-la-zona-en-la-dictadura\/"]}]},{"@type":"ImageObject","inLanguage":"es","@id":"https:\/\/www.fraczinet.cl\/sitio\/2012\/03\/25\/comisaria-de-san-carlos-fue-centro-de-detencion-mas-importante-de-la-zona-en-la-dictadura\/#primaryimage","url":"https:\/\/www.fraczinet.cl\/sitio\/wp-content\/uploads\/2012\/03\/detenido-desaparecido.jpeg","contentUrl":"https:\/\/www.fraczinet.cl\/sitio\/wp-content\/uploads\/2012\/03\/detenido-desaparecido.jpeg","width":300,"height":168},{"@type":"BreadcrumbList","@id":"https:\/\/www.fraczinet.cl\/sitio\/2012\/03\/25\/comisaria-de-san-carlos-fue-centro-de-detencion-mas-importante-de-la-zona-en-la-dictadura\/#breadcrumb","itemListElement":[{"@type":"ListItem","position":1,"name":"Portada","item":"https:\/\/www.fraczinet.cl\/sitio\/"},{"@type":"ListItem","position":2,"name":"Comisar\u00eda De San Carlos Fue Centro De Detenci\u00f3n M\u00e1s Importante De La Zona En La Dictadura"}]},{"@type":"WebSite","@id":"https:\/\/www.fraczinet.cl\/sitio\/#website","url":"https:\/\/www.fraczinet.cl\/sitio\/","name":"Nuestro Bio B\u00edo","description":"Tierra de Encuentros","publisher":{"@id":"https:\/\/www.fraczinet.cl\/sitio\/#\/schema\/person\/aec8ee4da68df2b9b0eefdad24a0d582"},"potentialAction":[{"@type":"SearchAction","target":{"@type":"EntryPoint","urlTemplate":"https:\/\/www.fraczinet.cl\/sitio\/?s={search_term_string}"},"query-input":{"@type":"PropertyValueSpecification","valueRequired":true,"valueName":"search_term_string"}}],"inLanguage":"es"},{"@type":["Person","Organization"],"@id":"https:\/\/www.fraczinet.cl\/sitio\/#\/schema\/person\/aec8ee4da68df2b9b0eefdad24a0d582","name":"Luis Fernando Fraczinet","image":{"@type":"ImageObject","inLanguage":"es","@id":"https:\/\/www.fraczinet.cl\/sitio\/#\/schema\/person\/image\/","url":"https:\/\/www.fraczinet.cl\/sitio\/wp-content\/uploads\/2021\/07\/bannerlogo-1.gif","contentUrl":"https:\/\/www.fraczinet.cl\/sitio\/wp-content\/uploads\/2021\/07\/bannerlogo-1.gif","width":159,"height":79,"caption":"Luis Fernando Fraczinet"},"logo":{"@id":"https:\/\/www.fraczinet.cl\/sitio\/#\/schema\/person\/image\/"},"sameAs":["https:\/\/www.fraczinet.cl\/sitio\/"]},{"@type":"Person","@id":"https:\/\/www.fraczinet.cl\/sitio\/#\/schema\/person\/bc30f98e9cb10ae7e119dbe14bc93784","name":"admin","image":{"@type":"ImageObject","inLanguage":"es","@id":"https:\/\/www.fraczinet.cl\/sitio\/#\/schema\/person\/image\/","url":"https:\/\/secure.gravatar.com\/avatar\/d5ad3cf7ef3b23a2bb5be73be780c86b2fc8545c3ad6b149f3913ff458c00099?s=96&d=mm&r=g","contentUrl":"https:\/\/secure.gravatar.com\/avatar\/d5ad3cf7ef3b23a2bb5be73be780c86b2fc8545c3ad6b149f3913ff458c00099?s=96&d=mm&r=g","caption":"admin"},"sameAs":["https:\/\/www.fraczinet.cl\/sitio"]}]}},"_links":{"self":[{"href":"https:\/\/www.fraczinet.cl\/sitio\/wp-json\/wp\/v2\/posts\/5816","targetHints":{"allow":["GET"]}}],"collection":[{"href":"https:\/\/www.fraczinet.cl\/sitio\/wp-json\/wp\/v2\/posts"}],"about":[{"href":"https:\/\/www.fraczinet.cl\/sitio\/wp-json\/wp\/v2\/types\/post"}],"author":[{"embeddable":true,"href":"https:\/\/www.fraczinet.cl\/sitio\/wp-json\/wp\/v2\/users\/1"}],"replies":[{"embeddable":true,"href":"https:\/\/www.fraczinet.cl\/sitio\/wp-json\/wp\/v2\/comments?post=5816"}],"version-history":[{"count":1,"href":"https:\/\/www.fraczinet.cl\/sitio\/wp-json\/wp\/v2\/posts\/5816\/revisions"}],"predecessor-version":[{"id":12945,"href":"https:\/\/www.fraczinet.cl\/sitio\/wp-json\/wp\/v2\/posts\/5816\/revisions\/12945"}],"wp:featuredmedia":[{"embeddable":true,"href":"https:\/\/www.fraczinet.cl\/sitio\/wp-json\/wp\/v2\/media\/12944"}],"wp:attachment":[{"href":"https:\/\/www.fraczinet.cl\/sitio\/wp-json\/wp\/v2\/media?parent=5816"}],"wp:term":[{"taxonomy":"category","embeddable":true,"href":"https:\/\/www.fraczinet.cl\/sitio\/wp-json\/wp\/v2\/categories?post=5816"},{"taxonomy":"post_tag","embeddable":true,"href":"https:\/\/www.fraczinet.cl\/sitio\/wp-json\/wp\/v2\/tags?post=5816"}],"curies":[{"name":"wp","href":"https:\/\/api.w.org\/{rel}","templated":true}]}}