{"id":5822,"date":"2012-03-22T17:51:00","date_gmt":"2012-03-22T17:51:00","guid":{"rendered":"https:\/\/www.fraczinet.cl\/sitio\/2012\/03\/22\/22-de-marzo-dia-mundial-del-agua\/"},"modified":"2022-09-18T16:49:50","modified_gmt":"2022-09-18T16:49:50","slug":"22-de-marzo-dia-mundial-del-agua","status":"publish","type":"post","link":"https:\/\/www.fraczinet.cl\/sitio\/2012\/03\/22\/22-de-marzo-dia-mundial-del-agua\/","title":{"rendered":"22 De Marzo: D\u00eda Mundial Del Agua"},"content":{"rendered":"<p>1.- Hoy Jueves 22 de \u00a0Marzo 2012 se conmemora el D\u00eda Mundial del Agua.\u00a0 Est\u00e1 dedicado al tema \u201cAgua y Seguridad Alimentaria\u201d <span style=\"font-weight: bold;\">1<\/span>.<\/p>\n<p>2.-Del total del agua en el planeta s\u00f3lo el 2.5% es agua dulce disponible para el consumo humano. Dado los crecientes niveles de contaminaci\u00f3n, es cada vez de menor calidad.\u00a0El consumo aumenta, por el crecimiento poblacional y por los crecientes patrones de consumo. <span style=\"font-weight: bold;\">2<\/span>.<\/p>\n<p>El cambio clim\u00e1tico tendr\u00e1 graves consecuencias en la disponibilidad de agua para producir alimentos y en la productividad de los cultivos durante las pr\u00f3ximas d\u00e9cadas, seg\u00fan advierte un informe de la FAO.<\/p>\n<p>Casi\u00a0el\u00a050% de la poblaci\u00f3n de los pa\u00edses en desarrollo (2.500 millones de personas) carecen de instalaciones mejoradas de saneamiento, y m\u00e1s de 884 millones todav\u00eda utilizan fuentes de agua no aptas para el consumo (la poblaci\u00f3n total de Am\u00e9rica es de 930 millones de habitantes. <span style=\"font-weight: bold;\">3.<\/span><\/p>\n<p>Cada 20 segundos muere un ni\u00f1o por carecer de agua potable y de instalaciones b\u00e1sicas de saneamiento.<\/p>\n<p>3.-En Chile, desde la Regi\u00f3n de Arica y Parinacota hasta la Metropolitana existe baja disponibilidad de agua. Existe crisis h\u00eddrica en Arica, comunas de Copiap\u00f3, Caldera, Cha\u00f1aral. En La Ligua, Cabildo y Petorca de la Regi\u00f3n de Valpara\u00edso.<\/p>\n<p>Seg\u00fan la OCDE: Para el a\u00f1o 2050 se necesitar\u00e1 50% m\u00e1s de agua.<\/p>\n<p>4.- Oro azul. Dr\u00e1stico d\u00e9ficit del recurso para el a\u00f1o 2025 indican las estad\u00edsticas de la FAO. En el futuro se agudizar\u00e1n y aumentar\u00e1n los conflictos en el interior y entre los pa\u00edses por el agua.<\/p>\n<p>5.- Privatizaci\u00f3n. Ante este escenario, es muy grave que los recursos en nuestro pa\u00eds est\u00e9n privatizados y controlados por las multinacionales por la poca visi\u00f3n de futuro de los ex presidentes Frei y Lagos y el presidente Pi\u00f1era quienes, sin consultar a los ciudadanos de Chile,\u00a0 les han expropiado\u00a0 el agua potable, alcantarillado, edificios. <span style=\"font-weight: bold;\">5.<\/span><\/p>\n<p>Estas\u00a0 pr\u00e1cticas autoritarias y centralistas no son iguales en todos los pa\u00edses, en Uruguay e Italia por ejemplo, se detuvo un intento privatizador mediante un plebiscito.<\/p>\n<p><span style=\"font-weight: bold;\">POR TODO LO ANTERIOR, ES NECESARIO QUE LOS CIUDADANOS SOLICITEMOS AL GOBIERNO<\/span>:<\/p>\n<p>1.- Asumir las resoluciones de la ONU. El a\u00f1o 2010, 122 pa\u00edses de la ONU, entre ellos Chile, aprobaron que el uso del agua no es solo una necesidad, sino un derecho humano esencial.<\/p>\n<p>2.- Renacionalizar el agua modificando el art\u00edculo 19 n\u00ba 24 de la Constituci\u00f3n 4\u00a0y reformar el C\u00f3digo de Aguas. <span style=\"font-weight: bold;\">6.<\/span> Ya que por ejemplo las empresas sanitarias son un monopolio con tarifas altas y malos servicios y porque el agua es inmanente a la vida.<\/p>\n<p>3.- Plebiscitos legalmente vinculantes, que incluyan el destino de los servicios b\u00e1sicos. Tambi\u00e9n son \u00fatiles para resolver el Desarrollo de la Regionalizaci\u00f3n de toda la naci\u00f3n.<\/p>\n<p>4.-Planificar el uso sostenible en el tiempo y con el medio ambiente \u00a0asegurando la disponibilidad para todas las regiones del pa\u00eds.<\/p>\n<p>5.- Promover que las empresas mineras tengan sus plantas de desalinizaci\u00f3n del agua. Examinar la construcci\u00f3n de carreteras para el \u00a0transporte del agua.<\/p>\n<p>6.- Definir democr\u00e1ticamente una pol\u00edtica nacional sobre el agua.<\/p>\n<p><span style=\"font-weight: bold;\">Atenta y cordialmente:<br \/>\nDr. Edgardo Condeza Vaccaro<br \/>\nPresidente<br \/>\nMovimiento por la Consulta y los Derechos Ciudadanos<br \/>\nedgardocondeza@vtr.net<\/span><\/p>\n<p><span style=\"font-weight: bold;\">1<\/span>.\u201cHoy en d\u00eda hay 7\u00a0000 millones de personas que alimentar en el planeta y se prev\u00e9 que habr\u00e1 otros 2.000\u00a0 millones para el a\u00f1o 2050. Las estad\u00edsticas indican que todas las personas beben de 2 a 4 litros de agua a diario, sin embargo, la mayor parte del agua que &#8216;bebemos&#8217; est\u00e1 incorporada en los alimentos que consumimos: producir 1 kilo de carne de vacuno, por ejemplo, consume 15.000 litros de agua, y 1 kilo de trigo se &#8216;bebe&#8217; 1.500 litros. Cuando mil millones de personas en el mundo ya viven en condiciones de\u00a0 hambre cr\u00f3nica y los recursos h\u00eddricos sufren presiones, no se puede hacer como si el problema estuviera &#8216;en otra parte&#8217;.\u00a0Afrontar el crecimiento de la poblaci\u00f3n y garantizar el acceso a alimentos nutritivos para todos exige una serie de medidas a las que todos podemos contribuir con lo siguiente:<br \/>\n&#8211; Consumir productos que hagan un uso menos intensivo de agua;<br \/>\n&#8211; Reducir el escandaloso desperdicio de alimentos; nunca se consume el 30% de los alimentos producidos en todo el mundo y el agua utilizada para producirlos se pierde definitivamente;<br \/>\n&#8211; Producir m\u00e1s alimentos, de mejor calidad, con menos agua;<br \/>\nllevar una alimentaci\u00f3n saludable.\u201d<br \/>\nFAO: http:\/\/www.unwater.org\/worldwaterday\/index_es.html<\/p>\n<p>2. \u00a0Gian Carlo Delgado Ramos http:\/\/www.ecoportal.net\/content\/view\/full\/97331<\/p>\n<p><span style=\"font-weight: bold;\">3<\/span>. http:\/\/es.wikipedia.org\/wiki\/Am%C3%A9rica<\/p>\n<p><span style=\"font-weight: bold;\">4<\/span>. En Argentina, Bolivia, Brasil, Canad\u00e1, Ecuador, EEUU, Filipinas, Francia. En las provincias de Buenos Aires, Tucum\u00e1n y Mendoza, La Paz , Cochabamba y El Alto, en el Estado de Paran\u00e1, Neufchateau, en Halifax, en Quito, en Atlanta, en Manila, en Castres, Shatelleraut y Cherburgo, en Par\u00eds (bajando inmediatamente las tarifas), etc. el agua se ha remunicipalizado o renacionalizado.<\/p>\n<p><span style=\"font-weight: bold;\">5.<\/span> Nuestro Movimiento: realiz\u00f3 una CONSULTA EN LA REGI\u00d3N DEL BIO BIO, para consultar a los ciudadanos sobre la privatizaci\u00f3n del AGUA POTABLE, ESSBIO. Sufragaron con su carn\u00e9 de identidad: 136.783 personas. El 99,01 % se manifest\u00f3 en contra de la<br \/>\nprivatizaci\u00f3n. Sin embargo, se privatiz\u00f3 y ha tra\u00eddo muy malas consecuencias para los habitantes.<\/p>\n<p><span style=\"font-weight: bold;\">6<\/span>. El 19 Marzo 2012 quince Comunas Mineras le pidieron esto al Presidente.<\/p>\n","protected":false},"excerpt":{"rendered":"<p>1.- Hoy Jueves 22 de \u00a0Marzo 2012 se conmemora el D\u00eda Mundial del Agua.\u00a0 Est\u00e1 dedicado al tema \u201cAgua y Seguridad Alimentaria\u201d 1. 2.-Del total del agua en el planeta s\u00f3lo el 2.5% es agua dulce disponible para el consumo humano. Dado los crecientes niveles de contaminaci\u00f3n, es cada vez de menor calidad.\u00a0El consumo aumenta, [&hellip;]<\/p>\n","protected":false},"author":1,"featured_media":6826,"comment_status":"open","ping_status":"open","sticky":false,"template":"","format":"standard","meta":{"footnotes":""},"categories":[240],"tags":[],"class_list":["post-5822","post","type-post","status-publish","format-standard","has-post-thumbnail","hentry","category-agua"],"yoast_head":"<!-- This site is optimized with the Yoast SEO plugin v25.0 - https:\/\/yoast.com\/wordpress\/plugins\/seo\/ -->\n<title>22 De Marzo: D\u00eda Mundial Del Agua - Nuestro Bio B\u00edo<\/title>\n<meta name=\"robots\" content=\"index, follow, max-snippet:-1, max-image-preview:large, max-video-preview:-1\" \/>\n<link rel=\"canonical\" href=\"https:\/\/www.fraczinet.cl\/sitio\/2012\/03\/22\/22-de-marzo-dia-mundial-del-agua\/\" \/>\n<meta property=\"og:locale\" content=\"es_ES\" \/>\n<meta property=\"og:type\" content=\"article\" \/>\n<meta property=\"og:title\" content=\"22 De Marzo: D\u00eda Mundial Del Agua - Nuestro Bio B\u00edo\" \/>\n<meta property=\"og:description\" content=\"1.- Hoy Jueves 22 de \u00a0Marzo 2012 se conmemora el D\u00eda Mundial del Agua.\u00a0 Est\u00e1 dedicado al tema \u201cAgua y Seguridad Alimentaria\u201d 1. 2.-Del total del agua en el planeta s\u00f3lo el 2.5% es agua dulce disponible para el consumo humano. Dado los crecientes niveles de contaminaci\u00f3n, es cada vez de menor calidad.\u00a0El consumo aumenta, [&hellip;]\" \/>\n<meta property=\"og:url\" content=\"https:\/\/www.fraczinet.cl\/sitio\/2012\/03\/22\/22-de-marzo-dia-mundial-del-agua\/\" \/>\n<meta property=\"og:site_name\" content=\"Nuestro Bio B\u00edo\" \/>\n<meta property=\"article:published_time\" content=\"2012-03-22T17:51:00+00:00\" \/>\n<meta property=\"article:modified_time\" content=\"2022-09-18T16:49:50+00:00\" \/>\n<meta property=\"og:image\" content=\"https:\/\/www.fraczinet.cl\/sitio\/wp-content\/uploads\/2021\/09\/rio_Biobio_sector_Quepuca_Estadio.jpg\" \/>\n\t<meta property=\"og:image:width\" content=\"1703\" \/>\n\t<meta property=\"og:image:height\" content=\"1134\" \/>\n\t<meta property=\"og:image:type\" content=\"image\/jpeg\" \/>\n<meta name=\"author\" content=\"admin\" \/>\n<meta name=\"twitter:card\" content=\"summary_large_image\" \/>\n<meta name=\"twitter:creator\" content=\"@nuestrobiobio\" \/>\n<meta name=\"twitter:site\" content=\"@nuestrobiobio\" \/>\n<meta name=\"twitter:label1\" content=\"Escrito por\" \/>\n\t<meta name=\"twitter:data1\" content=\"admin\" \/>\n\t<meta name=\"twitter:label2\" content=\"Tiempo de lectura\" \/>\n\t<meta name=\"twitter:data2\" content=\"5 minutos\" \/>\n<script type=\"application\/ld+json\" class=\"yoast-schema-graph\">{\"@context\":\"https:\/\/schema.org\",\"@graph\":[{\"@type\":\"Article\",\"@id\":\"https:\/\/www.fraczinet.cl\/sitio\/2012\/03\/22\/22-de-marzo-dia-mundial-del-agua\/#article\",\"isPartOf\":{\"@id\":\"https:\/\/www.fraczinet.cl\/sitio\/2012\/03\/22\/22-de-marzo-dia-mundial-del-agua\/\"},\"author\":{\"name\":\"admin\",\"@id\":\"https:\/\/www.fraczinet.cl\/sitio\/#\/schema\/person\/bc30f98e9cb10ae7e119dbe14bc93784\"},\"headline\":\"22 De Marzo: D\u00eda Mundial Del Agua\",\"datePublished\":\"2012-03-22T17:51:00+00:00\",\"dateModified\":\"2022-09-18T16:49:50+00:00\",\"mainEntityOfPage\":{\"@id\":\"https:\/\/www.fraczinet.cl\/sitio\/2012\/03\/22\/22-de-marzo-dia-mundial-del-agua\/\"},\"wordCount\":908,\"commentCount\":0,\"publisher\":{\"@id\":\"https:\/\/www.fraczinet.cl\/sitio\/#\/schema\/person\/aec8ee4da68df2b9b0eefdad24a0d582\"},\"image\":{\"@id\":\"https:\/\/www.fraczinet.cl\/sitio\/2012\/03\/22\/22-de-marzo-dia-mundial-del-agua\/#primaryimage\"},\"thumbnailUrl\":\"https:\/\/www.fraczinet.cl\/sitio\/wp-content\/uploads\/2021\/09\/rio_Biobio_sector_Quepuca_Estadio.jpg\",\"articleSection\":[\"Agua\"],\"inLanguage\":\"es\",\"potentialAction\":[{\"@type\":\"CommentAction\",\"name\":\"Comment\",\"target\":[\"https:\/\/www.fraczinet.cl\/sitio\/2012\/03\/22\/22-de-marzo-dia-mundial-del-agua\/#respond\"]}]},{\"@type\":\"WebPage\",\"@id\":\"https:\/\/www.fraczinet.cl\/sitio\/2012\/03\/22\/22-de-marzo-dia-mundial-del-agua\/\",\"url\":\"https:\/\/www.fraczinet.cl\/sitio\/2012\/03\/22\/22-de-marzo-dia-mundial-del-agua\/\",\"name\":\"22 De Marzo: D\u00eda Mundial Del Agua - Nuestro Bio B\u00edo\",\"isPartOf\":{\"@id\":\"https:\/\/www.fraczinet.cl\/sitio\/#website\"},\"primaryImageOfPage\":{\"@id\":\"https:\/\/www.fraczinet.cl\/sitio\/2012\/03\/22\/22-de-marzo-dia-mundial-del-agua\/#primaryimage\"},\"image\":{\"@id\":\"https:\/\/www.fraczinet.cl\/sitio\/2012\/03\/22\/22-de-marzo-dia-mundial-del-agua\/#primaryimage\"},\"thumbnailUrl\":\"https:\/\/www.fraczinet.cl\/sitio\/wp-content\/uploads\/2021\/09\/rio_Biobio_sector_Quepuca_Estadio.jpg\",\"datePublished\":\"2012-03-22T17:51:00+00:00\",\"dateModified\":\"2022-09-18T16:49:50+00:00\",\"breadcrumb\":{\"@id\":\"https:\/\/www.fraczinet.cl\/sitio\/2012\/03\/22\/22-de-marzo-dia-mundial-del-agua\/#breadcrumb\"},\"inLanguage\":\"es\",\"potentialAction\":[{\"@type\":\"ReadAction\",\"target\":[\"https:\/\/www.fraczinet.cl\/sitio\/2012\/03\/22\/22-de-marzo-dia-mundial-del-agua\/\"]}]},{\"@type\":\"ImageObject\",\"inLanguage\":\"es\",\"@id\":\"https:\/\/www.fraczinet.cl\/sitio\/2012\/03\/22\/22-de-marzo-dia-mundial-del-agua\/#primaryimage\",\"url\":\"https:\/\/www.fraczinet.cl\/sitio\/wp-content\/uploads\/2021\/09\/rio_Biobio_sector_Quepuca_Estadio.jpg\",\"contentUrl\":\"https:\/\/www.fraczinet.cl\/sitio\/wp-content\/uploads\/2021\/09\/rio_Biobio_sector_Quepuca_Estadio.jpg\",\"width\":1703,\"height\":1134},{\"@type\":\"BreadcrumbList\",\"@id\":\"https:\/\/www.fraczinet.cl\/sitio\/2012\/03\/22\/22-de-marzo-dia-mundial-del-agua\/#breadcrumb\",\"itemListElement\":[{\"@type\":\"ListItem\",\"position\":1,\"name\":\"Portada\",\"item\":\"https:\/\/www.fraczinet.cl\/sitio\/\"},{\"@type\":\"ListItem\",\"position\":2,\"name\":\"22 De Marzo: D\u00eda Mundial Del Agua\"}]},{\"@type\":\"WebSite\",\"@id\":\"https:\/\/www.fraczinet.cl\/sitio\/#website\",\"url\":\"https:\/\/www.fraczinet.cl\/sitio\/\",\"name\":\"Nuestro Bio B\u00edo\",\"description\":\"Tierra de Encuentros\",\"publisher\":{\"@id\":\"https:\/\/www.fraczinet.cl\/sitio\/#\/schema\/person\/aec8ee4da68df2b9b0eefdad24a0d582\"},\"potentialAction\":[{\"@type\":\"SearchAction\",\"target\":{\"@type\":\"EntryPoint\",\"urlTemplate\":\"https:\/\/www.fraczinet.cl\/sitio\/?s={search_term_string}\"},\"query-input\":{\"@type\":\"PropertyValueSpecification\",\"valueRequired\":true,\"valueName\":\"search_term_string\"}}],\"inLanguage\":\"es\"},{\"@type\":[\"Person\",\"Organization\"],\"@id\":\"https:\/\/www.fraczinet.cl\/sitio\/#\/schema\/person\/aec8ee4da68df2b9b0eefdad24a0d582\",\"name\":\"Luis Fernando Fraczinet\",\"image\":{\"@type\":\"ImageObject\",\"inLanguage\":\"es\",\"@id\":\"https:\/\/www.fraczinet.cl\/sitio\/#\/schema\/person\/image\/\",\"url\":\"https:\/\/www.fraczinet.cl\/sitio\/wp-content\/uploads\/2021\/07\/bannerlogo-1.gif\",\"contentUrl\":\"https:\/\/www.fraczinet.cl\/sitio\/wp-content\/uploads\/2021\/07\/bannerlogo-1.gif\",\"width\":159,\"height\":79,\"caption\":\"Luis Fernando Fraczinet\"},\"logo\":{\"@id\":\"https:\/\/www.fraczinet.cl\/sitio\/#\/schema\/person\/image\/\"},\"sameAs\":[\"https:\/\/www.fraczinet.cl\/sitio\/\"]},{\"@type\":\"Person\",\"@id\":\"https:\/\/www.fraczinet.cl\/sitio\/#\/schema\/person\/bc30f98e9cb10ae7e119dbe14bc93784\",\"name\":\"admin\",\"image\":{\"@type\":\"ImageObject\",\"inLanguage\":\"es\",\"@id\":\"https:\/\/www.fraczinet.cl\/sitio\/#\/schema\/person\/image\/\",\"url\":\"https:\/\/secure.gravatar.com\/avatar\/d5ad3cf7ef3b23a2bb5be73be780c86b2fc8545c3ad6b149f3913ff458c00099?s=96&d=mm&r=g\",\"contentUrl\":\"https:\/\/secure.gravatar.com\/avatar\/d5ad3cf7ef3b23a2bb5be73be780c86b2fc8545c3ad6b149f3913ff458c00099?s=96&d=mm&r=g\",\"caption\":\"admin\"},\"sameAs\":[\"https:\/\/www.fraczinet.cl\/sitio\"]}]}<\/script>\n<!-- \/ Yoast SEO plugin. -->","yoast_head_json":{"title":"22 De Marzo: D\u00eda Mundial Del Agua - Nuestro Bio B\u00edo","robots":{"index":"index","follow":"follow","max-snippet":"max-snippet:-1","max-image-preview":"max-image-preview:large","max-video-preview":"max-video-preview:-1"},"canonical":"https:\/\/www.fraczinet.cl\/sitio\/2012\/03\/22\/22-de-marzo-dia-mundial-del-agua\/","og_locale":"es_ES","og_type":"article","og_title":"22 De Marzo: D\u00eda Mundial Del Agua - Nuestro Bio B\u00edo","og_description":"1.- Hoy Jueves 22 de \u00a0Marzo 2012 se conmemora el D\u00eda Mundial del Agua.\u00a0 Est\u00e1 dedicado al tema \u201cAgua y Seguridad Alimentaria\u201d 1. 2.-Del total del agua en el planeta s\u00f3lo el 2.5% es agua dulce disponible para el consumo humano. Dado los crecientes niveles de contaminaci\u00f3n, es cada vez de menor calidad.\u00a0El consumo aumenta, [&hellip;]","og_url":"https:\/\/www.fraczinet.cl\/sitio\/2012\/03\/22\/22-de-marzo-dia-mundial-del-agua\/","og_site_name":"Nuestro Bio B\u00edo","article_published_time":"2012-03-22T17:51:00+00:00","article_modified_time":"2022-09-18T16:49:50+00:00","og_image":[{"width":1703,"height":1134,"url":"https:\/\/www.fraczinet.cl\/sitio\/wp-content\/uploads\/2021\/09\/rio_Biobio_sector_Quepuca_Estadio.jpg","type":"image\/jpeg"}],"author":"admin","twitter_card":"summary_large_image","twitter_creator":"@nuestrobiobio","twitter_site":"@nuestrobiobio","twitter_misc":{"Escrito por":"admin","Tiempo de lectura":"5 minutos"},"schema":{"@context":"https:\/\/schema.org","@graph":[{"@type":"Article","@id":"https:\/\/www.fraczinet.cl\/sitio\/2012\/03\/22\/22-de-marzo-dia-mundial-del-agua\/#article","isPartOf":{"@id":"https:\/\/www.fraczinet.cl\/sitio\/2012\/03\/22\/22-de-marzo-dia-mundial-del-agua\/"},"author":{"name":"admin","@id":"https:\/\/www.fraczinet.cl\/sitio\/#\/schema\/person\/bc30f98e9cb10ae7e119dbe14bc93784"},"headline":"22 De Marzo: D\u00eda Mundial Del Agua","datePublished":"2012-03-22T17:51:00+00:00","dateModified":"2022-09-18T16:49:50+00:00","mainEntityOfPage":{"@id":"https:\/\/www.fraczinet.cl\/sitio\/2012\/03\/22\/22-de-marzo-dia-mundial-del-agua\/"},"wordCount":908,"commentCount":0,"publisher":{"@id":"https:\/\/www.fraczinet.cl\/sitio\/#\/schema\/person\/aec8ee4da68df2b9b0eefdad24a0d582"},"image":{"@id":"https:\/\/www.fraczinet.cl\/sitio\/2012\/03\/22\/22-de-marzo-dia-mundial-del-agua\/#primaryimage"},"thumbnailUrl":"https:\/\/www.fraczinet.cl\/sitio\/wp-content\/uploads\/2021\/09\/rio_Biobio_sector_Quepuca_Estadio.jpg","articleSection":["Agua"],"inLanguage":"es","potentialAction":[{"@type":"CommentAction","name":"Comment","target":["https:\/\/www.fraczinet.cl\/sitio\/2012\/03\/22\/22-de-marzo-dia-mundial-del-agua\/#respond"]}]},{"@type":"WebPage","@id":"https:\/\/www.fraczinet.cl\/sitio\/2012\/03\/22\/22-de-marzo-dia-mundial-del-agua\/","url":"https:\/\/www.fraczinet.cl\/sitio\/2012\/03\/22\/22-de-marzo-dia-mundial-del-agua\/","name":"22 De Marzo: D\u00eda Mundial Del Agua - Nuestro Bio B\u00edo","isPartOf":{"@id":"https:\/\/www.fraczinet.cl\/sitio\/#website"},"primaryImageOfPage":{"@id":"https:\/\/www.fraczinet.cl\/sitio\/2012\/03\/22\/22-de-marzo-dia-mundial-del-agua\/#primaryimage"},"image":{"@id":"https:\/\/www.fraczinet.cl\/sitio\/2012\/03\/22\/22-de-marzo-dia-mundial-del-agua\/#primaryimage"},"thumbnailUrl":"https:\/\/www.fraczinet.cl\/sitio\/wp-content\/uploads\/2021\/09\/rio_Biobio_sector_Quepuca_Estadio.jpg","datePublished":"2012-03-22T17:51:00+00:00","dateModified":"2022-09-18T16:49:50+00:00","breadcrumb":{"@id":"https:\/\/www.fraczinet.cl\/sitio\/2012\/03\/22\/22-de-marzo-dia-mundial-del-agua\/#breadcrumb"},"inLanguage":"es","potentialAction":[{"@type":"ReadAction","target":["https:\/\/www.fraczinet.cl\/sitio\/2012\/03\/22\/22-de-marzo-dia-mundial-del-agua\/"]}]},{"@type":"ImageObject","inLanguage":"es","@id":"https:\/\/www.fraczinet.cl\/sitio\/2012\/03\/22\/22-de-marzo-dia-mundial-del-agua\/#primaryimage","url":"https:\/\/www.fraczinet.cl\/sitio\/wp-content\/uploads\/2021\/09\/rio_Biobio_sector_Quepuca_Estadio.jpg","contentUrl":"https:\/\/www.fraczinet.cl\/sitio\/wp-content\/uploads\/2021\/09\/rio_Biobio_sector_Quepuca_Estadio.jpg","width":1703,"height":1134},{"@type":"BreadcrumbList","@id":"https:\/\/www.fraczinet.cl\/sitio\/2012\/03\/22\/22-de-marzo-dia-mundial-del-agua\/#breadcrumb","itemListElement":[{"@type":"ListItem","position":1,"name":"Portada","item":"https:\/\/www.fraczinet.cl\/sitio\/"},{"@type":"ListItem","position":2,"name":"22 De Marzo: D\u00eda Mundial Del Agua"}]},{"@type":"WebSite","@id":"https:\/\/www.fraczinet.cl\/sitio\/#website","url":"https:\/\/www.fraczinet.cl\/sitio\/","name":"Nuestro Bio B\u00edo","description":"Tierra de Encuentros","publisher":{"@id":"https:\/\/www.fraczinet.cl\/sitio\/#\/schema\/person\/aec8ee4da68df2b9b0eefdad24a0d582"},"potentialAction":[{"@type":"SearchAction","target":{"@type":"EntryPoint","urlTemplate":"https:\/\/www.fraczinet.cl\/sitio\/?s={search_term_string}"},"query-input":{"@type":"PropertyValueSpecification","valueRequired":true,"valueName":"search_term_string"}}],"inLanguage":"es"},{"@type":["Person","Organization"],"@id":"https:\/\/www.fraczinet.cl\/sitio\/#\/schema\/person\/aec8ee4da68df2b9b0eefdad24a0d582","name":"Luis Fernando Fraczinet","image":{"@type":"ImageObject","inLanguage":"es","@id":"https:\/\/www.fraczinet.cl\/sitio\/#\/schema\/person\/image\/","url":"https:\/\/www.fraczinet.cl\/sitio\/wp-content\/uploads\/2021\/07\/bannerlogo-1.gif","contentUrl":"https:\/\/www.fraczinet.cl\/sitio\/wp-content\/uploads\/2021\/07\/bannerlogo-1.gif","width":159,"height":79,"caption":"Luis Fernando Fraczinet"},"logo":{"@id":"https:\/\/www.fraczinet.cl\/sitio\/#\/schema\/person\/image\/"},"sameAs":["https:\/\/www.fraczinet.cl\/sitio\/"]},{"@type":"Person","@id":"https:\/\/www.fraczinet.cl\/sitio\/#\/schema\/person\/bc30f98e9cb10ae7e119dbe14bc93784","name":"admin","image":{"@type":"ImageObject","inLanguage":"es","@id":"https:\/\/www.fraczinet.cl\/sitio\/#\/schema\/person\/image\/","url":"https:\/\/secure.gravatar.com\/avatar\/d5ad3cf7ef3b23a2bb5be73be780c86b2fc8545c3ad6b149f3913ff458c00099?s=96&d=mm&r=g","contentUrl":"https:\/\/secure.gravatar.com\/avatar\/d5ad3cf7ef3b23a2bb5be73be780c86b2fc8545c3ad6b149f3913ff458c00099?s=96&d=mm&r=g","caption":"admin"},"sameAs":["https:\/\/www.fraczinet.cl\/sitio"]}]}},"_links":{"self":[{"href":"https:\/\/www.fraczinet.cl\/sitio\/wp-json\/wp\/v2\/posts\/5822","targetHints":{"allow":["GET"]}}],"collection":[{"href":"https:\/\/www.fraczinet.cl\/sitio\/wp-json\/wp\/v2\/posts"}],"about":[{"href":"https:\/\/www.fraczinet.cl\/sitio\/wp-json\/wp\/v2\/types\/post"}],"author":[{"embeddable":true,"href":"https:\/\/www.fraczinet.cl\/sitio\/wp-json\/wp\/v2\/users\/1"}],"replies":[{"embeddable":true,"href":"https:\/\/www.fraczinet.cl\/sitio\/wp-json\/wp\/v2\/comments?post=5822"}],"version-history":[{"count":1,"href":"https:\/\/www.fraczinet.cl\/sitio\/wp-json\/wp\/v2\/posts\/5822\/revisions"}],"predecessor-version":[{"id":12949,"href":"https:\/\/www.fraczinet.cl\/sitio\/wp-json\/wp\/v2\/posts\/5822\/revisions\/12949"}],"wp:featuredmedia":[{"embeddable":true,"href":"https:\/\/www.fraczinet.cl\/sitio\/wp-json\/wp\/v2\/media\/6826"}],"wp:attachment":[{"href":"https:\/\/www.fraczinet.cl\/sitio\/wp-json\/wp\/v2\/media?parent=5822"}],"wp:term":[{"taxonomy":"category","embeddable":true,"href":"https:\/\/www.fraczinet.cl\/sitio\/wp-json\/wp\/v2\/categories?post=5822"},{"taxonomy":"post_tag","embeddable":true,"href":"https:\/\/www.fraczinet.cl\/sitio\/wp-json\/wp\/v2\/tags?post=5822"}],"curies":[{"name":"wp","href":"https:\/\/api.w.org\/{rel}","templated":true}]}}