{"id":5842,"date":"2012-03-03T17:47:00","date_gmt":"2012-03-03T17:47:00","guid":{"rendered":"https:\/\/www.fraczinet.cl\/sitio\/2012\/03\/03\/se-inicia-instalacion-de-maquinas-de-ejercicios-en-plaza-saludable-de-ranquil\/"},"modified":"2022-10-07T00:02:40","modified_gmt":"2022-10-07T00:02:40","slug":"se-inicia-instalacion-de-maquinas-de-ejercicios-en-plaza-saludable-de-ranquil","status":"publish","type":"post","link":"https:\/\/www.fraczinet.cl\/sitio\/se-inicia-instalacion-de-maquinas-de-ejercicios-en-plaza-saludable-de-ranquil\/","title":{"rendered":"Se Inicia Instalaci\u00f3n De M\u00e1quinas De Ejercicios En Plaza Saludable De R\u00e1nquil"},"content":{"rendered":"<div><a href=\"http:\/\/1.bp.blogspot.com\/-WcjylZbZ4-I\/T1JdGfRHpBI\/AAAAAAAAUZM\/UJbmXyTu-cU\/s1600\/Maquinas%2Bde%2Bejercicio%2BR%25C3%25A1nquil.JPG\" style=\"clear: left; float: left; margin-bottom: 1em; margin-right: 1em;\"><img decoding=\"async\" alt=\"\" border=\"0\" id=\"BLOGGER_PHOTO_ID_5715733243140482066\" src=\"http:\/\/1.bp.blogspot.com\/-WcjylZbZ4-I\/T1JdGfRHpBI\/AAAAAAAAUZM\/UJbmXyTu-cU\/s400\/Maquinas%2Bde%2Bejercicio%2BR%25C3%25A1nquil.JPG\" style=\"cursor: pointer; display: block; height: 267px; margin: 0px auto 10px; text-align: center; width: 400px;\" \/><\/a><\/div>\n<p>  La Jefa del Departamento de Salud de la municipalidad de R\u00e1nquil, Paola Alarc\u00f3n y el Alcalde Carlos Garrido mas funcionarios del Dpto. de Obras  asistieron a la recepci\u00f3n de m\u00e1quinas que ser\u00e1n instaladas en distintos puntos de la Comuna, comenz\u00e1ndose por el Parque, lugar que hasta el a\u00f1o pasado no era de propiedad de la I. Municipalidad y que por gestiones del Alcalde se logro adquirir ese terreno que ser\u00e1 habilitado como parque, cuya maqueta de trabajo ya esta lista para su ejecuci\u00f3n.&nbsp;<\/p>\n<div><\/div>\n<div>La Jefa de Salud indico: \u00abEsta primera Plaza Saludable se enmarca en un programa de trabajo que se comenz\u00f3 a idear el 2011, enfocada hacia la salud cardio-vascular y dirigida a ni\u00f1os y adultos mayores de la comuna y que ser\u00e1 implementado este 2012 en varios puntos de la Comuna y que por supuesto involucra un trabajo intenso del Municipio y del Departamento de Salud\u00bb.&nbsp;<\/div>\n<div><\/div>\n<div>Por su parte el Alcalde indico que ser\u00e1n varios los lugares favorecidos con estas m\u00e1quinas entre ellos esta el Parque Sector Estaci\u00f3n, la Plaza Parque, San Ignacio Palomares, Nueva Aldea, en total ser\u00e1n mas 30 maquinas que se habilitar\u00e1n con este proyecto de mejoramiento de salud para la poblaci\u00f3n. Muchos vecinos se ver\u00e1n favorecidos y con la adecuaci\u00f3n del sector se convertir\u00e1 en un tiempo muy corto como en un lugar de paseo familiar y de salud de la poblaci\u00f3n. Destacando que la implementacion es productos de dos proyecto el que corresponde a adecuacion de Plazas Activas a cargo del Municipio y prevencion de  salud cardio-vascular del Cesfam de Ranquil.<\/div>\n","protected":false},"excerpt":{"rendered":"<p>La Jefa del Departamento de Salud de la municipalidad de R\u00e1nquil, Paola Alarc\u00f3n y el Alcalde Carlos Garrido mas funcionarios del Dpto. de Obras asistieron a la recepci\u00f3n de m\u00e1quinas que ser\u00e1n instaladas en distintos puntos de la Comuna, comenz\u00e1ndose por el Parque, lugar que hasta el a\u00f1o pasado no era de propiedad de la [&hellip;]<\/p>\n","protected":false},"author":1,"featured_media":0,"comment_status":"open","ping_status":"closed","sticky":false,"template":"","format":"standard","meta":{"footnotes":""},"categories":[131],"tags":[],"class_list":["post-5842","post","type-post","status-publish","format-standard","hentry","category-politica"],"yoast_head":"<!-- This site is optimized with the Yoast SEO plugin v28.2 - https:\/\/yoast.com\/product\/yoast-seo-wordpress\/ -->\n<title>Se Inicia Instalaci\u00f3n De M\u00e1quinas De Ejercicios En Plaza Saludable De R\u00e1nquil - Nuestro Bio B\u00edo<\/title>\n<meta name=\"robots\" content=\"index, follow, max-snippet:-1, max-image-preview:large, max-video-preview:-1\" \/>\n<link rel=\"canonical\" href=\"https:\/\/www.fraczinet.cl\/sitio\/se-inicia-instalacion-de-maquinas-de-ejercicios-en-plaza-saludable-de-ranquil\/\" \/>\n<meta property=\"og:locale\" content=\"es_ES\" \/>\n<meta property=\"og:type\" content=\"article\" \/>\n<meta property=\"og:title\" content=\"Se Inicia Instalaci\u00f3n De M\u00e1quinas De Ejercicios En Plaza Saludable De R\u00e1nquil - Nuestro Bio B\u00edo\" \/>\n<meta property=\"og:description\" content=\"La Jefa del Departamento de Salud de la municipalidad de R\u00e1nquil, Paola Alarc\u00f3n y el Alcalde Carlos Garrido mas funcionarios del Dpto. de Obras asistieron a la recepci\u00f3n de m\u00e1quinas que ser\u00e1n instaladas en distintos puntos de la Comuna, comenz\u00e1ndose por el Parque, lugar que hasta el a\u00f1o pasado no era de propiedad de la [&hellip;]\" \/>\n<meta property=\"og:url\" content=\"https:\/\/www.fraczinet.cl\/sitio\/se-inicia-instalacion-de-maquinas-de-ejercicios-en-plaza-saludable-de-ranquil\/\" \/>\n<meta property=\"og:site_name\" content=\"Nuestro Bio B\u00edo\" \/>\n<meta property=\"article:publisher\" content=\"https:\/\/www.facebook.com\/groups\/15721414452\/\" \/>\n<meta property=\"article:published_time\" content=\"2012-03-03T17:47:00+00:00\" \/>\n<meta property=\"article:modified_time\" content=\"2022-10-07T00:02:40+00:00\" \/>\n<meta property=\"og:image\" content=\"http:\/\/1.bp.blogspot.com\/-WcjylZbZ4-I\/T1JdGfRHpBI\/AAAAAAAAUZM\/UJbmXyTu-cU\/s400\/Maquinas%2Bde%2Bejercicio%2BR%25C3%25A1nquil.JPG\" \/>\n<meta name=\"twitter:card\" content=\"summary_large_image\" \/>\n<meta name=\"twitter:creator\" content=\"@nuestrobiobio\" \/>\n<meta name=\"twitter:site\" content=\"@nuestrobiobio\" \/>\n<meta name=\"twitter:label1\" content=\"Escrito por\" \/>\n\t<meta name=\"twitter:data1\" content=\"\" \/>\n\t<meta name=\"twitter:label2\" content=\"Tiempo de lectura\" \/>\n\t<meta name=\"twitter:data2\" content=\"1 minuto\" \/>\n<script type=\"application\/ld+json\" class=\"yoast-schema-graph\">{\"@context\":\"https:\\\/\\\/schema.org\",\"@graph\":[{\"@type\":\"Article\",\"@id\":\"https:\\\/\\\/www.fraczinet.cl\\\/sitio\\\/se-inicia-instalacion-de-maquinas-de-ejercicios-en-plaza-saludable-de-ranquil\\\/#article\",\"isPartOf\":{\"@id\":\"https:\\\/\\\/www.fraczinet.cl\\\/sitio\\\/se-inicia-instalacion-de-maquinas-de-ejercicios-en-plaza-saludable-de-ranquil\\\/\"},\"author\":{\"name\":\"\",\"@id\":\"\"},\"headline\":\"Se Inicia Instalaci\u00f3n De M\u00e1quinas De Ejercicios En Plaza Saludable De R\u00e1nquil\",\"datePublished\":\"2012-03-03T17:47:00+00:00\",\"dateModified\":\"2022-10-07T00:02:40+00:00\",\"mainEntityOfPage\":{\"@id\":\"https:\\\/\\\/www.fraczinet.cl\\\/sitio\\\/se-inicia-instalacion-de-maquinas-de-ejercicios-en-plaza-saludable-de-ranquil\\\/\"},\"wordCount\":290,\"commentCount\":0,\"image\":{\"@id\":\"https:\\\/\\\/www.fraczinet.cl\\\/sitio\\\/se-inicia-instalacion-de-maquinas-de-ejercicios-en-plaza-saludable-de-ranquil\\\/#primaryimage\"},\"thumbnailUrl\":\"http:\\\/\\\/1.bp.blogspot.com\\\/-WcjylZbZ4-I\\\/T1JdGfRHpBI\\\/AAAAAAAAUZM\\\/UJbmXyTu-cU\\\/s400\\\/Maquinas%2Bde%2Bejercicio%2BR%25C3%25A1nquil.JPG\",\"articleSection\":[\"Pol\u00edtica\"],\"inLanguage\":\"es\",\"potentialAction\":[{\"@type\":\"CommentAction\",\"name\":\"Comment\",\"target\":[\"https:\\\/\\\/www.fraczinet.cl\\\/sitio\\\/se-inicia-instalacion-de-maquinas-de-ejercicios-en-plaza-saludable-de-ranquil\\\/#respond\"]}]},{\"@type\":\"WebPage\",\"@id\":\"https:\\\/\\\/www.fraczinet.cl\\\/sitio\\\/se-inicia-instalacion-de-maquinas-de-ejercicios-en-plaza-saludable-de-ranquil\\\/\",\"url\":\"https:\\\/\\\/www.fraczinet.cl\\\/sitio\\\/se-inicia-instalacion-de-maquinas-de-ejercicios-en-plaza-saludable-de-ranquil\\\/\",\"name\":\"Se Inicia Instalaci\u00f3n De M\u00e1quinas De Ejercicios En Plaza Saludable De R\u00e1nquil - Nuestro Bio B\u00edo\",\"isPartOf\":{\"@id\":\"https:\\\/\\\/www.fraczinet.cl\\\/sitio\\\/#website\"},\"primaryImageOfPage\":{\"@id\":\"https:\\\/\\\/www.fraczinet.cl\\\/sitio\\\/se-inicia-instalacion-de-maquinas-de-ejercicios-en-plaza-saludable-de-ranquil\\\/#primaryimage\"},\"image\":{\"@id\":\"https:\\\/\\\/www.fraczinet.cl\\\/sitio\\\/se-inicia-instalacion-de-maquinas-de-ejercicios-en-plaza-saludable-de-ranquil\\\/#primaryimage\"},\"thumbnailUrl\":\"http:\\\/\\\/1.bp.blogspot.com\\\/-WcjylZbZ4-I\\\/T1JdGfRHpBI\\\/AAAAAAAAUZM\\\/UJbmXyTu-cU\\\/s400\\\/Maquinas%2Bde%2Bejercicio%2BR%25C3%25A1nquil.JPG\",\"datePublished\":\"2012-03-03T17:47:00+00:00\",\"dateModified\":\"2022-10-07T00:02:40+00:00\",\"author\":{\"@id\":\"\"},\"breadcrumb\":{\"@id\":\"https:\\\/\\\/www.fraczinet.cl\\\/sitio\\\/se-inicia-instalacion-de-maquinas-de-ejercicios-en-plaza-saludable-de-ranquil\\\/#breadcrumb\"},\"inLanguage\":\"es\",\"potentialAction\":[{\"@type\":\"ReadAction\",\"target\":[\"https:\\\/\\\/www.fraczinet.cl\\\/sitio\\\/se-inicia-instalacion-de-maquinas-de-ejercicios-en-plaza-saludable-de-ranquil\\\/\"]}]},{\"@type\":\"ImageObject\",\"inLanguage\":\"es\",\"@id\":\"https:\\\/\\\/www.fraczinet.cl\\\/sitio\\\/se-inicia-instalacion-de-maquinas-de-ejercicios-en-plaza-saludable-de-ranquil\\\/#primaryimage\",\"url\":\"http:\\\/\\\/1.bp.blogspot.com\\\/-WcjylZbZ4-I\\\/T1JdGfRHpBI\\\/AAAAAAAAUZM\\\/UJbmXyTu-cU\\\/s400\\\/Maquinas%2Bde%2Bejercicio%2BR%25C3%25A1nquil.JPG\",\"contentUrl\":\"http:\\\/\\\/1.bp.blogspot.com\\\/-WcjylZbZ4-I\\\/T1JdGfRHpBI\\\/AAAAAAAAUZM\\\/UJbmXyTu-cU\\\/s400\\\/Maquinas%2Bde%2Bejercicio%2BR%25C3%25A1nquil.JPG\"},{\"@type\":\"BreadcrumbList\",\"@id\":\"https:\\\/\\\/www.fraczinet.cl\\\/sitio\\\/se-inicia-instalacion-de-maquinas-de-ejercicios-en-plaza-saludable-de-ranquil\\\/#breadcrumb\",\"itemListElement\":[{\"@type\":\"ListItem\",\"position\":1,\"name\":\"Portada\",\"item\":\"https:\\\/\\\/www.fraczinet.cl\\\/sitio\\\/\"},{\"@type\":\"ListItem\",\"position\":2,\"name\":\"Se Inicia Instalaci\u00f3n De M\u00e1quinas De Ejercicios En Plaza Saludable De R\u00e1nquil\"}]},{\"@type\":\"WebSite\",\"@id\":\"https:\\\/\\\/www.fraczinet.cl\\\/sitio\\\/#website\",\"url\":\"https:\\\/\\\/www.fraczinet.cl\\\/sitio\\\/\",\"name\":\"Nuestro Bio B\u00edo\",\"description\":\"Tierra de Encuentros\",\"potentialAction\":[{\"@type\":\"SearchAction\",\"target\":{\"@type\":\"EntryPoint\",\"urlTemplate\":\"https:\\\/\\\/www.fraczinet.cl\\\/sitio\\\/?s={search_term_string}\"},\"query-input\":{\"@type\":\"PropertyValueSpecification\",\"valueRequired\":true,\"valueName\":\"search_term_string\"}}],\"inLanguage\":\"es\"},{\"@type\":\"Person\",\"@id\":\"\"}]}<\/script>\n<!-- \/ Yoast SEO plugin. -->","yoast_head_json":{"title":"Se Inicia Instalaci\u00f3n De M\u00e1quinas De Ejercicios En Plaza Saludable De R\u00e1nquil - Nuestro Bio B\u00edo","robots":{"index":"index","follow":"follow","max-snippet":"max-snippet:-1","max-image-preview":"max-image-preview:large","max-video-preview":"max-video-preview:-1"},"canonical":"https:\/\/www.fraczinet.cl\/sitio\/se-inicia-instalacion-de-maquinas-de-ejercicios-en-plaza-saludable-de-ranquil\/","og_locale":"es_ES","og_type":"article","og_title":"Se Inicia Instalaci\u00f3n De M\u00e1quinas De Ejercicios En Plaza Saludable De R\u00e1nquil - Nuestro Bio B\u00edo","og_description":"La Jefa del Departamento de Salud de la municipalidad de R\u00e1nquil, Paola Alarc\u00f3n y el Alcalde Carlos Garrido mas funcionarios del Dpto. de Obras asistieron a la recepci\u00f3n de m\u00e1quinas que ser\u00e1n instaladas en distintos puntos de la Comuna, comenz\u00e1ndose por el Parque, lugar que hasta el a\u00f1o pasado no era de propiedad de la [&hellip;]","og_url":"https:\/\/www.fraczinet.cl\/sitio\/se-inicia-instalacion-de-maquinas-de-ejercicios-en-plaza-saludable-de-ranquil\/","og_site_name":"Nuestro Bio B\u00edo","article_publisher":"https:\/\/www.facebook.com\/groups\/15721414452\/","article_published_time":"2012-03-03T17:47:00+00:00","article_modified_time":"2022-10-07T00:02:40+00:00","og_image":[{"url":"http:\/\/1.bp.blogspot.com\/-WcjylZbZ4-I\/T1JdGfRHpBI\/AAAAAAAAUZM\/UJbmXyTu-cU\/s400\/Maquinas%2Bde%2Bejercicio%2BR%25C3%25A1nquil.JPG","type":"","width":"","height":""}],"twitter_card":"summary_large_image","twitter_creator":"@nuestrobiobio","twitter_site":"@nuestrobiobio","twitter_misc":{"Escrito por":"","Tiempo de lectura":"1 minuto"},"schema":{"@context":"https:\/\/schema.org","@graph":[{"@type":"Article","@id":"https:\/\/www.fraczinet.cl\/sitio\/se-inicia-instalacion-de-maquinas-de-ejercicios-en-plaza-saludable-de-ranquil\/#article","isPartOf":{"@id":"https:\/\/www.fraczinet.cl\/sitio\/se-inicia-instalacion-de-maquinas-de-ejercicios-en-plaza-saludable-de-ranquil\/"},"author":{"name":"","@id":""},"headline":"Se Inicia Instalaci\u00f3n De M\u00e1quinas De Ejercicios En Plaza Saludable De R\u00e1nquil","datePublished":"2012-03-03T17:47:00+00:00","dateModified":"2022-10-07T00:02:40+00:00","mainEntityOfPage":{"@id":"https:\/\/www.fraczinet.cl\/sitio\/se-inicia-instalacion-de-maquinas-de-ejercicios-en-plaza-saludable-de-ranquil\/"},"wordCount":290,"commentCount":0,"image":{"@id":"https:\/\/www.fraczinet.cl\/sitio\/se-inicia-instalacion-de-maquinas-de-ejercicios-en-plaza-saludable-de-ranquil\/#primaryimage"},"thumbnailUrl":"http:\/\/1.bp.blogspot.com\/-WcjylZbZ4-I\/T1JdGfRHpBI\/AAAAAAAAUZM\/UJbmXyTu-cU\/s400\/Maquinas%2Bde%2Bejercicio%2BR%25C3%25A1nquil.JPG","articleSection":["Pol\u00edtica"],"inLanguage":"es","potentialAction":[{"@type":"CommentAction","name":"Comment","target":["https:\/\/www.fraczinet.cl\/sitio\/se-inicia-instalacion-de-maquinas-de-ejercicios-en-plaza-saludable-de-ranquil\/#respond"]}]},{"@type":"WebPage","@id":"https:\/\/www.fraczinet.cl\/sitio\/se-inicia-instalacion-de-maquinas-de-ejercicios-en-plaza-saludable-de-ranquil\/","url":"https:\/\/www.fraczinet.cl\/sitio\/se-inicia-instalacion-de-maquinas-de-ejercicios-en-plaza-saludable-de-ranquil\/","name":"Se Inicia Instalaci\u00f3n De M\u00e1quinas De Ejercicios En Plaza Saludable De R\u00e1nquil - Nuestro Bio B\u00edo","isPartOf":{"@id":"https:\/\/www.fraczinet.cl\/sitio\/#website"},"primaryImageOfPage":{"@id":"https:\/\/www.fraczinet.cl\/sitio\/se-inicia-instalacion-de-maquinas-de-ejercicios-en-plaza-saludable-de-ranquil\/#primaryimage"},"image":{"@id":"https:\/\/www.fraczinet.cl\/sitio\/se-inicia-instalacion-de-maquinas-de-ejercicios-en-plaza-saludable-de-ranquil\/#primaryimage"},"thumbnailUrl":"http:\/\/1.bp.blogspot.com\/-WcjylZbZ4-I\/T1JdGfRHpBI\/AAAAAAAAUZM\/UJbmXyTu-cU\/s400\/Maquinas%2Bde%2Bejercicio%2BR%25C3%25A1nquil.JPG","datePublished":"2012-03-03T17:47:00+00:00","dateModified":"2022-10-07T00:02:40+00:00","author":{"@id":""},"breadcrumb":{"@id":"https:\/\/www.fraczinet.cl\/sitio\/se-inicia-instalacion-de-maquinas-de-ejercicios-en-plaza-saludable-de-ranquil\/#breadcrumb"},"inLanguage":"es","potentialAction":[{"@type":"ReadAction","target":["https:\/\/www.fraczinet.cl\/sitio\/se-inicia-instalacion-de-maquinas-de-ejercicios-en-plaza-saludable-de-ranquil\/"]}]},{"@type":"ImageObject","inLanguage":"es","@id":"https:\/\/www.fraczinet.cl\/sitio\/se-inicia-instalacion-de-maquinas-de-ejercicios-en-plaza-saludable-de-ranquil\/#primaryimage","url":"http:\/\/1.bp.blogspot.com\/-WcjylZbZ4-I\/T1JdGfRHpBI\/AAAAAAAAUZM\/UJbmXyTu-cU\/s400\/Maquinas%2Bde%2Bejercicio%2BR%25C3%25A1nquil.JPG","contentUrl":"http:\/\/1.bp.blogspot.com\/-WcjylZbZ4-I\/T1JdGfRHpBI\/AAAAAAAAUZM\/UJbmXyTu-cU\/s400\/Maquinas%2Bde%2Bejercicio%2BR%25C3%25A1nquil.JPG"},{"@type":"BreadcrumbList","@id":"https:\/\/www.fraczinet.cl\/sitio\/se-inicia-instalacion-de-maquinas-de-ejercicios-en-plaza-saludable-de-ranquil\/#breadcrumb","itemListElement":[{"@type":"ListItem","position":1,"name":"Portada","item":"https:\/\/www.fraczinet.cl\/sitio\/"},{"@type":"ListItem","position":2,"name":"Se Inicia Instalaci\u00f3n De M\u00e1quinas De Ejercicios En Plaza Saludable De R\u00e1nquil"}]},{"@type":"WebSite","@id":"https:\/\/www.fraczinet.cl\/sitio\/#website","url":"https:\/\/www.fraczinet.cl\/sitio\/","name":"Nuestro Bio B\u00edo","description":"Tierra de Encuentros","potentialAction":[{"@type":"SearchAction","target":{"@type":"EntryPoint","urlTemplate":"https:\/\/www.fraczinet.cl\/sitio\/?s={search_term_string}"},"query-input":{"@type":"PropertyValueSpecification","valueRequired":true,"valueName":"search_term_string"}}],"inLanguage":"es"},{"@type":"Person","@id":""}]}},"_links":{"self":[{"href":"https:\/\/www.fraczinet.cl\/sitio\/wp-json\/wp\/v2\/posts\/5842","targetHints":{"allow":["GET"]}}],"collection":[{"href":"https:\/\/www.fraczinet.cl\/sitio\/wp-json\/wp\/v2\/posts"}],"about":[{"href":"https:\/\/www.fraczinet.cl\/sitio\/wp-json\/wp\/v2\/types\/post"}],"author":[{"embeddable":true,"href":"https:\/\/www.fraczinet.cl\/sitio\/wp-json\/wp\/v2\/users\/1"}],"replies":[{"embeddable":true,"href":"https:\/\/www.fraczinet.cl\/sitio\/wp-json\/wp\/v2\/comments?post=5842"}],"version-history":[{"count":1,"href":"https:\/\/www.fraczinet.cl\/sitio\/wp-json\/wp\/v2\/posts\/5842\/revisions"}],"predecessor-version":[{"id":14391,"href":"https:\/\/www.fraczinet.cl\/sitio\/wp-json\/wp\/v2\/posts\/5842\/revisions\/14391"}],"wp:attachment":[{"href":"https:\/\/www.fraczinet.cl\/sitio\/wp-json\/wp\/v2\/media?parent=5842"}],"wp:term":[{"taxonomy":"category","embeddable":true,"href":"https:\/\/www.fraczinet.cl\/sitio\/wp-json\/wp\/v2\/categories?post=5842"},{"taxonomy":"post_tag","embeddable":true,"href":"https:\/\/www.fraczinet.cl\/sitio\/wp-json\/wp\/v2\/tags?post=5842"}],"curies":[{"name":"wp","href":"https:\/\/api.w.org\/{rel}","templated":true}]}}