{"id":5845,"date":"2012-02-27T19:13:00","date_gmt":"2012-02-27T19:13:00","guid":{"rendered":"https:\/\/www.fraczinet.cl\/sitio\/2012\/02\/27\/de-paraguas-y-carillas-por-ingrid-odgers\/"},"modified":"2022-09-18T17:05:57","modified_gmt":"2022-09-18T17:05:57","slug":"de-paraguas-y-carillas-por-ingrid-odgers","status":"publish","type":"post","link":"https:\/\/www.fraczinet.cl\/sitio\/2012\/02\/27\/de-paraguas-y-carillas-por-ingrid-odgers\/","title":{"rendered":"De Paraguas Y Carillas&#8230; Por Ingrid Odgers"},"content":{"rendered":"<p><span style=\"font-weight: bold;\">De paraguas y carillas<\/span><\/p>\n<p>De tanto<br \/>\nmirar la lluvia<br \/>\nel olfato se lastima<br \/>\nDe tanto<br \/>\nescuchar<br \/>\nla boca se amordaza<br \/>\nCarillas osadamente osadas van rodando<br \/>\nen los dedos<br \/>\nEn lagunas vacuas navega burl\u00f3n<br \/>\nun n\u00e1ufrago pret\u00e9rito<br \/>\nDe paraguas el cansancio se agita<br \/>\n(Deambula el sereno<br \/>\nY naranjas<br \/>\nDesgajan el cielo)<br \/>\nNo me nombres vereda<br \/>\nDebajo del farol<br \/>\n-musito-<br \/>\nEl agua eclipsa los pasos<br \/>\nY las sombras son navajas<br \/>\nDetr\u00e1s del arco iris<br \/>\nEn zonas de arboleda inclemente.<br \/>\nDe tanto mirar<br \/>\nLos p\u00e1rpados caen<br \/>\nDe tanto escuchar<br \/>\nLos signos detonan<br \/>\nen medio<br \/>\ndel gran<br \/>\nEnorme fangal<\/p>\n<p><span style=\"font-weight: bold;\">Poema de Antolog\u00eda Personal Galer\u00eda (2009)<br \/>\nIngrid Odgers<br \/>\nPoetisa de Nuestra Tierra.<\/span><br \/>\nConozca m\u00e1s de Ingrid en su blog: <a href=\"http:\/\/ingridodgerstoloza.blogspot.com\/\">http:\/\/ingridodgerstoloza.blogspot.com\/<\/a><\/p>\n","protected":false},"excerpt":{"rendered":"<p>De paraguas y carillas De tanto mirar la lluvia el olfato se lastima De tanto escuchar la boca se amordaza Carillas osadamente osadas van rodando en los dedos En lagunas vacuas navega burl\u00f3n un n\u00e1ufrago pret\u00e9rito De paraguas el cansancio se agita (Deambula el sereno Y naranjas Desgajan el cielo) No me nombres vereda Debajo [&hellip;]<\/p>\n","protected":false},"author":1,"featured_media":7285,"comment_status":"open","ping_status":"open","sticky":false,"template":"","format":"standard","meta":{"footnotes":""},"categories":[149,67],"tags":[],"class_list":["post-5845","post","type-post","status-publish","format-standard","has-post-thumbnail","hentry","category-ingrid-odgers","category-poesia"],"yoast_head":"<!-- This site is optimized with the Yoast SEO plugin v25.0 - https:\/\/yoast.com\/wordpress\/plugins\/seo\/ -->\n<title>De Paraguas Y Carillas... Por Ingrid Odgers - Nuestro Bio B\u00edo<\/title>\n<meta name=\"robots\" content=\"index, follow, max-snippet:-1, max-image-preview:large, max-video-preview:-1\" \/>\n<link rel=\"canonical\" href=\"https:\/\/www.fraczinet.cl\/sitio\/2012\/02\/27\/de-paraguas-y-carillas-por-ingrid-odgers\/\" \/>\n<meta property=\"og:locale\" content=\"es_ES\" \/>\n<meta property=\"og:type\" content=\"article\" \/>\n<meta property=\"og:title\" content=\"De Paraguas Y Carillas... Por Ingrid Odgers - Nuestro Bio B\u00edo\" \/>\n<meta property=\"og:description\" content=\"De paraguas y carillas De tanto mirar la lluvia el olfato se lastima De tanto escuchar la boca se amordaza Carillas osadamente osadas van rodando en los dedos En lagunas vacuas navega burl\u00f3n un n\u00e1ufrago pret\u00e9rito De paraguas el cansancio se agita (Deambula el sereno Y naranjas Desgajan el cielo) No me nombres vereda Debajo [&hellip;]\" \/>\n<meta property=\"og:url\" content=\"https:\/\/www.fraczinet.cl\/sitio\/2012\/02\/27\/de-paraguas-y-carillas-por-ingrid-odgers\/\" \/>\n<meta property=\"og:site_name\" content=\"Nuestro Bio B\u00edo\" \/>\n<meta property=\"article:published_time\" content=\"2012-02-27T19:13:00+00:00\" \/>\n<meta property=\"article:modified_time\" content=\"2022-09-18T17:05:57+00:00\" \/>\n<meta property=\"og:image\" content=\"https:\/\/www.fraczinet.cl\/sitio\/wp-content\/uploads\/2021\/10\/Ingrid-Odgers.jpeg\" \/>\n\t<meta property=\"og:image:width\" content=\"225\" \/>\n\t<meta property=\"og:image:height\" content=\"225\" \/>\n\t<meta property=\"og:image:type\" content=\"image\/jpeg\" \/>\n<meta name=\"author\" content=\"admin\" \/>\n<meta name=\"twitter:card\" content=\"summary_large_image\" \/>\n<meta name=\"twitter:creator\" content=\"@nuestrobiobio\" \/>\n<meta name=\"twitter:site\" content=\"@nuestrobiobio\" \/>\n<meta name=\"twitter:label1\" content=\"Escrito por\" \/>\n\t<meta name=\"twitter:data1\" content=\"admin\" \/>\n\t<meta name=\"twitter:label2\" content=\"Tiempo de lectura\" \/>\n\t<meta name=\"twitter:data2\" content=\"1 minuto\" \/>\n<script type=\"application\/ld+json\" class=\"yoast-schema-graph\">{\"@context\":\"https:\/\/schema.org\",\"@graph\":[{\"@type\":\"Article\",\"@id\":\"https:\/\/www.fraczinet.cl\/sitio\/2012\/02\/27\/de-paraguas-y-carillas-por-ingrid-odgers\/#article\",\"isPartOf\":{\"@id\":\"https:\/\/www.fraczinet.cl\/sitio\/2012\/02\/27\/de-paraguas-y-carillas-por-ingrid-odgers\/\"},\"author\":{\"name\":\"admin\",\"@id\":\"https:\/\/www.fraczinet.cl\/sitio\/#\/schema\/person\/bc30f98e9cb10ae7e119dbe14bc93784\"},\"headline\":\"De Paraguas Y Carillas&#8230; Por Ingrid Odgers\",\"datePublished\":\"2012-02-27T19:13:00+00:00\",\"dateModified\":\"2022-09-18T17:05:57+00:00\",\"mainEntityOfPage\":{\"@id\":\"https:\/\/www.fraczinet.cl\/sitio\/2012\/02\/27\/de-paraguas-y-carillas-por-ingrid-odgers\/\"},\"wordCount\":132,\"commentCount\":0,\"publisher\":{\"@id\":\"https:\/\/www.fraczinet.cl\/sitio\/#\/schema\/person\/aec8ee4da68df2b9b0eefdad24a0d582\"},\"image\":{\"@id\":\"https:\/\/www.fraczinet.cl\/sitio\/2012\/02\/27\/de-paraguas-y-carillas-por-ingrid-odgers\/#primaryimage\"},\"thumbnailUrl\":\"https:\/\/www.fraczinet.cl\/sitio\/wp-content\/uploads\/2021\/10\/Ingrid-Odgers.jpeg\",\"articleSection\":[\"Ingrid Odgers\",\"Poes\u00eda\"],\"inLanguage\":\"es\",\"potentialAction\":[{\"@type\":\"CommentAction\",\"name\":\"Comment\",\"target\":[\"https:\/\/www.fraczinet.cl\/sitio\/2012\/02\/27\/de-paraguas-y-carillas-por-ingrid-odgers\/#respond\"]}]},{\"@type\":\"WebPage\",\"@id\":\"https:\/\/www.fraczinet.cl\/sitio\/2012\/02\/27\/de-paraguas-y-carillas-por-ingrid-odgers\/\",\"url\":\"https:\/\/www.fraczinet.cl\/sitio\/2012\/02\/27\/de-paraguas-y-carillas-por-ingrid-odgers\/\",\"name\":\"De Paraguas Y Carillas... Por Ingrid Odgers - Nuestro Bio B\u00edo\",\"isPartOf\":{\"@id\":\"https:\/\/www.fraczinet.cl\/sitio\/#website\"},\"primaryImageOfPage\":{\"@id\":\"https:\/\/www.fraczinet.cl\/sitio\/2012\/02\/27\/de-paraguas-y-carillas-por-ingrid-odgers\/#primaryimage\"},\"image\":{\"@id\":\"https:\/\/www.fraczinet.cl\/sitio\/2012\/02\/27\/de-paraguas-y-carillas-por-ingrid-odgers\/#primaryimage\"},\"thumbnailUrl\":\"https:\/\/www.fraczinet.cl\/sitio\/wp-content\/uploads\/2021\/10\/Ingrid-Odgers.jpeg\",\"datePublished\":\"2012-02-27T19:13:00+00:00\",\"dateModified\":\"2022-09-18T17:05:57+00:00\",\"breadcrumb\":{\"@id\":\"https:\/\/www.fraczinet.cl\/sitio\/2012\/02\/27\/de-paraguas-y-carillas-por-ingrid-odgers\/#breadcrumb\"},\"inLanguage\":\"es\",\"potentialAction\":[{\"@type\":\"ReadAction\",\"target\":[\"https:\/\/www.fraczinet.cl\/sitio\/2012\/02\/27\/de-paraguas-y-carillas-por-ingrid-odgers\/\"]}]},{\"@type\":\"ImageObject\",\"inLanguage\":\"es\",\"@id\":\"https:\/\/www.fraczinet.cl\/sitio\/2012\/02\/27\/de-paraguas-y-carillas-por-ingrid-odgers\/#primaryimage\",\"url\":\"https:\/\/www.fraczinet.cl\/sitio\/wp-content\/uploads\/2021\/10\/Ingrid-Odgers.jpeg\",\"contentUrl\":\"https:\/\/www.fraczinet.cl\/sitio\/wp-content\/uploads\/2021\/10\/Ingrid-Odgers.jpeg\",\"width\":225,\"height\":225},{\"@type\":\"BreadcrumbList\",\"@id\":\"https:\/\/www.fraczinet.cl\/sitio\/2012\/02\/27\/de-paraguas-y-carillas-por-ingrid-odgers\/#breadcrumb\",\"itemListElement\":[{\"@type\":\"ListItem\",\"position\":1,\"name\":\"Portada\",\"item\":\"https:\/\/www.fraczinet.cl\/sitio\/\"},{\"@type\":\"ListItem\",\"position\":2,\"name\":\"De Paraguas Y Carillas&#8230; Por Ingrid Odgers\"}]},{\"@type\":\"WebSite\",\"@id\":\"https:\/\/www.fraczinet.cl\/sitio\/#website\",\"url\":\"https:\/\/www.fraczinet.cl\/sitio\/\",\"name\":\"Nuestro Bio B\u00edo\",\"description\":\"Tierra de Encuentros\",\"publisher\":{\"@id\":\"https:\/\/www.fraczinet.cl\/sitio\/#\/schema\/person\/aec8ee4da68df2b9b0eefdad24a0d582\"},\"potentialAction\":[{\"@type\":\"SearchAction\",\"target\":{\"@type\":\"EntryPoint\",\"urlTemplate\":\"https:\/\/www.fraczinet.cl\/sitio\/?s={search_term_string}\"},\"query-input\":{\"@type\":\"PropertyValueSpecification\",\"valueRequired\":true,\"valueName\":\"search_term_string\"}}],\"inLanguage\":\"es\"},{\"@type\":[\"Person\",\"Organization\"],\"@id\":\"https:\/\/www.fraczinet.cl\/sitio\/#\/schema\/person\/aec8ee4da68df2b9b0eefdad24a0d582\",\"name\":\"Luis Fernando Fraczinet\",\"image\":{\"@type\":\"ImageObject\",\"inLanguage\":\"es\",\"@id\":\"https:\/\/www.fraczinet.cl\/sitio\/#\/schema\/person\/image\/\",\"url\":\"https:\/\/www.fraczinet.cl\/sitio\/wp-content\/uploads\/2021\/07\/bannerlogo-1.gif\",\"contentUrl\":\"https:\/\/www.fraczinet.cl\/sitio\/wp-content\/uploads\/2021\/07\/bannerlogo-1.gif\",\"width\":159,\"height\":79,\"caption\":\"Luis Fernando Fraczinet\"},\"logo\":{\"@id\":\"https:\/\/www.fraczinet.cl\/sitio\/#\/schema\/person\/image\/\"},\"sameAs\":[\"https:\/\/www.fraczinet.cl\/sitio\/\"]},{\"@type\":\"Person\",\"@id\":\"https:\/\/www.fraczinet.cl\/sitio\/#\/schema\/person\/bc30f98e9cb10ae7e119dbe14bc93784\",\"name\":\"admin\",\"image\":{\"@type\":\"ImageObject\",\"inLanguage\":\"es\",\"@id\":\"https:\/\/www.fraczinet.cl\/sitio\/#\/schema\/person\/image\/\",\"url\":\"https:\/\/secure.gravatar.com\/avatar\/d5ad3cf7ef3b23a2bb5be73be780c86b2fc8545c3ad6b149f3913ff458c00099?s=96&d=mm&r=g\",\"contentUrl\":\"https:\/\/secure.gravatar.com\/avatar\/d5ad3cf7ef3b23a2bb5be73be780c86b2fc8545c3ad6b149f3913ff458c00099?s=96&d=mm&r=g\",\"caption\":\"admin\"},\"sameAs\":[\"https:\/\/www.fraczinet.cl\/sitio\"]}]}<\/script>\n<!-- \/ Yoast SEO plugin. -->","yoast_head_json":{"title":"De Paraguas Y Carillas... Por Ingrid Odgers - Nuestro Bio B\u00edo","robots":{"index":"index","follow":"follow","max-snippet":"max-snippet:-1","max-image-preview":"max-image-preview:large","max-video-preview":"max-video-preview:-1"},"canonical":"https:\/\/www.fraczinet.cl\/sitio\/2012\/02\/27\/de-paraguas-y-carillas-por-ingrid-odgers\/","og_locale":"es_ES","og_type":"article","og_title":"De Paraguas Y Carillas... Por Ingrid Odgers - Nuestro Bio B\u00edo","og_description":"De paraguas y carillas De tanto mirar la lluvia el olfato se lastima De tanto escuchar la boca se amordaza Carillas osadamente osadas van rodando en los dedos En lagunas vacuas navega burl\u00f3n un n\u00e1ufrago pret\u00e9rito De paraguas el cansancio se agita (Deambula el sereno Y naranjas Desgajan el cielo) No me nombres vereda Debajo [&hellip;]","og_url":"https:\/\/www.fraczinet.cl\/sitio\/2012\/02\/27\/de-paraguas-y-carillas-por-ingrid-odgers\/","og_site_name":"Nuestro Bio B\u00edo","article_published_time":"2012-02-27T19:13:00+00:00","article_modified_time":"2022-09-18T17:05:57+00:00","og_image":[{"width":225,"height":225,"url":"https:\/\/www.fraczinet.cl\/sitio\/wp-content\/uploads\/2021\/10\/Ingrid-Odgers.jpeg","type":"image\/jpeg"}],"author":"admin","twitter_card":"summary_large_image","twitter_creator":"@nuestrobiobio","twitter_site":"@nuestrobiobio","twitter_misc":{"Escrito por":"admin","Tiempo de lectura":"1 minuto"},"schema":{"@context":"https:\/\/schema.org","@graph":[{"@type":"Article","@id":"https:\/\/www.fraczinet.cl\/sitio\/2012\/02\/27\/de-paraguas-y-carillas-por-ingrid-odgers\/#article","isPartOf":{"@id":"https:\/\/www.fraczinet.cl\/sitio\/2012\/02\/27\/de-paraguas-y-carillas-por-ingrid-odgers\/"},"author":{"name":"admin","@id":"https:\/\/www.fraczinet.cl\/sitio\/#\/schema\/person\/bc30f98e9cb10ae7e119dbe14bc93784"},"headline":"De Paraguas Y Carillas&#8230; Por Ingrid Odgers","datePublished":"2012-02-27T19:13:00+00:00","dateModified":"2022-09-18T17:05:57+00:00","mainEntityOfPage":{"@id":"https:\/\/www.fraczinet.cl\/sitio\/2012\/02\/27\/de-paraguas-y-carillas-por-ingrid-odgers\/"},"wordCount":132,"commentCount":0,"publisher":{"@id":"https:\/\/www.fraczinet.cl\/sitio\/#\/schema\/person\/aec8ee4da68df2b9b0eefdad24a0d582"},"image":{"@id":"https:\/\/www.fraczinet.cl\/sitio\/2012\/02\/27\/de-paraguas-y-carillas-por-ingrid-odgers\/#primaryimage"},"thumbnailUrl":"https:\/\/www.fraczinet.cl\/sitio\/wp-content\/uploads\/2021\/10\/Ingrid-Odgers.jpeg","articleSection":["Ingrid Odgers","Poes\u00eda"],"inLanguage":"es","potentialAction":[{"@type":"CommentAction","name":"Comment","target":["https:\/\/www.fraczinet.cl\/sitio\/2012\/02\/27\/de-paraguas-y-carillas-por-ingrid-odgers\/#respond"]}]},{"@type":"WebPage","@id":"https:\/\/www.fraczinet.cl\/sitio\/2012\/02\/27\/de-paraguas-y-carillas-por-ingrid-odgers\/","url":"https:\/\/www.fraczinet.cl\/sitio\/2012\/02\/27\/de-paraguas-y-carillas-por-ingrid-odgers\/","name":"De Paraguas Y Carillas... Por Ingrid Odgers - Nuestro Bio B\u00edo","isPartOf":{"@id":"https:\/\/www.fraczinet.cl\/sitio\/#website"},"primaryImageOfPage":{"@id":"https:\/\/www.fraczinet.cl\/sitio\/2012\/02\/27\/de-paraguas-y-carillas-por-ingrid-odgers\/#primaryimage"},"image":{"@id":"https:\/\/www.fraczinet.cl\/sitio\/2012\/02\/27\/de-paraguas-y-carillas-por-ingrid-odgers\/#primaryimage"},"thumbnailUrl":"https:\/\/www.fraczinet.cl\/sitio\/wp-content\/uploads\/2021\/10\/Ingrid-Odgers.jpeg","datePublished":"2012-02-27T19:13:00+00:00","dateModified":"2022-09-18T17:05:57+00:00","breadcrumb":{"@id":"https:\/\/www.fraczinet.cl\/sitio\/2012\/02\/27\/de-paraguas-y-carillas-por-ingrid-odgers\/#breadcrumb"},"inLanguage":"es","potentialAction":[{"@type":"ReadAction","target":["https:\/\/www.fraczinet.cl\/sitio\/2012\/02\/27\/de-paraguas-y-carillas-por-ingrid-odgers\/"]}]},{"@type":"ImageObject","inLanguage":"es","@id":"https:\/\/www.fraczinet.cl\/sitio\/2012\/02\/27\/de-paraguas-y-carillas-por-ingrid-odgers\/#primaryimage","url":"https:\/\/www.fraczinet.cl\/sitio\/wp-content\/uploads\/2021\/10\/Ingrid-Odgers.jpeg","contentUrl":"https:\/\/www.fraczinet.cl\/sitio\/wp-content\/uploads\/2021\/10\/Ingrid-Odgers.jpeg","width":225,"height":225},{"@type":"BreadcrumbList","@id":"https:\/\/www.fraczinet.cl\/sitio\/2012\/02\/27\/de-paraguas-y-carillas-por-ingrid-odgers\/#breadcrumb","itemListElement":[{"@type":"ListItem","position":1,"name":"Portada","item":"https:\/\/www.fraczinet.cl\/sitio\/"},{"@type":"ListItem","position":2,"name":"De Paraguas Y Carillas&#8230; Por Ingrid Odgers"}]},{"@type":"WebSite","@id":"https:\/\/www.fraczinet.cl\/sitio\/#website","url":"https:\/\/www.fraczinet.cl\/sitio\/","name":"Nuestro Bio B\u00edo","description":"Tierra de Encuentros","publisher":{"@id":"https:\/\/www.fraczinet.cl\/sitio\/#\/schema\/person\/aec8ee4da68df2b9b0eefdad24a0d582"},"potentialAction":[{"@type":"SearchAction","target":{"@type":"EntryPoint","urlTemplate":"https:\/\/www.fraczinet.cl\/sitio\/?s={search_term_string}"},"query-input":{"@type":"PropertyValueSpecification","valueRequired":true,"valueName":"search_term_string"}}],"inLanguage":"es"},{"@type":["Person","Organization"],"@id":"https:\/\/www.fraczinet.cl\/sitio\/#\/schema\/person\/aec8ee4da68df2b9b0eefdad24a0d582","name":"Luis Fernando Fraczinet","image":{"@type":"ImageObject","inLanguage":"es","@id":"https:\/\/www.fraczinet.cl\/sitio\/#\/schema\/person\/image\/","url":"https:\/\/www.fraczinet.cl\/sitio\/wp-content\/uploads\/2021\/07\/bannerlogo-1.gif","contentUrl":"https:\/\/www.fraczinet.cl\/sitio\/wp-content\/uploads\/2021\/07\/bannerlogo-1.gif","width":159,"height":79,"caption":"Luis Fernando Fraczinet"},"logo":{"@id":"https:\/\/www.fraczinet.cl\/sitio\/#\/schema\/person\/image\/"},"sameAs":["https:\/\/www.fraczinet.cl\/sitio\/"]},{"@type":"Person","@id":"https:\/\/www.fraczinet.cl\/sitio\/#\/schema\/person\/bc30f98e9cb10ae7e119dbe14bc93784","name":"admin","image":{"@type":"ImageObject","inLanguage":"es","@id":"https:\/\/www.fraczinet.cl\/sitio\/#\/schema\/person\/image\/","url":"https:\/\/secure.gravatar.com\/avatar\/d5ad3cf7ef3b23a2bb5be73be780c86b2fc8545c3ad6b149f3913ff458c00099?s=96&d=mm&r=g","contentUrl":"https:\/\/secure.gravatar.com\/avatar\/d5ad3cf7ef3b23a2bb5be73be780c86b2fc8545c3ad6b149f3913ff458c00099?s=96&d=mm&r=g","caption":"admin"},"sameAs":["https:\/\/www.fraczinet.cl\/sitio"]}]}},"_links":{"self":[{"href":"https:\/\/www.fraczinet.cl\/sitio\/wp-json\/wp\/v2\/posts\/5845","targetHints":{"allow":["GET"]}}],"collection":[{"href":"https:\/\/www.fraczinet.cl\/sitio\/wp-json\/wp\/v2\/posts"}],"about":[{"href":"https:\/\/www.fraczinet.cl\/sitio\/wp-json\/wp\/v2\/types\/post"}],"author":[{"embeddable":true,"href":"https:\/\/www.fraczinet.cl\/sitio\/wp-json\/wp\/v2\/users\/1"}],"replies":[{"embeddable":true,"href":"https:\/\/www.fraczinet.cl\/sitio\/wp-json\/wp\/v2\/comments?post=5845"}],"version-history":[{"count":1,"href":"https:\/\/www.fraczinet.cl\/sitio\/wp-json\/wp\/v2\/posts\/5845\/revisions"}],"predecessor-version":[{"id":12968,"href":"https:\/\/www.fraczinet.cl\/sitio\/wp-json\/wp\/v2\/posts\/5845\/revisions\/12968"}],"wp:featuredmedia":[{"embeddable":true,"href":"https:\/\/www.fraczinet.cl\/sitio\/wp-json\/wp\/v2\/media\/7285"}],"wp:attachment":[{"href":"https:\/\/www.fraczinet.cl\/sitio\/wp-json\/wp\/v2\/media?parent=5845"}],"wp:term":[{"taxonomy":"category","embeddable":true,"href":"https:\/\/www.fraczinet.cl\/sitio\/wp-json\/wp\/v2\/categories?post=5845"},{"taxonomy":"post_tag","embeddable":true,"href":"https:\/\/www.fraczinet.cl\/sitio\/wp-json\/wp\/v2\/tags?post=5845"}],"curies":[{"name":"wp","href":"https:\/\/api.w.org\/{rel}","templated":true}]}}