{"id":5857,"date":"2012-02-16T15:43:00","date_gmt":"2012-02-16T15:43:00","guid":{"rendered":"https:\/\/www.fraczinet.cl\/sitio\/2012\/02\/16\/el-trabajo-de-ingrid-odgers-con-el-carino-de-amar-las-palabras\/"},"modified":"2022-10-06T22:51:59","modified_gmt":"2022-10-06T22:51:59","slug":"el-trabajo-de-ingrid-odgers-con-el-carino-de-amar-las-palabras","status":"publish","type":"post","link":"https:\/\/www.fraczinet.cl\/sitio\/2012\/02\/16\/el-trabajo-de-ingrid-odgers-con-el-carino-de-amar-las-palabras\/","title":{"rendered":"El Trabajo De Ingrid Odgers, Con El Cari\u00f1o De Amar Las Palabras"},"content":{"rendered":"<p><a href=\"http:\/\/2.bp.blogspot.com\/-zN7cE0O_2gU\/Tz0vm_tjgAI\/AAAAAAAAUV8\/c35cn-V4sS4\/s1600\/Ingrid%2BOdgers.jpg\"><img decoding=\"async\" alt=\"\" border=\"0\" id=\"BLOGGER_PHOTO_ID_5709772249559695362\" src=\"http:\/\/2.bp.blogspot.com\/-zN7cE0O_2gU\/Tz0vm_tjgAI\/AAAAAAAAUV8\/c35cn-V4sS4\/s320\/Ingrid%2BOdgers.jpg\" style=\"cursor: pointer; float: left; height: 320px; margin: 0px 10px 10px 0px; width: 309px;\" \/><\/a><span style=\"font-weight: bold;\">Ingrid Odgers Toloza<\/span>, CONCEPCI\u00d3N (CHILE), 1955, poeta, narradora, ensayista, cr\u00edtica literaria, gestora cultural, profesora de Literatura de Balmaceda Arte Joven, directora de talleres literarios del Bio B\u00edo, creadora y realizadora del Programa de Literatura en TV \u201cPorque escrib\u00ed\u201d, Premio Fondo Nacional del Libro 2009, Premio Fondo Nacional del Libro 2002, Premio FAICC Literatura, categor\u00eda Novela de la Municipalidad de Concepci\u00f3n.&nbsp;<\/p>\n<div><\/div>\n<div>Su obra ha sido incluida en la Historia de la Literatura Hispanoamericana de Polonia, traducida en Europa y Brasil, publicada en forma impresa en Canad\u00e1. Tiene 16 libros publicados, figura en antolog\u00edas nacionales e internacionales y en estudios de literatura chilena realizados por las destacadas escritoras nacionales Paz Molina, Ana Mar\u00eda Vieyra, Elsie Wood y la escritora chilena-canadiense Yolanda Duque Vidal.  Miembro del Comit\u00e9 Consultivo Nacional de la Cultura y las Artes de Chile (Junio 2007- Mayo 2008).&nbsp;<\/div>\n<div><\/div>\n<div>Editora de la Revista de literatura La silla, de la Revista Periferia, de la Antolog\u00eda Virtual Poetas del Mundo, entre otros espacios virtuales de difusi\u00f3n literaria. Co-fundadora y Directora del Sindicato de Escritores de la Regi\u00f3n del Bio B\u00edo, Directora de la Uni\u00f3n de Escritores de la Regi\u00f3n del Bio B\u00edo, Directora y Relacionadora P\u00fablica de la Casa del Escritor Miguel Hern\u00e1ndez, miembro de la Sociedad de Escritores de Chile y del Colectivo la Silla, co-fundadora del Centro Cultural Ceres y del Centro de Investigaciones Culturales Colectivo La Silla.&nbsp;<\/div>\n<div><\/div>\n<div>Encargada de Arte y Cultura y cr\u00edtica literaria de la Revista Catalejo y de la revista de literatura Periferia. Asesora del Centro Cultural Talcahue\u00f1u y del Centro Cultural Amigos por Talcahuano. Jurado del Programa \u201cHaz tu tesis en Cultura\u201d &#8211; 2007, del Consejo Nacional de la Cultura y las Artes.  Participa activamente en talleres, exposiciones y asesor\u00edas literarias y culturales en Centros Culturales de la Regi\u00f3n del Bio B\u00edo, destacando entre ellos: el Centro Cultural Nutnakeya de Coelemu, Balmaceda Arte Joven del Bio Bio, C.C. Pabellon 83 de Lota y el Centro Cultural Abraham Lincoln de Hualp\u00e9n.&nbsp;<\/div>\n<div><\/div>\n<div>Es creadora de la red virtual Antolog\u00eda Virtual poetas chilenos y de <a href=\"http:\/\/ojodepoeta2007.blogspot.com\/\">Ojo de Poeta<\/a>, p\u00e1gina de comentarios de libros. Organiz\u00f3 la mesa de literatura regional (2008) del Programa Chile+Cultura del Consejo Nacional de la Cultura y las Artes.   Una de sus preocupaciones como gestora es la difusi\u00f3n de la literatura, arte y cultura regional, nacional plasmada en proyectos digitales como la pagina <a href=\"http:\/\/edicioneslasilla.blogspot.com\/\">Colectivo la Silla<\/a> de la Regi\u00f3n del Bio B\u00edo y <a href=\"http:\/\/biobiogestioncultural.blogspot.com\/\">Bio Bio Gesti\u00f3n Cultural<\/a>, y en el programa radial Web Digital para la difusi\u00f3n internacional de escritores hispanoparlantes .&nbsp;<\/div>\n<div><\/div>\n<div>Ha realizado diversos talleres de creaci\u00f3n literaria en Talcahuano, Lota y Concepci\u00f3n. Es miembro de la Red Mundial de Escritores en espa\u00f1ol, Remes y del C\u00edrculo internacional de Literatura Vanguardista, entre otras organizaciones internacionales. Ha incursionado en el cine como directora, productora y guionista: Videos y cortometrajes. Actualmente se desempe\u00f1a como directora de talleres literarios. Ha participado en innumerables encuentros de escritores, recitales aportando con charlas y\/o talleres de creaci\u00f3n literaria. Frecuentemente le solicitan, exposiciones, charlas, talleres, pr\u00f3logos, cr\u00edticas y comentarios literarios.  PREMIOS y DISTINCIONES  \u2022 Postulada al Premio de Arte y Cultura, Artes literarias Baldomero Lillo 2009, Regi\u00f3n del Bio B\u00edo por la Sociedad de Escritores de Chile y otras organizaciones la regi\u00f3n.&nbsp;<\/div>\n<div><\/div>\n<div>\u2022 Premio Consejo Nacional del Libro 2009 con su proyecto: Literatura en TV: \u00abPorque escrib\u00ed\u201d \u2022 Postulada al Premio de Arte y Cultura, Artes literarias Baldomero Lillo 2008, regi\u00f3n del Bio B\u00edo&nbsp;<\/div>\n<div>\u2022 Premio Novela Fondo de Apoyo a Iniciativas Culturales 2008 Municipalidad de Concepci\u00f3n \u2022 Su obra integra la Historia de la Literatura Hispanoamericana de Polonia 2008.&nbsp;<\/div>\n<div>\u2022 Los libros: Memoria de un juego, En las fr\u00edas rodillas del mundo, La fusi\u00f3n de los signos y la novela M\u00e1s silenciosa que mi sombra han sido traducidas al polaco.&nbsp;<\/div>\n<div>\u2022 Su obra integra la Antolog\u00eda de Literatura Hispanoamericana de Canad\u00e1&nbsp;<\/div>\n<div>\u2022 Premio Consejo Nacional del Libro y la Lectura 2002&nbsp;<\/div>\n<div>\u2022 Tercer Concurso Nacional de Narrativa y Poes\u00eda Magoeditores-Santiago 2005  \u2022 Seleccionada para representar a Chile en el Encuentro Mundial de escritores en Chiclayo, Per\u00fa a\u00f1o 2002&nbsp;<\/div>\n<div>\u2022 Designada Miembro del Comit\u00e9 Consultivo Nacional de Cultura en reconocimiento a su vasto curr\u00edculum y destacada trayectoria en el \u00e1mbito de la Literatura&nbsp;<\/div>\n<div>\u2022 Su obra figura en el estudio Presencia Femenina en la Literatura Nacional -Lina Vera Lamperein- Edici\u00f3n 2007, corregida y actualizada de las destacadas escritoras: Ana Mar\u00eda Vieira y Paz Molina&nbsp;<\/div>\n<div>\u2022 Su obra figura en la Cartograf\u00eda Cultural de Chile (Mineduc 1999-2002)&nbsp;<\/div>\n<div>\u2022 En el Carn\u00e9 l\u00edrico Chileno (2000-2002)&nbsp;<\/div>\n<div>\u2022 En revistas literarias regionales, nacionales e internacionales (1999-2009) y en Sitios Web internacionales. \u2022 Ha sido invitada al Encuentro Mundial de Poetas en Oaxaca, M\u00e9xico por su obra y persona con la ponencia: \u201cChile: Mujer, literatura y discriminaci\u00f3n\u201d.&nbsp;<\/div>\n<div><\/div>\n<div><span style=\"font-weight: bold;\">PUBLICACIONES<\/span>:&nbsp;<\/div>\n<div>\u2022 \u00c1ngel dormido (1998)&nbsp;<\/div>\n<div>\u2022 Bajopiel (1998)&nbsp;<\/div>\n<div>\u2022 Arcoiris de vida (1999)&nbsp;<\/div>\n<div>\u2022 Copa de invierno (2000)&nbsp;<\/div>\n<div>\u2022 El retorno del \u00e1ngel (2001)&nbsp;<\/div>\n<div>\u2022 La extra\u00f1a barca del olvido (2003)&nbsp;<\/div>\n<div>\u2022 N\u00e1ufragos en la ciudad (2003)&nbsp;<\/div>\n<div>\u2022 La llave de la otra historia (2005)&nbsp;<\/div>\n<div>\u2022 A puertas cerradas (Ensayo,2005)&nbsp;<\/div>\n<div>\u2022 M\u00e1s silenciosa que mi sombra (Novela, 2006)&nbsp;<\/div>\n<div>\u2022 En las fr\u00edas rodillas del mundo (2006)&nbsp;<\/div>\n<div>\u2022 Memoria de un juego (2007)&nbsp;<\/div>\n<div>\u2022 La fusi\u00f3n de los signos (2007)&nbsp;<\/div>\n<div>\u2022 Estudio marginal- Comentario y cr\u00edtica(Ensayo, 2008)&nbsp;<\/div>\n<div>\u2022 De tu sangre cautiva (Novela, 2009)&nbsp;<\/div>\n<div>\u2022 Galer\u00eda (Poes\u00eda, 2009)  <span style=\"font-weight: bold;\">ANTOLOG\u00cdAS<\/span>:&nbsp;<\/div>\n<div>\u2022 Antolog\u00eda Poes\u00eda del sur (2002)&nbsp;<\/div>\n<div>\u2022 Antolog\u00eda Forestal 22 (2006)&nbsp;<\/div>\n<div>\u2022 Antolog\u00eda de Literatura Hispanoamericana Voces sin fronteras(Montreal, Canad\u00e1, 2006)&nbsp;<\/div>\n<div>\u2022 Antolog\u00eda Poes\u00eda Rayentr\u00fa (2007)  <span style=\"font-weight: bold;\">ESTUDIOS<\/span>&nbsp;<\/div>\n<div>\u2022 Presencia femenina en la Literatura Chilena (2008)- Estudio&nbsp;<\/div>\n<div>\u2022 Memoria Po\u00e9tica de Chile-Estudio&nbsp;<\/div>\n<div>\u2022 Carn\u00e9 L\u00edrico chileno (2000)-Estudio&nbsp;<\/div>\n<div><\/div>\n<div><span style=\"font-weight: bold;\">PUBLICACIONES EN REVISTAS<\/span>:&nbsp;<\/div>\n<div><\/div>\n<div>Su obra ha sido publicado en numerosas revistas impresas y virtuales: regionales, nacionales e internacionales, destac\u00e1ndose entre estas \u00faltimas, las publicaciones en Chile (curadur\u00eda autogestionada de Poes\u00eda chilena), Espa\u00f1a, Per\u00fa, M\u00e9xico, Argentina, Italia, Canad\u00e1 y Polonia.&nbsp;<\/div>\n<div><\/div>\n<div><span style=\"font-weight: bold;\">PARTICIPACI\u00d3N COMO JURADO<\/span>&nbsp;<\/div>\n<div><\/div>\n<div>\u2022 Concurso \u201cMe lo contaron mis viejos\u201d del CC Pabell\u00f3n 83 de Lota y Fundaci\u00f3n CEPAS&nbsp;<\/div>\n<div>\u2022 Concurso literario \u201cTierra de Concones\u201d del CC Nutnakeya de Coelemu&nbsp;<\/div>\n<div>\u2022 Concurso de Poes\u00eda la Casa de Todos \u2013Talcahuano&nbsp;<\/div>\n<div>\u2022 Concurso Regional de Poes\u00eda Direcci\u00f3n Colegio de Profesores Regi\u00f3n del Bio B\u00edo&nbsp;<\/div>\n<div>\u2022 Jurado del Programa \u201cHaz tu tesis en Cultura\u201d del Consejo Nacional de la Cultura y las Artes- Septiembre de 2007&nbsp;<\/div>\n<div>\u2022 Jurado del Programa \u201cHaz tu tesis en Cultura\u201d del Consejo Nacional de la Cultura y las Artes \u2013noviembre 2007&nbsp;<\/div>\n<div><\/div>\n<div>Paginas en Internet:&nbsp;<\/div>\n<div><a href=\"http:\/\/ingridodgerstoloza.blogspot.com\/\">http:\/\/ingridodgerstoloza.blogspot.com<\/a>&nbsp;<\/div>\n<div><a href=\"http:\/\/ojodepoeta2007.blogspot.com\/\">http:\/\/ojodepoeta2007.blogspot.com<\/a>&nbsp;<\/div>\n","protected":false},"excerpt":{"rendered":"<p>Ingrid Odgers Toloza, CONCEPCI\u00d3N (CHILE), 1955, poeta, narradora, ensayista, cr\u00edtica literaria, gestora cultural, profesora de Literatura de Balmaceda Arte Joven, directora de talleres literarios del Bio B\u00edo, creadora y realizadora del Programa de Literatura en TV \u201cPorque escrib\u00ed\u201d, Premio Fondo Nacional del Libro 2009, Premio Fondo Nacional del Libro 2002, Premio FAICC Literatura, categor\u00eda Novela [&hellip;]<\/p>\n","protected":false},"author":1,"featured_media":0,"comment_status":"open","ping_status":"open","sticky":false,"template":"","format":"standard","meta":{"footnotes":""},"categories":[207,149,102,67],"tags":[],"class_list":["post-5857","post","type-post","status-publish","format-standard","hentry","category-gestion-cultural","category-ingrid-odgers","category-literatura","category-poesia"],"yoast_head":"<!-- This site is optimized with the Yoast SEO plugin v25.0 - https:\/\/yoast.com\/wordpress\/plugins\/seo\/ -->\n<title>El Trabajo De Ingrid Odgers, Con El Cari\u00f1o De Amar Las Palabras - Nuestro Bio B\u00edo<\/title>\n<meta name=\"robots\" content=\"index, follow, max-snippet:-1, max-image-preview:large, max-video-preview:-1\" \/>\n<link rel=\"canonical\" href=\"https:\/\/www.fraczinet.cl\/sitio\/2012\/02\/16\/el-trabajo-de-ingrid-odgers-con-el-carino-de-amar-las-palabras\/\" \/>\n<meta property=\"og:locale\" content=\"es_ES\" \/>\n<meta property=\"og:type\" content=\"article\" \/>\n<meta property=\"og:title\" content=\"El Trabajo De Ingrid Odgers, Con El Cari\u00f1o De Amar Las Palabras - Nuestro Bio B\u00edo\" \/>\n<meta property=\"og:description\" content=\"Ingrid Odgers Toloza, CONCEPCI\u00d3N (CHILE), 1955, poeta, narradora, ensayista, cr\u00edtica literaria, gestora cultural, profesora de Literatura de Balmaceda Arte Joven, directora de talleres literarios del Bio B\u00edo, creadora y realizadora del Programa de Literatura en TV \u201cPorque escrib\u00ed\u201d, Premio Fondo Nacional del Libro 2009, Premio Fondo Nacional del Libro 2002, Premio FAICC Literatura, categor\u00eda Novela [&hellip;]\" \/>\n<meta property=\"og:url\" content=\"https:\/\/www.fraczinet.cl\/sitio\/2012\/02\/16\/el-trabajo-de-ingrid-odgers-con-el-carino-de-amar-las-palabras\/\" \/>\n<meta property=\"og:site_name\" content=\"Nuestro Bio B\u00edo\" \/>\n<meta property=\"article:published_time\" content=\"2012-02-16T15:43:00+00:00\" \/>\n<meta property=\"article:modified_time\" content=\"2022-10-06T22:51:59+00:00\" \/>\n<meta property=\"og:image\" content=\"http:\/\/2.bp.blogspot.com\/-zN7cE0O_2gU\/Tz0vm_tjgAI\/AAAAAAAAUV8\/c35cn-V4sS4\/s320\/Ingrid%2BOdgers.jpg\" \/>\n<meta name=\"author\" content=\"admin\" \/>\n<meta name=\"twitter:card\" content=\"summary_large_image\" \/>\n<meta name=\"twitter:creator\" content=\"@nuestrobiobio\" \/>\n<meta name=\"twitter:site\" content=\"@nuestrobiobio\" \/>\n<meta name=\"twitter:label1\" content=\"Escrito por\" \/>\n\t<meta name=\"twitter:data1\" content=\"admin\" \/>\n\t<meta name=\"twitter:label2\" content=\"Tiempo de lectura\" \/>\n\t<meta name=\"twitter:data2\" content=\"6 minutos\" \/>\n<script type=\"application\/ld+json\" class=\"yoast-schema-graph\">{\"@context\":\"https:\/\/schema.org\",\"@graph\":[{\"@type\":\"Article\",\"@id\":\"https:\/\/www.fraczinet.cl\/sitio\/2012\/02\/16\/el-trabajo-de-ingrid-odgers-con-el-carino-de-amar-las-palabras\/#article\",\"isPartOf\":{\"@id\":\"https:\/\/www.fraczinet.cl\/sitio\/2012\/02\/16\/el-trabajo-de-ingrid-odgers-con-el-carino-de-amar-las-palabras\/\"},\"author\":{\"name\":\"admin\",\"@id\":\"https:\/\/www.fraczinet.cl\/sitio\/#\/schema\/person\/bc30f98e9cb10ae7e119dbe14bc93784\"},\"headline\":\"El Trabajo De Ingrid Odgers, Con El Cari\u00f1o De Amar Las Palabras\",\"datePublished\":\"2012-02-16T15:43:00+00:00\",\"dateModified\":\"2022-10-06T22:51:59+00:00\",\"mainEntityOfPage\":{\"@id\":\"https:\/\/www.fraczinet.cl\/sitio\/2012\/02\/16\/el-trabajo-de-ingrid-odgers-con-el-carino-de-amar-las-palabras\/\"},\"wordCount\":1138,\"commentCount\":0,\"publisher\":{\"@id\":\"https:\/\/www.fraczinet.cl\/sitio\/#\/schema\/person\/aec8ee4da68df2b9b0eefdad24a0d582\"},\"image\":{\"@id\":\"https:\/\/www.fraczinet.cl\/sitio\/2012\/02\/16\/el-trabajo-de-ingrid-odgers-con-el-carino-de-amar-las-palabras\/#primaryimage\"},\"thumbnailUrl\":\"http:\/\/2.bp.blogspot.com\/-zN7cE0O_2gU\/Tz0vm_tjgAI\/AAAAAAAAUV8\/c35cn-V4sS4\/s320\/Ingrid%2BOdgers.jpg\",\"articleSection\":[\"Gesti\u00f3n Cultural\",\"Ingrid Odgers\",\"Literatura\",\"Poes\u00eda\"],\"inLanguage\":\"es\",\"potentialAction\":[{\"@type\":\"CommentAction\",\"name\":\"Comment\",\"target\":[\"https:\/\/www.fraczinet.cl\/sitio\/2012\/02\/16\/el-trabajo-de-ingrid-odgers-con-el-carino-de-amar-las-palabras\/#respond\"]}]},{\"@type\":\"WebPage\",\"@id\":\"https:\/\/www.fraczinet.cl\/sitio\/2012\/02\/16\/el-trabajo-de-ingrid-odgers-con-el-carino-de-amar-las-palabras\/\",\"url\":\"https:\/\/www.fraczinet.cl\/sitio\/2012\/02\/16\/el-trabajo-de-ingrid-odgers-con-el-carino-de-amar-las-palabras\/\",\"name\":\"El Trabajo De Ingrid Odgers, Con El Cari\u00f1o De Amar Las Palabras - Nuestro Bio B\u00edo\",\"isPartOf\":{\"@id\":\"https:\/\/www.fraczinet.cl\/sitio\/#website\"},\"primaryImageOfPage\":{\"@id\":\"https:\/\/www.fraczinet.cl\/sitio\/2012\/02\/16\/el-trabajo-de-ingrid-odgers-con-el-carino-de-amar-las-palabras\/#primaryimage\"},\"image\":{\"@id\":\"https:\/\/www.fraczinet.cl\/sitio\/2012\/02\/16\/el-trabajo-de-ingrid-odgers-con-el-carino-de-amar-las-palabras\/#primaryimage\"},\"thumbnailUrl\":\"http:\/\/2.bp.blogspot.com\/-zN7cE0O_2gU\/Tz0vm_tjgAI\/AAAAAAAAUV8\/c35cn-V4sS4\/s320\/Ingrid%2BOdgers.jpg\",\"datePublished\":\"2012-02-16T15:43:00+00:00\",\"dateModified\":\"2022-10-06T22:51:59+00:00\",\"breadcrumb\":{\"@id\":\"https:\/\/www.fraczinet.cl\/sitio\/2012\/02\/16\/el-trabajo-de-ingrid-odgers-con-el-carino-de-amar-las-palabras\/#breadcrumb\"},\"inLanguage\":\"es\",\"potentialAction\":[{\"@type\":\"ReadAction\",\"target\":[\"https:\/\/www.fraczinet.cl\/sitio\/2012\/02\/16\/el-trabajo-de-ingrid-odgers-con-el-carino-de-amar-las-palabras\/\"]}]},{\"@type\":\"ImageObject\",\"inLanguage\":\"es\",\"@id\":\"https:\/\/www.fraczinet.cl\/sitio\/2012\/02\/16\/el-trabajo-de-ingrid-odgers-con-el-carino-de-amar-las-palabras\/#primaryimage\",\"url\":\"http:\/\/2.bp.blogspot.com\/-zN7cE0O_2gU\/Tz0vm_tjgAI\/AAAAAAAAUV8\/c35cn-V4sS4\/s320\/Ingrid%2BOdgers.jpg\",\"contentUrl\":\"http:\/\/2.bp.blogspot.com\/-zN7cE0O_2gU\/Tz0vm_tjgAI\/AAAAAAAAUV8\/c35cn-V4sS4\/s320\/Ingrid%2BOdgers.jpg\"},{\"@type\":\"BreadcrumbList\",\"@id\":\"https:\/\/www.fraczinet.cl\/sitio\/2012\/02\/16\/el-trabajo-de-ingrid-odgers-con-el-carino-de-amar-las-palabras\/#breadcrumb\",\"itemListElement\":[{\"@type\":\"ListItem\",\"position\":1,\"name\":\"Portada\",\"item\":\"https:\/\/www.fraczinet.cl\/sitio\/\"},{\"@type\":\"ListItem\",\"position\":2,\"name\":\"El Trabajo De Ingrid Odgers, Con El Cari\u00f1o De Amar Las Palabras\"}]},{\"@type\":\"WebSite\",\"@id\":\"https:\/\/www.fraczinet.cl\/sitio\/#website\",\"url\":\"https:\/\/www.fraczinet.cl\/sitio\/\",\"name\":\"Nuestro Bio B\u00edo\",\"description\":\"Tierra de Encuentros\",\"publisher\":{\"@id\":\"https:\/\/www.fraczinet.cl\/sitio\/#\/schema\/person\/aec8ee4da68df2b9b0eefdad24a0d582\"},\"potentialAction\":[{\"@type\":\"SearchAction\",\"target\":{\"@type\":\"EntryPoint\",\"urlTemplate\":\"https:\/\/www.fraczinet.cl\/sitio\/?s={search_term_string}\"},\"query-input\":{\"@type\":\"PropertyValueSpecification\",\"valueRequired\":true,\"valueName\":\"search_term_string\"}}],\"inLanguage\":\"es\"},{\"@type\":[\"Person\",\"Organization\"],\"@id\":\"https:\/\/www.fraczinet.cl\/sitio\/#\/schema\/person\/aec8ee4da68df2b9b0eefdad24a0d582\",\"name\":\"Luis Fernando Fraczinet\",\"image\":{\"@type\":\"ImageObject\",\"inLanguage\":\"es\",\"@id\":\"https:\/\/www.fraczinet.cl\/sitio\/#\/schema\/person\/image\/\",\"url\":\"https:\/\/www.fraczinet.cl\/sitio\/wp-content\/uploads\/2021\/07\/bannerlogo-1.gif\",\"contentUrl\":\"https:\/\/www.fraczinet.cl\/sitio\/wp-content\/uploads\/2021\/07\/bannerlogo-1.gif\",\"width\":159,\"height\":79,\"caption\":\"Luis Fernando Fraczinet\"},\"logo\":{\"@id\":\"https:\/\/www.fraczinet.cl\/sitio\/#\/schema\/person\/image\/\"},\"sameAs\":[\"https:\/\/www.fraczinet.cl\/sitio\/\"]},{\"@type\":\"Person\",\"@id\":\"https:\/\/www.fraczinet.cl\/sitio\/#\/schema\/person\/bc30f98e9cb10ae7e119dbe14bc93784\",\"name\":\"admin\",\"image\":{\"@type\":\"ImageObject\",\"inLanguage\":\"es\",\"@id\":\"https:\/\/www.fraczinet.cl\/sitio\/#\/schema\/person\/image\/\",\"url\":\"https:\/\/secure.gravatar.com\/avatar\/d5ad3cf7ef3b23a2bb5be73be780c86b2fc8545c3ad6b149f3913ff458c00099?s=96&d=mm&r=g\",\"contentUrl\":\"https:\/\/secure.gravatar.com\/avatar\/d5ad3cf7ef3b23a2bb5be73be780c86b2fc8545c3ad6b149f3913ff458c00099?s=96&d=mm&r=g\",\"caption\":\"admin\"},\"sameAs\":[\"https:\/\/www.fraczinet.cl\/sitio\"]}]}<\/script>\n<!-- \/ Yoast SEO plugin. -->","yoast_head_json":{"title":"El Trabajo De Ingrid Odgers, Con El Cari\u00f1o De Amar Las Palabras - Nuestro Bio B\u00edo","robots":{"index":"index","follow":"follow","max-snippet":"max-snippet:-1","max-image-preview":"max-image-preview:large","max-video-preview":"max-video-preview:-1"},"canonical":"https:\/\/www.fraczinet.cl\/sitio\/2012\/02\/16\/el-trabajo-de-ingrid-odgers-con-el-carino-de-amar-las-palabras\/","og_locale":"es_ES","og_type":"article","og_title":"El Trabajo De Ingrid Odgers, Con El Cari\u00f1o De Amar Las Palabras - Nuestro Bio B\u00edo","og_description":"Ingrid Odgers Toloza, CONCEPCI\u00d3N (CHILE), 1955, poeta, narradora, ensayista, cr\u00edtica literaria, gestora cultural, profesora de Literatura de Balmaceda Arte Joven, directora de talleres literarios del Bio B\u00edo, creadora y realizadora del Programa de Literatura en TV \u201cPorque escrib\u00ed\u201d, Premio Fondo Nacional del Libro 2009, Premio Fondo Nacional del Libro 2002, Premio FAICC Literatura, categor\u00eda Novela [&hellip;]","og_url":"https:\/\/www.fraczinet.cl\/sitio\/2012\/02\/16\/el-trabajo-de-ingrid-odgers-con-el-carino-de-amar-las-palabras\/","og_site_name":"Nuestro Bio B\u00edo","article_published_time":"2012-02-16T15:43:00+00:00","article_modified_time":"2022-10-06T22:51:59+00:00","og_image":[{"url":"http:\/\/2.bp.blogspot.com\/-zN7cE0O_2gU\/Tz0vm_tjgAI\/AAAAAAAAUV8\/c35cn-V4sS4\/s320\/Ingrid%2BOdgers.jpg","type":"","width":"","height":""}],"author":"admin","twitter_card":"summary_large_image","twitter_creator":"@nuestrobiobio","twitter_site":"@nuestrobiobio","twitter_misc":{"Escrito por":"admin","Tiempo de lectura":"6 minutos"},"schema":{"@context":"https:\/\/schema.org","@graph":[{"@type":"Article","@id":"https:\/\/www.fraczinet.cl\/sitio\/2012\/02\/16\/el-trabajo-de-ingrid-odgers-con-el-carino-de-amar-las-palabras\/#article","isPartOf":{"@id":"https:\/\/www.fraczinet.cl\/sitio\/2012\/02\/16\/el-trabajo-de-ingrid-odgers-con-el-carino-de-amar-las-palabras\/"},"author":{"name":"admin","@id":"https:\/\/www.fraczinet.cl\/sitio\/#\/schema\/person\/bc30f98e9cb10ae7e119dbe14bc93784"},"headline":"El Trabajo De Ingrid Odgers, Con El Cari\u00f1o De Amar Las Palabras","datePublished":"2012-02-16T15:43:00+00:00","dateModified":"2022-10-06T22:51:59+00:00","mainEntityOfPage":{"@id":"https:\/\/www.fraczinet.cl\/sitio\/2012\/02\/16\/el-trabajo-de-ingrid-odgers-con-el-carino-de-amar-las-palabras\/"},"wordCount":1138,"commentCount":0,"publisher":{"@id":"https:\/\/www.fraczinet.cl\/sitio\/#\/schema\/person\/aec8ee4da68df2b9b0eefdad24a0d582"},"image":{"@id":"https:\/\/www.fraczinet.cl\/sitio\/2012\/02\/16\/el-trabajo-de-ingrid-odgers-con-el-carino-de-amar-las-palabras\/#primaryimage"},"thumbnailUrl":"http:\/\/2.bp.blogspot.com\/-zN7cE0O_2gU\/Tz0vm_tjgAI\/AAAAAAAAUV8\/c35cn-V4sS4\/s320\/Ingrid%2BOdgers.jpg","articleSection":["Gesti\u00f3n Cultural","Ingrid Odgers","Literatura","Poes\u00eda"],"inLanguage":"es","potentialAction":[{"@type":"CommentAction","name":"Comment","target":["https:\/\/www.fraczinet.cl\/sitio\/2012\/02\/16\/el-trabajo-de-ingrid-odgers-con-el-carino-de-amar-las-palabras\/#respond"]}]},{"@type":"WebPage","@id":"https:\/\/www.fraczinet.cl\/sitio\/2012\/02\/16\/el-trabajo-de-ingrid-odgers-con-el-carino-de-amar-las-palabras\/","url":"https:\/\/www.fraczinet.cl\/sitio\/2012\/02\/16\/el-trabajo-de-ingrid-odgers-con-el-carino-de-amar-las-palabras\/","name":"El Trabajo De Ingrid Odgers, Con El Cari\u00f1o De Amar Las Palabras - Nuestro Bio B\u00edo","isPartOf":{"@id":"https:\/\/www.fraczinet.cl\/sitio\/#website"},"primaryImageOfPage":{"@id":"https:\/\/www.fraczinet.cl\/sitio\/2012\/02\/16\/el-trabajo-de-ingrid-odgers-con-el-carino-de-amar-las-palabras\/#primaryimage"},"image":{"@id":"https:\/\/www.fraczinet.cl\/sitio\/2012\/02\/16\/el-trabajo-de-ingrid-odgers-con-el-carino-de-amar-las-palabras\/#primaryimage"},"thumbnailUrl":"http:\/\/2.bp.blogspot.com\/-zN7cE0O_2gU\/Tz0vm_tjgAI\/AAAAAAAAUV8\/c35cn-V4sS4\/s320\/Ingrid%2BOdgers.jpg","datePublished":"2012-02-16T15:43:00+00:00","dateModified":"2022-10-06T22:51:59+00:00","breadcrumb":{"@id":"https:\/\/www.fraczinet.cl\/sitio\/2012\/02\/16\/el-trabajo-de-ingrid-odgers-con-el-carino-de-amar-las-palabras\/#breadcrumb"},"inLanguage":"es","potentialAction":[{"@type":"ReadAction","target":["https:\/\/www.fraczinet.cl\/sitio\/2012\/02\/16\/el-trabajo-de-ingrid-odgers-con-el-carino-de-amar-las-palabras\/"]}]},{"@type":"ImageObject","inLanguage":"es","@id":"https:\/\/www.fraczinet.cl\/sitio\/2012\/02\/16\/el-trabajo-de-ingrid-odgers-con-el-carino-de-amar-las-palabras\/#primaryimage","url":"http:\/\/2.bp.blogspot.com\/-zN7cE0O_2gU\/Tz0vm_tjgAI\/AAAAAAAAUV8\/c35cn-V4sS4\/s320\/Ingrid%2BOdgers.jpg","contentUrl":"http:\/\/2.bp.blogspot.com\/-zN7cE0O_2gU\/Tz0vm_tjgAI\/AAAAAAAAUV8\/c35cn-V4sS4\/s320\/Ingrid%2BOdgers.jpg"},{"@type":"BreadcrumbList","@id":"https:\/\/www.fraczinet.cl\/sitio\/2012\/02\/16\/el-trabajo-de-ingrid-odgers-con-el-carino-de-amar-las-palabras\/#breadcrumb","itemListElement":[{"@type":"ListItem","position":1,"name":"Portada","item":"https:\/\/www.fraczinet.cl\/sitio\/"},{"@type":"ListItem","position":2,"name":"El Trabajo De Ingrid Odgers, Con El Cari\u00f1o De Amar Las Palabras"}]},{"@type":"WebSite","@id":"https:\/\/www.fraczinet.cl\/sitio\/#website","url":"https:\/\/www.fraczinet.cl\/sitio\/","name":"Nuestro Bio B\u00edo","description":"Tierra de Encuentros","publisher":{"@id":"https:\/\/www.fraczinet.cl\/sitio\/#\/schema\/person\/aec8ee4da68df2b9b0eefdad24a0d582"},"potentialAction":[{"@type":"SearchAction","target":{"@type":"EntryPoint","urlTemplate":"https:\/\/www.fraczinet.cl\/sitio\/?s={search_term_string}"},"query-input":{"@type":"PropertyValueSpecification","valueRequired":true,"valueName":"search_term_string"}}],"inLanguage":"es"},{"@type":["Person","Organization"],"@id":"https:\/\/www.fraczinet.cl\/sitio\/#\/schema\/person\/aec8ee4da68df2b9b0eefdad24a0d582","name":"Luis Fernando Fraczinet","image":{"@type":"ImageObject","inLanguage":"es","@id":"https:\/\/www.fraczinet.cl\/sitio\/#\/schema\/person\/image\/","url":"https:\/\/www.fraczinet.cl\/sitio\/wp-content\/uploads\/2021\/07\/bannerlogo-1.gif","contentUrl":"https:\/\/www.fraczinet.cl\/sitio\/wp-content\/uploads\/2021\/07\/bannerlogo-1.gif","width":159,"height":79,"caption":"Luis Fernando Fraczinet"},"logo":{"@id":"https:\/\/www.fraczinet.cl\/sitio\/#\/schema\/person\/image\/"},"sameAs":["https:\/\/www.fraczinet.cl\/sitio\/"]},{"@type":"Person","@id":"https:\/\/www.fraczinet.cl\/sitio\/#\/schema\/person\/bc30f98e9cb10ae7e119dbe14bc93784","name":"admin","image":{"@type":"ImageObject","inLanguage":"es","@id":"https:\/\/www.fraczinet.cl\/sitio\/#\/schema\/person\/image\/","url":"https:\/\/secure.gravatar.com\/avatar\/d5ad3cf7ef3b23a2bb5be73be780c86b2fc8545c3ad6b149f3913ff458c00099?s=96&d=mm&r=g","contentUrl":"https:\/\/secure.gravatar.com\/avatar\/d5ad3cf7ef3b23a2bb5be73be780c86b2fc8545c3ad6b149f3913ff458c00099?s=96&d=mm&r=g","caption":"admin"},"sameAs":["https:\/\/www.fraczinet.cl\/sitio"]}]}},"_links":{"self":[{"href":"https:\/\/www.fraczinet.cl\/sitio\/wp-json\/wp\/v2\/posts\/5857","targetHints":{"allow":["GET"]}}],"collection":[{"href":"https:\/\/www.fraczinet.cl\/sitio\/wp-json\/wp\/v2\/posts"}],"about":[{"href":"https:\/\/www.fraczinet.cl\/sitio\/wp-json\/wp\/v2\/types\/post"}],"author":[{"embeddable":true,"href":"https:\/\/www.fraczinet.cl\/sitio\/wp-json\/wp\/v2\/users\/1"}],"replies":[{"embeddable":true,"href":"https:\/\/www.fraczinet.cl\/sitio\/wp-json\/wp\/v2\/comments?post=5857"}],"version-history":[{"count":1,"href":"https:\/\/www.fraczinet.cl\/sitio\/wp-json\/wp\/v2\/posts\/5857\/revisions"}],"predecessor-version":[{"id":14306,"href":"https:\/\/www.fraczinet.cl\/sitio\/wp-json\/wp\/v2\/posts\/5857\/revisions\/14306"}],"wp:attachment":[{"href":"https:\/\/www.fraczinet.cl\/sitio\/wp-json\/wp\/v2\/media?parent=5857"}],"wp:term":[{"taxonomy":"category","embeddable":true,"href":"https:\/\/www.fraczinet.cl\/sitio\/wp-json\/wp\/v2\/categories?post=5857"},{"taxonomy":"post_tag","embeddable":true,"href":"https:\/\/www.fraczinet.cl\/sitio\/wp-json\/wp\/v2\/tags?post=5857"}],"curies":[{"name":"wp","href":"https:\/\/api.w.org\/{rel}","templated":true}]}}