{"id":5865,"date":"2012-02-12T19:02:00","date_gmt":"2012-02-12T19:02:00","guid":{"rendered":"https:\/\/www.fraczinet.cl\/sitio\/2012\/02\/12\/fondart-las-palomas-y-las-migas\/"},"modified":"2022-09-18T17:59:30","modified_gmt":"2022-09-18T17:59:30","slug":"fondart-las-palomas-y-las-migas","status":"publish","type":"post","link":"https:\/\/www.fraczinet.cl\/sitio\/fondart-las-palomas-y-las-migas\/","title":{"rendered":"Fondart: Las Palomas Y Las Migas"},"content":{"rendered":"<p>Es normal, todos los a\u00f1os pasa. Cuando salen los Fondart, unos pocos saltan en un pie y muchos m\u00e1s reclaman airadamente. En algunos casos, acusando el mal criterio de selecci\u00f3n del CNCA y en demasiados otros dirigiendo los dardos contra los artistas y gestores que se adjudicaron los fondos, cuando en realidad el gran reclamo deber\u00eda ser la disminuci\u00f3n ostensible del monto final de ese fondo, lo que m\u00e1s impacta por el aumento de los postulantes.<\/p>\n<p>En suma, son m\u00e1s las palomas y menos las migas.<\/p>\n<p>Muchos, much\u00edsimos por Twitter y otras v\u00edas, alegan tener excelentes evaluaciones y altos puntajes, y sin embargo una estampa de rechazo que no se comprende. As\u00ed, la idea que ronda es que esta vez son muy pocos quienes ganaron, sin quedar claro los criterios de diferencia entre un proyecto bien evaluado y aprobado y otro igualmente bien evaluado, pero rechazado.<\/p>\n<p>Para comprobar impresiones, nada mejor que los n\u00fameros, as\u00ed que de mandil y manguillas, transform\u00e9 el escueto PDF que entreg\u00f3 el CNCA en un excel (ojo, cuando no hay planillas disponibles ni n\u00fameros en las cuentas p\u00fablicas, es porque hay cosas escondidas) que permite ofrecer algunos datos, espero sin errores:<\/p>\n<p>El monto adjudicado del Fondart 2012 es de $ 6.863.845.474 pesos, lo que representa una disminuci\u00f3n del 8,7% en relaci\u00f3n al Fondart 2011, y lo que es m\u00e1s grave, un 19,2% menos en relaci\u00f3n a la Ley de Presupuesto 2012, que para el Fondart asign\u00f3 $ 8.498.969.000 pesos.<\/p>\n<p>\u00bfPor qu\u00e9 esa sub ejecuci\u00f3n presupuestaria, en instancias en que abundan proyectos en lista de espera (qui\u00e9n sabe por qu\u00e9 se public\u00f3 esas listas de esa manera) y otros rechazados pero excelentemente evaluados? \u00bfHablar\u00e1n alg\u00fan d\u00eda los jurados sobre las razones por las que proyectos calificados por ellos como excelentes finalmente no fueron apoyados?<\/p>\n<p>Con raz\u00f3n los artistas y los gestores que se desvivieron postulando y fueron rechazados se sienten defraudados por el Fondart. Despu\u00e9s de todo, este fondo, totalmente insuficiente como para financiar una actividad cultural y art\u00edstica pujante que saque a Chile de ser solo un bonito paisaje, es la base para la labor creativa de los equipos que est\u00e1n detr\u00e1s de las cerca de 10.000 postulaciones (dato destacado por el CNCA) recibidas para este 2012 (fueron aprobadas s\u00f3lo 613). Dije \u201cs\u00f3lo la base\u201d, porque para quienes no conocen bien el fondo, \u00e9ste nunca a alcanzado para que los artistas vivan de \u00e9l ni siquiera financien 100% de las obras. En general durante el tiempo de ejecuci\u00f3n, que rara vez superan el a\u00f1o, se pagan sueldos en promedio de $ 200.000 pesos, por lo que su sustento proviene de otros trabajos aleda\u00f1os, como ser profesores, en general \u201ctaxi\u201d, o sacando provecho de los capitales sociales y culturales que posean, lo que, entre otras cosas, pone freno a la labor creativa de los segmentos m\u00e1s despose\u00eddos. As\u00ed ganarse el Fondart no es, como muchos creen, un premio gordo, sino una condici\u00f3n casi m\u00ednima para crear.<\/p>\n<p>Ahora es el p\u00fablico el m\u00e1s resentido por esta disminuci\u00f3n. Quiero poner de ejemplo dos obras que conozco de cerca (disclaimer), y que -habiendo obtenido altos puntajes, fueron rechazadas.<\/p>\n<p>\u201cTodo es cancha\u201d de la compa\u00f1\u00eda \u201cLa Peste\u201d de Valpara\u00edso, es una obra de gran formato, adaptada para presentarse en cualquier multicancha, para hablar justamente del f\u00fatbol y los significados culturales y pol\u00edticos que rondan ese deporte, a trav\u00e9s de una narraci\u00f3n que transcurre en las v\u00edsperas de una final de campeonato de barrio. Hasta ahora, a pulso y sin otro apoyo, \u201cTodo es cancha\u201d ha sido vista y aplaudida por 2.500 personas en el puerto y buena parte de la cr\u00edtica, y no ser\u00e1 vista por otros 4.800 espectadores de los cerros de la ciudad, pues La Peste, una de las pocas compa\u00f1\u00edas estables de la \u201ccapital cultural\u201d con 10 a\u00f1os de trayectoria, no se gan\u00f3 el Fondart. Su evaluaci\u00f3n: Excelente. Dicho sea de paso, ning\u00fan proyecto de teatro porte\u00f1o gan\u00f3 el Fondart Nacional.<\/p>\n<p>En la danza, \u201cCreo Falso\u201d es una obra que logr\u00f3 en gran medida acercar el lenguaje de esa disciplina art\u00edstica a la gente com\u00fan y corriente. Basada en el juego y la nostalgia, su apuesta fue una gira por Iquique, Alto Hospicio, Copiap\u00f3, Vallenar y Caldera, para darle actividad a los recientemente creados centros culturales de esas comunas. Proyectando que la gira impactar\u00eda a al rededor de 2.400 espectadores (las funciones eran gratuitas) que muy rara vez pod\u00edan ver danza contempor\u00e1nea, adem\u00e1s de un n\u00famero cercano a 100 personas que habr\u00edan podido ser parte de los talleres que los creadores har\u00edan en Iquique y Copiap\u00f3. Su evaluaci\u00f3n: Excelente. Dicho sea de paso, la danza no obtuvo ning\u00fan fondo en la l\u00ednea de \u201cMercado de las Artes\u201d.<\/p>\n<p>As\u00ed, multipliqu\u00e9 casos como estos por \u00bfcu\u00e1nto? \u00bfSer\u00e1n 3.000 proyectos bien evaluados y rechazados o en listas de espera? Al menos, si se hubiese ocupado todo el presupuesto, y tomando en cuenta el promedio de US $ 11,2 millones de pesos por proyecto para este Fondart 2012, 146 otros proyectos podr\u00edan haber sido financiados.<\/p>\n<p>M\u00e1s all\u00e1 de los airados reclamos por no haberse ganado el Fondart o por acusar a otros artistas y gestores de tr\u00e1fico de influencias, lo que falta en el mundo de la cultura y las artes, es percatarse de lo terriblemente marginal que es este quehacer -que nunca ser\u00e1 industrias culturales- para las pol\u00edticas p\u00fablicas. Algo aguzado en este gobierno, dada la baja en la ejecuci\u00f3n presupuestaria.<\/p>\n<p>Al final de este, si usted quiere, reclamo, un dato m\u00e1s de la magnitud de la postergaci\u00f3n de esta actividad, llamada por el Presidente Pi\u00f1era como el \u201calma de Chile\u201d: La ejecuci\u00f3n de este Fondart 2012 equivale a poco menos de 24 horas de utilidades de la Minera La Escondida: Saque la cuenta, en 2011 esta compa\u00f1\u00eda -activo ejemplo de lo que puede la Ley Vald\u00e9s para las donaciones culturales- gan\u00f3 $ 2,2 billones de pesos (no de los billones gringos), lo que da $ 6,1mil millones pesos diarios. El Fondart de este a\u00f1o fue de un poco m\u00e1s que eso: $ 6,9 mil millones (casi tres horas m\u00e1s de producci\u00f3n). En buenas cuentas, unas cuantas migas.<\/p>\n<p><span style=\"font-weight: bold;\">Por Andr\u00e9s Almeida<br \/>\nPeriodista e Historiador<\/span><\/p>\n<p><span style=\"font-weight: bold;\">Fuente<\/span>: <a href=\"http:\/\/www.eldinamo.cl\/\">El D\u00ednamo.cl<\/a><br \/>\n<span style=\"font-weight: bold;\">Comente<\/span> en la <a href=\"http:\/\/www.eldinamo.cl\/blog\/fondart-las-palomas-y-las-migas\/\">nota original<\/a><\/p>\n","protected":false},"excerpt":{"rendered":"<p>Es normal, todos los a\u00f1os pasa. Cuando salen los Fondart, unos pocos saltan en un pie y muchos m\u00e1s reclaman airadamente. En algunos casos, acusando el mal criterio de selecci\u00f3n del CNCA y en demasiados otros dirigiendo los dardos contra los artistas y gestores que se adjudicaron los fondos, cuando en realidad el gran reclamo [&hellip;]<\/p>\n","protected":false},"author":1,"featured_media":12993,"comment_status":"open","ping_status":"closed","sticky":false,"template":"","format":"standard","meta":{"footnotes":""},"categories":[178,112],"tags":[],"class_list":["post-5865","post","type-post","status-publish","format-standard","has-post-thumbnail","hentry","category-fondos-concursables","category-opinion"],"yoast_head":"<!-- This site is optimized with the Yoast SEO plugin v28.2 - https:\/\/yoast.com\/product\/yoast-seo-wordpress\/ -->\n<title>Fondart: Las Palomas Y Las Migas - Nuestro Bio B\u00edo<\/title>\n<meta name=\"robots\" content=\"index, follow, max-snippet:-1, max-image-preview:large, max-video-preview:-1\" \/>\n<link rel=\"canonical\" href=\"https:\/\/www.fraczinet.cl\/sitio\/fondart-las-palomas-y-las-migas\/\" \/>\n<meta property=\"og:locale\" content=\"es_ES\" \/>\n<meta property=\"og:type\" content=\"article\" \/>\n<meta property=\"og:title\" content=\"Fondart: Las Palomas Y Las Migas - Nuestro Bio B\u00edo\" \/>\n<meta property=\"og:description\" content=\"Es normal, todos los a\u00f1os pasa. Cuando salen los Fondart, unos pocos saltan en un pie y muchos m\u00e1s reclaman airadamente. En algunos casos, acusando el mal criterio de selecci\u00f3n del CNCA y en demasiados otros dirigiendo los dardos contra los artistas y gestores que se adjudicaron los fondos, cuando en realidad el gran reclamo [&hellip;]\" \/>\n<meta property=\"og:url\" content=\"https:\/\/www.fraczinet.cl\/sitio\/fondart-las-palomas-y-las-migas\/\" \/>\n<meta property=\"og:site_name\" content=\"Nuestro Bio B\u00edo\" \/>\n<meta property=\"article:publisher\" content=\"https:\/\/www.facebook.com\/groups\/15721414452\/\" \/>\n<meta property=\"article:published_time\" content=\"2012-02-12T19:02:00+00:00\" \/>\n<meta property=\"article:modified_time\" content=\"2022-09-18T17:59:30+00:00\" \/>\n<meta property=\"og:image\" content=\"https:\/\/www.fraczinet.cl\/sitio\/wp-content\/uploads\/2012\/02\/Fondart.jpeg\" \/>\n\t<meta property=\"og:image:width\" content=\"275\" \/>\n\t<meta property=\"og:image:height\" content=\"183\" \/>\n\t<meta property=\"og:image:type\" content=\"image\/jpeg\" \/>\n<meta name=\"twitter:card\" content=\"summary_large_image\" \/>\n<meta name=\"twitter:creator\" content=\"@nuestrobiobio\" \/>\n<meta name=\"twitter:site\" content=\"@nuestrobiobio\" \/>\n<meta name=\"twitter:label1\" content=\"Escrito por\" \/>\n\t<meta name=\"twitter:data1\" content=\"\" \/>\n\t<meta name=\"twitter:label2\" content=\"Tiempo de lectura\" \/>\n\t<meta name=\"twitter:data2\" content=\"5 minutos\" \/>\n<script type=\"application\/ld+json\" class=\"yoast-schema-graph\">{\"@context\":\"https:\\\/\\\/schema.org\",\"@graph\":[{\"@type\":\"Article\",\"@id\":\"https:\\\/\\\/www.fraczinet.cl\\\/sitio\\\/fondart-las-palomas-y-las-migas\\\/#article\",\"isPartOf\":{\"@id\":\"https:\\\/\\\/www.fraczinet.cl\\\/sitio\\\/fondart-las-palomas-y-las-migas\\\/\"},\"author\":{\"name\":\"\",\"@id\":\"\"},\"headline\":\"Fondart: Las Palomas Y Las Migas\",\"datePublished\":\"2012-02-12T19:02:00+00:00\",\"dateModified\":\"2022-09-18T17:59:30+00:00\",\"mainEntityOfPage\":{\"@id\":\"https:\\\/\\\/www.fraczinet.cl\\\/sitio\\\/fondart-las-palomas-y-las-migas\\\/\"},\"wordCount\":1089,\"commentCount\":0,\"image\":{\"@id\":\"https:\\\/\\\/www.fraczinet.cl\\\/sitio\\\/fondart-las-palomas-y-las-migas\\\/#primaryimage\"},\"thumbnailUrl\":\"https:\\\/\\\/www.fraczinet.cl\\\/sitio\\\/wp-content\\\/uploads\\\/2012\\\/02\\\/Fondart.jpeg\",\"articleSection\":[\"Fondos Concursables\",\"Opini\u00f3n\"],\"inLanguage\":\"es\",\"potentialAction\":[{\"@type\":\"CommentAction\",\"name\":\"Comment\",\"target\":[\"https:\\\/\\\/www.fraczinet.cl\\\/sitio\\\/fondart-las-palomas-y-las-migas\\\/#respond\"]}]},{\"@type\":\"WebPage\",\"@id\":\"https:\\\/\\\/www.fraczinet.cl\\\/sitio\\\/fondart-las-palomas-y-las-migas\\\/\",\"url\":\"https:\\\/\\\/www.fraczinet.cl\\\/sitio\\\/fondart-las-palomas-y-las-migas\\\/\",\"name\":\"Fondart: Las Palomas Y Las Migas - Nuestro Bio B\u00edo\",\"isPartOf\":{\"@id\":\"https:\\\/\\\/www.fraczinet.cl\\\/sitio\\\/#website\"},\"primaryImageOfPage\":{\"@id\":\"https:\\\/\\\/www.fraczinet.cl\\\/sitio\\\/fondart-las-palomas-y-las-migas\\\/#primaryimage\"},\"image\":{\"@id\":\"https:\\\/\\\/www.fraczinet.cl\\\/sitio\\\/fondart-las-palomas-y-las-migas\\\/#primaryimage\"},\"thumbnailUrl\":\"https:\\\/\\\/www.fraczinet.cl\\\/sitio\\\/wp-content\\\/uploads\\\/2012\\\/02\\\/Fondart.jpeg\",\"datePublished\":\"2012-02-12T19:02:00+00:00\",\"dateModified\":\"2022-09-18T17:59:30+00:00\",\"author\":{\"@id\":\"\"},\"breadcrumb\":{\"@id\":\"https:\\\/\\\/www.fraczinet.cl\\\/sitio\\\/fondart-las-palomas-y-las-migas\\\/#breadcrumb\"},\"inLanguage\":\"es\",\"potentialAction\":[{\"@type\":\"ReadAction\",\"target\":[\"https:\\\/\\\/www.fraczinet.cl\\\/sitio\\\/fondart-las-palomas-y-las-migas\\\/\"]}]},{\"@type\":\"ImageObject\",\"inLanguage\":\"es\",\"@id\":\"https:\\\/\\\/www.fraczinet.cl\\\/sitio\\\/fondart-las-palomas-y-las-migas\\\/#primaryimage\",\"url\":\"https:\\\/\\\/www.fraczinet.cl\\\/sitio\\\/wp-content\\\/uploads\\\/2012\\\/02\\\/Fondart.jpeg\",\"contentUrl\":\"https:\\\/\\\/www.fraczinet.cl\\\/sitio\\\/wp-content\\\/uploads\\\/2012\\\/02\\\/Fondart.jpeg\",\"width\":275,\"height\":183},{\"@type\":\"BreadcrumbList\",\"@id\":\"https:\\\/\\\/www.fraczinet.cl\\\/sitio\\\/fondart-las-palomas-y-las-migas\\\/#breadcrumb\",\"itemListElement\":[{\"@type\":\"ListItem\",\"position\":1,\"name\":\"Portada\",\"item\":\"https:\\\/\\\/www.fraczinet.cl\\\/sitio\\\/\"},{\"@type\":\"ListItem\",\"position\":2,\"name\":\"Fondart: Las Palomas Y Las Migas\"}]},{\"@type\":\"WebSite\",\"@id\":\"https:\\\/\\\/www.fraczinet.cl\\\/sitio\\\/#website\",\"url\":\"https:\\\/\\\/www.fraczinet.cl\\\/sitio\\\/\",\"name\":\"Nuestro Bio B\u00edo\",\"description\":\"Tierra de Encuentros\",\"potentialAction\":[{\"@type\":\"SearchAction\",\"target\":{\"@type\":\"EntryPoint\",\"urlTemplate\":\"https:\\\/\\\/www.fraczinet.cl\\\/sitio\\\/?s={search_term_string}\"},\"query-input\":{\"@type\":\"PropertyValueSpecification\",\"valueRequired\":true,\"valueName\":\"search_term_string\"}}],\"inLanguage\":\"es\"},{\"@type\":\"Person\",\"@id\":\"\"}]}<\/script>\n<!-- \/ Yoast SEO plugin. -->","yoast_head_json":{"title":"Fondart: Las Palomas Y Las Migas - Nuestro Bio B\u00edo","robots":{"index":"index","follow":"follow","max-snippet":"max-snippet:-1","max-image-preview":"max-image-preview:large","max-video-preview":"max-video-preview:-1"},"canonical":"https:\/\/www.fraczinet.cl\/sitio\/fondart-las-palomas-y-las-migas\/","og_locale":"es_ES","og_type":"article","og_title":"Fondart: Las Palomas Y Las Migas - Nuestro Bio B\u00edo","og_description":"Es normal, todos los a\u00f1os pasa. Cuando salen los Fondart, unos pocos saltan en un pie y muchos m\u00e1s reclaman airadamente. En algunos casos, acusando el mal criterio de selecci\u00f3n del CNCA y en demasiados otros dirigiendo los dardos contra los artistas y gestores que se adjudicaron los fondos, cuando en realidad el gran reclamo [&hellip;]","og_url":"https:\/\/www.fraczinet.cl\/sitio\/fondart-las-palomas-y-las-migas\/","og_site_name":"Nuestro Bio B\u00edo","article_publisher":"https:\/\/www.facebook.com\/groups\/15721414452\/","article_published_time":"2012-02-12T19:02:00+00:00","article_modified_time":"2022-09-18T17:59:30+00:00","og_image":[{"width":275,"height":183,"url":"https:\/\/www.fraczinet.cl\/sitio\/wp-content\/uploads\/2012\/02\/Fondart.jpeg","type":"image\/jpeg"}],"twitter_card":"summary_large_image","twitter_creator":"@nuestrobiobio","twitter_site":"@nuestrobiobio","twitter_misc":{"Escrito por":"","Tiempo de lectura":"5 minutos"},"schema":{"@context":"https:\/\/schema.org","@graph":[{"@type":"Article","@id":"https:\/\/www.fraczinet.cl\/sitio\/fondart-las-palomas-y-las-migas\/#article","isPartOf":{"@id":"https:\/\/www.fraczinet.cl\/sitio\/fondart-las-palomas-y-las-migas\/"},"author":{"name":"","@id":""},"headline":"Fondart: Las Palomas Y Las Migas","datePublished":"2012-02-12T19:02:00+00:00","dateModified":"2022-09-18T17:59:30+00:00","mainEntityOfPage":{"@id":"https:\/\/www.fraczinet.cl\/sitio\/fondart-las-palomas-y-las-migas\/"},"wordCount":1089,"commentCount":0,"image":{"@id":"https:\/\/www.fraczinet.cl\/sitio\/fondart-las-palomas-y-las-migas\/#primaryimage"},"thumbnailUrl":"https:\/\/www.fraczinet.cl\/sitio\/wp-content\/uploads\/2012\/02\/Fondart.jpeg","articleSection":["Fondos Concursables","Opini\u00f3n"],"inLanguage":"es","potentialAction":[{"@type":"CommentAction","name":"Comment","target":["https:\/\/www.fraczinet.cl\/sitio\/fondart-las-palomas-y-las-migas\/#respond"]}]},{"@type":"WebPage","@id":"https:\/\/www.fraczinet.cl\/sitio\/fondart-las-palomas-y-las-migas\/","url":"https:\/\/www.fraczinet.cl\/sitio\/fondart-las-palomas-y-las-migas\/","name":"Fondart: Las Palomas Y Las Migas - Nuestro Bio B\u00edo","isPartOf":{"@id":"https:\/\/www.fraczinet.cl\/sitio\/#website"},"primaryImageOfPage":{"@id":"https:\/\/www.fraczinet.cl\/sitio\/fondart-las-palomas-y-las-migas\/#primaryimage"},"image":{"@id":"https:\/\/www.fraczinet.cl\/sitio\/fondart-las-palomas-y-las-migas\/#primaryimage"},"thumbnailUrl":"https:\/\/www.fraczinet.cl\/sitio\/wp-content\/uploads\/2012\/02\/Fondart.jpeg","datePublished":"2012-02-12T19:02:00+00:00","dateModified":"2022-09-18T17:59:30+00:00","author":{"@id":""},"breadcrumb":{"@id":"https:\/\/www.fraczinet.cl\/sitio\/fondart-las-palomas-y-las-migas\/#breadcrumb"},"inLanguage":"es","potentialAction":[{"@type":"ReadAction","target":["https:\/\/www.fraczinet.cl\/sitio\/fondart-las-palomas-y-las-migas\/"]}]},{"@type":"ImageObject","inLanguage":"es","@id":"https:\/\/www.fraczinet.cl\/sitio\/fondart-las-palomas-y-las-migas\/#primaryimage","url":"https:\/\/www.fraczinet.cl\/sitio\/wp-content\/uploads\/2012\/02\/Fondart.jpeg","contentUrl":"https:\/\/www.fraczinet.cl\/sitio\/wp-content\/uploads\/2012\/02\/Fondart.jpeg","width":275,"height":183},{"@type":"BreadcrumbList","@id":"https:\/\/www.fraczinet.cl\/sitio\/fondart-las-palomas-y-las-migas\/#breadcrumb","itemListElement":[{"@type":"ListItem","position":1,"name":"Portada","item":"https:\/\/www.fraczinet.cl\/sitio\/"},{"@type":"ListItem","position":2,"name":"Fondart: Las Palomas Y Las Migas"}]},{"@type":"WebSite","@id":"https:\/\/www.fraczinet.cl\/sitio\/#website","url":"https:\/\/www.fraczinet.cl\/sitio\/","name":"Nuestro Bio B\u00edo","description":"Tierra de Encuentros","potentialAction":[{"@type":"SearchAction","target":{"@type":"EntryPoint","urlTemplate":"https:\/\/www.fraczinet.cl\/sitio\/?s={search_term_string}"},"query-input":{"@type":"PropertyValueSpecification","valueRequired":true,"valueName":"search_term_string"}}],"inLanguage":"es"},{"@type":"Person","@id":""}]}},"_links":{"self":[{"href":"https:\/\/www.fraczinet.cl\/sitio\/wp-json\/wp\/v2\/posts\/5865","targetHints":{"allow":["GET"]}}],"collection":[{"href":"https:\/\/www.fraczinet.cl\/sitio\/wp-json\/wp\/v2\/posts"}],"about":[{"href":"https:\/\/www.fraczinet.cl\/sitio\/wp-json\/wp\/v2\/types\/post"}],"author":[{"embeddable":true,"href":"https:\/\/www.fraczinet.cl\/sitio\/wp-json\/wp\/v2\/users\/1"}],"replies":[{"embeddable":true,"href":"https:\/\/www.fraczinet.cl\/sitio\/wp-json\/wp\/v2\/comments?post=5865"}],"version-history":[{"count":1,"href":"https:\/\/www.fraczinet.cl\/sitio\/wp-json\/wp\/v2\/posts\/5865\/revisions"}],"predecessor-version":[{"id":12995,"href":"https:\/\/www.fraczinet.cl\/sitio\/wp-json\/wp\/v2\/posts\/5865\/revisions\/12995"}],"wp:featuredmedia":[{"embeddable":true,"href":"https:\/\/www.fraczinet.cl\/sitio\/wp-json\/wp\/v2\/media\/12993"}],"wp:attachment":[{"href":"https:\/\/www.fraczinet.cl\/sitio\/wp-json\/wp\/v2\/media?parent=5865"}],"wp:term":[{"taxonomy":"category","embeddable":true,"href":"https:\/\/www.fraczinet.cl\/sitio\/wp-json\/wp\/v2\/categories?post=5865"},{"taxonomy":"post_tag","embeddable":true,"href":"https:\/\/www.fraczinet.cl\/sitio\/wp-json\/wp\/v2\/tags?post=5865"}],"curies":[{"name":"wp","href":"https:\/\/api.w.org\/{rel}","templated":true}]}}