{"id":5871,"date":"2012-02-10T19:55:00","date_gmt":"2012-02-10T19:55:00","guid":{"rendered":"https:\/\/www.fraczinet.cl\/sitio\/2012\/02\/10\/cartas-de-gabriela-mistral-al-poeta-nicaraguense-ruben-dario-1912-1913\/"},"modified":"2021-11-09T00:11:18","modified_gmt":"2021-11-09T00:11:18","slug":"cartas-de-gabriela-mistral-al-poeta-nicaraguense-ruben-dario-1912-1913","status":"publish","type":"post","link":"https:\/\/www.fraczinet.cl\/sitio\/2012\/02\/10\/cartas-de-gabriela-mistral-al-poeta-nicaraguense-ruben-dario-1912-1913\/","title":{"rendered":"Cartas De Gabriela Mistral Al Poeta Nicarag\u00fcense, Rub\u00e9n Dar\u00edo (1912-1913)"},"content":{"rendered":"<p><a href=\"http:\/\/3.bp.blogspot.com\/-kVzLTaNUpZo\/TzV3ofwK9lI\/AAAAAAAAUS4\/H_xvivxNKYM\/s1600\/Grabriela%2BMistral.jpg\"><img decoding=\"async\" style=\"display:block; margin:0px auto 10px; text-align:center;cursor:pointer; cursor:hand;width: 400px; height: 305px;\" src=\"http:\/\/3.bp.blogspot.com\/-kVzLTaNUpZo\/TzV3ofwK9lI\/AAAAAAAAUS4\/H_xvivxNKYM\/s400\/Grabriela%2BMistral.jpg\" border=\"0\" alt=\"\" id=\"BLOGGER_PHOTO_ID_5707599640363988562\"><\/a><\/p>\n<p>Fragmentos:<\/p>\n<p>Poeta: yo, que soi mujer i flaca por lo tanto, i que por ser maestra tengo algo de las abuelas -la chochez- he dado en la debilidad de querer hacer cuentos i estrofas para mis peque\u00f1as. I las he hecho; rubores lo confieso a Ud. Yo s\u00e9 que Ud. es tan grande como bueno.<\/p>\n<p>Pretendo -\u00a1pretender es!- que Ud. me lea lo que le remito, a saber, un cuento original, mui m\u00edo, i unos versos, propios en absoluto.<\/p>\n<p>Pretendo -\u00a1Pretender es!- que si Ud. sonr\u00ede con dulzura fraternal ley\u00e9ndolos i halla por ah\u00ed n\u00facleos de semillas que dicen algo, una promesilla para el futuro en Elegancias o en Mundial Ud. me las publique.<\/p>\n<p>Humildemente<\/p>\n<p>Lucila Godoy.<\/p>\n<p>Prof. de Castellano del Liceo de Ni\u00f1as.<\/p>\n<p>Los Andes, 1912.<\/p>\n<p>Lucila Godoy (Gabriela Mistral) saluda mui afectuosamente al grande i caro Rub\u00e9n i le agradece la publicaci\u00f3n en Elegancias de su cuento i sus versos. Va algo in\u00e9dito por si agrada i se acepta.<\/p>\n<p>Mis votos, Poeta, por su salud i perenne i maravilloso florecimiento espiritual.<\/p>\n<p>(Chile) Los Andes, 1913.<\/p>\n<p>G.M.<\/p>\n<p>Texto gentileza de <a href=\"http:\/\/www.facebook.com\/ingrid.odgers\">Ingrid Odgers<\/a>, Poetisa de Nuestra Tierra<\/p>\n","protected":false},"excerpt":{"rendered":"<p>Fragmentos: Poeta: yo, que soi mujer i flaca por lo tanto, i que por ser maestra tengo algo de las abuelas -la chochez- he dado en la debilidad de querer hacer cuentos i estrofas para mis peque\u00f1as. I las he hecho; rubores lo confieso a Ud. Yo s\u00e9 que Ud. es tan grande como bueno. [&hellip;]<\/p>\n","protected":false},"author":1,"featured_media":0,"comment_status":"open","ping_status":"open","sticky":false,"template":"","format":"standard","meta":{"footnotes":""},"categories":[126,67],"tags":[],"class_list":["post-5871","post","type-post","status-publish","format-standard","hentry","category-gabriela-mistral","category-poesia"],"yoast_head":"<!-- This site is optimized with the Yoast SEO plugin v25.0 - https:\/\/yoast.com\/wordpress\/plugins\/seo\/ -->\n<title>Cartas De Gabriela Mistral Al Poeta Nicarag\u00fcense, Rub\u00e9n Dar\u00edo (1912-1913) - Nuestro Bio B\u00edo<\/title>\n<meta name=\"robots\" content=\"index, follow, max-snippet:-1, max-image-preview:large, max-video-preview:-1\" \/>\n<link rel=\"canonical\" href=\"https:\/\/www.fraczinet.cl\/sitio\/2012\/02\/10\/cartas-de-gabriela-mistral-al-poeta-nicaraguense-ruben-dario-1912-1913\/\" \/>\n<meta property=\"og:locale\" content=\"es_ES\" \/>\n<meta property=\"og:type\" content=\"article\" \/>\n<meta property=\"og:title\" content=\"Cartas De Gabriela Mistral Al Poeta Nicarag\u00fcense, Rub\u00e9n Dar\u00edo (1912-1913) - Nuestro Bio B\u00edo\" \/>\n<meta property=\"og:description\" content=\"Fragmentos: Poeta: yo, que soi mujer i flaca por lo tanto, i que por ser maestra tengo algo de las abuelas -la chochez- he dado en la debilidad de querer hacer cuentos i estrofas para mis peque\u00f1as. I las he hecho; rubores lo confieso a Ud. Yo s\u00e9 que Ud. es tan grande como bueno. [&hellip;]\" \/>\n<meta property=\"og:url\" content=\"https:\/\/www.fraczinet.cl\/sitio\/2012\/02\/10\/cartas-de-gabriela-mistral-al-poeta-nicaraguense-ruben-dario-1912-1913\/\" \/>\n<meta property=\"og:site_name\" content=\"Nuestro Bio B\u00edo\" \/>\n<meta property=\"article:published_time\" content=\"2012-02-10T19:55:00+00:00\" \/>\n<meta property=\"article:modified_time\" content=\"2021-11-09T00:11:18+00:00\" \/>\n<meta property=\"og:image\" content=\"http:\/\/3.bp.blogspot.com\/-kVzLTaNUpZo\/TzV3ofwK9lI\/AAAAAAAAUS4\/H_xvivxNKYM\/s400\/Grabriela%2BMistral.jpg\" \/>\n<meta name=\"author\" content=\"admin\" \/>\n<meta name=\"twitter:card\" content=\"summary_large_image\" \/>\n<meta name=\"twitter:creator\" content=\"@nuestrobiobio\" \/>\n<meta name=\"twitter:site\" content=\"@nuestrobiobio\" \/>\n<meta name=\"twitter:label1\" content=\"Escrito por\" \/>\n\t<meta name=\"twitter:data1\" content=\"admin\" \/>\n\t<meta name=\"twitter:label2\" content=\"Tiempo de lectura\" \/>\n\t<meta name=\"twitter:data2\" content=\"1 minuto\" \/>\n<script type=\"application\/ld+json\" class=\"yoast-schema-graph\">{\"@context\":\"https:\/\/schema.org\",\"@graph\":[{\"@type\":\"Article\",\"@id\":\"https:\/\/www.fraczinet.cl\/sitio\/2012\/02\/10\/cartas-de-gabriela-mistral-al-poeta-nicaraguense-ruben-dario-1912-1913\/#article\",\"isPartOf\":{\"@id\":\"https:\/\/www.fraczinet.cl\/sitio\/2012\/02\/10\/cartas-de-gabriela-mistral-al-poeta-nicaraguense-ruben-dario-1912-1913\/\"},\"author\":{\"name\":\"admin\",\"@id\":\"https:\/\/www.fraczinet.cl\/sitio\/#\/schema\/person\/bc30f98e9cb10ae7e119dbe14bc93784\"},\"headline\":\"Cartas De Gabriela Mistral Al Poeta Nicarag\u00fcense, Rub\u00e9n Dar\u00edo (1912-1913)\",\"datePublished\":\"2012-02-10T19:55:00+00:00\",\"dateModified\":\"2021-11-09T00:11:18+00:00\",\"mainEntityOfPage\":{\"@id\":\"https:\/\/www.fraczinet.cl\/sitio\/2012\/02\/10\/cartas-de-gabriela-mistral-al-poeta-nicaraguense-ruben-dario-1912-1913\/\"},\"wordCount\":212,\"commentCount\":0,\"publisher\":{\"@id\":\"https:\/\/www.fraczinet.cl\/sitio\/#\/schema\/person\/aec8ee4da68df2b9b0eefdad24a0d582\"},\"image\":{\"@id\":\"https:\/\/www.fraczinet.cl\/sitio\/2012\/02\/10\/cartas-de-gabriela-mistral-al-poeta-nicaraguense-ruben-dario-1912-1913\/#primaryimage\"},\"thumbnailUrl\":\"http:\/\/3.bp.blogspot.com\/-kVzLTaNUpZo\/TzV3ofwK9lI\/AAAAAAAAUS4\/H_xvivxNKYM\/s400\/Grabriela%2BMistral.jpg\",\"articleSection\":[\"Gabriela Mistral\",\"Poes\u00eda\"],\"inLanguage\":\"es\",\"potentialAction\":[{\"@type\":\"CommentAction\",\"name\":\"Comment\",\"target\":[\"https:\/\/www.fraczinet.cl\/sitio\/2012\/02\/10\/cartas-de-gabriela-mistral-al-poeta-nicaraguense-ruben-dario-1912-1913\/#respond\"]}]},{\"@type\":\"WebPage\",\"@id\":\"https:\/\/www.fraczinet.cl\/sitio\/2012\/02\/10\/cartas-de-gabriela-mistral-al-poeta-nicaraguense-ruben-dario-1912-1913\/\",\"url\":\"https:\/\/www.fraczinet.cl\/sitio\/2012\/02\/10\/cartas-de-gabriela-mistral-al-poeta-nicaraguense-ruben-dario-1912-1913\/\",\"name\":\"Cartas De Gabriela Mistral Al Poeta Nicarag\u00fcense, Rub\u00e9n Dar\u00edo (1912-1913) - Nuestro Bio B\u00edo\",\"isPartOf\":{\"@id\":\"https:\/\/www.fraczinet.cl\/sitio\/#website\"},\"primaryImageOfPage\":{\"@id\":\"https:\/\/www.fraczinet.cl\/sitio\/2012\/02\/10\/cartas-de-gabriela-mistral-al-poeta-nicaraguense-ruben-dario-1912-1913\/#primaryimage\"},\"image\":{\"@id\":\"https:\/\/www.fraczinet.cl\/sitio\/2012\/02\/10\/cartas-de-gabriela-mistral-al-poeta-nicaraguense-ruben-dario-1912-1913\/#primaryimage\"},\"thumbnailUrl\":\"http:\/\/3.bp.blogspot.com\/-kVzLTaNUpZo\/TzV3ofwK9lI\/AAAAAAAAUS4\/H_xvivxNKYM\/s400\/Grabriela%2BMistral.jpg\",\"datePublished\":\"2012-02-10T19:55:00+00:00\",\"dateModified\":\"2021-11-09T00:11:18+00:00\",\"breadcrumb\":{\"@id\":\"https:\/\/www.fraczinet.cl\/sitio\/2012\/02\/10\/cartas-de-gabriela-mistral-al-poeta-nicaraguense-ruben-dario-1912-1913\/#breadcrumb\"},\"inLanguage\":\"es\",\"potentialAction\":[{\"@type\":\"ReadAction\",\"target\":[\"https:\/\/www.fraczinet.cl\/sitio\/2012\/02\/10\/cartas-de-gabriela-mistral-al-poeta-nicaraguense-ruben-dario-1912-1913\/\"]}]},{\"@type\":\"ImageObject\",\"inLanguage\":\"es\",\"@id\":\"https:\/\/www.fraczinet.cl\/sitio\/2012\/02\/10\/cartas-de-gabriela-mistral-al-poeta-nicaraguense-ruben-dario-1912-1913\/#primaryimage\",\"url\":\"http:\/\/3.bp.blogspot.com\/-kVzLTaNUpZo\/TzV3ofwK9lI\/AAAAAAAAUS4\/H_xvivxNKYM\/s400\/Grabriela%2BMistral.jpg\",\"contentUrl\":\"http:\/\/3.bp.blogspot.com\/-kVzLTaNUpZo\/TzV3ofwK9lI\/AAAAAAAAUS4\/H_xvivxNKYM\/s400\/Grabriela%2BMistral.jpg\"},{\"@type\":\"BreadcrumbList\",\"@id\":\"https:\/\/www.fraczinet.cl\/sitio\/2012\/02\/10\/cartas-de-gabriela-mistral-al-poeta-nicaraguense-ruben-dario-1912-1913\/#breadcrumb\",\"itemListElement\":[{\"@type\":\"ListItem\",\"position\":1,\"name\":\"Portada\",\"item\":\"https:\/\/www.fraczinet.cl\/sitio\/\"},{\"@type\":\"ListItem\",\"position\":2,\"name\":\"Cartas De Gabriela Mistral Al Poeta Nicarag\u00fcense, Rub\u00e9n Dar\u00edo (1912-1913)\"}]},{\"@type\":\"WebSite\",\"@id\":\"https:\/\/www.fraczinet.cl\/sitio\/#website\",\"url\":\"https:\/\/www.fraczinet.cl\/sitio\/\",\"name\":\"Nuestro Bio B\u00edo\",\"description\":\"Tierra de Encuentros\",\"publisher\":{\"@id\":\"https:\/\/www.fraczinet.cl\/sitio\/#\/schema\/person\/aec8ee4da68df2b9b0eefdad24a0d582\"},\"potentialAction\":[{\"@type\":\"SearchAction\",\"target\":{\"@type\":\"EntryPoint\",\"urlTemplate\":\"https:\/\/www.fraczinet.cl\/sitio\/?s={search_term_string}\"},\"query-input\":{\"@type\":\"PropertyValueSpecification\",\"valueRequired\":true,\"valueName\":\"search_term_string\"}}],\"inLanguage\":\"es\"},{\"@type\":[\"Person\",\"Organization\"],\"@id\":\"https:\/\/www.fraczinet.cl\/sitio\/#\/schema\/person\/aec8ee4da68df2b9b0eefdad24a0d582\",\"name\":\"Luis Fernando Fraczinet\",\"image\":{\"@type\":\"ImageObject\",\"inLanguage\":\"es\",\"@id\":\"https:\/\/www.fraczinet.cl\/sitio\/#\/schema\/person\/image\/\",\"url\":\"https:\/\/www.fraczinet.cl\/sitio\/wp-content\/uploads\/2021\/07\/bannerlogo-1.gif\",\"contentUrl\":\"https:\/\/www.fraczinet.cl\/sitio\/wp-content\/uploads\/2021\/07\/bannerlogo-1.gif\",\"width\":159,\"height\":79,\"caption\":\"Luis Fernando Fraczinet\"},\"logo\":{\"@id\":\"https:\/\/www.fraczinet.cl\/sitio\/#\/schema\/person\/image\/\"},\"sameAs\":[\"https:\/\/www.fraczinet.cl\/sitio\/\"]},{\"@type\":\"Person\",\"@id\":\"https:\/\/www.fraczinet.cl\/sitio\/#\/schema\/person\/bc30f98e9cb10ae7e119dbe14bc93784\",\"name\":\"admin\",\"image\":{\"@type\":\"ImageObject\",\"inLanguage\":\"es\",\"@id\":\"https:\/\/www.fraczinet.cl\/sitio\/#\/schema\/person\/image\/\",\"url\":\"https:\/\/secure.gravatar.com\/avatar\/d5ad3cf7ef3b23a2bb5be73be780c86b2fc8545c3ad6b149f3913ff458c00099?s=96&d=mm&r=g\",\"contentUrl\":\"https:\/\/secure.gravatar.com\/avatar\/d5ad3cf7ef3b23a2bb5be73be780c86b2fc8545c3ad6b149f3913ff458c00099?s=96&d=mm&r=g\",\"caption\":\"admin\"},\"sameAs\":[\"https:\/\/www.fraczinet.cl\/sitio\"]}]}<\/script>\n<!-- \/ Yoast SEO plugin. -->","yoast_head_json":{"title":"Cartas De Gabriela Mistral Al Poeta Nicarag\u00fcense, Rub\u00e9n Dar\u00edo (1912-1913) - Nuestro Bio B\u00edo","robots":{"index":"index","follow":"follow","max-snippet":"max-snippet:-1","max-image-preview":"max-image-preview:large","max-video-preview":"max-video-preview:-1"},"canonical":"https:\/\/www.fraczinet.cl\/sitio\/2012\/02\/10\/cartas-de-gabriela-mistral-al-poeta-nicaraguense-ruben-dario-1912-1913\/","og_locale":"es_ES","og_type":"article","og_title":"Cartas De Gabriela Mistral Al Poeta Nicarag\u00fcense, Rub\u00e9n Dar\u00edo (1912-1913) - Nuestro Bio B\u00edo","og_description":"Fragmentos: Poeta: yo, que soi mujer i flaca por lo tanto, i que por ser maestra tengo algo de las abuelas -la chochez- he dado en la debilidad de querer hacer cuentos i estrofas para mis peque\u00f1as. I las he hecho; rubores lo confieso a Ud. Yo s\u00e9 que Ud. es tan grande como bueno. [&hellip;]","og_url":"https:\/\/www.fraczinet.cl\/sitio\/2012\/02\/10\/cartas-de-gabriela-mistral-al-poeta-nicaraguense-ruben-dario-1912-1913\/","og_site_name":"Nuestro Bio B\u00edo","article_published_time":"2012-02-10T19:55:00+00:00","article_modified_time":"2021-11-09T00:11:18+00:00","og_image":[{"url":"http:\/\/3.bp.blogspot.com\/-kVzLTaNUpZo\/TzV3ofwK9lI\/AAAAAAAAUS4\/H_xvivxNKYM\/s400\/Grabriela%2BMistral.jpg","type":"","width":"","height":""}],"author":"admin","twitter_card":"summary_large_image","twitter_creator":"@nuestrobiobio","twitter_site":"@nuestrobiobio","twitter_misc":{"Escrito por":"admin","Tiempo de lectura":"1 minuto"},"schema":{"@context":"https:\/\/schema.org","@graph":[{"@type":"Article","@id":"https:\/\/www.fraczinet.cl\/sitio\/2012\/02\/10\/cartas-de-gabriela-mistral-al-poeta-nicaraguense-ruben-dario-1912-1913\/#article","isPartOf":{"@id":"https:\/\/www.fraczinet.cl\/sitio\/2012\/02\/10\/cartas-de-gabriela-mistral-al-poeta-nicaraguense-ruben-dario-1912-1913\/"},"author":{"name":"admin","@id":"https:\/\/www.fraczinet.cl\/sitio\/#\/schema\/person\/bc30f98e9cb10ae7e119dbe14bc93784"},"headline":"Cartas De Gabriela Mistral Al Poeta Nicarag\u00fcense, Rub\u00e9n Dar\u00edo (1912-1913)","datePublished":"2012-02-10T19:55:00+00:00","dateModified":"2021-11-09T00:11:18+00:00","mainEntityOfPage":{"@id":"https:\/\/www.fraczinet.cl\/sitio\/2012\/02\/10\/cartas-de-gabriela-mistral-al-poeta-nicaraguense-ruben-dario-1912-1913\/"},"wordCount":212,"commentCount":0,"publisher":{"@id":"https:\/\/www.fraczinet.cl\/sitio\/#\/schema\/person\/aec8ee4da68df2b9b0eefdad24a0d582"},"image":{"@id":"https:\/\/www.fraczinet.cl\/sitio\/2012\/02\/10\/cartas-de-gabriela-mistral-al-poeta-nicaraguense-ruben-dario-1912-1913\/#primaryimage"},"thumbnailUrl":"http:\/\/3.bp.blogspot.com\/-kVzLTaNUpZo\/TzV3ofwK9lI\/AAAAAAAAUS4\/H_xvivxNKYM\/s400\/Grabriela%2BMistral.jpg","articleSection":["Gabriela Mistral","Poes\u00eda"],"inLanguage":"es","potentialAction":[{"@type":"CommentAction","name":"Comment","target":["https:\/\/www.fraczinet.cl\/sitio\/2012\/02\/10\/cartas-de-gabriela-mistral-al-poeta-nicaraguense-ruben-dario-1912-1913\/#respond"]}]},{"@type":"WebPage","@id":"https:\/\/www.fraczinet.cl\/sitio\/2012\/02\/10\/cartas-de-gabriela-mistral-al-poeta-nicaraguense-ruben-dario-1912-1913\/","url":"https:\/\/www.fraczinet.cl\/sitio\/2012\/02\/10\/cartas-de-gabriela-mistral-al-poeta-nicaraguense-ruben-dario-1912-1913\/","name":"Cartas De Gabriela Mistral Al Poeta Nicarag\u00fcense, Rub\u00e9n Dar\u00edo (1912-1913) - Nuestro Bio B\u00edo","isPartOf":{"@id":"https:\/\/www.fraczinet.cl\/sitio\/#website"},"primaryImageOfPage":{"@id":"https:\/\/www.fraczinet.cl\/sitio\/2012\/02\/10\/cartas-de-gabriela-mistral-al-poeta-nicaraguense-ruben-dario-1912-1913\/#primaryimage"},"image":{"@id":"https:\/\/www.fraczinet.cl\/sitio\/2012\/02\/10\/cartas-de-gabriela-mistral-al-poeta-nicaraguense-ruben-dario-1912-1913\/#primaryimage"},"thumbnailUrl":"http:\/\/3.bp.blogspot.com\/-kVzLTaNUpZo\/TzV3ofwK9lI\/AAAAAAAAUS4\/H_xvivxNKYM\/s400\/Grabriela%2BMistral.jpg","datePublished":"2012-02-10T19:55:00+00:00","dateModified":"2021-11-09T00:11:18+00:00","breadcrumb":{"@id":"https:\/\/www.fraczinet.cl\/sitio\/2012\/02\/10\/cartas-de-gabriela-mistral-al-poeta-nicaraguense-ruben-dario-1912-1913\/#breadcrumb"},"inLanguage":"es","potentialAction":[{"@type":"ReadAction","target":["https:\/\/www.fraczinet.cl\/sitio\/2012\/02\/10\/cartas-de-gabriela-mistral-al-poeta-nicaraguense-ruben-dario-1912-1913\/"]}]},{"@type":"ImageObject","inLanguage":"es","@id":"https:\/\/www.fraczinet.cl\/sitio\/2012\/02\/10\/cartas-de-gabriela-mistral-al-poeta-nicaraguense-ruben-dario-1912-1913\/#primaryimage","url":"http:\/\/3.bp.blogspot.com\/-kVzLTaNUpZo\/TzV3ofwK9lI\/AAAAAAAAUS4\/H_xvivxNKYM\/s400\/Grabriela%2BMistral.jpg","contentUrl":"http:\/\/3.bp.blogspot.com\/-kVzLTaNUpZo\/TzV3ofwK9lI\/AAAAAAAAUS4\/H_xvivxNKYM\/s400\/Grabriela%2BMistral.jpg"},{"@type":"BreadcrumbList","@id":"https:\/\/www.fraczinet.cl\/sitio\/2012\/02\/10\/cartas-de-gabriela-mistral-al-poeta-nicaraguense-ruben-dario-1912-1913\/#breadcrumb","itemListElement":[{"@type":"ListItem","position":1,"name":"Portada","item":"https:\/\/www.fraczinet.cl\/sitio\/"},{"@type":"ListItem","position":2,"name":"Cartas De Gabriela Mistral Al Poeta Nicarag\u00fcense, Rub\u00e9n Dar\u00edo (1912-1913)"}]},{"@type":"WebSite","@id":"https:\/\/www.fraczinet.cl\/sitio\/#website","url":"https:\/\/www.fraczinet.cl\/sitio\/","name":"Nuestro Bio B\u00edo","description":"Tierra de Encuentros","publisher":{"@id":"https:\/\/www.fraczinet.cl\/sitio\/#\/schema\/person\/aec8ee4da68df2b9b0eefdad24a0d582"},"potentialAction":[{"@type":"SearchAction","target":{"@type":"EntryPoint","urlTemplate":"https:\/\/www.fraczinet.cl\/sitio\/?s={search_term_string}"},"query-input":{"@type":"PropertyValueSpecification","valueRequired":true,"valueName":"search_term_string"}}],"inLanguage":"es"},{"@type":["Person","Organization"],"@id":"https:\/\/www.fraczinet.cl\/sitio\/#\/schema\/person\/aec8ee4da68df2b9b0eefdad24a0d582","name":"Luis Fernando Fraczinet","image":{"@type":"ImageObject","inLanguage":"es","@id":"https:\/\/www.fraczinet.cl\/sitio\/#\/schema\/person\/image\/","url":"https:\/\/www.fraczinet.cl\/sitio\/wp-content\/uploads\/2021\/07\/bannerlogo-1.gif","contentUrl":"https:\/\/www.fraczinet.cl\/sitio\/wp-content\/uploads\/2021\/07\/bannerlogo-1.gif","width":159,"height":79,"caption":"Luis Fernando Fraczinet"},"logo":{"@id":"https:\/\/www.fraczinet.cl\/sitio\/#\/schema\/person\/image\/"},"sameAs":["https:\/\/www.fraczinet.cl\/sitio\/"]},{"@type":"Person","@id":"https:\/\/www.fraczinet.cl\/sitio\/#\/schema\/person\/bc30f98e9cb10ae7e119dbe14bc93784","name":"admin","image":{"@type":"ImageObject","inLanguage":"es","@id":"https:\/\/www.fraczinet.cl\/sitio\/#\/schema\/person\/image\/","url":"https:\/\/secure.gravatar.com\/avatar\/d5ad3cf7ef3b23a2bb5be73be780c86b2fc8545c3ad6b149f3913ff458c00099?s=96&d=mm&r=g","contentUrl":"https:\/\/secure.gravatar.com\/avatar\/d5ad3cf7ef3b23a2bb5be73be780c86b2fc8545c3ad6b149f3913ff458c00099?s=96&d=mm&r=g","caption":"admin"},"sameAs":["https:\/\/www.fraczinet.cl\/sitio"]}]}},"_links":{"self":[{"href":"https:\/\/www.fraczinet.cl\/sitio\/wp-json\/wp\/v2\/posts\/5871","targetHints":{"allow":["GET"]}}],"collection":[{"href":"https:\/\/www.fraczinet.cl\/sitio\/wp-json\/wp\/v2\/posts"}],"about":[{"href":"https:\/\/www.fraczinet.cl\/sitio\/wp-json\/wp\/v2\/types\/post"}],"author":[{"embeddable":true,"href":"https:\/\/www.fraczinet.cl\/sitio\/wp-json\/wp\/v2\/users\/1"}],"replies":[{"embeddable":true,"href":"https:\/\/www.fraczinet.cl\/sitio\/wp-json\/wp\/v2\/comments?post=5871"}],"version-history":[{"count":1,"href":"https:\/\/www.fraczinet.cl\/sitio\/wp-json\/wp\/v2\/posts\/5871\/revisions"}],"predecessor-version":[{"id":9375,"href":"https:\/\/www.fraczinet.cl\/sitio\/wp-json\/wp\/v2\/posts\/5871\/revisions\/9375"}],"wp:attachment":[{"href":"https:\/\/www.fraczinet.cl\/sitio\/wp-json\/wp\/v2\/media?parent=5871"}],"wp:term":[{"taxonomy":"category","embeddable":true,"href":"https:\/\/www.fraczinet.cl\/sitio\/wp-json\/wp\/v2\/categories?post=5871"},{"taxonomy":"post_tag","embeddable":true,"href":"https:\/\/www.fraczinet.cl\/sitio\/wp-json\/wp\/v2\/tags?post=5871"}],"curies":[{"name":"wp","href":"https:\/\/api.w.org\/{rel}","templated":true}]}}