{"id":5873,"date":"2012-02-10T15:16:00","date_gmt":"2012-02-10T15:16:00","guid":{"rendered":"https:\/\/www.fraczinet.cl\/sitio\/2012\/02\/10\/tribunal-europeo-de-ddhh-la-homofobia-no-esta-protegida-por-la-libertad-de-expresion\/"},"modified":"2022-09-18T18:07:40","modified_gmt":"2022-09-18T18:07:40","slug":"tribunal-europeo-de-ddhh-la-homofobia-no-esta-protegida-por-la-libertad-de-expresion","status":"publish","type":"post","link":"https:\/\/www.fraczinet.cl\/sitio\/2012\/02\/10\/tribunal-europeo-de-ddhh-la-homofobia-no-esta-protegida-por-la-libertad-de-expresion\/","title":{"rendered":"Tribunal Europeo De DDHH: La Homofobia No Est\u00e1 Protegida Por La Libertad De Expresi\u00f3n"},"content":{"rendered":"<p>El derecho a la libertad de expresi\u00f3n tiene l\u00edmites, y uno de ellos es la protecci\u00f3n de la reputaci\u00f3n y derechos de otros. En concreto, en este caso, los de los gais. Con este fundamento, el Tribunal Europeo de Derechos Humanos ha confirmado la condena impuesta en su pa\u00eds a cuatro suecos (Tor Fredrik Vejdeland, Mattias Harlin, Bj\u00f6rn T\u00e4ng y Niklas Lundstr\u00f6m) de entre 33 y 25 a\u00f1os a multas y, a uno de ellos, a libertad condicional.<\/p>\n<p>La causa, seg\u00fan relata el tribunal, fue una acci\u00f3n llevada a cabo en 2004 en un instituto. Ah\u00ed \u201cdistribuyeron aproximadamente un centenar de panfletos de una organizaci\u00f3n denominada Juventud Nacional, dej\u00e1ndolos en las taquillas de los alumnos\u201d, seg\u00fan relata la nota de prensa del tribunal. \u201cEl director se los intervino y les oblig\u00f3 a dejar las instalaciones. El contenido de las octavillas eran, en concreto, alegaciones a que la homosexualidad era una \u2018desviaci\u00f3n sexual\u2019, que ten\u00eda \u2018un efecto moralmente destructivo en las bases de la sociedad\u2019 y que era \u2018responsable de la expansi\u00f3n del VIH y el sida\u201d. Tambi\u00e9n indicaban que el lobby gay quer\u00eda promover la pederastia.<\/p>\n<p>Los cuatro hombres afirmaron durante su juicio en Suecia que no ten\u00edan intenci\u00f3n de despreciar a los homosexuales como colectivo y afirmaron que el objetivo de su acci\u00f3n era empezar un debate acerca de la falta de objetividad de la educaci\u00f3n en el sistema escolar sueco. Pero el juzgado de distrito consider\u00f3 que s\u00ed hab\u00eda desprecio y los conden\u00f3 por agitaci\u00f3n contra un grupo por motivo de su nacionalidad o etnia.<\/p>\n<p>La sentencia fue confirmada en julio de 2006 por un tribunal superior al considerar que, adem\u00e1s, los receptores de los panfletos, por c\u00f3mo hab\u00edan sido distribuidos, no pudieron negarse a recibirlos, y que se pod\u00eda haber abierto el debate sin necesidad de insultar a nadie.<\/p>\n<p>Los aspectos de esta sentencia han sido ratificados por el tribunal europeo, que considera adecuados los t\u00e9rminos de la sentencia sueca. Adem\u00e1s, considera especialmente relevante que los panfletos se dirigieran a personas en una edad delicada (adolescentes) y que los condenados ni siquiera eran alumnos del instituto. Tambi\u00e9n admite que aunque no se llamaba directamente a la acci\u00f3n contra los gais, los t\u00e9rminos de las octavillas eran especialmente insultantes.<\/p>\n<p><span style=\"font-weight: bold;\">Fuente<\/span>: <a href=\"http:\/\/sociedad.elpais.com\/sociedad\/2012\/02\/09\/actualidad\/1328801278_987970.html\">El Pa\u00eds<\/a>, <span style=\"font-weight: bold;\">V\u00eda<\/span> <a href=\"http:\/\/www.facebook.com\/EuforiadeGenero\">Coordinadora Euforia de G\u00e9nero<\/a><\/p>\n","protected":false},"excerpt":{"rendered":"<p>El derecho a la libertad de expresi\u00f3n tiene l\u00edmites, y uno de ellos es la protecci\u00f3n de la reputaci\u00f3n y derechos de otros. En concreto, en este caso, los de los gais. Con este fundamento, el Tribunal Europeo de Derechos Humanos ha confirmado la condena impuesta en su pa\u00eds a cuatro suecos (Tor Fredrik Vejdeland, [&hellip;]<\/p>\n","protected":false},"author":1,"featured_media":13000,"comment_status":"open","ping_status":"open","sticky":false,"template":"","format":"standard","meta":{"footnotes":""},"categories":[154],"tags":[],"class_list":["post-5873","post","type-post","status-publish","format-standard","has-post-thumbnail","hentry","category-ddhh"],"yoast_head":"<!-- This site is optimized with the Yoast SEO plugin v25.0 - https:\/\/yoast.com\/wordpress\/plugins\/seo\/ -->\n<title>Tribunal Europeo De DDHH: La Homofobia No Est\u00e1 Protegida Por La Libertad De Expresi\u00f3n - Nuestro Bio B\u00edo<\/title>\n<meta name=\"robots\" content=\"index, follow, max-snippet:-1, max-image-preview:large, max-video-preview:-1\" \/>\n<link rel=\"canonical\" href=\"https:\/\/www.fraczinet.cl\/sitio\/2012\/02\/10\/tribunal-europeo-de-ddhh-la-homofobia-no-esta-protegida-por-la-libertad-de-expresion\/\" \/>\n<meta property=\"og:locale\" content=\"es_ES\" \/>\n<meta property=\"og:type\" content=\"article\" \/>\n<meta property=\"og:title\" content=\"Tribunal Europeo De DDHH: La Homofobia No Est\u00e1 Protegida Por La Libertad De Expresi\u00f3n - Nuestro Bio B\u00edo\" \/>\n<meta property=\"og:description\" content=\"El derecho a la libertad de expresi\u00f3n tiene l\u00edmites, y uno de ellos es la protecci\u00f3n de la reputaci\u00f3n y derechos de otros. En concreto, en este caso, los de los gais. Con este fundamento, el Tribunal Europeo de Derechos Humanos ha confirmado la condena impuesta en su pa\u00eds a cuatro suecos (Tor Fredrik Vejdeland, [&hellip;]\" \/>\n<meta property=\"og:url\" content=\"https:\/\/www.fraczinet.cl\/sitio\/2012\/02\/10\/tribunal-europeo-de-ddhh-la-homofobia-no-esta-protegida-por-la-libertad-de-expresion\/\" \/>\n<meta property=\"og:site_name\" content=\"Nuestro Bio B\u00edo\" \/>\n<meta property=\"article:published_time\" content=\"2012-02-10T15:16:00+00:00\" \/>\n<meta property=\"article:modified_time\" content=\"2022-09-18T18:07:40+00:00\" \/>\n<meta property=\"og:image\" content=\"https:\/\/www.fraczinet.cl\/sitio\/wp-content\/uploads\/2012\/02\/ddhh.jpeg\" \/>\n\t<meta property=\"og:image:width\" content=\"313\" \/>\n\t<meta property=\"og:image:height\" content=\"161\" \/>\n\t<meta property=\"og:image:type\" content=\"image\/jpeg\" \/>\n<meta name=\"author\" content=\"admin\" \/>\n<meta name=\"twitter:card\" content=\"summary_large_image\" \/>\n<meta name=\"twitter:creator\" content=\"@nuestrobiobio\" \/>\n<meta name=\"twitter:site\" content=\"@nuestrobiobio\" \/>\n<meta name=\"twitter:label1\" content=\"Escrito por\" \/>\n\t<meta name=\"twitter:data1\" content=\"admin\" \/>\n\t<meta name=\"twitter:label2\" content=\"Tiempo de lectura\" \/>\n\t<meta name=\"twitter:data2\" content=\"2 minutos\" \/>\n<script type=\"application\/ld+json\" class=\"yoast-schema-graph\">{\"@context\":\"https:\/\/schema.org\",\"@graph\":[{\"@type\":\"Article\",\"@id\":\"https:\/\/www.fraczinet.cl\/sitio\/2012\/02\/10\/tribunal-europeo-de-ddhh-la-homofobia-no-esta-protegida-por-la-libertad-de-expresion\/#article\",\"isPartOf\":{\"@id\":\"https:\/\/www.fraczinet.cl\/sitio\/2012\/02\/10\/tribunal-europeo-de-ddhh-la-homofobia-no-esta-protegida-por-la-libertad-de-expresion\/\"},\"author\":{\"name\":\"admin\",\"@id\":\"https:\/\/www.fraczinet.cl\/sitio\/#\/schema\/person\/bc30f98e9cb10ae7e119dbe14bc93784\"},\"headline\":\"Tribunal Europeo De DDHH: La Homofobia No Est\u00e1 Protegida Por La Libertad De Expresi\u00f3n\",\"datePublished\":\"2012-02-10T15:16:00+00:00\",\"dateModified\":\"2022-09-18T18:07:40+00:00\",\"mainEntityOfPage\":{\"@id\":\"https:\/\/www.fraczinet.cl\/sitio\/2012\/02\/10\/tribunal-europeo-de-ddhh-la-homofobia-no-esta-protegida-por-la-libertad-de-expresion\/\"},\"wordCount\":427,\"commentCount\":0,\"publisher\":{\"@id\":\"https:\/\/www.fraczinet.cl\/sitio\/#\/schema\/person\/aec8ee4da68df2b9b0eefdad24a0d582\"},\"image\":{\"@id\":\"https:\/\/www.fraczinet.cl\/sitio\/2012\/02\/10\/tribunal-europeo-de-ddhh-la-homofobia-no-esta-protegida-por-la-libertad-de-expresion\/#primaryimage\"},\"thumbnailUrl\":\"https:\/\/www.fraczinet.cl\/sitio\/wp-content\/uploads\/2012\/02\/ddhh.jpeg\",\"articleSection\":[\"DDHH\"],\"inLanguage\":\"es\",\"potentialAction\":[{\"@type\":\"CommentAction\",\"name\":\"Comment\",\"target\":[\"https:\/\/www.fraczinet.cl\/sitio\/2012\/02\/10\/tribunal-europeo-de-ddhh-la-homofobia-no-esta-protegida-por-la-libertad-de-expresion\/#respond\"]}]},{\"@type\":\"WebPage\",\"@id\":\"https:\/\/www.fraczinet.cl\/sitio\/2012\/02\/10\/tribunal-europeo-de-ddhh-la-homofobia-no-esta-protegida-por-la-libertad-de-expresion\/\",\"url\":\"https:\/\/www.fraczinet.cl\/sitio\/2012\/02\/10\/tribunal-europeo-de-ddhh-la-homofobia-no-esta-protegida-por-la-libertad-de-expresion\/\",\"name\":\"Tribunal Europeo De DDHH: La Homofobia No Est\u00e1 Protegida Por La Libertad De Expresi\u00f3n - Nuestro Bio B\u00edo\",\"isPartOf\":{\"@id\":\"https:\/\/www.fraczinet.cl\/sitio\/#website\"},\"primaryImageOfPage\":{\"@id\":\"https:\/\/www.fraczinet.cl\/sitio\/2012\/02\/10\/tribunal-europeo-de-ddhh-la-homofobia-no-esta-protegida-por-la-libertad-de-expresion\/#primaryimage\"},\"image\":{\"@id\":\"https:\/\/www.fraczinet.cl\/sitio\/2012\/02\/10\/tribunal-europeo-de-ddhh-la-homofobia-no-esta-protegida-por-la-libertad-de-expresion\/#primaryimage\"},\"thumbnailUrl\":\"https:\/\/www.fraczinet.cl\/sitio\/wp-content\/uploads\/2012\/02\/ddhh.jpeg\",\"datePublished\":\"2012-02-10T15:16:00+00:00\",\"dateModified\":\"2022-09-18T18:07:40+00:00\",\"breadcrumb\":{\"@id\":\"https:\/\/www.fraczinet.cl\/sitio\/2012\/02\/10\/tribunal-europeo-de-ddhh-la-homofobia-no-esta-protegida-por-la-libertad-de-expresion\/#breadcrumb\"},\"inLanguage\":\"es\",\"potentialAction\":[{\"@type\":\"ReadAction\",\"target\":[\"https:\/\/www.fraczinet.cl\/sitio\/2012\/02\/10\/tribunal-europeo-de-ddhh-la-homofobia-no-esta-protegida-por-la-libertad-de-expresion\/\"]}]},{\"@type\":\"ImageObject\",\"inLanguage\":\"es\",\"@id\":\"https:\/\/www.fraczinet.cl\/sitio\/2012\/02\/10\/tribunal-europeo-de-ddhh-la-homofobia-no-esta-protegida-por-la-libertad-de-expresion\/#primaryimage\",\"url\":\"https:\/\/www.fraczinet.cl\/sitio\/wp-content\/uploads\/2012\/02\/ddhh.jpeg\",\"contentUrl\":\"https:\/\/www.fraczinet.cl\/sitio\/wp-content\/uploads\/2012\/02\/ddhh.jpeg\",\"width\":313,\"height\":161},{\"@type\":\"BreadcrumbList\",\"@id\":\"https:\/\/www.fraczinet.cl\/sitio\/2012\/02\/10\/tribunal-europeo-de-ddhh-la-homofobia-no-esta-protegida-por-la-libertad-de-expresion\/#breadcrumb\",\"itemListElement\":[{\"@type\":\"ListItem\",\"position\":1,\"name\":\"Portada\",\"item\":\"https:\/\/www.fraczinet.cl\/sitio\/\"},{\"@type\":\"ListItem\",\"position\":2,\"name\":\"Tribunal Europeo De DDHH: La Homofobia No Est\u00e1 Protegida Por La Libertad De Expresi\u00f3n\"}]},{\"@type\":\"WebSite\",\"@id\":\"https:\/\/www.fraczinet.cl\/sitio\/#website\",\"url\":\"https:\/\/www.fraczinet.cl\/sitio\/\",\"name\":\"Nuestro Bio B\u00edo\",\"description\":\"Tierra de Encuentros\",\"publisher\":{\"@id\":\"https:\/\/www.fraczinet.cl\/sitio\/#\/schema\/person\/aec8ee4da68df2b9b0eefdad24a0d582\"},\"potentialAction\":[{\"@type\":\"SearchAction\",\"target\":{\"@type\":\"EntryPoint\",\"urlTemplate\":\"https:\/\/www.fraczinet.cl\/sitio\/?s={search_term_string}\"},\"query-input\":{\"@type\":\"PropertyValueSpecification\",\"valueRequired\":true,\"valueName\":\"search_term_string\"}}],\"inLanguage\":\"es\"},{\"@type\":[\"Person\",\"Organization\"],\"@id\":\"https:\/\/www.fraczinet.cl\/sitio\/#\/schema\/person\/aec8ee4da68df2b9b0eefdad24a0d582\",\"name\":\"Luis Fernando Fraczinet\",\"image\":{\"@type\":\"ImageObject\",\"inLanguage\":\"es\",\"@id\":\"https:\/\/www.fraczinet.cl\/sitio\/#\/schema\/person\/image\/\",\"url\":\"https:\/\/www.fraczinet.cl\/sitio\/wp-content\/uploads\/2021\/07\/bannerlogo-1.gif\",\"contentUrl\":\"https:\/\/www.fraczinet.cl\/sitio\/wp-content\/uploads\/2021\/07\/bannerlogo-1.gif\",\"width\":159,\"height\":79,\"caption\":\"Luis Fernando Fraczinet\"},\"logo\":{\"@id\":\"https:\/\/www.fraczinet.cl\/sitio\/#\/schema\/person\/image\/\"},\"sameAs\":[\"https:\/\/www.fraczinet.cl\/sitio\/\"]},{\"@type\":\"Person\",\"@id\":\"https:\/\/www.fraczinet.cl\/sitio\/#\/schema\/person\/bc30f98e9cb10ae7e119dbe14bc93784\",\"name\":\"admin\",\"image\":{\"@type\":\"ImageObject\",\"inLanguage\":\"es\",\"@id\":\"https:\/\/www.fraczinet.cl\/sitio\/#\/schema\/person\/image\/\",\"url\":\"https:\/\/secure.gravatar.com\/avatar\/d5ad3cf7ef3b23a2bb5be73be780c86b2fc8545c3ad6b149f3913ff458c00099?s=96&d=mm&r=g\",\"contentUrl\":\"https:\/\/secure.gravatar.com\/avatar\/d5ad3cf7ef3b23a2bb5be73be780c86b2fc8545c3ad6b149f3913ff458c00099?s=96&d=mm&r=g\",\"caption\":\"admin\"},\"sameAs\":[\"https:\/\/www.fraczinet.cl\/sitio\"]}]}<\/script>\n<!-- \/ Yoast SEO plugin. -->","yoast_head_json":{"title":"Tribunal Europeo De DDHH: La Homofobia No Est\u00e1 Protegida Por La Libertad De Expresi\u00f3n - Nuestro Bio B\u00edo","robots":{"index":"index","follow":"follow","max-snippet":"max-snippet:-1","max-image-preview":"max-image-preview:large","max-video-preview":"max-video-preview:-1"},"canonical":"https:\/\/www.fraczinet.cl\/sitio\/2012\/02\/10\/tribunal-europeo-de-ddhh-la-homofobia-no-esta-protegida-por-la-libertad-de-expresion\/","og_locale":"es_ES","og_type":"article","og_title":"Tribunal Europeo De DDHH: La Homofobia No Est\u00e1 Protegida Por La Libertad De Expresi\u00f3n - Nuestro Bio B\u00edo","og_description":"El derecho a la libertad de expresi\u00f3n tiene l\u00edmites, y uno de ellos es la protecci\u00f3n de la reputaci\u00f3n y derechos de otros. En concreto, en este caso, los de los gais. Con este fundamento, el Tribunal Europeo de Derechos Humanos ha confirmado la condena impuesta en su pa\u00eds a cuatro suecos (Tor Fredrik Vejdeland, [&hellip;]","og_url":"https:\/\/www.fraczinet.cl\/sitio\/2012\/02\/10\/tribunal-europeo-de-ddhh-la-homofobia-no-esta-protegida-por-la-libertad-de-expresion\/","og_site_name":"Nuestro Bio B\u00edo","article_published_time":"2012-02-10T15:16:00+00:00","article_modified_time":"2022-09-18T18:07:40+00:00","og_image":[{"width":313,"height":161,"url":"https:\/\/www.fraczinet.cl\/sitio\/wp-content\/uploads\/2012\/02\/ddhh.jpeg","type":"image\/jpeg"}],"author":"admin","twitter_card":"summary_large_image","twitter_creator":"@nuestrobiobio","twitter_site":"@nuestrobiobio","twitter_misc":{"Escrito por":"admin","Tiempo de lectura":"2 minutos"},"schema":{"@context":"https:\/\/schema.org","@graph":[{"@type":"Article","@id":"https:\/\/www.fraczinet.cl\/sitio\/2012\/02\/10\/tribunal-europeo-de-ddhh-la-homofobia-no-esta-protegida-por-la-libertad-de-expresion\/#article","isPartOf":{"@id":"https:\/\/www.fraczinet.cl\/sitio\/2012\/02\/10\/tribunal-europeo-de-ddhh-la-homofobia-no-esta-protegida-por-la-libertad-de-expresion\/"},"author":{"name":"admin","@id":"https:\/\/www.fraczinet.cl\/sitio\/#\/schema\/person\/bc30f98e9cb10ae7e119dbe14bc93784"},"headline":"Tribunal Europeo De DDHH: La Homofobia No Est\u00e1 Protegida Por La Libertad De Expresi\u00f3n","datePublished":"2012-02-10T15:16:00+00:00","dateModified":"2022-09-18T18:07:40+00:00","mainEntityOfPage":{"@id":"https:\/\/www.fraczinet.cl\/sitio\/2012\/02\/10\/tribunal-europeo-de-ddhh-la-homofobia-no-esta-protegida-por-la-libertad-de-expresion\/"},"wordCount":427,"commentCount":0,"publisher":{"@id":"https:\/\/www.fraczinet.cl\/sitio\/#\/schema\/person\/aec8ee4da68df2b9b0eefdad24a0d582"},"image":{"@id":"https:\/\/www.fraczinet.cl\/sitio\/2012\/02\/10\/tribunal-europeo-de-ddhh-la-homofobia-no-esta-protegida-por-la-libertad-de-expresion\/#primaryimage"},"thumbnailUrl":"https:\/\/www.fraczinet.cl\/sitio\/wp-content\/uploads\/2012\/02\/ddhh.jpeg","articleSection":["DDHH"],"inLanguage":"es","potentialAction":[{"@type":"CommentAction","name":"Comment","target":["https:\/\/www.fraczinet.cl\/sitio\/2012\/02\/10\/tribunal-europeo-de-ddhh-la-homofobia-no-esta-protegida-por-la-libertad-de-expresion\/#respond"]}]},{"@type":"WebPage","@id":"https:\/\/www.fraczinet.cl\/sitio\/2012\/02\/10\/tribunal-europeo-de-ddhh-la-homofobia-no-esta-protegida-por-la-libertad-de-expresion\/","url":"https:\/\/www.fraczinet.cl\/sitio\/2012\/02\/10\/tribunal-europeo-de-ddhh-la-homofobia-no-esta-protegida-por-la-libertad-de-expresion\/","name":"Tribunal Europeo De DDHH: La Homofobia No Est\u00e1 Protegida Por La Libertad De Expresi\u00f3n - Nuestro Bio B\u00edo","isPartOf":{"@id":"https:\/\/www.fraczinet.cl\/sitio\/#website"},"primaryImageOfPage":{"@id":"https:\/\/www.fraczinet.cl\/sitio\/2012\/02\/10\/tribunal-europeo-de-ddhh-la-homofobia-no-esta-protegida-por-la-libertad-de-expresion\/#primaryimage"},"image":{"@id":"https:\/\/www.fraczinet.cl\/sitio\/2012\/02\/10\/tribunal-europeo-de-ddhh-la-homofobia-no-esta-protegida-por-la-libertad-de-expresion\/#primaryimage"},"thumbnailUrl":"https:\/\/www.fraczinet.cl\/sitio\/wp-content\/uploads\/2012\/02\/ddhh.jpeg","datePublished":"2012-02-10T15:16:00+00:00","dateModified":"2022-09-18T18:07:40+00:00","breadcrumb":{"@id":"https:\/\/www.fraczinet.cl\/sitio\/2012\/02\/10\/tribunal-europeo-de-ddhh-la-homofobia-no-esta-protegida-por-la-libertad-de-expresion\/#breadcrumb"},"inLanguage":"es","potentialAction":[{"@type":"ReadAction","target":["https:\/\/www.fraczinet.cl\/sitio\/2012\/02\/10\/tribunal-europeo-de-ddhh-la-homofobia-no-esta-protegida-por-la-libertad-de-expresion\/"]}]},{"@type":"ImageObject","inLanguage":"es","@id":"https:\/\/www.fraczinet.cl\/sitio\/2012\/02\/10\/tribunal-europeo-de-ddhh-la-homofobia-no-esta-protegida-por-la-libertad-de-expresion\/#primaryimage","url":"https:\/\/www.fraczinet.cl\/sitio\/wp-content\/uploads\/2012\/02\/ddhh.jpeg","contentUrl":"https:\/\/www.fraczinet.cl\/sitio\/wp-content\/uploads\/2012\/02\/ddhh.jpeg","width":313,"height":161},{"@type":"BreadcrumbList","@id":"https:\/\/www.fraczinet.cl\/sitio\/2012\/02\/10\/tribunal-europeo-de-ddhh-la-homofobia-no-esta-protegida-por-la-libertad-de-expresion\/#breadcrumb","itemListElement":[{"@type":"ListItem","position":1,"name":"Portada","item":"https:\/\/www.fraczinet.cl\/sitio\/"},{"@type":"ListItem","position":2,"name":"Tribunal Europeo De DDHH: La Homofobia No Est\u00e1 Protegida Por La Libertad De Expresi\u00f3n"}]},{"@type":"WebSite","@id":"https:\/\/www.fraczinet.cl\/sitio\/#website","url":"https:\/\/www.fraczinet.cl\/sitio\/","name":"Nuestro Bio B\u00edo","description":"Tierra de Encuentros","publisher":{"@id":"https:\/\/www.fraczinet.cl\/sitio\/#\/schema\/person\/aec8ee4da68df2b9b0eefdad24a0d582"},"potentialAction":[{"@type":"SearchAction","target":{"@type":"EntryPoint","urlTemplate":"https:\/\/www.fraczinet.cl\/sitio\/?s={search_term_string}"},"query-input":{"@type":"PropertyValueSpecification","valueRequired":true,"valueName":"search_term_string"}}],"inLanguage":"es"},{"@type":["Person","Organization"],"@id":"https:\/\/www.fraczinet.cl\/sitio\/#\/schema\/person\/aec8ee4da68df2b9b0eefdad24a0d582","name":"Luis Fernando Fraczinet","image":{"@type":"ImageObject","inLanguage":"es","@id":"https:\/\/www.fraczinet.cl\/sitio\/#\/schema\/person\/image\/","url":"https:\/\/www.fraczinet.cl\/sitio\/wp-content\/uploads\/2021\/07\/bannerlogo-1.gif","contentUrl":"https:\/\/www.fraczinet.cl\/sitio\/wp-content\/uploads\/2021\/07\/bannerlogo-1.gif","width":159,"height":79,"caption":"Luis Fernando Fraczinet"},"logo":{"@id":"https:\/\/www.fraczinet.cl\/sitio\/#\/schema\/person\/image\/"},"sameAs":["https:\/\/www.fraczinet.cl\/sitio\/"]},{"@type":"Person","@id":"https:\/\/www.fraczinet.cl\/sitio\/#\/schema\/person\/bc30f98e9cb10ae7e119dbe14bc93784","name":"admin","image":{"@type":"ImageObject","inLanguage":"es","@id":"https:\/\/www.fraczinet.cl\/sitio\/#\/schema\/person\/image\/","url":"https:\/\/secure.gravatar.com\/avatar\/d5ad3cf7ef3b23a2bb5be73be780c86b2fc8545c3ad6b149f3913ff458c00099?s=96&d=mm&r=g","contentUrl":"https:\/\/secure.gravatar.com\/avatar\/d5ad3cf7ef3b23a2bb5be73be780c86b2fc8545c3ad6b149f3913ff458c00099?s=96&d=mm&r=g","caption":"admin"},"sameAs":["https:\/\/www.fraczinet.cl\/sitio"]}]}},"_links":{"self":[{"href":"https:\/\/www.fraczinet.cl\/sitio\/wp-json\/wp\/v2\/posts\/5873","targetHints":{"allow":["GET"]}}],"collection":[{"href":"https:\/\/www.fraczinet.cl\/sitio\/wp-json\/wp\/v2\/posts"}],"about":[{"href":"https:\/\/www.fraczinet.cl\/sitio\/wp-json\/wp\/v2\/types\/post"}],"author":[{"embeddable":true,"href":"https:\/\/www.fraczinet.cl\/sitio\/wp-json\/wp\/v2\/users\/1"}],"replies":[{"embeddable":true,"href":"https:\/\/www.fraczinet.cl\/sitio\/wp-json\/wp\/v2\/comments?post=5873"}],"version-history":[{"count":1,"href":"https:\/\/www.fraczinet.cl\/sitio\/wp-json\/wp\/v2\/posts\/5873\/revisions"}],"predecessor-version":[{"id":13001,"href":"https:\/\/www.fraczinet.cl\/sitio\/wp-json\/wp\/v2\/posts\/5873\/revisions\/13001"}],"wp:featuredmedia":[{"embeddable":true,"href":"https:\/\/www.fraczinet.cl\/sitio\/wp-json\/wp\/v2\/media\/13000"}],"wp:attachment":[{"href":"https:\/\/www.fraczinet.cl\/sitio\/wp-json\/wp\/v2\/media?parent=5873"}],"wp:term":[{"taxonomy":"category","embeddable":true,"href":"https:\/\/www.fraczinet.cl\/sitio\/wp-json\/wp\/v2\/categories?post=5873"},{"taxonomy":"post_tag","embeddable":true,"href":"https:\/\/www.fraczinet.cl\/sitio\/wp-json\/wp\/v2\/tags?post=5873"}],"curies":[{"name":"wp","href":"https:\/\/api.w.org\/{rel}","templated":true}]}}