{"id":5875,"date":"2012-02-09T10:02:00","date_gmt":"2012-02-09T10:02:00","guid":{"rendered":"https:\/\/www.fraczinet.cl\/sitio\/2012\/02\/09\/moviliza-tu-imaginacion-resistencia-film-fest-del-26-al-26-de-febrero-tome\/"},"modified":"2022-09-18T18:11:28","modified_gmt":"2022-09-18T18:11:28","slug":"moviliza-tu-imaginacion-resistencia-film-fest-del-26-al-26-de-febrero-tome","status":"publish","type":"post","link":"https:\/\/www.fraczinet.cl\/sitio\/2012\/02\/09\/moviliza-tu-imaginacion-resistencia-film-fest-del-26-al-26-de-febrero-tome\/","title":{"rendered":"Moviliza Tu Imaginaci\u00f3n &#8211; Resistencia Film Fest Del 26 Al 26 de Febrero Tom\u00e9"},"content":{"rendered":"<p><a href=\"http:\/\/3.bp.blogspot.com\/-tHPDnEkN4zE\/TzOfF0DSsUI\/AAAAAAAAUR8\/w4hh3OjtvDI\/s1600\/Afiche%2B2012.jpg\"><img decoding=\"async\" id=\"BLOGGER_PHOTO_ID_5707080075029164354\" style=\"display: block; margin: 0px auto 10px; text-align: center; cursor: hand; width: 400px; height: 300px;\" src=\"http:\/\/3.bp.blogspot.com\/-tHPDnEkN4zE\/TzOfF0DSsUI\/AAAAAAAAUR8\/w4hh3OjtvDI\/s400\/Afiche%2B2012.jpg\" alt=\"\" border=\"0\" \/><\/a><\/p>\n<p>Moviliza t\u00fa imaginaci\u00f3n R E S I S T E N C I A F I L M F E S T 2012<br \/>\nDel 23 al 26 Febrero, Tom\u00e9 &#8211; Chile*<br \/>\n<a href=\"http:\/\/www.resistenciafilmfest.tk\/\">www.resistenciafilmfest.tk<\/a><\/p>\n<p>He aqu\u00ed las 18 pel\u00edculas en competencia en el Resistencia Film Fest 2012, por el \u00fanico premio, *El Joven Combatiente.*<\/p>\n<p><span style=\"font-weight: bold;\">1. MI GRAN PA\u00cdS (2011)<\/span><br \/>\nFicci\u00f3n (12`) La Ligua.<br \/>\nSantiago Sep\u00falveda.<\/p>\n<p><span style=\"font-weight: bold;\">2. AMOR DE GOLPE (2011)<\/span><br \/>\nDocumental (17`) Puente Alto.<br \/>\nCarla Toro y Mauricio Villarroel.<\/p>\n<p><span style=\"font-weight: bold;\">3. EL COBRE \u00bfSUELDO DE QUIEN? (2011)<\/span><br \/>\nDocumental (27`) Concepci\u00f3n.<br \/>\nPeri\u00f3dico Resumen y Sociedad Mutualista Baustista Van Schouwen.<\/p>\n<p><span style=\"font-weight: bold;\">4. LAGO NELTUME: Kume Mong\u00f1en Tain Mapu Mew (2010)<\/span><br \/>\nDocumental (46`) Panguipulli.<br \/>\nFelipe Hasen.<\/p>\n<p><span style=\"font-weight: bold;\">5. PALESTINA AL SUR (2011)<\/span><br \/>\nDocumental (52`) Santiago.<br \/>\nAna Mar\u00eda Hurtado.<\/p>\n<p><span style=\"font-weight: bold;\">6. INAF\u00dcl PEWEN Al pie del Pewen (2011)<\/span><br \/>\nDocumental Corto (28`) Concepci\u00f3n.<br \/>\nPlinio P\u00e9rez.<\/p>\n<p><span style=\"font-weight: bold;\">7. MARRICHIWEU: Venceremos por siempre. (2011)<\/span><br \/>\nDocumental (58`) Chile-Belgica..<br \/>\nAndr\u00e9s L\u00fcbbert.<\/p>\n<p><span style=\"font-weight: bold;\">8. KON\u00dcN WENU La entrada al cielo (2011)<\/span><br \/>\nFicci\u00f3n (78`) Concepci\u00f3n.<br \/>\nFrancisco Toro.<\/p>\n<p><span style=\"font-weight: bold;\">9. DICHATO INSURRECTO (2011)<\/span><br \/>\nDocumental (14`) Concepci\u00f3n.<br \/>\nMetiendo Ruido.<\/p>\n<p><span style=\"font-weight: bold;\">10. LA FALSA RECONSTRUCCI\u00d3N DE CHILE (2011)<\/span><br \/>\nDocumental (15`) Concepci\u00f3n.<br \/>\nMetiendo Ruido.<\/p>\n<p><span style=\"font-weight: bold;\">11. CONCEPCI\u00d3N, FRAGMENTOS DE UNA CAT\u00c1STROFE (2010)<\/span><br \/>\nDocumental (60`) Concepci\u00f3n.<br \/>\nAlex Palacios.<\/p>\n<p><span style=\"font-weight: bold;\">12. GOLPE DE RECUERDO (2010)<\/span><br \/>\nDocumental (31`) Chile-Colombia.<br \/>\nAlex Palacios.<\/p>\n<p><span style=\"font-weight: bold;\">13. EL S\u00c9PTIMO DERECHO (2011)<\/span><br \/>\nDocumental (5`) Concepci\u00f3n.<br \/>\nLuis Vitalino Grand\u00f3n.<\/p>\n<p><span style=\"font-weight: bold;\">14. EL PASADO, LA MUJER Y LA MUERTE DE LAS GREDAS DE CAULIN<\/span><br \/>\nDocumental (40`) Santiago.<br \/>\nTito Ureta.<\/p>\n<p><span style=\"font-weight: bold;\">15. EL PE\u00d3N DEL REY<\/span><br \/>\nDocumental (12`) Santiago.<br \/>\nTito Ureta.<\/p>\n<p><span style=\"font-weight: bold;\">16. REQUIEM<\/span><br \/>\nFicci\u00f3n (10`) Santiago.<br \/>\nDaniel Lastra.<\/p>\n<p><span style=\"font-weight: bold;\">17. PIRQUINEROS DEL DESIERTO<\/span><br \/>\nDocumental (18`) Santiago.<br \/>\nReinhardt Schulz.<\/p>\n<p><span style=\"font-weight: bold;\">18. EL DOBLE<\/span><br \/>\nFicci\u00f3n (5`) Santiago.<br \/>\nSebastian Ben\u00edtez.<\/p>\n<p><span style=\"font-weight: bold;\">Ricardo Mahnke<br \/>\nDirector<\/span><\/p>\n<p>Organizan:<br \/>\nPencopolitaniA Films<br \/>\nCasa de la Cultura<br \/>\nI. Municipalidad de Tom\u00e9<\/p>\n","protected":false},"excerpt":{"rendered":"<p>Moviliza t\u00fa imaginaci\u00f3n R E S I S T E N C I A F I L M F E S T 2012 Del 23 al 26 Febrero, Tom\u00e9 &#8211; Chile* www.resistenciafilmfest.tk He aqu\u00ed las 18 pel\u00edculas en competencia en el Resistencia Film Fest 2012, por el \u00fanico premio, *El Joven Combatiente.* 1. MI GRAN [&hellip;]<\/p>\n","protected":false},"author":1,"featured_media":13003,"comment_status":"open","ping_status":"open","sticky":false,"template":"","format":"standard","meta":{"footnotes":""},"categories":[32,213],"tags":[],"class_list":["post-5875","post","type-post","status-publish","format-standard","has-post-thumbnail","hentry","category-cine","category-festivales"],"yoast_head":"<!-- This site is optimized with the Yoast SEO plugin v25.0 - https:\/\/yoast.com\/wordpress\/plugins\/seo\/ -->\n<title>Moviliza Tu Imaginaci\u00f3n - Resistencia Film Fest Del 26 Al 26 de Febrero Tom\u00e9 - Nuestro Bio B\u00edo<\/title>\n<meta name=\"robots\" content=\"index, follow, max-snippet:-1, max-image-preview:large, max-video-preview:-1\" \/>\n<link rel=\"canonical\" href=\"https:\/\/www.fraczinet.cl\/sitio\/2012\/02\/09\/moviliza-tu-imaginacion-resistencia-film-fest-del-26-al-26-de-febrero-tome\/\" \/>\n<meta property=\"og:locale\" content=\"es_ES\" \/>\n<meta property=\"og:type\" content=\"article\" \/>\n<meta property=\"og:title\" content=\"Moviliza Tu Imaginaci\u00f3n - Resistencia Film Fest Del 26 Al 26 de Febrero Tom\u00e9 - Nuestro Bio B\u00edo\" \/>\n<meta property=\"og:description\" content=\"Moviliza t\u00fa imaginaci\u00f3n R E S I S T E N C I A F I L M F E S T 2012 Del 23 al 26 Febrero, Tom\u00e9 &#8211; Chile* www.resistenciafilmfest.tk He aqu\u00ed las 18 pel\u00edculas en competencia en el Resistencia Film Fest 2012, por el \u00fanico premio, *El Joven Combatiente.* 1. MI GRAN [&hellip;]\" \/>\n<meta property=\"og:url\" content=\"https:\/\/www.fraczinet.cl\/sitio\/2012\/02\/09\/moviliza-tu-imaginacion-resistencia-film-fest-del-26-al-26-de-febrero-tome\/\" \/>\n<meta property=\"og:site_name\" content=\"Nuestro Bio B\u00edo\" \/>\n<meta property=\"article:published_time\" content=\"2012-02-09T10:02:00+00:00\" \/>\n<meta property=\"article:modified_time\" content=\"2022-09-18T18:11:28+00:00\" \/>\n<meta property=\"og:image\" content=\"https:\/\/www.fraczinet.cl\/sitio\/wp-content\/uploads\/2012\/02\/Afiche-cine.jpg\" \/>\n\t<meta property=\"og:image:width\" content=\"400\" \/>\n\t<meta property=\"og:image:height\" content=\"300\" \/>\n\t<meta property=\"og:image:type\" content=\"image\/jpeg\" \/>\n<meta name=\"author\" content=\"admin\" \/>\n<meta name=\"twitter:card\" content=\"summary_large_image\" \/>\n<meta name=\"twitter:creator\" content=\"@nuestrobiobio\" \/>\n<meta name=\"twitter:site\" content=\"@nuestrobiobio\" \/>\n<meta name=\"twitter:label1\" content=\"Escrito por\" \/>\n\t<meta name=\"twitter:data1\" content=\"admin\" \/>\n\t<meta name=\"twitter:label2\" content=\"Tiempo de lectura\" \/>\n\t<meta name=\"twitter:data2\" content=\"1 minuto\" \/>\n<script type=\"application\/ld+json\" class=\"yoast-schema-graph\">{\"@context\":\"https:\/\/schema.org\",\"@graph\":[{\"@type\":\"Article\",\"@id\":\"https:\/\/www.fraczinet.cl\/sitio\/2012\/02\/09\/moviliza-tu-imaginacion-resistencia-film-fest-del-26-al-26-de-febrero-tome\/#article\",\"isPartOf\":{\"@id\":\"https:\/\/www.fraczinet.cl\/sitio\/2012\/02\/09\/moviliza-tu-imaginacion-resistencia-film-fest-del-26-al-26-de-febrero-tome\/\"},\"author\":{\"name\":\"admin\",\"@id\":\"https:\/\/www.fraczinet.cl\/sitio\/#\/schema\/person\/bc30f98e9cb10ae7e119dbe14bc93784\"},\"headline\":\"Moviliza Tu Imaginaci\u00f3n &#8211; Resistencia Film Fest Del 26 Al 26 de Febrero Tom\u00e9\",\"datePublished\":\"2012-02-09T10:02:00+00:00\",\"dateModified\":\"2022-09-18T18:11:28+00:00\",\"mainEntityOfPage\":{\"@id\":\"https:\/\/www.fraczinet.cl\/sitio\/2012\/02\/09\/moviliza-tu-imaginacion-resistencia-film-fest-del-26-al-26-de-febrero-tome\/\"},\"wordCount\":269,\"commentCount\":0,\"publisher\":{\"@id\":\"https:\/\/www.fraczinet.cl\/sitio\/#\/schema\/person\/aec8ee4da68df2b9b0eefdad24a0d582\"},\"image\":{\"@id\":\"https:\/\/www.fraczinet.cl\/sitio\/2012\/02\/09\/moviliza-tu-imaginacion-resistencia-film-fest-del-26-al-26-de-febrero-tome\/#primaryimage\"},\"thumbnailUrl\":\"https:\/\/www.fraczinet.cl\/sitio\/wp-content\/uploads\/2012\/02\/Afiche-cine.jpg\",\"articleSection\":[\"Cine\",\"Festivales\"],\"inLanguage\":\"es\",\"potentialAction\":[{\"@type\":\"CommentAction\",\"name\":\"Comment\",\"target\":[\"https:\/\/www.fraczinet.cl\/sitio\/2012\/02\/09\/moviliza-tu-imaginacion-resistencia-film-fest-del-26-al-26-de-febrero-tome\/#respond\"]}]},{\"@type\":\"WebPage\",\"@id\":\"https:\/\/www.fraczinet.cl\/sitio\/2012\/02\/09\/moviliza-tu-imaginacion-resistencia-film-fest-del-26-al-26-de-febrero-tome\/\",\"url\":\"https:\/\/www.fraczinet.cl\/sitio\/2012\/02\/09\/moviliza-tu-imaginacion-resistencia-film-fest-del-26-al-26-de-febrero-tome\/\",\"name\":\"Moviliza Tu Imaginaci\u00f3n - Resistencia Film Fest Del 26 Al 26 de Febrero Tom\u00e9 - Nuestro Bio B\u00edo\",\"isPartOf\":{\"@id\":\"https:\/\/www.fraczinet.cl\/sitio\/#website\"},\"primaryImageOfPage\":{\"@id\":\"https:\/\/www.fraczinet.cl\/sitio\/2012\/02\/09\/moviliza-tu-imaginacion-resistencia-film-fest-del-26-al-26-de-febrero-tome\/#primaryimage\"},\"image\":{\"@id\":\"https:\/\/www.fraczinet.cl\/sitio\/2012\/02\/09\/moviliza-tu-imaginacion-resistencia-film-fest-del-26-al-26-de-febrero-tome\/#primaryimage\"},\"thumbnailUrl\":\"https:\/\/www.fraczinet.cl\/sitio\/wp-content\/uploads\/2012\/02\/Afiche-cine.jpg\",\"datePublished\":\"2012-02-09T10:02:00+00:00\",\"dateModified\":\"2022-09-18T18:11:28+00:00\",\"breadcrumb\":{\"@id\":\"https:\/\/www.fraczinet.cl\/sitio\/2012\/02\/09\/moviliza-tu-imaginacion-resistencia-film-fest-del-26-al-26-de-febrero-tome\/#breadcrumb\"},\"inLanguage\":\"es\",\"potentialAction\":[{\"@type\":\"ReadAction\",\"target\":[\"https:\/\/www.fraczinet.cl\/sitio\/2012\/02\/09\/moviliza-tu-imaginacion-resistencia-film-fest-del-26-al-26-de-febrero-tome\/\"]}]},{\"@type\":\"ImageObject\",\"inLanguage\":\"es\",\"@id\":\"https:\/\/www.fraczinet.cl\/sitio\/2012\/02\/09\/moviliza-tu-imaginacion-resistencia-film-fest-del-26-al-26-de-febrero-tome\/#primaryimage\",\"url\":\"https:\/\/www.fraczinet.cl\/sitio\/wp-content\/uploads\/2012\/02\/Afiche-cine.jpg\",\"contentUrl\":\"https:\/\/www.fraczinet.cl\/sitio\/wp-content\/uploads\/2012\/02\/Afiche-cine.jpg\",\"width\":400,\"height\":300},{\"@type\":\"BreadcrumbList\",\"@id\":\"https:\/\/www.fraczinet.cl\/sitio\/2012\/02\/09\/moviliza-tu-imaginacion-resistencia-film-fest-del-26-al-26-de-febrero-tome\/#breadcrumb\",\"itemListElement\":[{\"@type\":\"ListItem\",\"position\":1,\"name\":\"Portada\",\"item\":\"https:\/\/www.fraczinet.cl\/sitio\/\"},{\"@type\":\"ListItem\",\"position\":2,\"name\":\"Moviliza Tu Imaginaci\u00f3n &#8211; Resistencia Film Fest Del 26 Al 26 de Febrero Tom\u00e9\"}]},{\"@type\":\"WebSite\",\"@id\":\"https:\/\/www.fraczinet.cl\/sitio\/#website\",\"url\":\"https:\/\/www.fraczinet.cl\/sitio\/\",\"name\":\"Nuestro Bio B\u00edo\",\"description\":\"Tierra de Encuentros\",\"publisher\":{\"@id\":\"https:\/\/www.fraczinet.cl\/sitio\/#\/schema\/person\/aec8ee4da68df2b9b0eefdad24a0d582\"},\"potentialAction\":[{\"@type\":\"SearchAction\",\"target\":{\"@type\":\"EntryPoint\",\"urlTemplate\":\"https:\/\/www.fraczinet.cl\/sitio\/?s={search_term_string}\"},\"query-input\":{\"@type\":\"PropertyValueSpecification\",\"valueRequired\":true,\"valueName\":\"search_term_string\"}}],\"inLanguage\":\"es\"},{\"@type\":[\"Person\",\"Organization\"],\"@id\":\"https:\/\/www.fraczinet.cl\/sitio\/#\/schema\/person\/aec8ee4da68df2b9b0eefdad24a0d582\",\"name\":\"Luis Fernando Fraczinet\",\"image\":{\"@type\":\"ImageObject\",\"inLanguage\":\"es\",\"@id\":\"https:\/\/www.fraczinet.cl\/sitio\/#\/schema\/person\/image\/\",\"url\":\"https:\/\/www.fraczinet.cl\/sitio\/wp-content\/uploads\/2021\/07\/bannerlogo-1.gif\",\"contentUrl\":\"https:\/\/www.fraczinet.cl\/sitio\/wp-content\/uploads\/2021\/07\/bannerlogo-1.gif\",\"width\":159,\"height\":79,\"caption\":\"Luis Fernando Fraczinet\"},\"logo\":{\"@id\":\"https:\/\/www.fraczinet.cl\/sitio\/#\/schema\/person\/image\/\"},\"sameAs\":[\"https:\/\/www.fraczinet.cl\/sitio\/\"]},{\"@type\":\"Person\",\"@id\":\"https:\/\/www.fraczinet.cl\/sitio\/#\/schema\/person\/bc30f98e9cb10ae7e119dbe14bc93784\",\"name\":\"admin\",\"image\":{\"@type\":\"ImageObject\",\"inLanguage\":\"es\",\"@id\":\"https:\/\/www.fraczinet.cl\/sitio\/#\/schema\/person\/image\/\",\"url\":\"https:\/\/secure.gravatar.com\/avatar\/d5ad3cf7ef3b23a2bb5be73be780c86b2fc8545c3ad6b149f3913ff458c00099?s=96&d=mm&r=g\",\"contentUrl\":\"https:\/\/secure.gravatar.com\/avatar\/d5ad3cf7ef3b23a2bb5be73be780c86b2fc8545c3ad6b149f3913ff458c00099?s=96&d=mm&r=g\",\"caption\":\"admin\"},\"sameAs\":[\"https:\/\/www.fraczinet.cl\/sitio\"]}]}<\/script>\n<!-- \/ Yoast SEO plugin. -->","yoast_head_json":{"title":"Moviliza Tu Imaginaci\u00f3n - Resistencia Film Fest Del 26 Al 26 de Febrero Tom\u00e9 - Nuestro Bio B\u00edo","robots":{"index":"index","follow":"follow","max-snippet":"max-snippet:-1","max-image-preview":"max-image-preview:large","max-video-preview":"max-video-preview:-1"},"canonical":"https:\/\/www.fraczinet.cl\/sitio\/2012\/02\/09\/moviliza-tu-imaginacion-resistencia-film-fest-del-26-al-26-de-febrero-tome\/","og_locale":"es_ES","og_type":"article","og_title":"Moviliza Tu Imaginaci\u00f3n - Resistencia Film Fest Del 26 Al 26 de Febrero Tom\u00e9 - Nuestro Bio B\u00edo","og_description":"Moviliza t\u00fa imaginaci\u00f3n R E S I S T E N C I A F I L M F E S T 2012 Del 23 al 26 Febrero, Tom\u00e9 &#8211; Chile* www.resistenciafilmfest.tk He aqu\u00ed las 18 pel\u00edculas en competencia en el Resistencia Film Fest 2012, por el \u00fanico premio, *El Joven Combatiente.* 1. MI GRAN [&hellip;]","og_url":"https:\/\/www.fraczinet.cl\/sitio\/2012\/02\/09\/moviliza-tu-imaginacion-resistencia-film-fest-del-26-al-26-de-febrero-tome\/","og_site_name":"Nuestro Bio B\u00edo","article_published_time":"2012-02-09T10:02:00+00:00","article_modified_time":"2022-09-18T18:11:28+00:00","og_image":[{"width":400,"height":300,"url":"https:\/\/www.fraczinet.cl\/sitio\/wp-content\/uploads\/2012\/02\/Afiche-cine.jpg","type":"image\/jpeg"}],"author":"admin","twitter_card":"summary_large_image","twitter_creator":"@nuestrobiobio","twitter_site":"@nuestrobiobio","twitter_misc":{"Escrito por":"admin","Tiempo de lectura":"1 minuto"},"schema":{"@context":"https:\/\/schema.org","@graph":[{"@type":"Article","@id":"https:\/\/www.fraczinet.cl\/sitio\/2012\/02\/09\/moviliza-tu-imaginacion-resistencia-film-fest-del-26-al-26-de-febrero-tome\/#article","isPartOf":{"@id":"https:\/\/www.fraczinet.cl\/sitio\/2012\/02\/09\/moviliza-tu-imaginacion-resistencia-film-fest-del-26-al-26-de-febrero-tome\/"},"author":{"name":"admin","@id":"https:\/\/www.fraczinet.cl\/sitio\/#\/schema\/person\/bc30f98e9cb10ae7e119dbe14bc93784"},"headline":"Moviliza Tu Imaginaci\u00f3n &#8211; Resistencia Film Fest Del 26 Al 26 de Febrero Tom\u00e9","datePublished":"2012-02-09T10:02:00+00:00","dateModified":"2022-09-18T18:11:28+00:00","mainEntityOfPage":{"@id":"https:\/\/www.fraczinet.cl\/sitio\/2012\/02\/09\/moviliza-tu-imaginacion-resistencia-film-fest-del-26-al-26-de-febrero-tome\/"},"wordCount":269,"commentCount":0,"publisher":{"@id":"https:\/\/www.fraczinet.cl\/sitio\/#\/schema\/person\/aec8ee4da68df2b9b0eefdad24a0d582"},"image":{"@id":"https:\/\/www.fraczinet.cl\/sitio\/2012\/02\/09\/moviliza-tu-imaginacion-resistencia-film-fest-del-26-al-26-de-febrero-tome\/#primaryimage"},"thumbnailUrl":"https:\/\/www.fraczinet.cl\/sitio\/wp-content\/uploads\/2012\/02\/Afiche-cine.jpg","articleSection":["Cine","Festivales"],"inLanguage":"es","potentialAction":[{"@type":"CommentAction","name":"Comment","target":["https:\/\/www.fraczinet.cl\/sitio\/2012\/02\/09\/moviliza-tu-imaginacion-resistencia-film-fest-del-26-al-26-de-febrero-tome\/#respond"]}]},{"@type":"WebPage","@id":"https:\/\/www.fraczinet.cl\/sitio\/2012\/02\/09\/moviliza-tu-imaginacion-resistencia-film-fest-del-26-al-26-de-febrero-tome\/","url":"https:\/\/www.fraczinet.cl\/sitio\/2012\/02\/09\/moviliza-tu-imaginacion-resistencia-film-fest-del-26-al-26-de-febrero-tome\/","name":"Moviliza Tu Imaginaci\u00f3n - Resistencia Film Fest Del 26 Al 26 de Febrero Tom\u00e9 - Nuestro Bio B\u00edo","isPartOf":{"@id":"https:\/\/www.fraczinet.cl\/sitio\/#website"},"primaryImageOfPage":{"@id":"https:\/\/www.fraczinet.cl\/sitio\/2012\/02\/09\/moviliza-tu-imaginacion-resistencia-film-fest-del-26-al-26-de-febrero-tome\/#primaryimage"},"image":{"@id":"https:\/\/www.fraczinet.cl\/sitio\/2012\/02\/09\/moviliza-tu-imaginacion-resistencia-film-fest-del-26-al-26-de-febrero-tome\/#primaryimage"},"thumbnailUrl":"https:\/\/www.fraczinet.cl\/sitio\/wp-content\/uploads\/2012\/02\/Afiche-cine.jpg","datePublished":"2012-02-09T10:02:00+00:00","dateModified":"2022-09-18T18:11:28+00:00","breadcrumb":{"@id":"https:\/\/www.fraczinet.cl\/sitio\/2012\/02\/09\/moviliza-tu-imaginacion-resistencia-film-fest-del-26-al-26-de-febrero-tome\/#breadcrumb"},"inLanguage":"es","potentialAction":[{"@type":"ReadAction","target":["https:\/\/www.fraczinet.cl\/sitio\/2012\/02\/09\/moviliza-tu-imaginacion-resistencia-film-fest-del-26-al-26-de-febrero-tome\/"]}]},{"@type":"ImageObject","inLanguage":"es","@id":"https:\/\/www.fraczinet.cl\/sitio\/2012\/02\/09\/moviliza-tu-imaginacion-resistencia-film-fest-del-26-al-26-de-febrero-tome\/#primaryimage","url":"https:\/\/www.fraczinet.cl\/sitio\/wp-content\/uploads\/2012\/02\/Afiche-cine.jpg","contentUrl":"https:\/\/www.fraczinet.cl\/sitio\/wp-content\/uploads\/2012\/02\/Afiche-cine.jpg","width":400,"height":300},{"@type":"BreadcrumbList","@id":"https:\/\/www.fraczinet.cl\/sitio\/2012\/02\/09\/moviliza-tu-imaginacion-resistencia-film-fest-del-26-al-26-de-febrero-tome\/#breadcrumb","itemListElement":[{"@type":"ListItem","position":1,"name":"Portada","item":"https:\/\/www.fraczinet.cl\/sitio\/"},{"@type":"ListItem","position":2,"name":"Moviliza Tu Imaginaci\u00f3n &#8211; Resistencia Film Fest Del 26 Al 26 de Febrero Tom\u00e9"}]},{"@type":"WebSite","@id":"https:\/\/www.fraczinet.cl\/sitio\/#website","url":"https:\/\/www.fraczinet.cl\/sitio\/","name":"Nuestro Bio B\u00edo","description":"Tierra de Encuentros","publisher":{"@id":"https:\/\/www.fraczinet.cl\/sitio\/#\/schema\/person\/aec8ee4da68df2b9b0eefdad24a0d582"},"potentialAction":[{"@type":"SearchAction","target":{"@type":"EntryPoint","urlTemplate":"https:\/\/www.fraczinet.cl\/sitio\/?s={search_term_string}"},"query-input":{"@type":"PropertyValueSpecification","valueRequired":true,"valueName":"search_term_string"}}],"inLanguage":"es"},{"@type":["Person","Organization"],"@id":"https:\/\/www.fraczinet.cl\/sitio\/#\/schema\/person\/aec8ee4da68df2b9b0eefdad24a0d582","name":"Luis Fernando Fraczinet","image":{"@type":"ImageObject","inLanguage":"es","@id":"https:\/\/www.fraczinet.cl\/sitio\/#\/schema\/person\/image\/","url":"https:\/\/www.fraczinet.cl\/sitio\/wp-content\/uploads\/2021\/07\/bannerlogo-1.gif","contentUrl":"https:\/\/www.fraczinet.cl\/sitio\/wp-content\/uploads\/2021\/07\/bannerlogo-1.gif","width":159,"height":79,"caption":"Luis Fernando Fraczinet"},"logo":{"@id":"https:\/\/www.fraczinet.cl\/sitio\/#\/schema\/person\/image\/"},"sameAs":["https:\/\/www.fraczinet.cl\/sitio\/"]},{"@type":"Person","@id":"https:\/\/www.fraczinet.cl\/sitio\/#\/schema\/person\/bc30f98e9cb10ae7e119dbe14bc93784","name":"admin","image":{"@type":"ImageObject","inLanguage":"es","@id":"https:\/\/www.fraczinet.cl\/sitio\/#\/schema\/person\/image\/","url":"https:\/\/secure.gravatar.com\/avatar\/d5ad3cf7ef3b23a2bb5be73be780c86b2fc8545c3ad6b149f3913ff458c00099?s=96&d=mm&r=g","contentUrl":"https:\/\/secure.gravatar.com\/avatar\/d5ad3cf7ef3b23a2bb5be73be780c86b2fc8545c3ad6b149f3913ff458c00099?s=96&d=mm&r=g","caption":"admin"},"sameAs":["https:\/\/www.fraczinet.cl\/sitio"]}]}},"_links":{"self":[{"href":"https:\/\/www.fraczinet.cl\/sitio\/wp-json\/wp\/v2\/posts\/5875","targetHints":{"allow":["GET"]}}],"collection":[{"href":"https:\/\/www.fraczinet.cl\/sitio\/wp-json\/wp\/v2\/posts"}],"about":[{"href":"https:\/\/www.fraczinet.cl\/sitio\/wp-json\/wp\/v2\/types\/post"}],"author":[{"embeddable":true,"href":"https:\/\/www.fraczinet.cl\/sitio\/wp-json\/wp\/v2\/users\/1"}],"replies":[{"embeddable":true,"href":"https:\/\/www.fraczinet.cl\/sitio\/wp-json\/wp\/v2\/comments?post=5875"}],"version-history":[{"count":1,"href":"https:\/\/www.fraczinet.cl\/sitio\/wp-json\/wp\/v2\/posts\/5875\/revisions"}],"predecessor-version":[{"id":13004,"href":"https:\/\/www.fraczinet.cl\/sitio\/wp-json\/wp\/v2\/posts\/5875\/revisions\/13004"}],"wp:featuredmedia":[{"embeddable":true,"href":"https:\/\/www.fraczinet.cl\/sitio\/wp-json\/wp\/v2\/media\/13003"}],"wp:attachment":[{"href":"https:\/\/www.fraczinet.cl\/sitio\/wp-json\/wp\/v2\/media?parent=5875"}],"wp:term":[{"taxonomy":"category","embeddable":true,"href":"https:\/\/www.fraczinet.cl\/sitio\/wp-json\/wp\/v2\/categories?post=5875"},{"taxonomy":"post_tag","embeddable":true,"href":"https:\/\/www.fraczinet.cl\/sitio\/wp-json\/wp\/v2\/tags?post=5875"}],"curies":[{"name":"wp","href":"https:\/\/api.w.org\/{rel}","templated":true}]}}