{"id":5876,"date":"2012-02-08T20:21:00","date_gmt":"2012-02-08T20:21:00","guid":{"rendered":"https:\/\/www.fraczinet.cl\/sitio\/2012\/02\/08\/con-poesia-en-bulnes-se-inauguro-nueva-biblioteca-movil\/"},"modified":"2022-10-07T00:37:35","modified_gmt":"2022-10-07T00:37:35","slug":"con-poesia-en-bulnes-se-inauguro-nueva-biblioteca-movil","status":"publish","type":"post","link":"https:\/\/www.fraczinet.cl\/sitio\/2012\/02\/08\/con-poesia-en-bulnes-se-inauguro-nueva-biblioteca-movil\/","title":{"rendered":"Con Poes\u00eda En Bulnes Se Inaugur\u00f3 Nueva Biblioteca M\u00f3vil"},"content":{"rendered":"<p><a href=\"http:\/\/1.bp.blogspot.com\/-gPWAT19QmTU\/TzLaKTfLPyI\/AAAAAAAAURo\/uKMfn1s90TU\/s1600\/BiblioMovil%2BBulnes.jpg\"><img decoding=\"async\" alt=\"\" border=\"0\" id=\"BLOGGER_PHOTO_ID_5706863548396420898\" src=\"http:\/\/1.bp.blogspot.com\/-gPWAT19QmTU\/TzLaKTfLPyI\/AAAAAAAAURo\/uKMfn1s90TU\/s400\/BiblioMovil%2BBulnes.jpg\" style=\"cursor: pointer; display: block; height: 300px; margin: 0px auto 10px; text-align: center; width: 400px;\" \/><\/a><a href=\"http:\/\/2.bp.blogspot.com\/-lW6M6R0ShIQ\/TzLaKK85GhI\/AAAAAAAAURU\/PtavMLzaWxs\/s1600\/Bibliomovil%2Bbulnes%2B3.jpg\"><img decoding=\"async\" alt=\"\" border=\"0\" id=\"BLOGGER_PHOTO_ID_5706863546105141778\" src=\"http:\/\/2.bp.blogspot.com\/-lW6M6R0ShIQ\/TzLaKK85GhI\/AAAAAAAAURU\/PtavMLzaWxs\/s400\/Bibliomovil%2Bbulnes%2B3.jpg\" style=\"cursor: pointer; display: block; height: 300px; margin: 0px auto 10px; text-align: center; width: 400px;\" \/><\/a><a href=\"http:\/\/3.bp.blogspot.com\/-17pCEkvLpls\/TzLaKMiCxuI\/AAAAAAAAURM\/hWVGkUnwMwg\/s1600\/Bibliomovil%2Bbulnes%2B2.jpg\"><img decoding=\"async\" alt=\"\" border=\"0\" id=\"BLOGGER_PHOTO_ID_5706863546529400546\" src=\"http:\/\/3.bp.blogspot.com\/-17pCEkvLpls\/TzLaKMiCxuI\/AAAAAAAAURM\/hWVGkUnwMwg\/s400\/Bibliomovil%2Bbulnes%2B2.jpg\" style=\"cursor: pointer; display: block; height: 300px; margin: 0px auto 10px; text-align: center; width: 400px;\" \/><\/a><a href=\"http:\/\/4.bp.blogspot.com\/-qXHFMqy4Vvk\/TzLaLDr3GCI\/AAAAAAAAURw\/GFQgQGQCi38\/s1600\/Bibliomovil%2Bbulnes%2Barena%2Bneruda.jpg\"><img decoding=\"async\" alt=\"\" border=\"0\" id=\"BLOGGER_PHOTO_ID_5706863561334528034\" src=\"http:\/\/4.bp.blogspot.com\/-qXHFMqy4Vvk\/TzLaLDr3GCI\/AAAAAAAAURw\/GFQgQGQCi38\/s400\/Bibliomovil%2Bbulnes%2Barena%2Bneruda.jpg\" style=\"cursor: pointer; display: block; height: 400px; margin: 0px auto 10px; text-align: center; width: 300px;\" \/><\/a> El pasado lunes en Bulnes la Escritora Ingrid Odgers Toloza mostr\u00f3 todo su talento y cautiv\u00f3 a la audiencia realizando un recital de poes\u00eda en el marco de la inauguraci\u00f3n de la biblioteca m\u00f3vil de la comuna, adem\u00e1s leyeron j\u00f3venes poetas de la comuna incluyendo a nuestra columnista Alicia Pereda.  Adem\u00e1s el escultor floridano radicado en Bulnes S\u00f3tero del R\u00edo esculpi\u00f3 en arena los rostros de Pablo Neruda y Gabriela Mistral convirti\u00e9ndose en un espect\u00e1culo hermoso para los visitantes.  Im\u00e1genes gentileza de la poetisa Alicia Pereda.<\/p>\n","protected":false},"excerpt":{"rendered":"<p>El pasado lunes en Bulnes la Escritora Ingrid Odgers Toloza mostr\u00f3 todo su talento y cautiv\u00f3 a la audiencia realizando un recital de poes\u00eda en el marco de la inauguraci\u00f3n de la biblioteca m\u00f3vil de la comuna, adem\u00e1s leyeron j\u00f3venes poetas de la comuna incluyendo a nuestra columnista Alicia Pereda. Adem\u00e1s el escultor floridano radicado [&hellip;]<\/p>\n","protected":false},"author":1,"featured_media":0,"comment_status":"open","ping_status":"open","sticky":false,"template":"","format":"standard","meta":{"footnotes":""},"categories":[115,306,149,67],"tags":[],"class_list":["post-5876","post","type-post","status-publish","format-standard","hentry","category-alicia-pereda","category-bibliotecas","category-ingrid-odgers","category-poesia"],"yoast_head":"<!-- This site is optimized with the Yoast SEO plugin v25.0 - https:\/\/yoast.com\/wordpress\/plugins\/seo\/ -->\n<title>Con Poes\u00eda En Bulnes Se Inaugur\u00f3 Nueva Biblioteca M\u00f3vil - Nuestro Bio B\u00edo<\/title>\n<meta name=\"robots\" content=\"index, follow, max-snippet:-1, max-image-preview:large, max-video-preview:-1\" \/>\n<link rel=\"canonical\" href=\"https:\/\/www.fraczinet.cl\/sitio\/2012\/02\/08\/con-poesia-en-bulnes-se-inauguro-nueva-biblioteca-movil\/\" \/>\n<meta property=\"og:locale\" content=\"es_ES\" \/>\n<meta property=\"og:type\" content=\"article\" \/>\n<meta property=\"og:title\" content=\"Con Poes\u00eda En Bulnes Se Inaugur\u00f3 Nueva Biblioteca M\u00f3vil - Nuestro Bio B\u00edo\" \/>\n<meta property=\"og:description\" content=\"El pasado lunes en Bulnes la Escritora Ingrid Odgers Toloza mostr\u00f3 todo su talento y cautiv\u00f3 a la audiencia realizando un recital de poes\u00eda en el marco de la inauguraci\u00f3n de la biblioteca m\u00f3vil de la comuna, adem\u00e1s leyeron j\u00f3venes poetas de la comuna incluyendo a nuestra columnista Alicia Pereda. Adem\u00e1s el escultor floridano radicado [&hellip;]\" \/>\n<meta property=\"og:url\" content=\"https:\/\/www.fraczinet.cl\/sitio\/2012\/02\/08\/con-poesia-en-bulnes-se-inauguro-nueva-biblioteca-movil\/\" \/>\n<meta property=\"og:site_name\" content=\"Nuestro Bio B\u00edo\" \/>\n<meta property=\"article:published_time\" content=\"2012-02-08T20:21:00+00:00\" \/>\n<meta property=\"article:modified_time\" content=\"2022-10-07T00:37:35+00:00\" \/>\n<meta property=\"og:image\" content=\"http:\/\/1.bp.blogspot.com\/-gPWAT19QmTU\/TzLaKTfLPyI\/AAAAAAAAURo\/uKMfn1s90TU\/s400\/BiblioMovil%2BBulnes.jpg\" \/>\n<meta name=\"author\" content=\"admin\" \/>\n<meta name=\"twitter:card\" content=\"summary_large_image\" \/>\n<meta name=\"twitter:creator\" content=\"@nuestrobiobio\" \/>\n<meta name=\"twitter:site\" content=\"@nuestrobiobio\" \/>\n<meta name=\"twitter:label1\" content=\"Escrito por\" \/>\n\t<meta name=\"twitter:data1\" content=\"admin\" \/>\n<script type=\"application\/ld+json\" class=\"yoast-schema-graph\">{\"@context\":\"https:\/\/schema.org\",\"@graph\":[{\"@type\":\"Article\",\"@id\":\"https:\/\/www.fraczinet.cl\/sitio\/2012\/02\/08\/con-poesia-en-bulnes-se-inauguro-nueva-biblioteca-movil\/#article\",\"isPartOf\":{\"@id\":\"https:\/\/www.fraczinet.cl\/sitio\/2012\/02\/08\/con-poesia-en-bulnes-se-inauguro-nueva-biblioteca-movil\/\"},\"author\":{\"name\":\"admin\",\"@id\":\"https:\/\/www.fraczinet.cl\/sitio\/#\/schema\/person\/bc30f98e9cb10ae7e119dbe14bc93784\"},\"headline\":\"Con Poes\u00eda En Bulnes Se Inaugur\u00f3 Nueva Biblioteca M\u00f3vil\",\"datePublished\":\"2012-02-08T20:21:00+00:00\",\"dateModified\":\"2022-10-07T00:37:35+00:00\",\"mainEntityOfPage\":{\"@id\":\"https:\/\/www.fraczinet.cl\/sitio\/2012\/02\/08\/con-poesia-en-bulnes-se-inauguro-nueva-biblioteca-movil\/\"},\"wordCount\":108,\"commentCount\":0,\"publisher\":{\"@id\":\"https:\/\/www.fraczinet.cl\/sitio\/#\/schema\/person\/aec8ee4da68df2b9b0eefdad24a0d582\"},\"image\":{\"@id\":\"https:\/\/www.fraczinet.cl\/sitio\/2012\/02\/08\/con-poesia-en-bulnes-se-inauguro-nueva-biblioteca-movil\/#primaryimage\"},\"thumbnailUrl\":\"http:\/\/1.bp.blogspot.com\/-gPWAT19QmTU\/TzLaKTfLPyI\/AAAAAAAAURo\/uKMfn1s90TU\/s400\/BiblioMovil%2BBulnes.jpg\",\"articleSection\":[\"Alicia Pereda\",\"Bibliotecas\",\"Ingrid Odgers\",\"Poes\u00eda\"],\"inLanguage\":\"es\",\"potentialAction\":[{\"@type\":\"CommentAction\",\"name\":\"Comment\",\"target\":[\"https:\/\/www.fraczinet.cl\/sitio\/2012\/02\/08\/con-poesia-en-bulnes-se-inauguro-nueva-biblioteca-movil\/#respond\"]}]},{\"@type\":\"WebPage\",\"@id\":\"https:\/\/www.fraczinet.cl\/sitio\/2012\/02\/08\/con-poesia-en-bulnes-se-inauguro-nueva-biblioteca-movil\/\",\"url\":\"https:\/\/www.fraczinet.cl\/sitio\/2012\/02\/08\/con-poesia-en-bulnes-se-inauguro-nueva-biblioteca-movil\/\",\"name\":\"Con Poes\u00eda En Bulnes Se Inaugur\u00f3 Nueva Biblioteca M\u00f3vil - Nuestro Bio B\u00edo\",\"isPartOf\":{\"@id\":\"https:\/\/www.fraczinet.cl\/sitio\/#website\"},\"primaryImageOfPage\":{\"@id\":\"https:\/\/www.fraczinet.cl\/sitio\/2012\/02\/08\/con-poesia-en-bulnes-se-inauguro-nueva-biblioteca-movil\/#primaryimage\"},\"image\":{\"@id\":\"https:\/\/www.fraczinet.cl\/sitio\/2012\/02\/08\/con-poesia-en-bulnes-se-inauguro-nueva-biblioteca-movil\/#primaryimage\"},\"thumbnailUrl\":\"http:\/\/1.bp.blogspot.com\/-gPWAT19QmTU\/TzLaKTfLPyI\/AAAAAAAAURo\/uKMfn1s90TU\/s400\/BiblioMovil%2BBulnes.jpg\",\"datePublished\":\"2012-02-08T20:21:00+00:00\",\"dateModified\":\"2022-10-07T00:37:35+00:00\",\"breadcrumb\":{\"@id\":\"https:\/\/www.fraczinet.cl\/sitio\/2012\/02\/08\/con-poesia-en-bulnes-se-inauguro-nueva-biblioteca-movil\/#breadcrumb\"},\"inLanguage\":\"es\",\"potentialAction\":[{\"@type\":\"ReadAction\",\"target\":[\"https:\/\/www.fraczinet.cl\/sitio\/2012\/02\/08\/con-poesia-en-bulnes-se-inauguro-nueva-biblioteca-movil\/\"]}]},{\"@type\":\"ImageObject\",\"inLanguage\":\"es\",\"@id\":\"https:\/\/www.fraczinet.cl\/sitio\/2012\/02\/08\/con-poesia-en-bulnes-se-inauguro-nueva-biblioteca-movil\/#primaryimage\",\"url\":\"http:\/\/1.bp.blogspot.com\/-gPWAT19QmTU\/TzLaKTfLPyI\/AAAAAAAAURo\/uKMfn1s90TU\/s400\/BiblioMovil%2BBulnes.jpg\",\"contentUrl\":\"http:\/\/1.bp.blogspot.com\/-gPWAT19QmTU\/TzLaKTfLPyI\/AAAAAAAAURo\/uKMfn1s90TU\/s400\/BiblioMovil%2BBulnes.jpg\"},{\"@type\":\"BreadcrumbList\",\"@id\":\"https:\/\/www.fraczinet.cl\/sitio\/2012\/02\/08\/con-poesia-en-bulnes-se-inauguro-nueva-biblioteca-movil\/#breadcrumb\",\"itemListElement\":[{\"@type\":\"ListItem\",\"position\":1,\"name\":\"Portada\",\"item\":\"https:\/\/www.fraczinet.cl\/sitio\/\"},{\"@type\":\"ListItem\",\"position\":2,\"name\":\"Con Poes\u00eda En Bulnes Se Inaugur\u00f3 Nueva Biblioteca M\u00f3vil\"}]},{\"@type\":\"WebSite\",\"@id\":\"https:\/\/www.fraczinet.cl\/sitio\/#website\",\"url\":\"https:\/\/www.fraczinet.cl\/sitio\/\",\"name\":\"Nuestro Bio B\u00edo\",\"description\":\"Tierra de Encuentros\",\"publisher\":{\"@id\":\"https:\/\/www.fraczinet.cl\/sitio\/#\/schema\/person\/aec8ee4da68df2b9b0eefdad24a0d582\"},\"potentialAction\":[{\"@type\":\"SearchAction\",\"target\":{\"@type\":\"EntryPoint\",\"urlTemplate\":\"https:\/\/www.fraczinet.cl\/sitio\/?s={search_term_string}\"},\"query-input\":{\"@type\":\"PropertyValueSpecification\",\"valueRequired\":true,\"valueName\":\"search_term_string\"}}],\"inLanguage\":\"es\"},{\"@type\":[\"Person\",\"Organization\"],\"@id\":\"https:\/\/www.fraczinet.cl\/sitio\/#\/schema\/person\/aec8ee4da68df2b9b0eefdad24a0d582\",\"name\":\"Luis Fernando Fraczinet\",\"image\":{\"@type\":\"ImageObject\",\"inLanguage\":\"es\",\"@id\":\"https:\/\/www.fraczinet.cl\/sitio\/#\/schema\/person\/image\/\",\"url\":\"https:\/\/www.fraczinet.cl\/sitio\/wp-content\/uploads\/2021\/07\/bannerlogo-1.gif\",\"contentUrl\":\"https:\/\/www.fraczinet.cl\/sitio\/wp-content\/uploads\/2021\/07\/bannerlogo-1.gif\",\"width\":159,\"height\":79,\"caption\":\"Luis Fernando Fraczinet\"},\"logo\":{\"@id\":\"https:\/\/www.fraczinet.cl\/sitio\/#\/schema\/person\/image\/\"},\"sameAs\":[\"https:\/\/www.fraczinet.cl\/sitio\/\"]},{\"@type\":\"Person\",\"@id\":\"https:\/\/www.fraczinet.cl\/sitio\/#\/schema\/person\/bc30f98e9cb10ae7e119dbe14bc93784\",\"name\":\"admin\",\"image\":{\"@type\":\"ImageObject\",\"inLanguage\":\"es\",\"@id\":\"https:\/\/www.fraczinet.cl\/sitio\/#\/schema\/person\/image\/\",\"url\":\"https:\/\/secure.gravatar.com\/avatar\/d5ad3cf7ef3b23a2bb5be73be780c86b2fc8545c3ad6b149f3913ff458c00099?s=96&d=mm&r=g\",\"contentUrl\":\"https:\/\/secure.gravatar.com\/avatar\/d5ad3cf7ef3b23a2bb5be73be780c86b2fc8545c3ad6b149f3913ff458c00099?s=96&d=mm&r=g\",\"caption\":\"admin\"},\"sameAs\":[\"https:\/\/www.fraczinet.cl\/sitio\"]}]}<\/script>\n<!-- \/ Yoast SEO plugin. -->","yoast_head_json":{"title":"Con Poes\u00eda En Bulnes Se Inaugur\u00f3 Nueva Biblioteca M\u00f3vil - Nuestro Bio B\u00edo","robots":{"index":"index","follow":"follow","max-snippet":"max-snippet:-1","max-image-preview":"max-image-preview:large","max-video-preview":"max-video-preview:-1"},"canonical":"https:\/\/www.fraczinet.cl\/sitio\/2012\/02\/08\/con-poesia-en-bulnes-se-inauguro-nueva-biblioteca-movil\/","og_locale":"es_ES","og_type":"article","og_title":"Con Poes\u00eda En Bulnes Se Inaugur\u00f3 Nueva Biblioteca M\u00f3vil - Nuestro Bio B\u00edo","og_description":"El pasado lunes en Bulnes la Escritora Ingrid Odgers Toloza mostr\u00f3 todo su talento y cautiv\u00f3 a la audiencia realizando un recital de poes\u00eda en el marco de la inauguraci\u00f3n de la biblioteca m\u00f3vil de la comuna, adem\u00e1s leyeron j\u00f3venes poetas de la comuna incluyendo a nuestra columnista Alicia Pereda. Adem\u00e1s el escultor floridano radicado [&hellip;]","og_url":"https:\/\/www.fraczinet.cl\/sitio\/2012\/02\/08\/con-poesia-en-bulnes-se-inauguro-nueva-biblioteca-movil\/","og_site_name":"Nuestro Bio B\u00edo","article_published_time":"2012-02-08T20:21:00+00:00","article_modified_time":"2022-10-07T00:37:35+00:00","og_image":[{"url":"http:\/\/1.bp.blogspot.com\/-gPWAT19QmTU\/TzLaKTfLPyI\/AAAAAAAAURo\/uKMfn1s90TU\/s400\/BiblioMovil%2BBulnes.jpg","type":"","width":"","height":""}],"author":"admin","twitter_card":"summary_large_image","twitter_creator":"@nuestrobiobio","twitter_site":"@nuestrobiobio","twitter_misc":{"Escrito por":"admin"},"schema":{"@context":"https:\/\/schema.org","@graph":[{"@type":"Article","@id":"https:\/\/www.fraczinet.cl\/sitio\/2012\/02\/08\/con-poesia-en-bulnes-se-inauguro-nueva-biblioteca-movil\/#article","isPartOf":{"@id":"https:\/\/www.fraczinet.cl\/sitio\/2012\/02\/08\/con-poesia-en-bulnes-se-inauguro-nueva-biblioteca-movil\/"},"author":{"name":"admin","@id":"https:\/\/www.fraczinet.cl\/sitio\/#\/schema\/person\/bc30f98e9cb10ae7e119dbe14bc93784"},"headline":"Con Poes\u00eda En Bulnes Se Inaugur\u00f3 Nueva Biblioteca M\u00f3vil","datePublished":"2012-02-08T20:21:00+00:00","dateModified":"2022-10-07T00:37:35+00:00","mainEntityOfPage":{"@id":"https:\/\/www.fraczinet.cl\/sitio\/2012\/02\/08\/con-poesia-en-bulnes-se-inauguro-nueva-biblioteca-movil\/"},"wordCount":108,"commentCount":0,"publisher":{"@id":"https:\/\/www.fraczinet.cl\/sitio\/#\/schema\/person\/aec8ee4da68df2b9b0eefdad24a0d582"},"image":{"@id":"https:\/\/www.fraczinet.cl\/sitio\/2012\/02\/08\/con-poesia-en-bulnes-se-inauguro-nueva-biblioteca-movil\/#primaryimage"},"thumbnailUrl":"http:\/\/1.bp.blogspot.com\/-gPWAT19QmTU\/TzLaKTfLPyI\/AAAAAAAAURo\/uKMfn1s90TU\/s400\/BiblioMovil%2BBulnes.jpg","articleSection":["Alicia Pereda","Bibliotecas","Ingrid Odgers","Poes\u00eda"],"inLanguage":"es","potentialAction":[{"@type":"CommentAction","name":"Comment","target":["https:\/\/www.fraczinet.cl\/sitio\/2012\/02\/08\/con-poesia-en-bulnes-se-inauguro-nueva-biblioteca-movil\/#respond"]}]},{"@type":"WebPage","@id":"https:\/\/www.fraczinet.cl\/sitio\/2012\/02\/08\/con-poesia-en-bulnes-se-inauguro-nueva-biblioteca-movil\/","url":"https:\/\/www.fraczinet.cl\/sitio\/2012\/02\/08\/con-poesia-en-bulnes-se-inauguro-nueva-biblioteca-movil\/","name":"Con Poes\u00eda En Bulnes Se Inaugur\u00f3 Nueva Biblioteca M\u00f3vil - Nuestro Bio B\u00edo","isPartOf":{"@id":"https:\/\/www.fraczinet.cl\/sitio\/#website"},"primaryImageOfPage":{"@id":"https:\/\/www.fraczinet.cl\/sitio\/2012\/02\/08\/con-poesia-en-bulnes-se-inauguro-nueva-biblioteca-movil\/#primaryimage"},"image":{"@id":"https:\/\/www.fraczinet.cl\/sitio\/2012\/02\/08\/con-poesia-en-bulnes-se-inauguro-nueva-biblioteca-movil\/#primaryimage"},"thumbnailUrl":"http:\/\/1.bp.blogspot.com\/-gPWAT19QmTU\/TzLaKTfLPyI\/AAAAAAAAURo\/uKMfn1s90TU\/s400\/BiblioMovil%2BBulnes.jpg","datePublished":"2012-02-08T20:21:00+00:00","dateModified":"2022-10-07T00:37:35+00:00","breadcrumb":{"@id":"https:\/\/www.fraczinet.cl\/sitio\/2012\/02\/08\/con-poesia-en-bulnes-se-inauguro-nueva-biblioteca-movil\/#breadcrumb"},"inLanguage":"es","potentialAction":[{"@type":"ReadAction","target":["https:\/\/www.fraczinet.cl\/sitio\/2012\/02\/08\/con-poesia-en-bulnes-se-inauguro-nueva-biblioteca-movil\/"]}]},{"@type":"ImageObject","inLanguage":"es","@id":"https:\/\/www.fraczinet.cl\/sitio\/2012\/02\/08\/con-poesia-en-bulnes-se-inauguro-nueva-biblioteca-movil\/#primaryimage","url":"http:\/\/1.bp.blogspot.com\/-gPWAT19QmTU\/TzLaKTfLPyI\/AAAAAAAAURo\/uKMfn1s90TU\/s400\/BiblioMovil%2BBulnes.jpg","contentUrl":"http:\/\/1.bp.blogspot.com\/-gPWAT19QmTU\/TzLaKTfLPyI\/AAAAAAAAURo\/uKMfn1s90TU\/s400\/BiblioMovil%2BBulnes.jpg"},{"@type":"BreadcrumbList","@id":"https:\/\/www.fraczinet.cl\/sitio\/2012\/02\/08\/con-poesia-en-bulnes-se-inauguro-nueva-biblioteca-movil\/#breadcrumb","itemListElement":[{"@type":"ListItem","position":1,"name":"Portada","item":"https:\/\/www.fraczinet.cl\/sitio\/"},{"@type":"ListItem","position":2,"name":"Con Poes\u00eda En Bulnes Se Inaugur\u00f3 Nueva Biblioteca M\u00f3vil"}]},{"@type":"WebSite","@id":"https:\/\/www.fraczinet.cl\/sitio\/#website","url":"https:\/\/www.fraczinet.cl\/sitio\/","name":"Nuestro Bio B\u00edo","description":"Tierra de Encuentros","publisher":{"@id":"https:\/\/www.fraczinet.cl\/sitio\/#\/schema\/person\/aec8ee4da68df2b9b0eefdad24a0d582"},"potentialAction":[{"@type":"SearchAction","target":{"@type":"EntryPoint","urlTemplate":"https:\/\/www.fraczinet.cl\/sitio\/?s={search_term_string}"},"query-input":{"@type":"PropertyValueSpecification","valueRequired":true,"valueName":"search_term_string"}}],"inLanguage":"es"},{"@type":["Person","Organization"],"@id":"https:\/\/www.fraczinet.cl\/sitio\/#\/schema\/person\/aec8ee4da68df2b9b0eefdad24a0d582","name":"Luis Fernando Fraczinet","image":{"@type":"ImageObject","inLanguage":"es","@id":"https:\/\/www.fraczinet.cl\/sitio\/#\/schema\/person\/image\/","url":"https:\/\/www.fraczinet.cl\/sitio\/wp-content\/uploads\/2021\/07\/bannerlogo-1.gif","contentUrl":"https:\/\/www.fraczinet.cl\/sitio\/wp-content\/uploads\/2021\/07\/bannerlogo-1.gif","width":159,"height":79,"caption":"Luis Fernando Fraczinet"},"logo":{"@id":"https:\/\/www.fraczinet.cl\/sitio\/#\/schema\/person\/image\/"},"sameAs":["https:\/\/www.fraczinet.cl\/sitio\/"]},{"@type":"Person","@id":"https:\/\/www.fraczinet.cl\/sitio\/#\/schema\/person\/bc30f98e9cb10ae7e119dbe14bc93784","name":"admin","image":{"@type":"ImageObject","inLanguage":"es","@id":"https:\/\/www.fraczinet.cl\/sitio\/#\/schema\/person\/image\/","url":"https:\/\/secure.gravatar.com\/avatar\/d5ad3cf7ef3b23a2bb5be73be780c86b2fc8545c3ad6b149f3913ff458c00099?s=96&d=mm&r=g","contentUrl":"https:\/\/secure.gravatar.com\/avatar\/d5ad3cf7ef3b23a2bb5be73be780c86b2fc8545c3ad6b149f3913ff458c00099?s=96&d=mm&r=g","caption":"admin"},"sameAs":["https:\/\/www.fraczinet.cl\/sitio"]}]}},"_links":{"self":[{"href":"https:\/\/www.fraczinet.cl\/sitio\/wp-json\/wp\/v2\/posts\/5876","targetHints":{"allow":["GET"]}}],"collection":[{"href":"https:\/\/www.fraczinet.cl\/sitio\/wp-json\/wp\/v2\/posts"}],"about":[{"href":"https:\/\/www.fraczinet.cl\/sitio\/wp-json\/wp\/v2\/types\/post"}],"author":[{"embeddable":true,"href":"https:\/\/www.fraczinet.cl\/sitio\/wp-json\/wp\/v2\/users\/1"}],"replies":[{"embeddable":true,"href":"https:\/\/www.fraczinet.cl\/sitio\/wp-json\/wp\/v2\/comments?post=5876"}],"version-history":[{"count":1,"href":"https:\/\/www.fraczinet.cl\/sitio\/wp-json\/wp\/v2\/posts\/5876\/revisions"}],"predecessor-version":[{"id":14413,"href":"https:\/\/www.fraczinet.cl\/sitio\/wp-json\/wp\/v2\/posts\/5876\/revisions\/14413"}],"wp:attachment":[{"href":"https:\/\/www.fraczinet.cl\/sitio\/wp-json\/wp\/v2\/media?parent=5876"}],"wp:term":[{"taxonomy":"category","embeddable":true,"href":"https:\/\/www.fraczinet.cl\/sitio\/wp-json\/wp\/v2\/categories?post=5876"},{"taxonomy":"post_tag","embeddable":true,"href":"https:\/\/www.fraczinet.cl\/sitio\/wp-json\/wp\/v2\/tags?post=5876"}],"curies":[{"name":"wp","href":"https:\/\/api.w.org\/{rel}","templated":true}]}}