{"id":5942,"date":"2012-01-13T12:37:00","date_gmt":"2012-01-13T12:37:00","guid":{"rendered":"https:\/\/www.fraczinet.cl\/sitio\/2012\/01\/13\/con-un-operativo-solidario-gendarmeria-le-tiende-una-mano-a-ranquil\/"},"modified":"2022-10-07T00:26:35","modified_gmt":"2022-10-07T00:26:35","slug":"con-un-operativo-solidario-gendarmeria-le-tiende-una-mano-a-ranquil","status":"publish","type":"post","link":"https:\/\/www.fraczinet.cl\/sitio\/2012\/01\/13\/con-un-operativo-solidario-gendarmeria-le-tiende-una-mano-a-ranquil\/","title":{"rendered":"Con Un Operativo Solidario Gendarmer\u00eda Le Tiende Una Mano A R\u00e1nquil"},"content":{"rendered":"<p><a href=\"http:\/\/2.bp.blogspot.com\/-fsdQnVOffyU\/TxAv-ArPJ8I\/AAAAAAAAT8A\/K8hDhLJ-yzw\/s1600\/P1070481.JPG\"><img decoding=\"async\" alt=\"\" border=\"0\" id=\"BLOGGER_PHOTO_ID_5697106271003420610\" src=\"http:\/\/2.bp.blogspot.com\/-fsdQnVOffyU\/TxAv-ArPJ8I\/AAAAAAAAT8A\/K8hDhLJ-yzw\/s320\/P1070481.JPG\" style=\"cursor: pointer; display: block; height: 214px; margin: 0px auto 10px; text-align: center; width: 320px;\" \/><\/a><a href=\"http:\/\/3.bp.blogspot.com\/-Tl2NGG2x-Z8\/TxAv9xqlc2I\/AAAAAAAAT7s\/kiqgocLkZ7g\/s1600\/P1070477.JPG\"><img decoding=\"async\" alt=\"\" border=\"0\" id=\"BLOGGER_PHOTO_ID_5697106266974155618\" src=\"http:\/\/3.bp.blogspot.com\/-Tl2NGG2x-Z8\/TxAv9xqlc2I\/AAAAAAAAT7s\/kiqgocLkZ7g\/s320\/P1070477.JPG\" style=\"cursor: pointer; display: block; height: 214px; margin: 0px auto 10px; text-align: center; width: 320px;\" \/><\/a><a href=\"http:\/\/3.bp.blogspot.com\/-UaFInkyBXSA\/TxAv9mq-6AI\/AAAAAAAAT7k\/LDWrEAElXbM\/s1600\/P1070476.JPG\"><img decoding=\"async\" alt=\"\" border=\"0\" id=\"BLOGGER_PHOTO_ID_5697106264023033858\" src=\"http:\/\/3.bp.blogspot.com\/-UaFInkyBXSA\/TxAv9mq-6AI\/AAAAAAAAT7k\/LDWrEAElXbM\/s320\/P1070476.JPG\" style=\"cursor: pointer; display: block; height: 214px; margin: 0px auto 10px; text-align: center; width: 320px;\" \/><\/a><a href=\"http:\/\/4.bp.blogspot.com\/-WR5bBRSa3Mk\/TxAv_8Gqe8I\/AAAAAAAAT8I\/kCgAajpaW90\/s1600\/P1070487.JPG\"><img decoding=\"async\" alt=\"\" border=\"0\" id=\"BLOGGER_PHOTO_ID_5697106304136018882\" src=\"http:\/\/4.bp.blogspot.com\/-WR5bBRSa3Mk\/TxAv_8Gqe8I\/AAAAAAAAT8I\/kCgAajpaW90\/s320\/P1070487.JPG\" style=\"cursor: pointer; display: block; height: 214px; margin: 0px auto 10px; text-align: center; width: 320px;\" \/><\/a>  Profesionales de Gendarmer\u00eda, encabezados por el Director Regional de Gendarmer\u00eda, El Coronel Eleuterio Cofr\u00e9 del Pino, llevaron a cabo este jueves 12 de enero de 2012 a partir de las 09.45 horas en la Escuela B\u00e1sica de \u00d1ipas, comuna de R\u00e1nquil,  un operativo m\u00e9dico junto a la Ilustre Municipalidad y el  Cesfam de \u00d1ipas para  ir en ayuda de numerosas familias damnificadas en el contexto del incendio que afecto a  la Comuna y que dejo a mas 48 familias sin hogar.  En dicho operativo se incluyo: Cobertura m\u00e9dica, 2 m\u00e9dicos generales (diagn\u00f3stico de morbilidad frente a afecciones estomacales, respiratorios, neurol\u00f3gicas, musculares), 2 Enfermeras (curaciones), 4 param\u00e9dicos, 1 qu\u00edmico farmac\u00e9utico (Suministro de antiinflamatorios, antiespasm\u00f3dicos, antibi\u00f3ticos y remedios gen\u00e9ricos, 1 matrona (consultas de control natal, maternidad, etc)1 Veterinario (desparasitar mascotas del sector).   En el plano de la Cobertura Psicosocial, 3 Psic\u00f3logos (consultas por estr\u00e9s pos traum\u00e1tico, problemas de sue\u00f1o, trastornos del \u00e1nimo, etc) 4 Asistentes Sociales (orientaci\u00f3n y demandas sociales que apelen a beneficios que otorga el Estado), 1 Abogado (Demanda sobre derechos individuales y colectivos como indemnizaciones, seguros y otros), ademas de Terapeutas, Nutricionistas, Odontologos y 3 peluqueras.   En el Aporte solidario, El Operativo desplegado por equipo Regional de Gendarmer\u00eda comprendio adem\u00e1s la entrega directa de v\u00edveres (alimentos no perecibles y otros), art\u00edculos de aseo, ropa de cama y prendas de vestir en buen estado a personas afectadas. Se trata de un volumen considerable que ser\u00e1 distribuido bajo el criterio del encargado comunal del DIDECO y los equipos sociales de la instituci\u00f3n. Y Para colaborar con el buen \u00e1nimo y entusiasmo de las personas, los caninos adiestrados de la instituci\u00f3n har\u00e1n su entrada en el lugar, participando de juegos y pruebas especiales que le dar\u00e1n vida y alegr\u00eda al lugar.   Se Atendieron a mas de 400 personas lo cual significa todo un \u00e9xito y el agradecimiento del Alcalde Carlos Garrido Carcamo a nombre de la Comuna.<\/p>\n","protected":false},"excerpt":{"rendered":"<p>Profesionales de Gendarmer\u00eda, encabezados por el Director Regional de Gendarmer\u00eda, El Coronel Eleuterio Cofr\u00e9 del Pino, llevaron a cabo este jueves 12 de enero de 2012 a partir de las 09.45 horas en la Escuela B\u00e1sica de \u00d1ipas, comuna de R\u00e1nquil, un operativo m\u00e9dico junto a la Ilustre Municipalidad y el Cesfam de \u00d1ipas para [&hellip;]<\/p>\n","protected":false},"author":1,"featured_media":0,"comment_status":"open","ping_status":"open","sticky":false,"template":"","format":"standard","meta":{"footnotes":""},"categories":[131],"tags":[],"class_list":["post-5942","post","type-post","status-publish","format-standard","hentry","category-politica"],"yoast_head":"<!-- This site is optimized with the Yoast SEO plugin v25.0 - https:\/\/yoast.com\/wordpress\/plugins\/seo\/ -->\n<title>Con Un Operativo Solidario Gendarmer\u00eda Le Tiende Una Mano A R\u00e1nquil - Nuestro Bio B\u00edo<\/title>\n<meta name=\"robots\" content=\"index, follow, max-snippet:-1, max-image-preview:large, max-video-preview:-1\" \/>\n<link rel=\"canonical\" href=\"https:\/\/www.fraczinet.cl\/sitio\/2012\/01\/13\/con-un-operativo-solidario-gendarmeria-le-tiende-una-mano-a-ranquil\/\" \/>\n<meta property=\"og:locale\" content=\"es_ES\" \/>\n<meta property=\"og:type\" content=\"article\" \/>\n<meta property=\"og:title\" content=\"Con Un Operativo Solidario Gendarmer\u00eda Le Tiende Una Mano A R\u00e1nquil - Nuestro Bio B\u00edo\" \/>\n<meta property=\"og:description\" content=\"Profesionales de Gendarmer\u00eda, encabezados por el Director Regional de Gendarmer\u00eda, El Coronel Eleuterio Cofr\u00e9 del Pino, llevaron a cabo este jueves 12 de enero de 2012 a partir de las 09.45 horas en la Escuela B\u00e1sica de \u00d1ipas, comuna de R\u00e1nquil, un operativo m\u00e9dico junto a la Ilustre Municipalidad y el Cesfam de \u00d1ipas para [&hellip;]\" \/>\n<meta property=\"og:url\" content=\"https:\/\/www.fraczinet.cl\/sitio\/2012\/01\/13\/con-un-operativo-solidario-gendarmeria-le-tiende-una-mano-a-ranquil\/\" \/>\n<meta property=\"og:site_name\" content=\"Nuestro Bio B\u00edo\" \/>\n<meta property=\"article:published_time\" content=\"2012-01-13T12:37:00+00:00\" \/>\n<meta property=\"article:modified_time\" content=\"2022-10-07T00:26:35+00:00\" \/>\n<meta property=\"og:image\" content=\"http:\/\/2.bp.blogspot.com\/-fsdQnVOffyU\/TxAv-ArPJ8I\/AAAAAAAAT8A\/K8hDhLJ-yzw\/s320\/P1070481.JPG\" \/>\n<meta name=\"author\" content=\"admin\" \/>\n<meta name=\"twitter:card\" content=\"summary_large_image\" \/>\n<meta name=\"twitter:creator\" content=\"@nuestrobiobio\" \/>\n<meta name=\"twitter:site\" content=\"@nuestrobiobio\" \/>\n<meta name=\"twitter:label1\" content=\"Escrito por\" \/>\n\t<meta name=\"twitter:data1\" content=\"admin\" \/>\n\t<meta name=\"twitter:label2\" content=\"Tiempo de lectura\" \/>\n\t<meta name=\"twitter:data2\" content=\"2 minutos\" \/>\n<script type=\"application\/ld+json\" class=\"yoast-schema-graph\">{\"@context\":\"https:\/\/schema.org\",\"@graph\":[{\"@type\":\"Article\",\"@id\":\"https:\/\/www.fraczinet.cl\/sitio\/2012\/01\/13\/con-un-operativo-solidario-gendarmeria-le-tiende-una-mano-a-ranquil\/#article\",\"isPartOf\":{\"@id\":\"https:\/\/www.fraczinet.cl\/sitio\/2012\/01\/13\/con-un-operativo-solidario-gendarmeria-le-tiende-una-mano-a-ranquil\/\"},\"author\":{\"name\":\"admin\",\"@id\":\"https:\/\/www.fraczinet.cl\/sitio\/#\/schema\/person\/bc30f98e9cb10ae7e119dbe14bc93784\"},\"headline\":\"Con Un Operativo Solidario Gendarmer\u00eda Le Tiende Una Mano A R\u00e1nquil\",\"datePublished\":\"2012-01-13T12:37:00+00:00\",\"dateModified\":\"2022-10-07T00:26:35+00:00\",\"mainEntityOfPage\":{\"@id\":\"https:\/\/www.fraczinet.cl\/sitio\/2012\/01\/13\/con-un-operativo-solidario-gendarmeria-le-tiende-una-mano-a-ranquil\/\"},\"wordCount\":343,\"commentCount\":0,\"publisher\":{\"@id\":\"https:\/\/www.fraczinet.cl\/sitio\/#\/schema\/person\/aec8ee4da68df2b9b0eefdad24a0d582\"},\"image\":{\"@id\":\"https:\/\/www.fraczinet.cl\/sitio\/2012\/01\/13\/con-un-operativo-solidario-gendarmeria-le-tiende-una-mano-a-ranquil\/#primaryimage\"},\"thumbnailUrl\":\"http:\/\/2.bp.blogspot.com\/-fsdQnVOffyU\/TxAv-ArPJ8I\/AAAAAAAAT8A\/K8hDhLJ-yzw\/s320\/P1070481.JPG\",\"articleSection\":[\"Pol\u00edtica\"],\"inLanguage\":\"es\",\"potentialAction\":[{\"@type\":\"CommentAction\",\"name\":\"Comment\",\"target\":[\"https:\/\/www.fraczinet.cl\/sitio\/2012\/01\/13\/con-un-operativo-solidario-gendarmeria-le-tiende-una-mano-a-ranquil\/#respond\"]}]},{\"@type\":\"WebPage\",\"@id\":\"https:\/\/www.fraczinet.cl\/sitio\/2012\/01\/13\/con-un-operativo-solidario-gendarmeria-le-tiende-una-mano-a-ranquil\/\",\"url\":\"https:\/\/www.fraczinet.cl\/sitio\/2012\/01\/13\/con-un-operativo-solidario-gendarmeria-le-tiende-una-mano-a-ranquil\/\",\"name\":\"Con Un Operativo Solidario Gendarmer\u00eda Le Tiende Una Mano A R\u00e1nquil - Nuestro Bio B\u00edo\",\"isPartOf\":{\"@id\":\"https:\/\/www.fraczinet.cl\/sitio\/#website\"},\"primaryImageOfPage\":{\"@id\":\"https:\/\/www.fraczinet.cl\/sitio\/2012\/01\/13\/con-un-operativo-solidario-gendarmeria-le-tiende-una-mano-a-ranquil\/#primaryimage\"},\"image\":{\"@id\":\"https:\/\/www.fraczinet.cl\/sitio\/2012\/01\/13\/con-un-operativo-solidario-gendarmeria-le-tiende-una-mano-a-ranquil\/#primaryimage\"},\"thumbnailUrl\":\"http:\/\/2.bp.blogspot.com\/-fsdQnVOffyU\/TxAv-ArPJ8I\/AAAAAAAAT8A\/K8hDhLJ-yzw\/s320\/P1070481.JPG\",\"datePublished\":\"2012-01-13T12:37:00+00:00\",\"dateModified\":\"2022-10-07T00:26:35+00:00\",\"breadcrumb\":{\"@id\":\"https:\/\/www.fraczinet.cl\/sitio\/2012\/01\/13\/con-un-operativo-solidario-gendarmeria-le-tiende-una-mano-a-ranquil\/#breadcrumb\"},\"inLanguage\":\"es\",\"potentialAction\":[{\"@type\":\"ReadAction\",\"target\":[\"https:\/\/www.fraczinet.cl\/sitio\/2012\/01\/13\/con-un-operativo-solidario-gendarmeria-le-tiende-una-mano-a-ranquil\/\"]}]},{\"@type\":\"ImageObject\",\"inLanguage\":\"es\",\"@id\":\"https:\/\/www.fraczinet.cl\/sitio\/2012\/01\/13\/con-un-operativo-solidario-gendarmeria-le-tiende-una-mano-a-ranquil\/#primaryimage\",\"url\":\"http:\/\/2.bp.blogspot.com\/-fsdQnVOffyU\/TxAv-ArPJ8I\/AAAAAAAAT8A\/K8hDhLJ-yzw\/s320\/P1070481.JPG\",\"contentUrl\":\"http:\/\/2.bp.blogspot.com\/-fsdQnVOffyU\/TxAv-ArPJ8I\/AAAAAAAAT8A\/K8hDhLJ-yzw\/s320\/P1070481.JPG\"},{\"@type\":\"BreadcrumbList\",\"@id\":\"https:\/\/www.fraczinet.cl\/sitio\/2012\/01\/13\/con-un-operativo-solidario-gendarmeria-le-tiende-una-mano-a-ranquil\/#breadcrumb\",\"itemListElement\":[{\"@type\":\"ListItem\",\"position\":1,\"name\":\"Portada\",\"item\":\"https:\/\/www.fraczinet.cl\/sitio\/\"},{\"@type\":\"ListItem\",\"position\":2,\"name\":\"Con Un Operativo Solidario Gendarmer\u00eda Le Tiende Una Mano A R\u00e1nquil\"}]},{\"@type\":\"WebSite\",\"@id\":\"https:\/\/www.fraczinet.cl\/sitio\/#website\",\"url\":\"https:\/\/www.fraczinet.cl\/sitio\/\",\"name\":\"Nuestro Bio B\u00edo\",\"description\":\"Tierra de Encuentros\",\"publisher\":{\"@id\":\"https:\/\/www.fraczinet.cl\/sitio\/#\/schema\/person\/aec8ee4da68df2b9b0eefdad24a0d582\"},\"potentialAction\":[{\"@type\":\"SearchAction\",\"target\":{\"@type\":\"EntryPoint\",\"urlTemplate\":\"https:\/\/www.fraczinet.cl\/sitio\/?s={search_term_string}\"},\"query-input\":{\"@type\":\"PropertyValueSpecification\",\"valueRequired\":true,\"valueName\":\"search_term_string\"}}],\"inLanguage\":\"es\"},{\"@type\":[\"Person\",\"Organization\"],\"@id\":\"https:\/\/www.fraczinet.cl\/sitio\/#\/schema\/person\/aec8ee4da68df2b9b0eefdad24a0d582\",\"name\":\"Luis Fernando Fraczinet\",\"image\":{\"@type\":\"ImageObject\",\"inLanguage\":\"es\",\"@id\":\"https:\/\/www.fraczinet.cl\/sitio\/#\/schema\/person\/image\/\",\"url\":\"https:\/\/www.fraczinet.cl\/sitio\/wp-content\/uploads\/2021\/07\/bannerlogo-1.gif\",\"contentUrl\":\"https:\/\/www.fraczinet.cl\/sitio\/wp-content\/uploads\/2021\/07\/bannerlogo-1.gif\",\"width\":159,\"height\":79,\"caption\":\"Luis Fernando Fraczinet\"},\"logo\":{\"@id\":\"https:\/\/www.fraczinet.cl\/sitio\/#\/schema\/person\/image\/\"},\"sameAs\":[\"https:\/\/www.fraczinet.cl\/sitio\/\"]},{\"@type\":\"Person\",\"@id\":\"https:\/\/www.fraczinet.cl\/sitio\/#\/schema\/person\/bc30f98e9cb10ae7e119dbe14bc93784\",\"name\":\"admin\",\"image\":{\"@type\":\"ImageObject\",\"inLanguage\":\"es\",\"@id\":\"https:\/\/www.fraczinet.cl\/sitio\/#\/schema\/person\/image\/\",\"url\":\"https:\/\/secure.gravatar.com\/avatar\/d5ad3cf7ef3b23a2bb5be73be780c86b2fc8545c3ad6b149f3913ff458c00099?s=96&d=mm&r=g\",\"contentUrl\":\"https:\/\/secure.gravatar.com\/avatar\/d5ad3cf7ef3b23a2bb5be73be780c86b2fc8545c3ad6b149f3913ff458c00099?s=96&d=mm&r=g\",\"caption\":\"admin\"},\"sameAs\":[\"https:\/\/www.fraczinet.cl\/sitio\"]}]}<\/script>\n<!-- \/ Yoast SEO plugin. -->","yoast_head_json":{"title":"Con Un Operativo Solidario Gendarmer\u00eda Le Tiende Una Mano A R\u00e1nquil - Nuestro Bio B\u00edo","robots":{"index":"index","follow":"follow","max-snippet":"max-snippet:-1","max-image-preview":"max-image-preview:large","max-video-preview":"max-video-preview:-1"},"canonical":"https:\/\/www.fraczinet.cl\/sitio\/2012\/01\/13\/con-un-operativo-solidario-gendarmeria-le-tiende-una-mano-a-ranquil\/","og_locale":"es_ES","og_type":"article","og_title":"Con Un Operativo Solidario Gendarmer\u00eda Le Tiende Una Mano A R\u00e1nquil - Nuestro Bio B\u00edo","og_description":"Profesionales de Gendarmer\u00eda, encabezados por el Director Regional de Gendarmer\u00eda, El Coronel Eleuterio Cofr\u00e9 del Pino, llevaron a cabo este jueves 12 de enero de 2012 a partir de las 09.45 horas en la Escuela B\u00e1sica de \u00d1ipas, comuna de R\u00e1nquil, un operativo m\u00e9dico junto a la Ilustre Municipalidad y el Cesfam de \u00d1ipas para [&hellip;]","og_url":"https:\/\/www.fraczinet.cl\/sitio\/2012\/01\/13\/con-un-operativo-solidario-gendarmeria-le-tiende-una-mano-a-ranquil\/","og_site_name":"Nuestro Bio B\u00edo","article_published_time":"2012-01-13T12:37:00+00:00","article_modified_time":"2022-10-07T00:26:35+00:00","og_image":[{"url":"http:\/\/2.bp.blogspot.com\/-fsdQnVOffyU\/TxAv-ArPJ8I\/AAAAAAAAT8A\/K8hDhLJ-yzw\/s320\/P1070481.JPG","type":"","width":"","height":""}],"author":"admin","twitter_card":"summary_large_image","twitter_creator":"@nuestrobiobio","twitter_site":"@nuestrobiobio","twitter_misc":{"Escrito por":"admin","Tiempo de lectura":"2 minutos"},"schema":{"@context":"https:\/\/schema.org","@graph":[{"@type":"Article","@id":"https:\/\/www.fraczinet.cl\/sitio\/2012\/01\/13\/con-un-operativo-solidario-gendarmeria-le-tiende-una-mano-a-ranquil\/#article","isPartOf":{"@id":"https:\/\/www.fraczinet.cl\/sitio\/2012\/01\/13\/con-un-operativo-solidario-gendarmeria-le-tiende-una-mano-a-ranquil\/"},"author":{"name":"admin","@id":"https:\/\/www.fraczinet.cl\/sitio\/#\/schema\/person\/bc30f98e9cb10ae7e119dbe14bc93784"},"headline":"Con Un Operativo Solidario Gendarmer\u00eda Le Tiende Una Mano A R\u00e1nquil","datePublished":"2012-01-13T12:37:00+00:00","dateModified":"2022-10-07T00:26:35+00:00","mainEntityOfPage":{"@id":"https:\/\/www.fraczinet.cl\/sitio\/2012\/01\/13\/con-un-operativo-solidario-gendarmeria-le-tiende-una-mano-a-ranquil\/"},"wordCount":343,"commentCount":0,"publisher":{"@id":"https:\/\/www.fraczinet.cl\/sitio\/#\/schema\/person\/aec8ee4da68df2b9b0eefdad24a0d582"},"image":{"@id":"https:\/\/www.fraczinet.cl\/sitio\/2012\/01\/13\/con-un-operativo-solidario-gendarmeria-le-tiende-una-mano-a-ranquil\/#primaryimage"},"thumbnailUrl":"http:\/\/2.bp.blogspot.com\/-fsdQnVOffyU\/TxAv-ArPJ8I\/AAAAAAAAT8A\/K8hDhLJ-yzw\/s320\/P1070481.JPG","articleSection":["Pol\u00edtica"],"inLanguage":"es","potentialAction":[{"@type":"CommentAction","name":"Comment","target":["https:\/\/www.fraczinet.cl\/sitio\/2012\/01\/13\/con-un-operativo-solidario-gendarmeria-le-tiende-una-mano-a-ranquil\/#respond"]}]},{"@type":"WebPage","@id":"https:\/\/www.fraczinet.cl\/sitio\/2012\/01\/13\/con-un-operativo-solidario-gendarmeria-le-tiende-una-mano-a-ranquil\/","url":"https:\/\/www.fraczinet.cl\/sitio\/2012\/01\/13\/con-un-operativo-solidario-gendarmeria-le-tiende-una-mano-a-ranquil\/","name":"Con Un Operativo Solidario Gendarmer\u00eda Le Tiende Una Mano A R\u00e1nquil - Nuestro Bio B\u00edo","isPartOf":{"@id":"https:\/\/www.fraczinet.cl\/sitio\/#website"},"primaryImageOfPage":{"@id":"https:\/\/www.fraczinet.cl\/sitio\/2012\/01\/13\/con-un-operativo-solidario-gendarmeria-le-tiende-una-mano-a-ranquil\/#primaryimage"},"image":{"@id":"https:\/\/www.fraczinet.cl\/sitio\/2012\/01\/13\/con-un-operativo-solidario-gendarmeria-le-tiende-una-mano-a-ranquil\/#primaryimage"},"thumbnailUrl":"http:\/\/2.bp.blogspot.com\/-fsdQnVOffyU\/TxAv-ArPJ8I\/AAAAAAAAT8A\/K8hDhLJ-yzw\/s320\/P1070481.JPG","datePublished":"2012-01-13T12:37:00+00:00","dateModified":"2022-10-07T00:26:35+00:00","breadcrumb":{"@id":"https:\/\/www.fraczinet.cl\/sitio\/2012\/01\/13\/con-un-operativo-solidario-gendarmeria-le-tiende-una-mano-a-ranquil\/#breadcrumb"},"inLanguage":"es","potentialAction":[{"@type":"ReadAction","target":["https:\/\/www.fraczinet.cl\/sitio\/2012\/01\/13\/con-un-operativo-solidario-gendarmeria-le-tiende-una-mano-a-ranquil\/"]}]},{"@type":"ImageObject","inLanguage":"es","@id":"https:\/\/www.fraczinet.cl\/sitio\/2012\/01\/13\/con-un-operativo-solidario-gendarmeria-le-tiende-una-mano-a-ranquil\/#primaryimage","url":"http:\/\/2.bp.blogspot.com\/-fsdQnVOffyU\/TxAv-ArPJ8I\/AAAAAAAAT8A\/K8hDhLJ-yzw\/s320\/P1070481.JPG","contentUrl":"http:\/\/2.bp.blogspot.com\/-fsdQnVOffyU\/TxAv-ArPJ8I\/AAAAAAAAT8A\/K8hDhLJ-yzw\/s320\/P1070481.JPG"},{"@type":"BreadcrumbList","@id":"https:\/\/www.fraczinet.cl\/sitio\/2012\/01\/13\/con-un-operativo-solidario-gendarmeria-le-tiende-una-mano-a-ranquil\/#breadcrumb","itemListElement":[{"@type":"ListItem","position":1,"name":"Portada","item":"https:\/\/www.fraczinet.cl\/sitio\/"},{"@type":"ListItem","position":2,"name":"Con Un Operativo Solidario Gendarmer\u00eda Le Tiende Una Mano A R\u00e1nquil"}]},{"@type":"WebSite","@id":"https:\/\/www.fraczinet.cl\/sitio\/#website","url":"https:\/\/www.fraczinet.cl\/sitio\/","name":"Nuestro Bio B\u00edo","description":"Tierra de Encuentros","publisher":{"@id":"https:\/\/www.fraczinet.cl\/sitio\/#\/schema\/person\/aec8ee4da68df2b9b0eefdad24a0d582"},"potentialAction":[{"@type":"SearchAction","target":{"@type":"EntryPoint","urlTemplate":"https:\/\/www.fraczinet.cl\/sitio\/?s={search_term_string}"},"query-input":{"@type":"PropertyValueSpecification","valueRequired":true,"valueName":"search_term_string"}}],"inLanguage":"es"},{"@type":["Person","Organization"],"@id":"https:\/\/www.fraczinet.cl\/sitio\/#\/schema\/person\/aec8ee4da68df2b9b0eefdad24a0d582","name":"Luis Fernando Fraczinet","image":{"@type":"ImageObject","inLanguage":"es","@id":"https:\/\/www.fraczinet.cl\/sitio\/#\/schema\/person\/image\/","url":"https:\/\/www.fraczinet.cl\/sitio\/wp-content\/uploads\/2021\/07\/bannerlogo-1.gif","contentUrl":"https:\/\/www.fraczinet.cl\/sitio\/wp-content\/uploads\/2021\/07\/bannerlogo-1.gif","width":159,"height":79,"caption":"Luis Fernando Fraczinet"},"logo":{"@id":"https:\/\/www.fraczinet.cl\/sitio\/#\/schema\/person\/image\/"},"sameAs":["https:\/\/www.fraczinet.cl\/sitio\/"]},{"@type":"Person","@id":"https:\/\/www.fraczinet.cl\/sitio\/#\/schema\/person\/bc30f98e9cb10ae7e119dbe14bc93784","name":"admin","image":{"@type":"ImageObject","inLanguage":"es","@id":"https:\/\/www.fraczinet.cl\/sitio\/#\/schema\/person\/image\/","url":"https:\/\/secure.gravatar.com\/avatar\/d5ad3cf7ef3b23a2bb5be73be780c86b2fc8545c3ad6b149f3913ff458c00099?s=96&d=mm&r=g","contentUrl":"https:\/\/secure.gravatar.com\/avatar\/d5ad3cf7ef3b23a2bb5be73be780c86b2fc8545c3ad6b149f3913ff458c00099?s=96&d=mm&r=g","caption":"admin"},"sameAs":["https:\/\/www.fraczinet.cl\/sitio"]}]}},"_links":{"self":[{"href":"https:\/\/www.fraczinet.cl\/sitio\/wp-json\/wp\/v2\/posts\/5942","targetHints":{"allow":["GET"]}}],"collection":[{"href":"https:\/\/www.fraczinet.cl\/sitio\/wp-json\/wp\/v2\/posts"}],"about":[{"href":"https:\/\/www.fraczinet.cl\/sitio\/wp-json\/wp\/v2\/types\/post"}],"author":[{"embeddable":true,"href":"https:\/\/www.fraczinet.cl\/sitio\/wp-json\/wp\/v2\/users\/1"}],"replies":[{"embeddable":true,"href":"https:\/\/www.fraczinet.cl\/sitio\/wp-json\/wp\/v2\/comments?post=5942"}],"version-history":[{"count":1,"href":"https:\/\/www.fraczinet.cl\/sitio\/wp-json\/wp\/v2\/posts\/5942\/revisions"}],"predecessor-version":[{"id":14397,"href":"https:\/\/www.fraczinet.cl\/sitio\/wp-json\/wp\/v2\/posts\/5942\/revisions\/14397"}],"wp:attachment":[{"href":"https:\/\/www.fraczinet.cl\/sitio\/wp-json\/wp\/v2\/media?parent=5942"}],"wp:term":[{"taxonomy":"category","embeddable":true,"href":"https:\/\/www.fraczinet.cl\/sitio\/wp-json\/wp\/v2\/categories?post=5942"},{"taxonomy":"post_tag","embeddable":true,"href":"https:\/\/www.fraczinet.cl\/sitio\/wp-json\/wp\/v2\/tags?post=5942"}],"curies":[{"name":"wp","href":"https:\/\/api.w.org\/{rel}","templated":true}]}}