{"id":5952,"date":"2012-01-07T03:49:00","date_gmt":"2012-01-07T03:49:00","guid":{"rendered":"https:\/\/www.fraczinet.cl\/sitio\/2012\/01\/07\/positiva-evaluacion-de-proyecto-abocado-a-la-comunidad-educativa-de-la-comuna-de-chillan\/"},"modified":"2022-10-07T00:49:15","modified_gmt":"2022-10-07T00:49:15","slug":"positiva-evaluacion-de-proyecto-abocado-a-la-comunidad-educativa-de-la-comuna-de-chillan","status":"publish","type":"post","link":"https:\/\/www.fraczinet.cl\/sitio\/2012\/01\/07\/positiva-evaluacion-de-proyecto-abocado-a-la-comunidad-educativa-de-la-comuna-de-chillan\/","title":{"rendered":"Positiva Evaluaci\u00f3n De Proyecto Abocado A La Comunidad Educativa De La Comuna De Chill\u00e1n"},"content":{"rendered":"<p><a href=\"http:\/\/3.bp.blogspot.com\/-u1NuwM2G318\/TwfDZTMAUcI\/AAAAAAAAT5E\/gcE1mkdThds\/s1600\/Jornada%2B1.jpg\"><img decoding=\"async\" alt=\"\" border=\"0\" id=\"BLOGGER_PHOTO_ID_5694735093248053698\" src=\"http:\/\/3.bp.blogspot.com\/-u1NuwM2G318\/TwfDZTMAUcI\/AAAAAAAAT5E\/gcE1mkdThds\/s320\/Jornada%2B1.jpg\" style=\"cursor: pointer; display: block; height: 212px; margin: 0px auto 10px; text-align: center; width: 320px;\" \/><\/a><a href=\"http:\/\/2.bp.blogspot.com\/-uC8wZa5Gs_k\/TwfDZBsAIDI\/AAAAAAAAT48\/h_9bvV5m9Lg\/s1600\/Capacitaciones%2B1.jpg\"><img decoding=\"async\" alt=\"\" border=\"0\" id=\"BLOGGER_PHOTO_ID_5694735088550420530\" src=\"http:\/\/2.bp.blogspot.com\/-uC8wZa5Gs_k\/TwfDZBsAIDI\/AAAAAAAAT48\/h_9bvV5m9Lg\/s320\/Capacitaciones%2B1.jpg\" style=\"cursor: pointer; display: block; height: 212px; margin: 0px auto 10px; text-align: center; width: 320px;\" \/><\/a><a href=\"http:\/\/1.bp.blogspot.com\/-Qmy8RInlyuc\/TwfDZvQ9yhI\/AAAAAAAAT5Y\/iAsVA_semXw\/s1600\/Jornada%2BConsejos%2BEscolares%2B3.jpg\"><img decoding=\"async\" alt=\"\" border=\"0\" id=\"BLOGGER_PHOTO_ID_5694735100785052178\" src=\"http:\/\/1.bp.blogspot.com\/-Qmy8RInlyuc\/TwfDZvQ9yhI\/AAAAAAAAT5Y\/iAsVA_semXw\/s320\/Jornada%2BConsejos%2BEscolares%2B3.jpg\" style=\"cursor: pointer; display: block; height: 212px; margin: 0px auto 10px; text-align: center; width: 320px;\" \/><\/a>  La capacitaci\u00f3n de m\u00e1s de 400 representantes del quehacer educativo y la realizaci\u00f3n de actividades in\u00e9ditas como la celebraci\u00f3n del D\u00eda de la Familia, ratifican el \u00e9xito del proyecto \u201cFortalecimiento de la participaci\u00f3n activa de la comunidad educativa de la Comuna de Chill\u00e1n\u201d, que ya planea su continuidad para el a\u00f1o en curso.  Estableciendo un precedente en la labor con los diferentes actores del \u00e1mbito educativo, se llev\u00f3 a cabo durante el a\u00f1o 2011 el Proyecto de Mejoramiento a la Gesti\u00f3n \u201cFortalecimiento de la participaci\u00f3n activa de la comunidad educativa\u201d. \u201cHa sido muy positiva la experiencia, nos quedamos con la sensaci\u00f3n colectiva que el Daem se abri\u00f3 a la comunidad,  permitiendo que las personas se sintieran acogidas y escuchadas dentro del sistema educativo\u201d, se\u00f1al\u00f3 Paula Cavalerie, coordinadora de la iniciativa.  Dentro de los hitos estuvo la in\u00e9dita celebraci\u00f3n del D\u00eda de la Familia en el Complejo Quilamapu, que implic\u00f3 innovadores juegos y un show que tuvo como figura central al conocido bailar\u00edn Rodrigo D\u00edaz, a lo que se sum\u00f3 una serie de capacitaciones que consideraron a los centros de padres, asistentes de la educaci\u00f3n, centros de alumnos y consejos escolares. \u201cEn el D\u00eda de la Familia se desplegaron grandes recursos t\u00e9cnicos y de producci\u00f3n no vistos antes en el sistema municipal; por otra parte, en las diferentes jornadas, se capacitaron m\u00e1s de 400 personas, quienes adquirieron herramientas que los fortalecieron como un importante aporte para sus diferentes establecimientos educacionales\u201d, precis\u00f3 Paula Cavalerie.  Considerando esta auspiciosa visi\u00f3n, ya se vislumbra que esta iniciativa se replique en los meses venideros. \u201cPara este 2012 la idea es seguir con esta l\u00ednea de trabajo, entregando m\u00e1s herramientas para la autogesti\u00f3n de los diferentes actores del mundo educativo\u201d, agreg\u00f3 la coordinadora del proyecto.   Cabe destacar, que esta iniciativa concluy\u00f3 el pasado 28 de diciembre con una capacitaci\u00f3n orientada a los centros de padres y apoderados, que entreg\u00f3 conocimientos para la formulaci\u00f3n y postulaci\u00f3n de proyectos, posibilitando el desarrollo de iniciativas en las diferentes escuelas y liceos que conforman el sistema municipalizado de educaci\u00f3n.<\/p>\n","protected":false},"excerpt":{"rendered":"<p>La capacitaci\u00f3n de m\u00e1s de 400 representantes del quehacer educativo y la realizaci\u00f3n de actividades in\u00e9ditas como la celebraci\u00f3n del D\u00eda de la Familia, ratifican el \u00e9xito del proyecto \u201cFortalecimiento de la participaci\u00f3n activa de la comunidad educativa de la Comuna de Chill\u00e1n\u201d, que ya planea su continuidad para el a\u00f1o en curso. Estableciendo un [&hellip;]<\/p>\n","protected":false},"author":1,"featured_media":0,"comment_status":"open","ping_status":"open","sticky":false,"template":"","format":"standard","meta":{"footnotes":""},"categories":[151],"tags":[],"class_list":["post-5952","post","type-post","status-publish","format-standard","hentry","category-educacion"],"yoast_head":"<!-- This site is optimized with the Yoast SEO plugin v25.0 - https:\/\/yoast.com\/wordpress\/plugins\/seo\/ -->\n<title>Positiva Evaluaci\u00f3n De Proyecto Abocado A La Comunidad Educativa De La Comuna De Chill\u00e1n - Nuestro Bio B\u00edo<\/title>\n<meta name=\"robots\" content=\"index, follow, max-snippet:-1, max-image-preview:large, max-video-preview:-1\" \/>\n<link rel=\"canonical\" href=\"https:\/\/www.fraczinet.cl\/sitio\/2012\/01\/07\/positiva-evaluacion-de-proyecto-abocado-a-la-comunidad-educativa-de-la-comuna-de-chillan\/\" \/>\n<meta property=\"og:locale\" content=\"es_ES\" \/>\n<meta property=\"og:type\" content=\"article\" \/>\n<meta property=\"og:title\" content=\"Positiva Evaluaci\u00f3n De Proyecto Abocado A La Comunidad Educativa De La Comuna De Chill\u00e1n - Nuestro Bio B\u00edo\" \/>\n<meta property=\"og:description\" content=\"La capacitaci\u00f3n de m\u00e1s de 400 representantes del quehacer educativo y la realizaci\u00f3n de actividades in\u00e9ditas como la celebraci\u00f3n del D\u00eda de la Familia, ratifican el \u00e9xito del proyecto \u201cFortalecimiento de la participaci\u00f3n activa de la comunidad educativa de la Comuna de Chill\u00e1n\u201d, que ya planea su continuidad para el a\u00f1o en curso. Estableciendo un [&hellip;]\" \/>\n<meta property=\"og:url\" content=\"https:\/\/www.fraczinet.cl\/sitio\/2012\/01\/07\/positiva-evaluacion-de-proyecto-abocado-a-la-comunidad-educativa-de-la-comuna-de-chillan\/\" \/>\n<meta property=\"og:site_name\" content=\"Nuestro Bio B\u00edo\" \/>\n<meta property=\"article:published_time\" content=\"2012-01-07T03:49:00+00:00\" \/>\n<meta property=\"article:modified_time\" content=\"2022-10-07T00:49:15+00:00\" \/>\n<meta property=\"og:image\" content=\"http:\/\/3.bp.blogspot.com\/-u1NuwM2G318\/TwfDZTMAUcI\/AAAAAAAAT5E\/gcE1mkdThds\/s320\/Jornada%2B1.jpg\" \/>\n<meta name=\"author\" content=\"admin\" \/>\n<meta name=\"twitter:card\" content=\"summary_large_image\" \/>\n<meta name=\"twitter:creator\" content=\"@nuestrobiobio\" \/>\n<meta name=\"twitter:site\" content=\"@nuestrobiobio\" \/>\n<meta name=\"twitter:label1\" content=\"Escrito por\" \/>\n\t<meta name=\"twitter:data1\" content=\"admin\" \/>\n\t<meta name=\"twitter:label2\" content=\"Tiempo de lectura\" \/>\n\t<meta name=\"twitter:data2\" content=\"2 minutos\" \/>\n<script type=\"application\/ld+json\" class=\"yoast-schema-graph\">{\"@context\":\"https:\/\/schema.org\",\"@graph\":[{\"@type\":\"Article\",\"@id\":\"https:\/\/www.fraczinet.cl\/sitio\/2012\/01\/07\/positiva-evaluacion-de-proyecto-abocado-a-la-comunidad-educativa-de-la-comuna-de-chillan\/#article\",\"isPartOf\":{\"@id\":\"https:\/\/www.fraczinet.cl\/sitio\/2012\/01\/07\/positiva-evaluacion-de-proyecto-abocado-a-la-comunidad-educativa-de-la-comuna-de-chillan\/\"},\"author\":{\"name\":\"admin\",\"@id\":\"https:\/\/www.fraczinet.cl\/sitio\/#\/schema\/person\/bc30f98e9cb10ae7e119dbe14bc93784\"},\"headline\":\"Positiva Evaluaci\u00f3n De Proyecto Abocado A La Comunidad Educativa De La Comuna De Chill\u00e1n\",\"datePublished\":\"2012-01-07T03:49:00+00:00\",\"dateModified\":\"2022-10-07T00:49:15+00:00\",\"mainEntityOfPage\":{\"@id\":\"https:\/\/www.fraczinet.cl\/sitio\/2012\/01\/07\/positiva-evaluacion-de-proyecto-abocado-a-la-comunidad-educativa-de-la-comuna-de-chillan\/\"},\"wordCount\":381,\"commentCount\":0,\"publisher\":{\"@id\":\"https:\/\/www.fraczinet.cl\/sitio\/#\/schema\/person\/aec8ee4da68df2b9b0eefdad24a0d582\"},\"image\":{\"@id\":\"https:\/\/www.fraczinet.cl\/sitio\/2012\/01\/07\/positiva-evaluacion-de-proyecto-abocado-a-la-comunidad-educativa-de-la-comuna-de-chillan\/#primaryimage\"},\"thumbnailUrl\":\"http:\/\/3.bp.blogspot.com\/-u1NuwM2G318\/TwfDZTMAUcI\/AAAAAAAAT5E\/gcE1mkdThds\/s320\/Jornada%2B1.jpg\",\"articleSection\":[\"Educaci\u00f3n\"],\"inLanguage\":\"es\",\"potentialAction\":[{\"@type\":\"CommentAction\",\"name\":\"Comment\",\"target\":[\"https:\/\/www.fraczinet.cl\/sitio\/2012\/01\/07\/positiva-evaluacion-de-proyecto-abocado-a-la-comunidad-educativa-de-la-comuna-de-chillan\/#respond\"]}]},{\"@type\":\"WebPage\",\"@id\":\"https:\/\/www.fraczinet.cl\/sitio\/2012\/01\/07\/positiva-evaluacion-de-proyecto-abocado-a-la-comunidad-educativa-de-la-comuna-de-chillan\/\",\"url\":\"https:\/\/www.fraczinet.cl\/sitio\/2012\/01\/07\/positiva-evaluacion-de-proyecto-abocado-a-la-comunidad-educativa-de-la-comuna-de-chillan\/\",\"name\":\"Positiva Evaluaci\u00f3n De Proyecto Abocado A La Comunidad Educativa De La Comuna De Chill\u00e1n - Nuestro Bio B\u00edo\",\"isPartOf\":{\"@id\":\"https:\/\/www.fraczinet.cl\/sitio\/#website\"},\"primaryImageOfPage\":{\"@id\":\"https:\/\/www.fraczinet.cl\/sitio\/2012\/01\/07\/positiva-evaluacion-de-proyecto-abocado-a-la-comunidad-educativa-de-la-comuna-de-chillan\/#primaryimage\"},\"image\":{\"@id\":\"https:\/\/www.fraczinet.cl\/sitio\/2012\/01\/07\/positiva-evaluacion-de-proyecto-abocado-a-la-comunidad-educativa-de-la-comuna-de-chillan\/#primaryimage\"},\"thumbnailUrl\":\"http:\/\/3.bp.blogspot.com\/-u1NuwM2G318\/TwfDZTMAUcI\/AAAAAAAAT5E\/gcE1mkdThds\/s320\/Jornada%2B1.jpg\",\"datePublished\":\"2012-01-07T03:49:00+00:00\",\"dateModified\":\"2022-10-07T00:49:15+00:00\",\"breadcrumb\":{\"@id\":\"https:\/\/www.fraczinet.cl\/sitio\/2012\/01\/07\/positiva-evaluacion-de-proyecto-abocado-a-la-comunidad-educativa-de-la-comuna-de-chillan\/#breadcrumb\"},\"inLanguage\":\"es\",\"potentialAction\":[{\"@type\":\"ReadAction\",\"target\":[\"https:\/\/www.fraczinet.cl\/sitio\/2012\/01\/07\/positiva-evaluacion-de-proyecto-abocado-a-la-comunidad-educativa-de-la-comuna-de-chillan\/\"]}]},{\"@type\":\"ImageObject\",\"inLanguage\":\"es\",\"@id\":\"https:\/\/www.fraczinet.cl\/sitio\/2012\/01\/07\/positiva-evaluacion-de-proyecto-abocado-a-la-comunidad-educativa-de-la-comuna-de-chillan\/#primaryimage\",\"url\":\"http:\/\/3.bp.blogspot.com\/-u1NuwM2G318\/TwfDZTMAUcI\/AAAAAAAAT5E\/gcE1mkdThds\/s320\/Jornada%2B1.jpg\",\"contentUrl\":\"http:\/\/3.bp.blogspot.com\/-u1NuwM2G318\/TwfDZTMAUcI\/AAAAAAAAT5E\/gcE1mkdThds\/s320\/Jornada%2B1.jpg\"},{\"@type\":\"BreadcrumbList\",\"@id\":\"https:\/\/www.fraczinet.cl\/sitio\/2012\/01\/07\/positiva-evaluacion-de-proyecto-abocado-a-la-comunidad-educativa-de-la-comuna-de-chillan\/#breadcrumb\",\"itemListElement\":[{\"@type\":\"ListItem\",\"position\":1,\"name\":\"Portada\",\"item\":\"https:\/\/www.fraczinet.cl\/sitio\/\"},{\"@type\":\"ListItem\",\"position\":2,\"name\":\"Positiva Evaluaci\u00f3n De Proyecto Abocado A La Comunidad Educativa De La Comuna De Chill\u00e1n\"}]},{\"@type\":\"WebSite\",\"@id\":\"https:\/\/www.fraczinet.cl\/sitio\/#website\",\"url\":\"https:\/\/www.fraczinet.cl\/sitio\/\",\"name\":\"Nuestro Bio B\u00edo\",\"description\":\"Tierra de Encuentros\",\"publisher\":{\"@id\":\"https:\/\/www.fraczinet.cl\/sitio\/#\/schema\/person\/aec8ee4da68df2b9b0eefdad24a0d582\"},\"potentialAction\":[{\"@type\":\"SearchAction\",\"target\":{\"@type\":\"EntryPoint\",\"urlTemplate\":\"https:\/\/www.fraczinet.cl\/sitio\/?s={search_term_string}\"},\"query-input\":{\"@type\":\"PropertyValueSpecification\",\"valueRequired\":true,\"valueName\":\"search_term_string\"}}],\"inLanguage\":\"es\"},{\"@type\":[\"Person\",\"Organization\"],\"@id\":\"https:\/\/www.fraczinet.cl\/sitio\/#\/schema\/person\/aec8ee4da68df2b9b0eefdad24a0d582\",\"name\":\"Luis Fernando Fraczinet\",\"image\":{\"@type\":\"ImageObject\",\"inLanguage\":\"es\",\"@id\":\"https:\/\/www.fraczinet.cl\/sitio\/#\/schema\/person\/image\/\",\"url\":\"https:\/\/www.fraczinet.cl\/sitio\/wp-content\/uploads\/2021\/07\/bannerlogo-1.gif\",\"contentUrl\":\"https:\/\/www.fraczinet.cl\/sitio\/wp-content\/uploads\/2021\/07\/bannerlogo-1.gif\",\"width\":159,\"height\":79,\"caption\":\"Luis Fernando Fraczinet\"},\"logo\":{\"@id\":\"https:\/\/www.fraczinet.cl\/sitio\/#\/schema\/person\/image\/\"},\"sameAs\":[\"https:\/\/www.fraczinet.cl\/sitio\/\"]},{\"@type\":\"Person\",\"@id\":\"https:\/\/www.fraczinet.cl\/sitio\/#\/schema\/person\/bc30f98e9cb10ae7e119dbe14bc93784\",\"name\":\"admin\",\"image\":{\"@type\":\"ImageObject\",\"inLanguage\":\"es\",\"@id\":\"https:\/\/www.fraczinet.cl\/sitio\/#\/schema\/person\/image\/\",\"url\":\"https:\/\/secure.gravatar.com\/avatar\/d5ad3cf7ef3b23a2bb5be73be780c86b2fc8545c3ad6b149f3913ff458c00099?s=96&d=mm&r=g\",\"contentUrl\":\"https:\/\/secure.gravatar.com\/avatar\/d5ad3cf7ef3b23a2bb5be73be780c86b2fc8545c3ad6b149f3913ff458c00099?s=96&d=mm&r=g\",\"caption\":\"admin\"},\"sameAs\":[\"https:\/\/www.fraczinet.cl\/sitio\"]}]}<\/script>\n<!-- \/ Yoast SEO plugin. -->","yoast_head_json":{"title":"Positiva Evaluaci\u00f3n De Proyecto Abocado A La Comunidad Educativa De La Comuna De Chill\u00e1n - Nuestro Bio B\u00edo","robots":{"index":"index","follow":"follow","max-snippet":"max-snippet:-1","max-image-preview":"max-image-preview:large","max-video-preview":"max-video-preview:-1"},"canonical":"https:\/\/www.fraczinet.cl\/sitio\/2012\/01\/07\/positiva-evaluacion-de-proyecto-abocado-a-la-comunidad-educativa-de-la-comuna-de-chillan\/","og_locale":"es_ES","og_type":"article","og_title":"Positiva Evaluaci\u00f3n De Proyecto Abocado A La Comunidad Educativa De La Comuna De Chill\u00e1n - Nuestro Bio B\u00edo","og_description":"La capacitaci\u00f3n de m\u00e1s de 400 representantes del quehacer educativo y la realizaci\u00f3n de actividades in\u00e9ditas como la celebraci\u00f3n del D\u00eda de la Familia, ratifican el \u00e9xito del proyecto \u201cFortalecimiento de la participaci\u00f3n activa de la comunidad educativa de la Comuna de Chill\u00e1n\u201d, que ya planea su continuidad para el a\u00f1o en curso. Estableciendo un [&hellip;]","og_url":"https:\/\/www.fraczinet.cl\/sitio\/2012\/01\/07\/positiva-evaluacion-de-proyecto-abocado-a-la-comunidad-educativa-de-la-comuna-de-chillan\/","og_site_name":"Nuestro Bio B\u00edo","article_published_time":"2012-01-07T03:49:00+00:00","article_modified_time":"2022-10-07T00:49:15+00:00","og_image":[{"url":"http:\/\/3.bp.blogspot.com\/-u1NuwM2G318\/TwfDZTMAUcI\/AAAAAAAAT5E\/gcE1mkdThds\/s320\/Jornada%2B1.jpg","type":"","width":"","height":""}],"author":"admin","twitter_card":"summary_large_image","twitter_creator":"@nuestrobiobio","twitter_site":"@nuestrobiobio","twitter_misc":{"Escrito por":"admin","Tiempo de lectura":"2 minutos"},"schema":{"@context":"https:\/\/schema.org","@graph":[{"@type":"Article","@id":"https:\/\/www.fraczinet.cl\/sitio\/2012\/01\/07\/positiva-evaluacion-de-proyecto-abocado-a-la-comunidad-educativa-de-la-comuna-de-chillan\/#article","isPartOf":{"@id":"https:\/\/www.fraczinet.cl\/sitio\/2012\/01\/07\/positiva-evaluacion-de-proyecto-abocado-a-la-comunidad-educativa-de-la-comuna-de-chillan\/"},"author":{"name":"admin","@id":"https:\/\/www.fraczinet.cl\/sitio\/#\/schema\/person\/bc30f98e9cb10ae7e119dbe14bc93784"},"headline":"Positiva Evaluaci\u00f3n De Proyecto Abocado A La Comunidad Educativa De La Comuna De Chill\u00e1n","datePublished":"2012-01-07T03:49:00+00:00","dateModified":"2022-10-07T00:49:15+00:00","mainEntityOfPage":{"@id":"https:\/\/www.fraczinet.cl\/sitio\/2012\/01\/07\/positiva-evaluacion-de-proyecto-abocado-a-la-comunidad-educativa-de-la-comuna-de-chillan\/"},"wordCount":381,"commentCount":0,"publisher":{"@id":"https:\/\/www.fraczinet.cl\/sitio\/#\/schema\/person\/aec8ee4da68df2b9b0eefdad24a0d582"},"image":{"@id":"https:\/\/www.fraczinet.cl\/sitio\/2012\/01\/07\/positiva-evaluacion-de-proyecto-abocado-a-la-comunidad-educativa-de-la-comuna-de-chillan\/#primaryimage"},"thumbnailUrl":"http:\/\/3.bp.blogspot.com\/-u1NuwM2G318\/TwfDZTMAUcI\/AAAAAAAAT5E\/gcE1mkdThds\/s320\/Jornada%2B1.jpg","articleSection":["Educaci\u00f3n"],"inLanguage":"es","potentialAction":[{"@type":"CommentAction","name":"Comment","target":["https:\/\/www.fraczinet.cl\/sitio\/2012\/01\/07\/positiva-evaluacion-de-proyecto-abocado-a-la-comunidad-educativa-de-la-comuna-de-chillan\/#respond"]}]},{"@type":"WebPage","@id":"https:\/\/www.fraczinet.cl\/sitio\/2012\/01\/07\/positiva-evaluacion-de-proyecto-abocado-a-la-comunidad-educativa-de-la-comuna-de-chillan\/","url":"https:\/\/www.fraczinet.cl\/sitio\/2012\/01\/07\/positiva-evaluacion-de-proyecto-abocado-a-la-comunidad-educativa-de-la-comuna-de-chillan\/","name":"Positiva Evaluaci\u00f3n De Proyecto Abocado A La Comunidad Educativa De La Comuna De Chill\u00e1n - Nuestro Bio B\u00edo","isPartOf":{"@id":"https:\/\/www.fraczinet.cl\/sitio\/#website"},"primaryImageOfPage":{"@id":"https:\/\/www.fraczinet.cl\/sitio\/2012\/01\/07\/positiva-evaluacion-de-proyecto-abocado-a-la-comunidad-educativa-de-la-comuna-de-chillan\/#primaryimage"},"image":{"@id":"https:\/\/www.fraczinet.cl\/sitio\/2012\/01\/07\/positiva-evaluacion-de-proyecto-abocado-a-la-comunidad-educativa-de-la-comuna-de-chillan\/#primaryimage"},"thumbnailUrl":"http:\/\/3.bp.blogspot.com\/-u1NuwM2G318\/TwfDZTMAUcI\/AAAAAAAAT5E\/gcE1mkdThds\/s320\/Jornada%2B1.jpg","datePublished":"2012-01-07T03:49:00+00:00","dateModified":"2022-10-07T00:49:15+00:00","breadcrumb":{"@id":"https:\/\/www.fraczinet.cl\/sitio\/2012\/01\/07\/positiva-evaluacion-de-proyecto-abocado-a-la-comunidad-educativa-de-la-comuna-de-chillan\/#breadcrumb"},"inLanguage":"es","potentialAction":[{"@type":"ReadAction","target":["https:\/\/www.fraczinet.cl\/sitio\/2012\/01\/07\/positiva-evaluacion-de-proyecto-abocado-a-la-comunidad-educativa-de-la-comuna-de-chillan\/"]}]},{"@type":"ImageObject","inLanguage":"es","@id":"https:\/\/www.fraczinet.cl\/sitio\/2012\/01\/07\/positiva-evaluacion-de-proyecto-abocado-a-la-comunidad-educativa-de-la-comuna-de-chillan\/#primaryimage","url":"http:\/\/3.bp.blogspot.com\/-u1NuwM2G318\/TwfDZTMAUcI\/AAAAAAAAT5E\/gcE1mkdThds\/s320\/Jornada%2B1.jpg","contentUrl":"http:\/\/3.bp.blogspot.com\/-u1NuwM2G318\/TwfDZTMAUcI\/AAAAAAAAT5E\/gcE1mkdThds\/s320\/Jornada%2B1.jpg"},{"@type":"BreadcrumbList","@id":"https:\/\/www.fraczinet.cl\/sitio\/2012\/01\/07\/positiva-evaluacion-de-proyecto-abocado-a-la-comunidad-educativa-de-la-comuna-de-chillan\/#breadcrumb","itemListElement":[{"@type":"ListItem","position":1,"name":"Portada","item":"https:\/\/www.fraczinet.cl\/sitio\/"},{"@type":"ListItem","position":2,"name":"Positiva Evaluaci\u00f3n De Proyecto Abocado A La Comunidad Educativa De La Comuna De Chill\u00e1n"}]},{"@type":"WebSite","@id":"https:\/\/www.fraczinet.cl\/sitio\/#website","url":"https:\/\/www.fraczinet.cl\/sitio\/","name":"Nuestro Bio B\u00edo","description":"Tierra de Encuentros","publisher":{"@id":"https:\/\/www.fraczinet.cl\/sitio\/#\/schema\/person\/aec8ee4da68df2b9b0eefdad24a0d582"},"potentialAction":[{"@type":"SearchAction","target":{"@type":"EntryPoint","urlTemplate":"https:\/\/www.fraczinet.cl\/sitio\/?s={search_term_string}"},"query-input":{"@type":"PropertyValueSpecification","valueRequired":true,"valueName":"search_term_string"}}],"inLanguage":"es"},{"@type":["Person","Organization"],"@id":"https:\/\/www.fraczinet.cl\/sitio\/#\/schema\/person\/aec8ee4da68df2b9b0eefdad24a0d582","name":"Luis Fernando Fraczinet","image":{"@type":"ImageObject","inLanguage":"es","@id":"https:\/\/www.fraczinet.cl\/sitio\/#\/schema\/person\/image\/","url":"https:\/\/www.fraczinet.cl\/sitio\/wp-content\/uploads\/2021\/07\/bannerlogo-1.gif","contentUrl":"https:\/\/www.fraczinet.cl\/sitio\/wp-content\/uploads\/2021\/07\/bannerlogo-1.gif","width":159,"height":79,"caption":"Luis Fernando Fraczinet"},"logo":{"@id":"https:\/\/www.fraczinet.cl\/sitio\/#\/schema\/person\/image\/"},"sameAs":["https:\/\/www.fraczinet.cl\/sitio\/"]},{"@type":"Person","@id":"https:\/\/www.fraczinet.cl\/sitio\/#\/schema\/person\/bc30f98e9cb10ae7e119dbe14bc93784","name":"admin","image":{"@type":"ImageObject","inLanguage":"es","@id":"https:\/\/www.fraczinet.cl\/sitio\/#\/schema\/person\/image\/","url":"https:\/\/secure.gravatar.com\/avatar\/d5ad3cf7ef3b23a2bb5be73be780c86b2fc8545c3ad6b149f3913ff458c00099?s=96&d=mm&r=g","contentUrl":"https:\/\/secure.gravatar.com\/avatar\/d5ad3cf7ef3b23a2bb5be73be780c86b2fc8545c3ad6b149f3913ff458c00099?s=96&d=mm&r=g","caption":"admin"},"sameAs":["https:\/\/www.fraczinet.cl\/sitio"]}]}},"_links":{"self":[{"href":"https:\/\/www.fraczinet.cl\/sitio\/wp-json\/wp\/v2\/posts\/5952","targetHints":{"allow":["GET"]}}],"collection":[{"href":"https:\/\/www.fraczinet.cl\/sitio\/wp-json\/wp\/v2\/posts"}],"about":[{"href":"https:\/\/www.fraczinet.cl\/sitio\/wp-json\/wp\/v2\/types\/post"}],"author":[{"embeddable":true,"href":"https:\/\/www.fraczinet.cl\/sitio\/wp-json\/wp\/v2\/users\/1"}],"replies":[{"embeddable":true,"href":"https:\/\/www.fraczinet.cl\/sitio\/wp-json\/wp\/v2\/comments?post=5952"}],"version-history":[{"count":1,"href":"https:\/\/www.fraczinet.cl\/sitio\/wp-json\/wp\/v2\/posts\/5952\/revisions"}],"predecessor-version":[{"id":14432,"href":"https:\/\/www.fraczinet.cl\/sitio\/wp-json\/wp\/v2\/posts\/5952\/revisions\/14432"}],"wp:attachment":[{"href":"https:\/\/www.fraczinet.cl\/sitio\/wp-json\/wp\/v2\/media?parent=5952"}],"wp:term":[{"taxonomy":"category","embeddable":true,"href":"https:\/\/www.fraczinet.cl\/sitio\/wp-json\/wp\/v2\/categories?post=5952"},{"taxonomy":"post_tag","embeddable":true,"href":"https:\/\/www.fraczinet.cl\/sitio\/wp-json\/wp\/v2\/tags?post=5952"}],"curies":[{"name":"wp","href":"https:\/\/api.w.org\/{rel}","templated":true}]}}