{"id":5958,"date":"2012-01-03T03:07:00","date_gmt":"2012-01-03T03:07:00","guid":{"rendered":"https:\/\/www.fraczinet.cl\/sitio\/2012\/01\/03\/jornada-cultural-solidaria-los-que-trabajamos-en-cultura-ayudamos-con-lo-nuestro-la-alegria\/"},"modified":"2022-09-19T23:23:00","modified_gmt":"2022-09-19T23:23:00","slug":"jornada-cultural-solidaria-los-que-trabajamos-en-cultura-ayudamos-con-lo-nuestro-la-alegria","status":"publish","type":"post","link":"https:\/\/www.fraczinet.cl\/sitio\/2012\/01\/03\/jornada-cultural-solidaria-los-que-trabajamos-en-cultura-ayudamos-con-lo-nuestro-la-alegria\/","title":{"rendered":"Jornada Cultural Solidaria &#8211; Los Que Trabajamos En Cultura Ayudamos Con Lo Nuestro: La Alegr\u00eda"},"content":{"rendered":"<p>Con el fin de ir en ayuda de aquellas familias que han quedado damnificadas a causa de los incendios en la Regi\u00f3n del Bio B\u00edo, se realizar\u00e1 este jueves 5 entre las 17:00 y 20:00 horas en el campus San Andr\u00e9s de la UCSC la \u00abJORNADA CULTURAL SOLIDARIA\u00bb<\/p>\n<p>Se les solicita a los asistentes alimentos no perecibles, agua<br \/>\nembotellada, cloro y art\u00edculos de aseo.<\/p>\n<p>Artistas Confirmados:<\/p>\n<p>&#8211; Enrique de Penco; La Canarito y Pancho Moncada<br \/>\n&#8211; \u00abSonri\u00bb Hellmuth Silva<br \/>\n&#8211; Carlos Fiore<br \/>\n&#8211; Cristian Truquillo<br \/>\n&#8211; Gast\u00f3n G\u00f3mez<br \/>\n&#8211; Banda MAS+<br \/>\n&#8211; Otros por confirmar.<\/p>\n<p>VAMOS QUE ENTRE TODOS Y TODAS PODEMOS SACAR A DELANTE LA REGI\u00d3N.<\/p>\n<p>Toda la informaci\u00f3n del evento se publicar\u00e1 por esta v\u00eda.<\/p>\n<p>Campus San Andr\u00e9s UCSC (pastos)<br \/>\nJueves De la(s) 5:00 a la(s) 8:30<\/p>\n<p>Se agradece la difusi\u00f3n.<\/p>\n<p><span style=\"font-weight: bold;\">Evento en Facebook:<\/span> <a href=\"http:\/\/www.facebook.com\/events\/339945462685330\/\">http:\/\/www.facebook.com\/events\/339945462685330\/<\/a><\/p>\n","protected":false},"excerpt":{"rendered":"<p>Con el fin de ir en ayuda de aquellas familias que han quedado damnificadas a causa de los incendios en la Regi\u00f3n del Bio B\u00edo, se realizar\u00e1 este jueves 5 entre las 17:00 y 20:00 horas en el campus San Andr\u00e9s de la UCSC la \u00abJORNADA CULTURAL SOLIDARIA\u00bb Se les solicita a los asistentes alimentos [&hellip;]<\/p>\n","protected":false},"author":1,"featured_media":12871,"comment_status":"open","ping_status":"open","sticky":false,"template":"","format":"standard","meta":{"footnotes":""},"categories":[160],"tags":[],"class_list":["post-5958","post","type-post","status-publish","format-standard","has-post-thumbnail","hentry","category-cultura"],"yoast_head":"<!-- This site is optimized with the Yoast SEO plugin v25.0 - https:\/\/yoast.com\/wordpress\/plugins\/seo\/ -->\n<title>Jornada Cultural Solidaria - Los Que Trabajamos En Cultura Ayudamos Con Lo Nuestro: La Alegr\u00eda - Nuestro Bio B\u00edo<\/title>\n<meta name=\"robots\" content=\"index, follow, max-snippet:-1, max-image-preview:large, max-video-preview:-1\" \/>\n<link rel=\"canonical\" href=\"https:\/\/www.fraczinet.cl\/sitio\/2012\/01\/03\/jornada-cultural-solidaria-los-que-trabajamos-en-cultura-ayudamos-con-lo-nuestro-la-alegria\/\" \/>\n<meta property=\"og:locale\" content=\"es_ES\" \/>\n<meta property=\"og:type\" content=\"article\" \/>\n<meta property=\"og:title\" content=\"Jornada Cultural Solidaria - Los Que Trabajamos En Cultura Ayudamos Con Lo Nuestro: La Alegr\u00eda - Nuestro Bio B\u00edo\" \/>\n<meta property=\"og:description\" content=\"Con el fin de ir en ayuda de aquellas familias que han quedado damnificadas a causa de los incendios en la Regi\u00f3n del Bio B\u00edo, se realizar\u00e1 este jueves 5 entre las 17:00 y 20:00 horas en el campus San Andr\u00e9s de la UCSC la \u00abJORNADA CULTURAL SOLIDARIA\u00bb Se les solicita a los asistentes alimentos [&hellip;]\" \/>\n<meta property=\"og:url\" content=\"https:\/\/www.fraczinet.cl\/sitio\/2012\/01\/03\/jornada-cultural-solidaria-los-que-trabajamos-en-cultura-ayudamos-con-lo-nuestro-la-alegria\/\" \/>\n<meta property=\"og:site_name\" content=\"Nuestro Bio B\u00edo\" \/>\n<meta property=\"article:published_time\" content=\"2012-01-03T03:07:00+00:00\" \/>\n<meta property=\"article:modified_time\" content=\"2022-09-19T23:23:00+00:00\" \/>\n<meta property=\"og:image\" content=\"https:\/\/www.fraczinet.cl\/sitio\/wp-content\/uploads\/2009\/02\/Festival-de-la-duena-de-casa2.jpg\" \/>\n\t<meta property=\"og:image:width\" content=\"259\" \/>\n\t<meta property=\"og:image:height\" content=\"194\" \/>\n\t<meta property=\"og:image:type\" content=\"image\/jpeg\" \/>\n<meta name=\"author\" content=\"admin\" \/>\n<meta name=\"twitter:card\" content=\"summary_large_image\" \/>\n<meta name=\"twitter:creator\" content=\"@nuestrobiobio\" \/>\n<meta name=\"twitter:site\" content=\"@nuestrobiobio\" \/>\n<meta name=\"twitter:label1\" content=\"Escrito por\" \/>\n\t<meta name=\"twitter:data1\" content=\"admin\" \/>\n\t<meta name=\"twitter:label2\" content=\"Tiempo de lectura\" \/>\n\t<meta name=\"twitter:data2\" content=\"1 minuto\" \/>\n<script type=\"application\/ld+json\" class=\"yoast-schema-graph\">{\"@context\":\"https:\/\/schema.org\",\"@graph\":[{\"@type\":\"Article\",\"@id\":\"https:\/\/www.fraczinet.cl\/sitio\/2012\/01\/03\/jornada-cultural-solidaria-los-que-trabajamos-en-cultura-ayudamos-con-lo-nuestro-la-alegria\/#article\",\"isPartOf\":{\"@id\":\"https:\/\/www.fraczinet.cl\/sitio\/2012\/01\/03\/jornada-cultural-solidaria-los-que-trabajamos-en-cultura-ayudamos-con-lo-nuestro-la-alegria\/\"},\"author\":{\"name\":\"admin\",\"@id\":\"https:\/\/www.fraczinet.cl\/sitio\/#\/schema\/person\/bc30f98e9cb10ae7e119dbe14bc93784\"},\"headline\":\"Jornada Cultural Solidaria &#8211; Los Que Trabajamos En Cultura Ayudamos Con Lo Nuestro: La Alegr\u00eda\",\"datePublished\":\"2012-01-03T03:07:00+00:00\",\"dateModified\":\"2022-09-19T23:23:00+00:00\",\"mainEntityOfPage\":{\"@id\":\"https:\/\/www.fraczinet.cl\/sitio\/2012\/01\/03\/jornada-cultural-solidaria-los-que-trabajamos-en-cultura-ayudamos-con-lo-nuestro-la-alegria\/\"},\"wordCount\":165,\"commentCount\":0,\"publisher\":{\"@id\":\"https:\/\/www.fraczinet.cl\/sitio\/#\/schema\/person\/aec8ee4da68df2b9b0eefdad24a0d582\"},\"image\":{\"@id\":\"https:\/\/www.fraczinet.cl\/sitio\/2012\/01\/03\/jornada-cultural-solidaria-los-que-trabajamos-en-cultura-ayudamos-con-lo-nuestro-la-alegria\/#primaryimage\"},\"thumbnailUrl\":\"https:\/\/www.fraczinet.cl\/sitio\/wp-content\/uploads\/2009\/02\/Festival-de-la-duena-de-casa2.jpg\",\"articleSection\":[\"Cultura\"],\"inLanguage\":\"es\",\"potentialAction\":[{\"@type\":\"CommentAction\",\"name\":\"Comment\",\"target\":[\"https:\/\/www.fraczinet.cl\/sitio\/2012\/01\/03\/jornada-cultural-solidaria-los-que-trabajamos-en-cultura-ayudamos-con-lo-nuestro-la-alegria\/#respond\"]}]},{\"@type\":\"WebPage\",\"@id\":\"https:\/\/www.fraczinet.cl\/sitio\/2012\/01\/03\/jornada-cultural-solidaria-los-que-trabajamos-en-cultura-ayudamos-con-lo-nuestro-la-alegria\/\",\"url\":\"https:\/\/www.fraczinet.cl\/sitio\/2012\/01\/03\/jornada-cultural-solidaria-los-que-trabajamos-en-cultura-ayudamos-con-lo-nuestro-la-alegria\/\",\"name\":\"Jornada Cultural Solidaria - Los Que Trabajamos En Cultura Ayudamos Con Lo Nuestro: La Alegr\u00eda - Nuestro Bio B\u00edo\",\"isPartOf\":{\"@id\":\"https:\/\/www.fraczinet.cl\/sitio\/#website\"},\"primaryImageOfPage\":{\"@id\":\"https:\/\/www.fraczinet.cl\/sitio\/2012\/01\/03\/jornada-cultural-solidaria-los-que-trabajamos-en-cultura-ayudamos-con-lo-nuestro-la-alegria\/#primaryimage\"},\"image\":{\"@id\":\"https:\/\/www.fraczinet.cl\/sitio\/2012\/01\/03\/jornada-cultural-solidaria-los-que-trabajamos-en-cultura-ayudamos-con-lo-nuestro-la-alegria\/#primaryimage\"},\"thumbnailUrl\":\"https:\/\/www.fraczinet.cl\/sitio\/wp-content\/uploads\/2009\/02\/Festival-de-la-duena-de-casa2.jpg\",\"datePublished\":\"2012-01-03T03:07:00+00:00\",\"dateModified\":\"2022-09-19T23:23:00+00:00\",\"breadcrumb\":{\"@id\":\"https:\/\/www.fraczinet.cl\/sitio\/2012\/01\/03\/jornada-cultural-solidaria-los-que-trabajamos-en-cultura-ayudamos-con-lo-nuestro-la-alegria\/#breadcrumb\"},\"inLanguage\":\"es\",\"potentialAction\":[{\"@type\":\"ReadAction\",\"target\":[\"https:\/\/www.fraczinet.cl\/sitio\/2012\/01\/03\/jornada-cultural-solidaria-los-que-trabajamos-en-cultura-ayudamos-con-lo-nuestro-la-alegria\/\"]}]},{\"@type\":\"ImageObject\",\"inLanguage\":\"es\",\"@id\":\"https:\/\/www.fraczinet.cl\/sitio\/2012\/01\/03\/jornada-cultural-solidaria-los-que-trabajamos-en-cultura-ayudamos-con-lo-nuestro-la-alegria\/#primaryimage\",\"url\":\"https:\/\/www.fraczinet.cl\/sitio\/wp-content\/uploads\/2009\/02\/Festival-de-la-duena-de-casa2.jpg\",\"contentUrl\":\"https:\/\/www.fraczinet.cl\/sitio\/wp-content\/uploads\/2009\/02\/Festival-de-la-duena-de-casa2.jpg\",\"width\":259,\"height\":194},{\"@type\":\"BreadcrumbList\",\"@id\":\"https:\/\/www.fraczinet.cl\/sitio\/2012\/01\/03\/jornada-cultural-solidaria-los-que-trabajamos-en-cultura-ayudamos-con-lo-nuestro-la-alegria\/#breadcrumb\",\"itemListElement\":[{\"@type\":\"ListItem\",\"position\":1,\"name\":\"Portada\",\"item\":\"https:\/\/www.fraczinet.cl\/sitio\/\"},{\"@type\":\"ListItem\",\"position\":2,\"name\":\"Jornada Cultural Solidaria &#8211; Los Que Trabajamos En Cultura Ayudamos Con Lo Nuestro: La Alegr\u00eda\"}]},{\"@type\":\"WebSite\",\"@id\":\"https:\/\/www.fraczinet.cl\/sitio\/#website\",\"url\":\"https:\/\/www.fraczinet.cl\/sitio\/\",\"name\":\"Nuestro Bio B\u00edo\",\"description\":\"Tierra de Encuentros\",\"publisher\":{\"@id\":\"https:\/\/www.fraczinet.cl\/sitio\/#\/schema\/person\/aec8ee4da68df2b9b0eefdad24a0d582\"},\"potentialAction\":[{\"@type\":\"SearchAction\",\"target\":{\"@type\":\"EntryPoint\",\"urlTemplate\":\"https:\/\/www.fraczinet.cl\/sitio\/?s={search_term_string}\"},\"query-input\":{\"@type\":\"PropertyValueSpecification\",\"valueRequired\":true,\"valueName\":\"search_term_string\"}}],\"inLanguage\":\"es\"},{\"@type\":[\"Person\",\"Organization\"],\"@id\":\"https:\/\/www.fraczinet.cl\/sitio\/#\/schema\/person\/aec8ee4da68df2b9b0eefdad24a0d582\",\"name\":\"Luis Fernando Fraczinet\",\"image\":{\"@type\":\"ImageObject\",\"inLanguage\":\"es\",\"@id\":\"https:\/\/www.fraczinet.cl\/sitio\/#\/schema\/person\/image\/\",\"url\":\"https:\/\/www.fraczinet.cl\/sitio\/wp-content\/uploads\/2021\/07\/bannerlogo-1.gif\",\"contentUrl\":\"https:\/\/www.fraczinet.cl\/sitio\/wp-content\/uploads\/2021\/07\/bannerlogo-1.gif\",\"width\":159,\"height\":79,\"caption\":\"Luis Fernando Fraczinet\"},\"logo\":{\"@id\":\"https:\/\/www.fraczinet.cl\/sitio\/#\/schema\/person\/image\/\"},\"sameAs\":[\"https:\/\/www.fraczinet.cl\/sitio\/\"]},{\"@type\":\"Person\",\"@id\":\"https:\/\/www.fraczinet.cl\/sitio\/#\/schema\/person\/bc30f98e9cb10ae7e119dbe14bc93784\",\"name\":\"admin\",\"image\":{\"@type\":\"ImageObject\",\"inLanguage\":\"es\",\"@id\":\"https:\/\/www.fraczinet.cl\/sitio\/#\/schema\/person\/image\/\",\"url\":\"https:\/\/secure.gravatar.com\/avatar\/d5ad3cf7ef3b23a2bb5be73be780c86b2fc8545c3ad6b149f3913ff458c00099?s=96&d=mm&r=g\",\"contentUrl\":\"https:\/\/secure.gravatar.com\/avatar\/d5ad3cf7ef3b23a2bb5be73be780c86b2fc8545c3ad6b149f3913ff458c00099?s=96&d=mm&r=g\",\"caption\":\"admin\"},\"sameAs\":[\"https:\/\/www.fraczinet.cl\/sitio\"]}]}<\/script>\n<!-- \/ Yoast SEO plugin. -->","yoast_head_json":{"title":"Jornada Cultural Solidaria - Los Que Trabajamos En Cultura Ayudamos Con Lo Nuestro: La Alegr\u00eda - Nuestro Bio B\u00edo","robots":{"index":"index","follow":"follow","max-snippet":"max-snippet:-1","max-image-preview":"max-image-preview:large","max-video-preview":"max-video-preview:-1"},"canonical":"https:\/\/www.fraczinet.cl\/sitio\/2012\/01\/03\/jornada-cultural-solidaria-los-que-trabajamos-en-cultura-ayudamos-con-lo-nuestro-la-alegria\/","og_locale":"es_ES","og_type":"article","og_title":"Jornada Cultural Solidaria - Los Que Trabajamos En Cultura Ayudamos Con Lo Nuestro: La Alegr\u00eda - Nuestro Bio B\u00edo","og_description":"Con el fin de ir en ayuda de aquellas familias que han quedado damnificadas a causa de los incendios en la Regi\u00f3n del Bio B\u00edo, se realizar\u00e1 este jueves 5 entre las 17:00 y 20:00 horas en el campus San Andr\u00e9s de la UCSC la \u00abJORNADA CULTURAL SOLIDARIA\u00bb Se les solicita a los asistentes alimentos [&hellip;]","og_url":"https:\/\/www.fraczinet.cl\/sitio\/2012\/01\/03\/jornada-cultural-solidaria-los-que-trabajamos-en-cultura-ayudamos-con-lo-nuestro-la-alegria\/","og_site_name":"Nuestro Bio B\u00edo","article_published_time":"2012-01-03T03:07:00+00:00","article_modified_time":"2022-09-19T23:23:00+00:00","og_image":[{"width":259,"height":194,"url":"https:\/\/www.fraczinet.cl\/sitio\/wp-content\/uploads\/2009\/02\/Festival-de-la-duena-de-casa2.jpg","type":"image\/jpeg"}],"author":"admin","twitter_card":"summary_large_image","twitter_creator":"@nuestrobiobio","twitter_site":"@nuestrobiobio","twitter_misc":{"Escrito por":"admin","Tiempo de lectura":"1 minuto"},"schema":{"@context":"https:\/\/schema.org","@graph":[{"@type":"Article","@id":"https:\/\/www.fraczinet.cl\/sitio\/2012\/01\/03\/jornada-cultural-solidaria-los-que-trabajamos-en-cultura-ayudamos-con-lo-nuestro-la-alegria\/#article","isPartOf":{"@id":"https:\/\/www.fraczinet.cl\/sitio\/2012\/01\/03\/jornada-cultural-solidaria-los-que-trabajamos-en-cultura-ayudamos-con-lo-nuestro-la-alegria\/"},"author":{"name":"admin","@id":"https:\/\/www.fraczinet.cl\/sitio\/#\/schema\/person\/bc30f98e9cb10ae7e119dbe14bc93784"},"headline":"Jornada Cultural Solidaria &#8211; Los Que Trabajamos En Cultura Ayudamos Con Lo Nuestro: La Alegr\u00eda","datePublished":"2012-01-03T03:07:00+00:00","dateModified":"2022-09-19T23:23:00+00:00","mainEntityOfPage":{"@id":"https:\/\/www.fraczinet.cl\/sitio\/2012\/01\/03\/jornada-cultural-solidaria-los-que-trabajamos-en-cultura-ayudamos-con-lo-nuestro-la-alegria\/"},"wordCount":165,"commentCount":0,"publisher":{"@id":"https:\/\/www.fraczinet.cl\/sitio\/#\/schema\/person\/aec8ee4da68df2b9b0eefdad24a0d582"},"image":{"@id":"https:\/\/www.fraczinet.cl\/sitio\/2012\/01\/03\/jornada-cultural-solidaria-los-que-trabajamos-en-cultura-ayudamos-con-lo-nuestro-la-alegria\/#primaryimage"},"thumbnailUrl":"https:\/\/www.fraczinet.cl\/sitio\/wp-content\/uploads\/2009\/02\/Festival-de-la-duena-de-casa2.jpg","articleSection":["Cultura"],"inLanguage":"es","potentialAction":[{"@type":"CommentAction","name":"Comment","target":["https:\/\/www.fraczinet.cl\/sitio\/2012\/01\/03\/jornada-cultural-solidaria-los-que-trabajamos-en-cultura-ayudamos-con-lo-nuestro-la-alegria\/#respond"]}]},{"@type":"WebPage","@id":"https:\/\/www.fraczinet.cl\/sitio\/2012\/01\/03\/jornada-cultural-solidaria-los-que-trabajamos-en-cultura-ayudamos-con-lo-nuestro-la-alegria\/","url":"https:\/\/www.fraczinet.cl\/sitio\/2012\/01\/03\/jornada-cultural-solidaria-los-que-trabajamos-en-cultura-ayudamos-con-lo-nuestro-la-alegria\/","name":"Jornada Cultural Solidaria - Los Que Trabajamos En Cultura Ayudamos Con Lo Nuestro: La Alegr\u00eda - Nuestro Bio B\u00edo","isPartOf":{"@id":"https:\/\/www.fraczinet.cl\/sitio\/#website"},"primaryImageOfPage":{"@id":"https:\/\/www.fraczinet.cl\/sitio\/2012\/01\/03\/jornada-cultural-solidaria-los-que-trabajamos-en-cultura-ayudamos-con-lo-nuestro-la-alegria\/#primaryimage"},"image":{"@id":"https:\/\/www.fraczinet.cl\/sitio\/2012\/01\/03\/jornada-cultural-solidaria-los-que-trabajamos-en-cultura-ayudamos-con-lo-nuestro-la-alegria\/#primaryimage"},"thumbnailUrl":"https:\/\/www.fraczinet.cl\/sitio\/wp-content\/uploads\/2009\/02\/Festival-de-la-duena-de-casa2.jpg","datePublished":"2012-01-03T03:07:00+00:00","dateModified":"2022-09-19T23:23:00+00:00","breadcrumb":{"@id":"https:\/\/www.fraczinet.cl\/sitio\/2012\/01\/03\/jornada-cultural-solidaria-los-que-trabajamos-en-cultura-ayudamos-con-lo-nuestro-la-alegria\/#breadcrumb"},"inLanguage":"es","potentialAction":[{"@type":"ReadAction","target":["https:\/\/www.fraczinet.cl\/sitio\/2012\/01\/03\/jornada-cultural-solidaria-los-que-trabajamos-en-cultura-ayudamos-con-lo-nuestro-la-alegria\/"]}]},{"@type":"ImageObject","inLanguage":"es","@id":"https:\/\/www.fraczinet.cl\/sitio\/2012\/01\/03\/jornada-cultural-solidaria-los-que-trabajamos-en-cultura-ayudamos-con-lo-nuestro-la-alegria\/#primaryimage","url":"https:\/\/www.fraczinet.cl\/sitio\/wp-content\/uploads\/2009\/02\/Festival-de-la-duena-de-casa2.jpg","contentUrl":"https:\/\/www.fraczinet.cl\/sitio\/wp-content\/uploads\/2009\/02\/Festival-de-la-duena-de-casa2.jpg","width":259,"height":194},{"@type":"BreadcrumbList","@id":"https:\/\/www.fraczinet.cl\/sitio\/2012\/01\/03\/jornada-cultural-solidaria-los-que-trabajamos-en-cultura-ayudamos-con-lo-nuestro-la-alegria\/#breadcrumb","itemListElement":[{"@type":"ListItem","position":1,"name":"Portada","item":"https:\/\/www.fraczinet.cl\/sitio\/"},{"@type":"ListItem","position":2,"name":"Jornada Cultural Solidaria &#8211; Los Que Trabajamos En Cultura Ayudamos Con Lo Nuestro: La Alegr\u00eda"}]},{"@type":"WebSite","@id":"https:\/\/www.fraczinet.cl\/sitio\/#website","url":"https:\/\/www.fraczinet.cl\/sitio\/","name":"Nuestro Bio B\u00edo","description":"Tierra de Encuentros","publisher":{"@id":"https:\/\/www.fraczinet.cl\/sitio\/#\/schema\/person\/aec8ee4da68df2b9b0eefdad24a0d582"},"potentialAction":[{"@type":"SearchAction","target":{"@type":"EntryPoint","urlTemplate":"https:\/\/www.fraczinet.cl\/sitio\/?s={search_term_string}"},"query-input":{"@type":"PropertyValueSpecification","valueRequired":true,"valueName":"search_term_string"}}],"inLanguage":"es"},{"@type":["Person","Organization"],"@id":"https:\/\/www.fraczinet.cl\/sitio\/#\/schema\/person\/aec8ee4da68df2b9b0eefdad24a0d582","name":"Luis Fernando Fraczinet","image":{"@type":"ImageObject","inLanguage":"es","@id":"https:\/\/www.fraczinet.cl\/sitio\/#\/schema\/person\/image\/","url":"https:\/\/www.fraczinet.cl\/sitio\/wp-content\/uploads\/2021\/07\/bannerlogo-1.gif","contentUrl":"https:\/\/www.fraczinet.cl\/sitio\/wp-content\/uploads\/2021\/07\/bannerlogo-1.gif","width":159,"height":79,"caption":"Luis Fernando Fraczinet"},"logo":{"@id":"https:\/\/www.fraczinet.cl\/sitio\/#\/schema\/person\/image\/"},"sameAs":["https:\/\/www.fraczinet.cl\/sitio\/"]},{"@type":"Person","@id":"https:\/\/www.fraczinet.cl\/sitio\/#\/schema\/person\/bc30f98e9cb10ae7e119dbe14bc93784","name":"admin","image":{"@type":"ImageObject","inLanguage":"es","@id":"https:\/\/www.fraczinet.cl\/sitio\/#\/schema\/person\/image\/","url":"https:\/\/secure.gravatar.com\/avatar\/d5ad3cf7ef3b23a2bb5be73be780c86b2fc8545c3ad6b149f3913ff458c00099?s=96&d=mm&r=g","contentUrl":"https:\/\/secure.gravatar.com\/avatar\/d5ad3cf7ef3b23a2bb5be73be780c86b2fc8545c3ad6b149f3913ff458c00099?s=96&d=mm&r=g","caption":"admin"},"sameAs":["https:\/\/www.fraczinet.cl\/sitio"]}]}},"_links":{"self":[{"href":"https:\/\/www.fraczinet.cl\/sitio\/wp-json\/wp\/v2\/posts\/5958","targetHints":{"allow":["GET"]}}],"collection":[{"href":"https:\/\/www.fraczinet.cl\/sitio\/wp-json\/wp\/v2\/posts"}],"about":[{"href":"https:\/\/www.fraczinet.cl\/sitio\/wp-json\/wp\/v2\/types\/post"}],"author":[{"embeddable":true,"href":"https:\/\/www.fraczinet.cl\/sitio\/wp-json\/wp\/v2\/users\/1"}],"replies":[{"embeddable":true,"href":"https:\/\/www.fraczinet.cl\/sitio\/wp-json\/wp\/v2\/comments?post=5958"}],"version-history":[{"count":1,"href":"https:\/\/www.fraczinet.cl\/sitio\/wp-json\/wp\/v2\/posts\/5958\/revisions"}],"predecessor-version":[{"id":13185,"href":"https:\/\/www.fraczinet.cl\/sitio\/wp-json\/wp\/v2\/posts\/5958\/revisions\/13185"}],"wp:featuredmedia":[{"embeddable":true,"href":"https:\/\/www.fraczinet.cl\/sitio\/wp-json\/wp\/v2\/media\/12871"}],"wp:attachment":[{"href":"https:\/\/www.fraczinet.cl\/sitio\/wp-json\/wp\/v2\/media?parent=5958"}],"wp:term":[{"taxonomy":"category","embeddable":true,"href":"https:\/\/www.fraczinet.cl\/sitio\/wp-json\/wp\/v2\/categories?post=5958"},{"taxonomy":"post_tag","embeddable":true,"href":"https:\/\/www.fraczinet.cl\/sitio\/wp-json\/wp\/v2\/tags?post=5958"}],"curies":[{"name":"wp","href":"https:\/\/api.w.org\/{rel}","templated":true}]}}