{"id":5978,"date":"2011-12-25T12:52:00","date_gmt":"2011-12-25T12:52:00","guid":{"rendered":"https:\/\/www.fraczinet.cl\/sitio\/2011\/12\/25\/nuevas-herramientas-para-los-centros-de-padres-y-apoderados\/"},"modified":"2022-10-07T00:49:44","modified_gmt":"2022-10-07T00:49:44","slug":"nuevas-herramientas-para-los-centros-de-padres-y-apoderados","status":"publish","type":"post","link":"https:\/\/www.fraczinet.cl\/sitio\/2011\/12\/25\/nuevas-herramientas-para-los-centros-de-padres-y-apoderados\/","title":{"rendered":"Nuevas Herramientas Para Los Centros De Padres Y Apoderados"},"content":{"rendered":"<p><a href=\"http:\/\/1.bp.blogspot.com\/-A65_wcDtR8Y\/TvcdjKKbIiI\/AAAAAAAAT1k\/Daz09QchKOY\/s1600\/Capacitaciones%2B2.jpg\"><img decoding=\"async\" alt=\"\" border=\"0\" id=\"BLOGGER_PHOTO_ID_5690049144066613794\" src=\"http:\/\/1.bp.blogspot.com\/-A65_wcDtR8Y\/TvcdjKKbIiI\/AAAAAAAAT1k\/Daz09QchKOY\/s320\/Capacitaciones%2B2.jpg\" style=\"cursor: pointer; display: block; height: 212px; margin: 0px auto 10px; text-align: center; width: 320px;\" \/><\/a> La capacitaci\u00f3n convocar\u00e1 a los centros de padres y apoderados de los establecimientos municipalizados de educaci\u00f3n con el prop\u00f3sito de profundizar la entrega de conocimientos en torno al desarrollo de proyectos.   Marcando el cierre de lo que ha sido el Proyecto de Mejoramiento a la Gesti\u00f3n \u201cFortalecimiento de la participaci\u00f3n activa de la comunidad educativa\u201d, el pr\u00f3ximo mi\u00e9rcoles 28 de diciembre desde las 8:30 horas, tendr\u00e1 lugar una nueva capacitaci\u00f3n dirigida a los centros de padres y apoderados del sistema municipalizado de educaci\u00f3n de la Comuna de Chill\u00e1n.  Esta nueva oportunidad de adquisici\u00f3n de herramientas se concentrar\u00e1 en las competencias para la formulaci\u00f3n de proyectos. \u201cEste a\u00f1o le hemos dado mayor realce a los centros de padres considerando la postulaci\u00f3n de proyectos con la finalidad que el 2012 las escuelas se vean beneficiadas con la oportunidad de autogestionar recursos, adquirir insumos y desarrollar propuestas\u201d, precis\u00f3 Paula Cavalerie, coordinadora de la iniciativa de mejoramiento a la gesti\u00f3n.   La jornada estar\u00e1 a cargo de la Consultora Proyecta, la misma que gui\u00f3 las capacitaciones desarrolladas en el mes de noviembre que estuvieron dirigidas a los diferentes actores de la comunidad educativa, pues junto a los centros de padres consider\u00f3 a los consejos escolares, centros de alumnos y asistentes de la educaci\u00f3n.<\/p>\n","protected":false},"excerpt":{"rendered":"<p>La capacitaci\u00f3n convocar\u00e1 a los centros de padres y apoderados de los establecimientos municipalizados de educaci\u00f3n con el prop\u00f3sito de profundizar la entrega de conocimientos en torno al desarrollo de proyectos. Marcando el cierre de lo que ha sido el Proyecto de Mejoramiento a la Gesti\u00f3n \u201cFortalecimiento de la participaci\u00f3n activa de la comunidad educativa\u201d, [&hellip;]<\/p>\n","protected":false},"author":1,"featured_media":0,"comment_status":"open","ping_status":"open","sticky":false,"template":"","format":"standard","meta":{"footnotes":""},"categories":[151],"tags":[],"class_list":["post-5978","post","type-post","status-publish","format-standard","hentry","category-educacion"],"yoast_head":"<!-- This site is optimized with the Yoast SEO plugin v25.0 - https:\/\/yoast.com\/wordpress\/plugins\/seo\/ -->\n<title>Nuevas Herramientas Para Los Centros De Padres Y Apoderados - Nuestro Bio B\u00edo<\/title>\n<meta name=\"robots\" content=\"index, follow, max-snippet:-1, max-image-preview:large, max-video-preview:-1\" \/>\n<link rel=\"canonical\" href=\"https:\/\/www.fraczinet.cl\/sitio\/2011\/12\/25\/nuevas-herramientas-para-los-centros-de-padres-y-apoderados\/\" \/>\n<meta property=\"og:locale\" content=\"es_ES\" \/>\n<meta property=\"og:type\" content=\"article\" \/>\n<meta property=\"og:title\" content=\"Nuevas Herramientas Para Los Centros De Padres Y Apoderados - Nuestro Bio B\u00edo\" \/>\n<meta property=\"og:description\" content=\"La capacitaci\u00f3n convocar\u00e1 a los centros de padres y apoderados de los establecimientos municipalizados de educaci\u00f3n con el prop\u00f3sito de profundizar la entrega de conocimientos en torno al desarrollo de proyectos. Marcando el cierre de lo que ha sido el Proyecto de Mejoramiento a la Gesti\u00f3n \u201cFortalecimiento de la participaci\u00f3n activa de la comunidad educativa\u201d, [&hellip;]\" \/>\n<meta property=\"og:url\" content=\"https:\/\/www.fraczinet.cl\/sitio\/2011\/12\/25\/nuevas-herramientas-para-los-centros-de-padres-y-apoderados\/\" \/>\n<meta property=\"og:site_name\" content=\"Nuestro Bio B\u00edo\" \/>\n<meta property=\"article:published_time\" content=\"2011-12-25T12:52:00+00:00\" \/>\n<meta property=\"article:modified_time\" content=\"2022-10-07T00:49:44+00:00\" \/>\n<meta property=\"og:image\" content=\"http:\/\/1.bp.blogspot.com\/-A65_wcDtR8Y\/TvcdjKKbIiI\/AAAAAAAAT1k\/Daz09QchKOY\/s320\/Capacitaciones%2B2.jpg\" \/>\n<meta name=\"author\" content=\"admin\" \/>\n<meta name=\"twitter:card\" content=\"summary_large_image\" \/>\n<meta name=\"twitter:creator\" content=\"@nuestrobiobio\" \/>\n<meta name=\"twitter:site\" content=\"@nuestrobiobio\" \/>\n<meta name=\"twitter:label1\" content=\"Escrito por\" \/>\n\t<meta name=\"twitter:data1\" content=\"admin\" \/>\n\t<meta name=\"twitter:label2\" content=\"Tiempo de lectura\" \/>\n\t<meta name=\"twitter:data2\" content=\"1 minuto\" \/>\n<script type=\"application\/ld+json\" class=\"yoast-schema-graph\">{\"@context\":\"https:\/\/schema.org\",\"@graph\":[{\"@type\":\"Article\",\"@id\":\"https:\/\/www.fraczinet.cl\/sitio\/2011\/12\/25\/nuevas-herramientas-para-los-centros-de-padres-y-apoderados\/#article\",\"isPartOf\":{\"@id\":\"https:\/\/www.fraczinet.cl\/sitio\/2011\/12\/25\/nuevas-herramientas-para-los-centros-de-padres-y-apoderados\/\"},\"author\":{\"name\":\"admin\",\"@id\":\"https:\/\/www.fraczinet.cl\/sitio\/#\/schema\/person\/bc30f98e9cb10ae7e119dbe14bc93784\"},\"headline\":\"Nuevas Herramientas Para Los Centros De Padres Y Apoderados\",\"datePublished\":\"2011-12-25T12:52:00+00:00\",\"dateModified\":\"2022-10-07T00:49:44+00:00\",\"mainEntityOfPage\":{\"@id\":\"https:\/\/www.fraczinet.cl\/sitio\/2011\/12\/25\/nuevas-herramientas-para-los-centros-de-padres-y-apoderados\/\"},\"wordCount\":230,\"commentCount\":0,\"publisher\":{\"@id\":\"https:\/\/www.fraczinet.cl\/sitio\/#\/schema\/person\/aec8ee4da68df2b9b0eefdad24a0d582\"},\"image\":{\"@id\":\"https:\/\/www.fraczinet.cl\/sitio\/2011\/12\/25\/nuevas-herramientas-para-los-centros-de-padres-y-apoderados\/#primaryimage\"},\"thumbnailUrl\":\"http:\/\/1.bp.blogspot.com\/-A65_wcDtR8Y\/TvcdjKKbIiI\/AAAAAAAAT1k\/Daz09QchKOY\/s320\/Capacitaciones%2B2.jpg\",\"articleSection\":[\"Educaci\u00f3n\"],\"inLanguage\":\"es\",\"potentialAction\":[{\"@type\":\"CommentAction\",\"name\":\"Comment\",\"target\":[\"https:\/\/www.fraczinet.cl\/sitio\/2011\/12\/25\/nuevas-herramientas-para-los-centros-de-padres-y-apoderados\/#respond\"]}]},{\"@type\":\"WebPage\",\"@id\":\"https:\/\/www.fraczinet.cl\/sitio\/2011\/12\/25\/nuevas-herramientas-para-los-centros-de-padres-y-apoderados\/\",\"url\":\"https:\/\/www.fraczinet.cl\/sitio\/2011\/12\/25\/nuevas-herramientas-para-los-centros-de-padres-y-apoderados\/\",\"name\":\"Nuevas Herramientas Para Los Centros De Padres Y Apoderados - Nuestro Bio B\u00edo\",\"isPartOf\":{\"@id\":\"https:\/\/www.fraczinet.cl\/sitio\/#website\"},\"primaryImageOfPage\":{\"@id\":\"https:\/\/www.fraczinet.cl\/sitio\/2011\/12\/25\/nuevas-herramientas-para-los-centros-de-padres-y-apoderados\/#primaryimage\"},\"image\":{\"@id\":\"https:\/\/www.fraczinet.cl\/sitio\/2011\/12\/25\/nuevas-herramientas-para-los-centros-de-padres-y-apoderados\/#primaryimage\"},\"thumbnailUrl\":\"http:\/\/1.bp.blogspot.com\/-A65_wcDtR8Y\/TvcdjKKbIiI\/AAAAAAAAT1k\/Daz09QchKOY\/s320\/Capacitaciones%2B2.jpg\",\"datePublished\":\"2011-12-25T12:52:00+00:00\",\"dateModified\":\"2022-10-07T00:49:44+00:00\",\"breadcrumb\":{\"@id\":\"https:\/\/www.fraczinet.cl\/sitio\/2011\/12\/25\/nuevas-herramientas-para-los-centros-de-padres-y-apoderados\/#breadcrumb\"},\"inLanguage\":\"es\",\"potentialAction\":[{\"@type\":\"ReadAction\",\"target\":[\"https:\/\/www.fraczinet.cl\/sitio\/2011\/12\/25\/nuevas-herramientas-para-los-centros-de-padres-y-apoderados\/\"]}]},{\"@type\":\"ImageObject\",\"inLanguage\":\"es\",\"@id\":\"https:\/\/www.fraczinet.cl\/sitio\/2011\/12\/25\/nuevas-herramientas-para-los-centros-de-padres-y-apoderados\/#primaryimage\",\"url\":\"http:\/\/1.bp.blogspot.com\/-A65_wcDtR8Y\/TvcdjKKbIiI\/AAAAAAAAT1k\/Daz09QchKOY\/s320\/Capacitaciones%2B2.jpg\",\"contentUrl\":\"http:\/\/1.bp.blogspot.com\/-A65_wcDtR8Y\/TvcdjKKbIiI\/AAAAAAAAT1k\/Daz09QchKOY\/s320\/Capacitaciones%2B2.jpg\"},{\"@type\":\"BreadcrumbList\",\"@id\":\"https:\/\/www.fraczinet.cl\/sitio\/2011\/12\/25\/nuevas-herramientas-para-los-centros-de-padres-y-apoderados\/#breadcrumb\",\"itemListElement\":[{\"@type\":\"ListItem\",\"position\":1,\"name\":\"Portada\",\"item\":\"https:\/\/www.fraczinet.cl\/sitio\/\"},{\"@type\":\"ListItem\",\"position\":2,\"name\":\"Nuevas Herramientas Para Los Centros De Padres Y Apoderados\"}]},{\"@type\":\"WebSite\",\"@id\":\"https:\/\/www.fraczinet.cl\/sitio\/#website\",\"url\":\"https:\/\/www.fraczinet.cl\/sitio\/\",\"name\":\"Nuestro Bio B\u00edo\",\"description\":\"Tierra de Encuentros\",\"publisher\":{\"@id\":\"https:\/\/www.fraczinet.cl\/sitio\/#\/schema\/person\/aec8ee4da68df2b9b0eefdad24a0d582\"},\"potentialAction\":[{\"@type\":\"SearchAction\",\"target\":{\"@type\":\"EntryPoint\",\"urlTemplate\":\"https:\/\/www.fraczinet.cl\/sitio\/?s={search_term_string}\"},\"query-input\":{\"@type\":\"PropertyValueSpecification\",\"valueRequired\":true,\"valueName\":\"search_term_string\"}}],\"inLanguage\":\"es\"},{\"@type\":[\"Person\",\"Organization\"],\"@id\":\"https:\/\/www.fraczinet.cl\/sitio\/#\/schema\/person\/aec8ee4da68df2b9b0eefdad24a0d582\",\"name\":\"Luis Fernando Fraczinet\",\"image\":{\"@type\":\"ImageObject\",\"inLanguage\":\"es\",\"@id\":\"https:\/\/www.fraczinet.cl\/sitio\/#\/schema\/person\/image\/\",\"url\":\"https:\/\/www.fraczinet.cl\/sitio\/wp-content\/uploads\/2021\/07\/bannerlogo-1.gif\",\"contentUrl\":\"https:\/\/www.fraczinet.cl\/sitio\/wp-content\/uploads\/2021\/07\/bannerlogo-1.gif\",\"width\":159,\"height\":79,\"caption\":\"Luis Fernando Fraczinet\"},\"logo\":{\"@id\":\"https:\/\/www.fraczinet.cl\/sitio\/#\/schema\/person\/image\/\"},\"sameAs\":[\"https:\/\/www.fraczinet.cl\/sitio\/\"]},{\"@type\":\"Person\",\"@id\":\"https:\/\/www.fraczinet.cl\/sitio\/#\/schema\/person\/bc30f98e9cb10ae7e119dbe14bc93784\",\"name\":\"admin\",\"image\":{\"@type\":\"ImageObject\",\"inLanguage\":\"es\",\"@id\":\"https:\/\/www.fraczinet.cl\/sitio\/#\/schema\/person\/image\/\",\"url\":\"https:\/\/secure.gravatar.com\/avatar\/d5ad3cf7ef3b23a2bb5be73be780c86b2fc8545c3ad6b149f3913ff458c00099?s=96&d=mm&r=g\",\"contentUrl\":\"https:\/\/secure.gravatar.com\/avatar\/d5ad3cf7ef3b23a2bb5be73be780c86b2fc8545c3ad6b149f3913ff458c00099?s=96&d=mm&r=g\",\"caption\":\"admin\"},\"sameAs\":[\"https:\/\/www.fraczinet.cl\/sitio\"]}]}<\/script>\n<!-- \/ Yoast SEO plugin. -->","yoast_head_json":{"title":"Nuevas Herramientas Para Los Centros De Padres Y Apoderados - Nuestro Bio B\u00edo","robots":{"index":"index","follow":"follow","max-snippet":"max-snippet:-1","max-image-preview":"max-image-preview:large","max-video-preview":"max-video-preview:-1"},"canonical":"https:\/\/www.fraczinet.cl\/sitio\/2011\/12\/25\/nuevas-herramientas-para-los-centros-de-padres-y-apoderados\/","og_locale":"es_ES","og_type":"article","og_title":"Nuevas Herramientas Para Los Centros De Padres Y Apoderados - Nuestro Bio B\u00edo","og_description":"La capacitaci\u00f3n convocar\u00e1 a los centros de padres y apoderados de los establecimientos municipalizados de educaci\u00f3n con el prop\u00f3sito de profundizar la entrega de conocimientos en torno al desarrollo de proyectos. Marcando el cierre de lo que ha sido el Proyecto de Mejoramiento a la Gesti\u00f3n \u201cFortalecimiento de la participaci\u00f3n activa de la comunidad educativa\u201d, [&hellip;]","og_url":"https:\/\/www.fraczinet.cl\/sitio\/2011\/12\/25\/nuevas-herramientas-para-los-centros-de-padres-y-apoderados\/","og_site_name":"Nuestro Bio B\u00edo","article_published_time":"2011-12-25T12:52:00+00:00","article_modified_time":"2022-10-07T00:49:44+00:00","og_image":[{"url":"http:\/\/1.bp.blogspot.com\/-A65_wcDtR8Y\/TvcdjKKbIiI\/AAAAAAAAT1k\/Daz09QchKOY\/s320\/Capacitaciones%2B2.jpg","type":"","width":"","height":""}],"author":"admin","twitter_card":"summary_large_image","twitter_creator":"@nuestrobiobio","twitter_site":"@nuestrobiobio","twitter_misc":{"Escrito por":"admin","Tiempo de lectura":"1 minuto"},"schema":{"@context":"https:\/\/schema.org","@graph":[{"@type":"Article","@id":"https:\/\/www.fraczinet.cl\/sitio\/2011\/12\/25\/nuevas-herramientas-para-los-centros-de-padres-y-apoderados\/#article","isPartOf":{"@id":"https:\/\/www.fraczinet.cl\/sitio\/2011\/12\/25\/nuevas-herramientas-para-los-centros-de-padres-y-apoderados\/"},"author":{"name":"admin","@id":"https:\/\/www.fraczinet.cl\/sitio\/#\/schema\/person\/bc30f98e9cb10ae7e119dbe14bc93784"},"headline":"Nuevas Herramientas Para Los Centros De Padres Y Apoderados","datePublished":"2011-12-25T12:52:00+00:00","dateModified":"2022-10-07T00:49:44+00:00","mainEntityOfPage":{"@id":"https:\/\/www.fraczinet.cl\/sitio\/2011\/12\/25\/nuevas-herramientas-para-los-centros-de-padres-y-apoderados\/"},"wordCount":230,"commentCount":0,"publisher":{"@id":"https:\/\/www.fraczinet.cl\/sitio\/#\/schema\/person\/aec8ee4da68df2b9b0eefdad24a0d582"},"image":{"@id":"https:\/\/www.fraczinet.cl\/sitio\/2011\/12\/25\/nuevas-herramientas-para-los-centros-de-padres-y-apoderados\/#primaryimage"},"thumbnailUrl":"http:\/\/1.bp.blogspot.com\/-A65_wcDtR8Y\/TvcdjKKbIiI\/AAAAAAAAT1k\/Daz09QchKOY\/s320\/Capacitaciones%2B2.jpg","articleSection":["Educaci\u00f3n"],"inLanguage":"es","potentialAction":[{"@type":"CommentAction","name":"Comment","target":["https:\/\/www.fraczinet.cl\/sitio\/2011\/12\/25\/nuevas-herramientas-para-los-centros-de-padres-y-apoderados\/#respond"]}]},{"@type":"WebPage","@id":"https:\/\/www.fraczinet.cl\/sitio\/2011\/12\/25\/nuevas-herramientas-para-los-centros-de-padres-y-apoderados\/","url":"https:\/\/www.fraczinet.cl\/sitio\/2011\/12\/25\/nuevas-herramientas-para-los-centros-de-padres-y-apoderados\/","name":"Nuevas Herramientas Para Los Centros De Padres Y Apoderados - Nuestro Bio B\u00edo","isPartOf":{"@id":"https:\/\/www.fraczinet.cl\/sitio\/#website"},"primaryImageOfPage":{"@id":"https:\/\/www.fraczinet.cl\/sitio\/2011\/12\/25\/nuevas-herramientas-para-los-centros-de-padres-y-apoderados\/#primaryimage"},"image":{"@id":"https:\/\/www.fraczinet.cl\/sitio\/2011\/12\/25\/nuevas-herramientas-para-los-centros-de-padres-y-apoderados\/#primaryimage"},"thumbnailUrl":"http:\/\/1.bp.blogspot.com\/-A65_wcDtR8Y\/TvcdjKKbIiI\/AAAAAAAAT1k\/Daz09QchKOY\/s320\/Capacitaciones%2B2.jpg","datePublished":"2011-12-25T12:52:00+00:00","dateModified":"2022-10-07T00:49:44+00:00","breadcrumb":{"@id":"https:\/\/www.fraczinet.cl\/sitio\/2011\/12\/25\/nuevas-herramientas-para-los-centros-de-padres-y-apoderados\/#breadcrumb"},"inLanguage":"es","potentialAction":[{"@type":"ReadAction","target":["https:\/\/www.fraczinet.cl\/sitio\/2011\/12\/25\/nuevas-herramientas-para-los-centros-de-padres-y-apoderados\/"]}]},{"@type":"ImageObject","inLanguage":"es","@id":"https:\/\/www.fraczinet.cl\/sitio\/2011\/12\/25\/nuevas-herramientas-para-los-centros-de-padres-y-apoderados\/#primaryimage","url":"http:\/\/1.bp.blogspot.com\/-A65_wcDtR8Y\/TvcdjKKbIiI\/AAAAAAAAT1k\/Daz09QchKOY\/s320\/Capacitaciones%2B2.jpg","contentUrl":"http:\/\/1.bp.blogspot.com\/-A65_wcDtR8Y\/TvcdjKKbIiI\/AAAAAAAAT1k\/Daz09QchKOY\/s320\/Capacitaciones%2B2.jpg"},{"@type":"BreadcrumbList","@id":"https:\/\/www.fraczinet.cl\/sitio\/2011\/12\/25\/nuevas-herramientas-para-los-centros-de-padres-y-apoderados\/#breadcrumb","itemListElement":[{"@type":"ListItem","position":1,"name":"Portada","item":"https:\/\/www.fraczinet.cl\/sitio\/"},{"@type":"ListItem","position":2,"name":"Nuevas Herramientas Para Los Centros De Padres Y Apoderados"}]},{"@type":"WebSite","@id":"https:\/\/www.fraczinet.cl\/sitio\/#website","url":"https:\/\/www.fraczinet.cl\/sitio\/","name":"Nuestro Bio B\u00edo","description":"Tierra de Encuentros","publisher":{"@id":"https:\/\/www.fraczinet.cl\/sitio\/#\/schema\/person\/aec8ee4da68df2b9b0eefdad24a0d582"},"potentialAction":[{"@type":"SearchAction","target":{"@type":"EntryPoint","urlTemplate":"https:\/\/www.fraczinet.cl\/sitio\/?s={search_term_string}"},"query-input":{"@type":"PropertyValueSpecification","valueRequired":true,"valueName":"search_term_string"}}],"inLanguage":"es"},{"@type":["Person","Organization"],"@id":"https:\/\/www.fraczinet.cl\/sitio\/#\/schema\/person\/aec8ee4da68df2b9b0eefdad24a0d582","name":"Luis Fernando Fraczinet","image":{"@type":"ImageObject","inLanguage":"es","@id":"https:\/\/www.fraczinet.cl\/sitio\/#\/schema\/person\/image\/","url":"https:\/\/www.fraczinet.cl\/sitio\/wp-content\/uploads\/2021\/07\/bannerlogo-1.gif","contentUrl":"https:\/\/www.fraczinet.cl\/sitio\/wp-content\/uploads\/2021\/07\/bannerlogo-1.gif","width":159,"height":79,"caption":"Luis Fernando Fraczinet"},"logo":{"@id":"https:\/\/www.fraczinet.cl\/sitio\/#\/schema\/person\/image\/"},"sameAs":["https:\/\/www.fraczinet.cl\/sitio\/"]},{"@type":"Person","@id":"https:\/\/www.fraczinet.cl\/sitio\/#\/schema\/person\/bc30f98e9cb10ae7e119dbe14bc93784","name":"admin","image":{"@type":"ImageObject","inLanguage":"es","@id":"https:\/\/www.fraczinet.cl\/sitio\/#\/schema\/person\/image\/","url":"https:\/\/secure.gravatar.com\/avatar\/d5ad3cf7ef3b23a2bb5be73be780c86b2fc8545c3ad6b149f3913ff458c00099?s=96&d=mm&r=g","contentUrl":"https:\/\/secure.gravatar.com\/avatar\/d5ad3cf7ef3b23a2bb5be73be780c86b2fc8545c3ad6b149f3913ff458c00099?s=96&d=mm&r=g","caption":"admin"},"sameAs":["https:\/\/www.fraczinet.cl\/sitio"]}]}},"_links":{"self":[{"href":"https:\/\/www.fraczinet.cl\/sitio\/wp-json\/wp\/v2\/posts\/5978","targetHints":{"allow":["GET"]}}],"collection":[{"href":"https:\/\/www.fraczinet.cl\/sitio\/wp-json\/wp\/v2\/posts"}],"about":[{"href":"https:\/\/www.fraczinet.cl\/sitio\/wp-json\/wp\/v2\/types\/post"}],"author":[{"embeddable":true,"href":"https:\/\/www.fraczinet.cl\/sitio\/wp-json\/wp\/v2\/users\/1"}],"replies":[{"embeddable":true,"href":"https:\/\/www.fraczinet.cl\/sitio\/wp-json\/wp\/v2\/comments?post=5978"}],"version-history":[{"count":1,"href":"https:\/\/www.fraczinet.cl\/sitio\/wp-json\/wp\/v2\/posts\/5978\/revisions"}],"predecessor-version":[{"id":14434,"href":"https:\/\/www.fraczinet.cl\/sitio\/wp-json\/wp\/v2\/posts\/5978\/revisions\/14434"}],"wp:attachment":[{"href":"https:\/\/www.fraczinet.cl\/sitio\/wp-json\/wp\/v2\/media?parent=5978"}],"wp:term":[{"taxonomy":"category","embeddable":true,"href":"https:\/\/www.fraczinet.cl\/sitio\/wp-json\/wp\/v2\/categories?post=5978"},{"taxonomy":"post_tag","embeddable":true,"href":"https:\/\/www.fraczinet.cl\/sitio\/wp-json\/wp\/v2\/tags?post=5978"}],"curies":[{"name":"wp","href":"https:\/\/api.w.org\/{rel}","templated":true}]}}