{"id":5984,"date":"2011-12-02T23:32:00","date_gmt":"2011-12-02T23:32:00","guid":{"rendered":"https:\/\/www.fraczinet.cl\/sitio\/2011\/12\/02\/chile-es-el-segundo-pais-de-la-ocde-que-mas-aumento-la-tasa-de-suicidios-en-los-ultimos-15-anos\/"},"modified":"2022-09-19T23:34:20","modified_gmt":"2022-09-19T23:34:20","slug":"chile-es-el-segundo-pais-de-la-ocde-que-mas-aumento-la-tasa-de-suicidios-en-los-ultimos-15-anos","status":"publish","type":"post","link":"https:\/\/www.fraczinet.cl\/sitio\/2011\/12\/02\/chile-es-el-segundo-pais-de-la-ocde-que-mas-aumento-la-tasa-de-suicidios-en-los-ultimos-15-anos\/","title":{"rendered":"Chile Es El Segundo Pa\u00eds De La OCDE Que M\u00e1s Aument\u00f3 La Tasa De Suicidios En Los \u00daltimos 15 A\u00f1os"},"content":{"rendered":"<p>Esta nota apareci\u00f3 publicada hace unos d\u00edas en <a href=\"http:\/\/www.biobiochile.cl\/2011\/11\/28\/chile-es-el-segundo-pais-de-la-ocde-que-mas-aumento-la-tasa-de-suicidios-en-los-ultimos-15-anos.shtml\">Radio Bio B\u00edo<\/a> y pas\u00f3 tan desapercibida que pensamos necesario replicarla. Un tema de \u00e9ste calibre no puede esconderse bajo la alfombra o tirarlo para un rinconcito donde no lo veamos m\u00e1s. La comuna de Alto Bio B\u00edo es un reflejo de \u00e9sta situaci\u00f3n con el \u00edndice de suicidios m\u00e1s alto de todo el pa\u00eds y las causas son las mismas. LA SOCIEDAD QUE VIVIMOS Y MENTENEMOS NO NOS SIRVE PARA VIVIR.<\/p>\n<p>Familia Fraczinet S\u00e1ez.<\/p>\n<p>Nota publicada en Radio Bio B\u00edo<\/p>\n<p>Chile es el segundo pa\u00eds de la Organizaci\u00f3n para la Cooperaci\u00f3n y el Desarrollo Econ\u00f3mico que m\u00e1s aument\u00f3 la tasa de suicidio en los \u00faltimos 15 a\u00f1os, s\u00f3lo superado por Korea.<\/p>\n<p>De acuerdo a la investigaci\u00f3n, el instinto suicida va generalmente asociado al consumo de alcohol y a estados depresivos.<\/p>\n<p>En un 54,9% aument\u00f3 la tasa de suicidio en Chile desde 1995 hasta ahora, llegando a 13 personas que atentan contra su vida cada 100 mil habitantes. En el caso de los hombres son 18,5 y las mujeres 4,1.<\/p>\n<p>La situaci\u00f3n m\u00e1s grave se da en la Regi\u00f3n de Magallanes, con una tasa de 18 muertes autoinfringidas promedio.<\/p>\n<p>Seg\u00fan la OCDE la decisi\u00f3n de dejar de existir se asocia al consumo riesgoso de alcohol, que en Chile afecta a un 18% de la poblaci\u00f3n y a un 15,1% de los j\u00f3venes de entre 15 y 24 a\u00f1os.<\/p>\n<p>Es por esto que el Ministro de Salud, Jaime Ma\u00f1alich, record\u00f3 que el plan piloto contra el alcoholismo que se est\u00e1 ejecutando en 20 consultorios del pa\u00eds a 2.500 personas apunta en esta direcci\u00f3n.<\/p>\n<p>Otra explicaci\u00f3n es la depresi\u00f3n que en las mujeres tiene una prevalencia de 11,3% y en hombres de un 6,4%, por lo que a juicio del director de la Red de Salud Mental Gesam, Guillermo Vergara, es fundamental que la gente no abandone sus tratamientos.<\/p>\n<p>El pa\u00eds de la Organizaci\u00f3n para la Cooperaci\u00f3n y el Desarrollo Econ\u00f3mico con la tasa de suicidio m\u00e1s baja es Grecia, con 2,8 personas que se provocan la muerte cada 100 mil habitantes.<\/p>\n","protected":false},"excerpt":{"rendered":"<p>Esta nota apareci\u00f3 publicada hace unos d\u00edas en Radio Bio B\u00edo y pas\u00f3 tan desapercibida que pensamos necesario replicarla. Un tema de \u00e9ste calibre no puede esconderse bajo la alfombra o tirarlo para un rinconcito donde no lo veamos m\u00e1s. La comuna de Alto Bio B\u00edo es un reflejo de \u00e9sta situaci\u00f3n con el \u00edndice [&hellip;]<\/p>\n","protected":false},"author":1,"featured_media":13205,"comment_status":"open","ping_status":"open","sticky":false,"template":"","format":"standard","meta":{"footnotes":""},"categories":[131],"tags":[],"class_list":["post-5984","post","type-post","status-publish","format-standard","has-post-thumbnail","hentry","category-politica"],"yoast_head":"<!-- This site is optimized with the Yoast SEO plugin v25.0 - https:\/\/yoast.com\/wordpress\/plugins\/seo\/ -->\n<title>Chile Es El Segundo Pa\u00eds De La OCDE Que M\u00e1s Aument\u00f3 La Tasa De Suicidios En Los \u00daltimos 15 A\u00f1os - Nuestro Bio B\u00edo<\/title>\n<meta name=\"robots\" content=\"index, follow, max-snippet:-1, max-image-preview:large, max-video-preview:-1\" \/>\n<link rel=\"canonical\" href=\"https:\/\/www.fraczinet.cl\/sitio\/2011\/12\/02\/chile-es-el-segundo-pais-de-la-ocde-que-mas-aumento-la-tasa-de-suicidios-en-los-ultimos-15-anos\/\" \/>\n<meta property=\"og:locale\" content=\"es_ES\" \/>\n<meta property=\"og:type\" content=\"article\" \/>\n<meta property=\"og:title\" content=\"Chile Es El Segundo Pa\u00eds De La OCDE Que M\u00e1s Aument\u00f3 La Tasa De Suicidios En Los \u00daltimos 15 A\u00f1os - Nuestro Bio B\u00edo\" \/>\n<meta property=\"og:description\" content=\"Esta nota apareci\u00f3 publicada hace unos d\u00edas en Radio Bio B\u00edo y pas\u00f3 tan desapercibida que pensamos necesario replicarla. Un tema de \u00e9ste calibre no puede esconderse bajo la alfombra o tirarlo para un rinconcito donde no lo veamos m\u00e1s. La comuna de Alto Bio B\u00edo es un reflejo de \u00e9sta situaci\u00f3n con el \u00edndice [&hellip;]\" \/>\n<meta property=\"og:url\" content=\"https:\/\/www.fraczinet.cl\/sitio\/2011\/12\/02\/chile-es-el-segundo-pais-de-la-ocde-que-mas-aumento-la-tasa-de-suicidios-en-los-ultimos-15-anos\/\" \/>\n<meta property=\"og:site_name\" content=\"Nuestro Bio B\u00edo\" \/>\n<meta property=\"article:published_time\" content=\"2011-12-02T23:32:00+00:00\" \/>\n<meta property=\"article:modified_time\" content=\"2022-09-19T23:34:20+00:00\" \/>\n<meta property=\"og:image\" content=\"https:\/\/www.fraczinet.cl\/sitio\/wp-content\/uploads\/2011\/12\/estadisticas-suicidios2.jpg\" \/>\n\t<meta property=\"og:image:width\" content=\"324\" \/>\n\t<meta property=\"og:image:height\" content=\"155\" \/>\n\t<meta property=\"og:image:type\" content=\"image\/jpeg\" \/>\n<meta name=\"author\" content=\"admin\" \/>\n<meta name=\"twitter:card\" content=\"summary_large_image\" \/>\n<meta name=\"twitter:creator\" content=\"@nuestrobiobio\" \/>\n<meta name=\"twitter:site\" content=\"@nuestrobiobio\" \/>\n<meta name=\"twitter:label1\" content=\"Escrito por\" \/>\n\t<meta name=\"twitter:data1\" content=\"admin\" \/>\n\t<meta name=\"twitter:label2\" content=\"Tiempo de lectura\" \/>\n\t<meta name=\"twitter:data2\" content=\"2 minutos\" \/>\n<script type=\"application\/ld+json\" class=\"yoast-schema-graph\">{\"@context\":\"https:\/\/schema.org\",\"@graph\":[{\"@type\":\"Article\",\"@id\":\"https:\/\/www.fraczinet.cl\/sitio\/2011\/12\/02\/chile-es-el-segundo-pais-de-la-ocde-que-mas-aumento-la-tasa-de-suicidios-en-los-ultimos-15-anos\/#article\",\"isPartOf\":{\"@id\":\"https:\/\/www.fraczinet.cl\/sitio\/2011\/12\/02\/chile-es-el-segundo-pais-de-la-ocde-que-mas-aumento-la-tasa-de-suicidios-en-los-ultimos-15-anos\/\"},\"author\":{\"name\":\"admin\",\"@id\":\"https:\/\/www.fraczinet.cl\/sitio\/#\/schema\/person\/bc30f98e9cb10ae7e119dbe14bc93784\"},\"headline\":\"Chile Es El Segundo Pa\u00eds De La OCDE Que M\u00e1s Aument\u00f3 La Tasa De Suicidios En Los \u00daltimos 15 A\u00f1os\",\"datePublished\":\"2011-12-02T23:32:00+00:00\",\"dateModified\":\"2022-09-19T23:34:20+00:00\",\"mainEntityOfPage\":{\"@id\":\"https:\/\/www.fraczinet.cl\/sitio\/2011\/12\/02\/chile-es-el-segundo-pais-de-la-ocde-que-mas-aumento-la-tasa-de-suicidios-en-los-ultimos-15-anos\/\"},\"wordCount\":387,\"commentCount\":0,\"publisher\":{\"@id\":\"https:\/\/www.fraczinet.cl\/sitio\/#\/schema\/person\/aec8ee4da68df2b9b0eefdad24a0d582\"},\"image\":{\"@id\":\"https:\/\/www.fraczinet.cl\/sitio\/2011\/12\/02\/chile-es-el-segundo-pais-de-la-ocde-que-mas-aumento-la-tasa-de-suicidios-en-los-ultimos-15-anos\/#primaryimage\"},\"thumbnailUrl\":\"https:\/\/www.fraczinet.cl\/sitio\/wp-content\/uploads\/2011\/12\/estadisticas-suicidios2.jpg\",\"articleSection\":[\"Pol\u00edtica\"],\"inLanguage\":\"es\",\"potentialAction\":[{\"@type\":\"CommentAction\",\"name\":\"Comment\",\"target\":[\"https:\/\/www.fraczinet.cl\/sitio\/2011\/12\/02\/chile-es-el-segundo-pais-de-la-ocde-que-mas-aumento-la-tasa-de-suicidios-en-los-ultimos-15-anos\/#respond\"]}]},{\"@type\":\"WebPage\",\"@id\":\"https:\/\/www.fraczinet.cl\/sitio\/2011\/12\/02\/chile-es-el-segundo-pais-de-la-ocde-que-mas-aumento-la-tasa-de-suicidios-en-los-ultimos-15-anos\/\",\"url\":\"https:\/\/www.fraczinet.cl\/sitio\/2011\/12\/02\/chile-es-el-segundo-pais-de-la-ocde-que-mas-aumento-la-tasa-de-suicidios-en-los-ultimos-15-anos\/\",\"name\":\"Chile Es El Segundo Pa\u00eds De La OCDE Que M\u00e1s Aument\u00f3 La Tasa De Suicidios En Los \u00daltimos 15 A\u00f1os - Nuestro Bio B\u00edo\",\"isPartOf\":{\"@id\":\"https:\/\/www.fraczinet.cl\/sitio\/#website\"},\"primaryImageOfPage\":{\"@id\":\"https:\/\/www.fraczinet.cl\/sitio\/2011\/12\/02\/chile-es-el-segundo-pais-de-la-ocde-que-mas-aumento-la-tasa-de-suicidios-en-los-ultimos-15-anos\/#primaryimage\"},\"image\":{\"@id\":\"https:\/\/www.fraczinet.cl\/sitio\/2011\/12\/02\/chile-es-el-segundo-pais-de-la-ocde-que-mas-aumento-la-tasa-de-suicidios-en-los-ultimos-15-anos\/#primaryimage\"},\"thumbnailUrl\":\"https:\/\/www.fraczinet.cl\/sitio\/wp-content\/uploads\/2011\/12\/estadisticas-suicidios2.jpg\",\"datePublished\":\"2011-12-02T23:32:00+00:00\",\"dateModified\":\"2022-09-19T23:34:20+00:00\",\"breadcrumb\":{\"@id\":\"https:\/\/www.fraczinet.cl\/sitio\/2011\/12\/02\/chile-es-el-segundo-pais-de-la-ocde-que-mas-aumento-la-tasa-de-suicidios-en-los-ultimos-15-anos\/#breadcrumb\"},\"inLanguage\":\"es\",\"potentialAction\":[{\"@type\":\"ReadAction\",\"target\":[\"https:\/\/www.fraczinet.cl\/sitio\/2011\/12\/02\/chile-es-el-segundo-pais-de-la-ocde-que-mas-aumento-la-tasa-de-suicidios-en-los-ultimos-15-anos\/\"]}]},{\"@type\":\"ImageObject\",\"inLanguage\":\"es\",\"@id\":\"https:\/\/www.fraczinet.cl\/sitio\/2011\/12\/02\/chile-es-el-segundo-pais-de-la-ocde-que-mas-aumento-la-tasa-de-suicidios-en-los-ultimos-15-anos\/#primaryimage\",\"url\":\"https:\/\/www.fraczinet.cl\/sitio\/wp-content\/uploads\/2011\/12\/estadisticas-suicidios2.jpg\",\"contentUrl\":\"https:\/\/www.fraczinet.cl\/sitio\/wp-content\/uploads\/2011\/12\/estadisticas-suicidios2.jpg\",\"width\":324,\"height\":155},{\"@type\":\"BreadcrumbList\",\"@id\":\"https:\/\/www.fraczinet.cl\/sitio\/2011\/12\/02\/chile-es-el-segundo-pais-de-la-ocde-que-mas-aumento-la-tasa-de-suicidios-en-los-ultimos-15-anos\/#breadcrumb\",\"itemListElement\":[{\"@type\":\"ListItem\",\"position\":1,\"name\":\"Portada\",\"item\":\"https:\/\/www.fraczinet.cl\/sitio\/\"},{\"@type\":\"ListItem\",\"position\":2,\"name\":\"Chile Es El Segundo Pa\u00eds De La OCDE Que M\u00e1s Aument\u00f3 La Tasa De Suicidios En Los \u00daltimos 15 A\u00f1os\"}]},{\"@type\":\"WebSite\",\"@id\":\"https:\/\/www.fraczinet.cl\/sitio\/#website\",\"url\":\"https:\/\/www.fraczinet.cl\/sitio\/\",\"name\":\"Nuestro Bio B\u00edo\",\"description\":\"Tierra de Encuentros\",\"publisher\":{\"@id\":\"https:\/\/www.fraczinet.cl\/sitio\/#\/schema\/person\/aec8ee4da68df2b9b0eefdad24a0d582\"},\"potentialAction\":[{\"@type\":\"SearchAction\",\"target\":{\"@type\":\"EntryPoint\",\"urlTemplate\":\"https:\/\/www.fraczinet.cl\/sitio\/?s={search_term_string}\"},\"query-input\":{\"@type\":\"PropertyValueSpecification\",\"valueRequired\":true,\"valueName\":\"search_term_string\"}}],\"inLanguage\":\"es\"},{\"@type\":[\"Person\",\"Organization\"],\"@id\":\"https:\/\/www.fraczinet.cl\/sitio\/#\/schema\/person\/aec8ee4da68df2b9b0eefdad24a0d582\",\"name\":\"Luis Fernando Fraczinet\",\"image\":{\"@type\":\"ImageObject\",\"inLanguage\":\"es\",\"@id\":\"https:\/\/www.fraczinet.cl\/sitio\/#\/schema\/person\/image\/\",\"url\":\"https:\/\/www.fraczinet.cl\/sitio\/wp-content\/uploads\/2021\/07\/bannerlogo-1.gif\",\"contentUrl\":\"https:\/\/www.fraczinet.cl\/sitio\/wp-content\/uploads\/2021\/07\/bannerlogo-1.gif\",\"width\":159,\"height\":79,\"caption\":\"Luis Fernando Fraczinet\"},\"logo\":{\"@id\":\"https:\/\/www.fraczinet.cl\/sitio\/#\/schema\/person\/image\/\"},\"sameAs\":[\"https:\/\/www.fraczinet.cl\/sitio\/\"]},{\"@type\":\"Person\",\"@id\":\"https:\/\/www.fraczinet.cl\/sitio\/#\/schema\/person\/bc30f98e9cb10ae7e119dbe14bc93784\",\"name\":\"admin\",\"image\":{\"@type\":\"ImageObject\",\"inLanguage\":\"es\",\"@id\":\"https:\/\/www.fraczinet.cl\/sitio\/#\/schema\/person\/image\/\",\"url\":\"https:\/\/secure.gravatar.com\/avatar\/d5ad3cf7ef3b23a2bb5be73be780c86b2fc8545c3ad6b149f3913ff458c00099?s=96&d=mm&r=g\",\"contentUrl\":\"https:\/\/secure.gravatar.com\/avatar\/d5ad3cf7ef3b23a2bb5be73be780c86b2fc8545c3ad6b149f3913ff458c00099?s=96&d=mm&r=g\",\"caption\":\"admin\"},\"sameAs\":[\"https:\/\/www.fraczinet.cl\/sitio\"]}]}<\/script>\n<!-- \/ Yoast SEO plugin. -->","yoast_head_json":{"title":"Chile Es El Segundo Pa\u00eds De La OCDE Que M\u00e1s Aument\u00f3 La Tasa De Suicidios En Los \u00daltimos 15 A\u00f1os - Nuestro Bio B\u00edo","robots":{"index":"index","follow":"follow","max-snippet":"max-snippet:-1","max-image-preview":"max-image-preview:large","max-video-preview":"max-video-preview:-1"},"canonical":"https:\/\/www.fraczinet.cl\/sitio\/2011\/12\/02\/chile-es-el-segundo-pais-de-la-ocde-que-mas-aumento-la-tasa-de-suicidios-en-los-ultimos-15-anos\/","og_locale":"es_ES","og_type":"article","og_title":"Chile Es El Segundo Pa\u00eds De La OCDE Que M\u00e1s Aument\u00f3 La Tasa De Suicidios En Los \u00daltimos 15 A\u00f1os - Nuestro Bio B\u00edo","og_description":"Esta nota apareci\u00f3 publicada hace unos d\u00edas en Radio Bio B\u00edo y pas\u00f3 tan desapercibida que pensamos necesario replicarla. Un tema de \u00e9ste calibre no puede esconderse bajo la alfombra o tirarlo para un rinconcito donde no lo veamos m\u00e1s. La comuna de Alto Bio B\u00edo es un reflejo de \u00e9sta situaci\u00f3n con el \u00edndice [&hellip;]","og_url":"https:\/\/www.fraczinet.cl\/sitio\/2011\/12\/02\/chile-es-el-segundo-pais-de-la-ocde-que-mas-aumento-la-tasa-de-suicidios-en-los-ultimos-15-anos\/","og_site_name":"Nuestro Bio B\u00edo","article_published_time":"2011-12-02T23:32:00+00:00","article_modified_time":"2022-09-19T23:34:20+00:00","og_image":[{"width":324,"height":155,"url":"https:\/\/www.fraczinet.cl\/sitio\/wp-content\/uploads\/2011\/12\/estadisticas-suicidios2.jpg","type":"image\/jpeg"}],"author":"admin","twitter_card":"summary_large_image","twitter_creator":"@nuestrobiobio","twitter_site":"@nuestrobiobio","twitter_misc":{"Escrito por":"admin","Tiempo de lectura":"2 minutos"},"schema":{"@context":"https:\/\/schema.org","@graph":[{"@type":"Article","@id":"https:\/\/www.fraczinet.cl\/sitio\/2011\/12\/02\/chile-es-el-segundo-pais-de-la-ocde-que-mas-aumento-la-tasa-de-suicidios-en-los-ultimos-15-anos\/#article","isPartOf":{"@id":"https:\/\/www.fraczinet.cl\/sitio\/2011\/12\/02\/chile-es-el-segundo-pais-de-la-ocde-que-mas-aumento-la-tasa-de-suicidios-en-los-ultimos-15-anos\/"},"author":{"name":"admin","@id":"https:\/\/www.fraczinet.cl\/sitio\/#\/schema\/person\/bc30f98e9cb10ae7e119dbe14bc93784"},"headline":"Chile Es El Segundo Pa\u00eds De La OCDE Que M\u00e1s Aument\u00f3 La Tasa De Suicidios En Los \u00daltimos 15 A\u00f1os","datePublished":"2011-12-02T23:32:00+00:00","dateModified":"2022-09-19T23:34:20+00:00","mainEntityOfPage":{"@id":"https:\/\/www.fraczinet.cl\/sitio\/2011\/12\/02\/chile-es-el-segundo-pais-de-la-ocde-que-mas-aumento-la-tasa-de-suicidios-en-los-ultimos-15-anos\/"},"wordCount":387,"commentCount":0,"publisher":{"@id":"https:\/\/www.fraczinet.cl\/sitio\/#\/schema\/person\/aec8ee4da68df2b9b0eefdad24a0d582"},"image":{"@id":"https:\/\/www.fraczinet.cl\/sitio\/2011\/12\/02\/chile-es-el-segundo-pais-de-la-ocde-que-mas-aumento-la-tasa-de-suicidios-en-los-ultimos-15-anos\/#primaryimage"},"thumbnailUrl":"https:\/\/www.fraczinet.cl\/sitio\/wp-content\/uploads\/2011\/12\/estadisticas-suicidios2.jpg","articleSection":["Pol\u00edtica"],"inLanguage":"es","potentialAction":[{"@type":"CommentAction","name":"Comment","target":["https:\/\/www.fraczinet.cl\/sitio\/2011\/12\/02\/chile-es-el-segundo-pais-de-la-ocde-que-mas-aumento-la-tasa-de-suicidios-en-los-ultimos-15-anos\/#respond"]}]},{"@type":"WebPage","@id":"https:\/\/www.fraczinet.cl\/sitio\/2011\/12\/02\/chile-es-el-segundo-pais-de-la-ocde-que-mas-aumento-la-tasa-de-suicidios-en-los-ultimos-15-anos\/","url":"https:\/\/www.fraczinet.cl\/sitio\/2011\/12\/02\/chile-es-el-segundo-pais-de-la-ocde-que-mas-aumento-la-tasa-de-suicidios-en-los-ultimos-15-anos\/","name":"Chile Es El Segundo Pa\u00eds De La OCDE Que M\u00e1s Aument\u00f3 La Tasa De Suicidios En Los \u00daltimos 15 A\u00f1os - Nuestro Bio B\u00edo","isPartOf":{"@id":"https:\/\/www.fraczinet.cl\/sitio\/#website"},"primaryImageOfPage":{"@id":"https:\/\/www.fraczinet.cl\/sitio\/2011\/12\/02\/chile-es-el-segundo-pais-de-la-ocde-que-mas-aumento-la-tasa-de-suicidios-en-los-ultimos-15-anos\/#primaryimage"},"image":{"@id":"https:\/\/www.fraczinet.cl\/sitio\/2011\/12\/02\/chile-es-el-segundo-pais-de-la-ocde-que-mas-aumento-la-tasa-de-suicidios-en-los-ultimos-15-anos\/#primaryimage"},"thumbnailUrl":"https:\/\/www.fraczinet.cl\/sitio\/wp-content\/uploads\/2011\/12\/estadisticas-suicidios2.jpg","datePublished":"2011-12-02T23:32:00+00:00","dateModified":"2022-09-19T23:34:20+00:00","breadcrumb":{"@id":"https:\/\/www.fraczinet.cl\/sitio\/2011\/12\/02\/chile-es-el-segundo-pais-de-la-ocde-que-mas-aumento-la-tasa-de-suicidios-en-los-ultimos-15-anos\/#breadcrumb"},"inLanguage":"es","potentialAction":[{"@type":"ReadAction","target":["https:\/\/www.fraczinet.cl\/sitio\/2011\/12\/02\/chile-es-el-segundo-pais-de-la-ocde-que-mas-aumento-la-tasa-de-suicidios-en-los-ultimos-15-anos\/"]}]},{"@type":"ImageObject","inLanguage":"es","@id":"https:\/\/www.fraczinet.cl\/sitio\/2011\/12\/02\/chile-es-el-segundo-pais-de-la-ocde-que-mas-aumento-la-tasa-de-suicidios-en-los-ultimos-15-anos\/#primaryimage","url":"https:\/\/www.fraczinet.cl\/sitio\/wp-content\/uploads\/2011\/12\/estadisticas-suicidios2.jpg","contentUrl":"https:\/\/www.fraczinet.cl\/sitio\/wp-content\/uploads\/2011\/12\/estadisticas-suicidios2.jpg","width":324,"height":155},{"@type":"BreadcrumbList","@id":"https:\/\/www.fraczinet.cl\/sitio\/2011\/12\/02\/chile-es-el-segundo-pais-de-la-ocde-que-mas-aumento-la-tasa-de-suicidios-en-los-ultimos-15-anos\/#breadcrumb","itemListElement":[{"@type":"ListItem","position":1,"name":"Portada","item":"https:\/\/www.fraczinet.cl\/sitio\/"},{"@type":"ListItem","position":2,"name":"Chile Es El Segundo Pa\u00eds De La OCDE Que M\u00e1s Aument\u00f3 La Tasa De Suicidios En Los \u00daltimos 15 A\u00f1os"}]},{"@type":"WebSite","@id":"https:\/\/www.fraczinet.cl\/sitio\/#website","url":"https:\/\/www.fraczinet.cl\/sitio\/","name":"Nuestro Bio B\u00edo","description":"Tierra de Encuentros","publisher":{"@id":"https:\/\/www.fraczinet.cl\/sitio\/#\/schema\/person\/aec8ee4da68df2b9b0eefdad24a0d582"},"potentialAction":[{"@type":"SearchAction","target":{"@type":"EntryPoint","urlTemplate":"https:\/\/www.fraczinet.cl\/sitio\/?s={search_term_string}"},"query-input":{"@type":"PropertyValueSpecification","valueRequired":true,"valueName":"search_term_string"}}],"inLanguage":"es"},{"@type":["Person","Organization"],"@id":"https:\/\/www.fraczinet.cl\/sitio\/#\/schema\/person\/aec8ee4da68df2b9b0eefdad24a0d582","name":"Luis Fernando Fraczinet","image":{"@type":"ImageObject","inLanguage":"es","@id":"https:\/\/www.fraczinet.cl\/sitio\/#\/schema\/person\/image\/","url":"https:\/\/www.fraczinet.cl\/sitio\/wp-content\/uploads\/2021\/07\/bannerlogo-1.gif","contentUrl":"https:\/\/www.fraczinet.cl\/sitio\/wp-content\/uploads\/2021\/07\/bannerlogo-1.gif","width":159,"height":79,"caption":"Luis Fernando Fraczinet"},"logo":{"@id":"https:\/\/www.fraczinet.cl\/sitio\/#\/schema\/person\/image\/"},"sameAs":["https:\/\/www.fraczinet.cl\/sitio\/"]},{"@type":"Person","@id":"https:\/\/www.fraczinet.cl\/sitio\/#\/schema\/person\/bc30f98e9cb10ae7e119dbe14bc93784","name":"admin","image":{"@type":"ImageObject","inLanguage":"es","@id":"https:\/\/www.fraczinet.cl\/sitio\/#\/schema\/person\/image\/","url":"https:\/\/secure.gravatar.com\/avatar\/d5ad3cf7ef3b23a2bb5be73be780c86b2fc8545c3ad6b149f3913ff458c00099?s=96&d=mm&r=g","contentUrl":"https:\/\/secure.gravatar.com\/avatar\/d5ad3cf7ef3b23a2bb5be73be780c86b2fc8545c3ad6b149f3913ff458c00099?s=96&d=mm&r=g","caption":"admin"},"sameAs":["https:\/\/www.fraczinet.cl\/sitio"]}]}},"_links":{"self":[{"href":"https:\/\/www.fraczinet.cl\/sitio\/wp-json\/wp\/v2\/posts\/5984","targetHints":{"allow":["GET"]}}],"collection":[{"href":"https:\/\/www.fraczinet.cl\/sitio\/wp-json\/wp\/v2\/posts"}],"about":[{"href":"https:\/\/www.fraczinet.cl\/sitio\/wp-json\/wp\/v2\/types\/post"}],"author":[{"embeddable":true,"href":"https:\/\/www.fraczinet.cl\/sitio\/wp-json\/wp\/v2\/users\/1"}],"replies":[{"embeddable":true,"href":"https:\/\/www.fraczinet.cl\/sitio\/wp-json\/wp\/v2\/comments?post=5984"}],"version-history":[{"count":1,"href":"https:\/\/www.fraczinet.cl\/sitio\/wp-json\/wp\/v2\/posts\/5984\/revisions"}],"predecessor-version":[{"id":13206,"href":"https:\/\/www.fraczinet.cl\/sitio\/wp-json\/wp\/v2\/posts\/5984\/revisions\/13206"}],"wp:featuredmedia":[{"embeddable":true,"href":"https:\/\/www.fraczinet.cl\/sitio\/wp-json\/wp\/v2\/media\/13205"}],"wp:attachment":[{"href":"https:\/\/www.fraczinet.cl\/sitio\/wp-json\/wp\/v2\/media?parent=5984"}],"wp:term":[{"taxonomy":"category","embeddable":true,"href":"https:\/\/www.fraczinet.cl\/sitio\/wp-json\/wp\/v2\/categories?post=5984"},{"taxonomy":"post_tag","embeddable":true,"href":"https:\/\/www.fraczinet.cl\/sitio\/wp-json\/wp\/v2\/tags?post=5984"}],"curies":[{"name":"wp","href":"https:\/\/api.w.org\/{rel}","templated":true}]}}