{"id":5998,"date":"2011-11-14T23:48:00","date_gmt":"2011-11-14T23:48:00","guid":{"rendered":"https:\/\/www.fraczinet.cl\/sitio\/2011\/11\/14\/fondo-del-libro-la-creacion-literaria-sometida-a-las-reglas-del-mercado\/"},"modified":"2022-09-23T20:53:33","modified_gmt":"2022-09-23T20:53:33","slug":"fondo-del-libro-la-creacion-literaria-sometida-a-las-reglas-del-mercado","status":"publish","type":"post","link":"https:\/\/www.fraczinet.cl\/sitio\/fondo-del-libro-la-creacion-literaria-sometida-a-las-reglas-del-mercado\/","title":{"rendered":"Fondo Del Libro: La Creaci\u00f3n Literaria Sometida A Las Reglas Del Mercado"},"content":{"rendered":"<p><span style=\"font-weight: bold;\">DECLARACI\u00d3N SOCIEDAD DE ESCRITORES DE CHILE Y LETRAS DE CHILE:<\/span> La Sociedad de Escritores de Chile y la Corporaci\u00f3n Letras de Chile comunican al p\u00fablico en general y muy especialmente a la comunidad art\u00edstica y literaria, nuestra m\u00e1s absoluta disconformidad con las nuevas bases de postulaci\u00f3n que el Consejo del Libro y la Lectura, dependiente del Consejo Nacional de la Cultura y Las Artes, ha estipulado para la participaci\u00f3n de los concursos 2012, bases modificadas unilateralmente, excluyendo de esta manera, la participaci\u00f3n y opini\u00f3n de los actores principales de la sociedad en estos temas \u2013los escritores- a trav\u00e9s de sus organizaciones gremiales.<\/p>\n<p>Con relaci\u00f3n a lo anterior declaramos que:<\/p>\n<p>1- Las bases de Creaci\u00f3n Literaria, son aquellas que puntualizamos de mayor rechazo, debido espec\u00edficamente, al requisito previo que exige el que una casa editora se comprometa mediante documentos formales, a publicar la obra que resulte de la misma.<\/p>\n<p>2- <span style=\"font-weight: bold;\">Nos preocupa el desconocimiento que las autoridades pol\u00edticas y\/o administrativas del CNCA<\/span>, responsables de la reforma de estas bases, desconozcan el hecho de que ninguna casa editora seria se comprometer\u00eda a la publicaci\u00f3n de una obra que no conoce, salt\u00e1ndose sus propios procesos previos; como son, la evaluaci\u00f3n de su comit\u00e9 editorial.<\/p>\n<p>3- <span style=\"font-weight: bold;\">Peor a\u00fan, consideramos que esta exigencia se aleja del esp\u00edritu que convoca el solo nombre de \u201cCreaci\u00f3n Literaria\u201d<\/span>, cual es, entregar al escritor los medios necesarios para que ejerza de manera digna su oficio de creador; ajeno a contiendas editoriales o de sobrevivencia.<\/p>\n<p>4- Rechazamos la incorporaci\u00f3n a este Fondo, del art\u00edculo que obliga al escritor a tributar el 10% a Impuestos Internos; es decir, al mismo Estado que lo est\u00e1 becando con dineros fiscales. <span style=\"font-weight: bold;\">No existe, en ninguna parte del mundo, una Beca que pague impuestos<\/span> y, pareciera m\u00e1s bien, un contrasentido grave que perjudica notablemente al escritor, poniendo su trabajo intelectual al nivel de un comerciante que lucra con productos y servicios.<\/p>\n<p>5- As\u00ed mismo, <span style=\"font-weight: bold;\">expresamos nuestra reprobaci\u00f3n a las exigencias tributarias y de mercado de las nuevas bases de postulaci\u00f3n a los Fondos de Edici\u00f3n; que perjudican no s\u00f3lo a peque\u00f1as editoriales independientes, sino a creadores autoeditados, generalmente j\u00f3venes, que intentan abrirse paso en el mundo literario<\/span>.<\/p>\n<p>6- Respecto de los proyectos de Difusi\u00f3n Literaria \u2013<span style=\"font-style: italic;\">como si fuese \u00e9ste un fondo para empresarios y no para escritores<\/span>&#8211; se exige como condici\u00f3n previa, contar con un aporte privado de por lo menos un 15% del total de los fondos solicitados, <span style=\"font-weight: bold;\">obligando de esta manera a depender del capital privado y en la pr\u00e1ctica, a financiar con recursos propios, proyectos de beneficio social<\/span> que hasta ahora, eran fomentados por el Estado y protegidos por el esp\u00edritu de la Ley que cre\u00f3 el propio CNCA.<\/p>\n<p>Por lo antes expresado, la Sociedad de Escritores de Chile y la Corporaci\u00f3n Letras de Chile llaman y convocan a todos los escritores y al mundo de la Cultura y de las Letras, a expresar su m\u00e1s categ\u00f3rico rechazo a estas BASES que pretenden instaurar el mercantilismo en el proceso creativo, de publicaci\u00f3n y difusi\u00f3n de nuestro quehacer literario.<\/p>\n<p>Convocamos a firmar esta declaraci\u00f3n y a difundirla por todos los medios posibles. A alzar la voz y enviar cartas de reprobaci\u00f3n al se\u00f1or Ministro de Cultura, don Luciano Cruz-Coke y a proponer todas las acciones que persigan abolir estas nefastas exigencias.<\/p>\n<p>Enviar correo a Secretar\u00eda SECH: voceriasech.secgeneral@gmail.com<\/p>\n","protected":false},"excerpt":{"rendered":"<p>DECLARACI\u00d3N SOCIEDAD DE ESCRITORES DE CHILE Y LETRAS DE CHILE: La Sociedad de Escritores de Chile y la Corporaci\u00f3n Letras de Chile comunican al p\u00fablico en general y muy especialmente a la comunidad art\u00edstica y literaria, nuestra m\u00e1s absoluta disconformidad con las nuevas bases de postulaci\u00f3n que el Consejo del Libro y la Lectura, dependiente [&hellip;]<\/p>\n","protected":false},"author":1,"featured_media":13236,"comment_status":"open","ping_status":"closed","sticky":false,"template":"","format":"standard","meta":{"footnotes":""},"categories":[178,70],"tags":[],"class_list":["post-5998","post","type-post","status-publish","format-standard","has-post-thumbnail","hentry","category-fondos-concursables","category-libros"],"yoast_head":"<!-- This site is optimized with the Yoast SEO plugin v28.2 - https:\/\/yoast.com\/product\/yoast-seo-wordpress\/ -->\n<title>Fondo Del Libro: La Creaci\u00f3n Literaria Sometida A Las Reglas Del Mercado - Nuestro Bio B\u00edo<\/title>\n<meta name=\"robots\" content=\"index, follow, max-snippet:-1, max-image-preview:large, max-video-preview:-1\" \/>\n<link rel=\"canonical\" href=\"https:\/\/www.fraczinet.cl\/sitio\/fondo-del-libro-la-creacion-literaria-sometida-a-las-reglas-del-mercado\/\" \/>\n<meta property=\"og:locale\" content=\"es_ES\" \/>\n<meta property=\"og:type\" content=\"article\" \/>\n<meta property=\"og:title\" content=\"Fondo Del Libro: La Creaci\u00f3n Literaria Sometida A Las Reglas Del Mercado - Nuestro Bio B\u00edo\" \/>\n<meta property=\"og:description\" content=\"DECLARACI\u00d3N SOCIEDAD DE ESCRITORES DE CHILE Y LETRAS DE CHILE: La Sociedad de Escritores de Chile y la Corporaci\u00f3n Letras de Chile comunican al p\u00fablico en general y muy especialmente a la comunidad art\u00edstica y literaria, nuestra m\u00e1s absoluta disconformidad con las nuevas bases de postulaci\u00f3n que el Consejo del Libro y la Lectura, dependiente [&hellip;]\" \/>\n<meta property=\"og:url\" content=\"https:\/\/www.fraczinet.cl\/sitio\/fondo-del-libro-la-creacion-literaria-sometida-a-las-reglas-del-mercado\/\" \/>\n<meta property=\"og:site_name\" content=\"Nuestro Bio B\u00edo\" \/>\n<meta property=\"article:publisher\" content=\"https:\/\/www.facebook.com\/groups\/15721414452\/\" \/>\n<meta property=\"article:published_time\" content=\"2011-11-14T23:48:00+00:00\" \/>\n<meta property=\"article:modified_time\" content=\"2022-09-23T20:53:33+00:00\" \/>\n<meta property=\"og:image\" content=\"https:\/\/www.fraczinet.cl\/sitio\/wp-content\/uploads\/2011\/11\/Fondos-de-cultura.png\" \/>\n\t<meta property=\"og:image:width\" content=\"300\" \/>\n\t<meta property=\"og:image:height\" content=\"168\" \/>\n\t<meta property=\"og:image:type\" content=\"image\/png\" \/>\n<meta name=\"twitter:card\" content=\"summary_large_image\" \/>\n<meta name=\"twitter:creator\" content=\"@nuestrobiobio\" \/>\n<meta name=\"twitter:site\" content=\"@nuestrobiobio\" \/>\n<meta name=\"twitter:label1\" content=\"Escrito por\" \/>\n\t<meta name=\"twitter:data1\" content=\"\" \/>\n\t<meta name=\"twitter:label2\" content=\"Tiempo de lectura\" \/>\n\t<meta name=\"twitter:data2\" content=\"3 minutos\" \/>\n<script type=\"application\/ld+json\" class=\"yoast-schema-graph\">{\"@context\":\"https:\\\/\\\/schema.org\",\"@graph\":[{\"@type\":\"Article\",\"@id\":\"https:\\\/\\\/www.fraczinet.cl\\\/sitio\\\/fondo-del-libro-la-creacion-literaria-sometida-a-las-reglas-del-mercado\\\/#article\",\"isPartOf\":{\"@id\":\"https:\\\/\\\/www.fraczinet.cl\\\/sitio\\\/fondo-del-libro-la-creacion-literaria-sometida-a-las-reglas-del-mercado\\\/\"},\"author\":{\"name\":\"\",\"@id\":\"\"},\"headline\":\"Fondo Del Libro: La Creaci\u00f3n Literaria Sometida A Las Reglas Del Mercado\",\"datePublished\":\"2011-11-14T23:48:00+00:00\",\"dateModified\":\"2022-09-23T20:53:33+00:00\",\"mainEntityOfPage\":{\"@id\":\"https:\\\/\\\/www.fraczinet.cl\\\/sitio\\\/fondo-del-libro-la-creacion-literaria-sometida-a-las-reglas-del-mercado\\\/\"},\"wordCount\":611,\"commentCount\":0,\"image\":{\"@id\":\"https:\\\/\\\/www.fraczinet.cl\\\/sitio\\\/fondo-del-libro-la-creacion-literaria-sometida-a-las-reglas-del-mercado\\\/#primaryimage\"},\"thumbnailUrl\":\"https:\\\/\\\/www.fraczinet.cl\\\/sitio\\\/wp-content\\\/uploads\\\/2011\\\/11\\\/Fondos-de-cultura.png\",\"articleSection\":[\"Fondos Concursables\",\"Libros\"],\"inLanguage\":\"es\",\"potentialAction\":[{\"@type\":\"CommentAction\",\"name\":\"Comment\",\"target\":[\"https:\\\/\\\/www.fraczinet.cl\\\/sitio\\\/fondo-del-libro-la-creacion-literaria-sometida-a-las-reglas-del-mercado\\\/#respond\"]}]},{\"@type\":\"WebPage\",\"@id\":\"https:\\\/\\\/www.fraczinet.cl\\\/sitio\\\/fondo-del-libro-la-creacion-literaria-sometida-a-las-reglas-del-mercado\\\/\",\"url\":\"https:\\\/\\\/www.fraczinet.cl\\\/sitio\\\/fondo-del-libro-la-creacion-literaria-sometida-a-las-reglas-del-mercado\\\/\",\"name\":\"Fondo Del Libro: La Creaci\u00f3n Literaria Sometida A Las Reglas Del Mercado - Nuestro Bio B\u00edo\",\"isPartOf\":{\"@id\":\"https:\\\/\\\/www.fraczinet.cl\\\/sitio\\\/#website\"},\"primaryImageOfPage\":{\"@id\":\"https:\\\/\\\/www.fraczinet.cl\\\/sitio\\\/fondo-del-libro-la-creacion-literaria-sometida-a-las-reglas-del-mercado\\\/#primaryimage\"},\"image\":{\"@id\":\"https:\\\/\\\/www.fraczinet.cl\\\/sitio\\\/fondo-del-libro-la-creacion-literaria-sometida-a-las-reglas-del-mercado\\\/#primaryimage\"},\"thumbnailUrl\":\"https:\\\/\\\/www.fraczinet.cl\\\/sitio\\\/wp-content\\\/uploads\\\/2011\\\/11\\\/Fondos-de-cultura.png\",\"datePublished\":\"2011-11-14T23:48:00+00:00\",\"dateModified\":\"2022-09-23T20:53:33+00:00\",\"author\":{\"@id\":\"\"},\"breadcrumb\":{\"@id\":\"https:\\\/\\\/www.fraczinet.cl\\\/sitio\\\/fondo-del-libro-la-creacion-literaria-sometida-a-las-reglas-del-mercado\\\/#breadcrumb\"},\"inLanguage\":\"es\",\"potentialAction\":[{\"@type\":\"ReadAction\",\"target\":[\"https:\\\/\\\/www.fraczinet.cl\\\/sitio\\\/fondo-del-libro-la-creacion-literaria-sometida-a-las-reglas-del-mercado\\\/\"]}]},{\"@type\":\"ImageObject\",\"inLanguage\":\"es\",\"@id\":\"https:\\\/\\\/www.fraczinet.cl\\\/sitio\\\/fondo-del-libro-la-creacion-literaria-sometida-a-las-reglas-del-mercado\\\/#primaryimage\",\"url\":\"https:\\\/\\\/www.fraczinet.cl\\\/sitio\\\/wp-content\\\/uploads\\\/2011\\\/11\\\/Fondos-de-cultura.png\",\"contentUrl\":\"https:\\\/\\\/www.fraczinet.cl\\\/sitio\\\/wp-content\\\/uploads\\\/2011\\\/11\\\/Fondos-de-cultura.png\",\"width\":300,\"height\":168},{\"@type\":\"BreadcrumbList\",\"@id\":\"https:\\\/\\\/www.fraczinet.cl\\\/sitio\\\/fondo-del-libro-la-creacion-literaria-sometida-a-las-reglas-del-mercado\\\/#breadcrumb\",\"itemListElement\":[{\"@type\":\"ListItem\",\"position\":1,\"name\":\"Portada\",\"item\":\"https:\\\/\\\/www.fraczinet.cl\\\/sitio\\\/\"},{\"@type\":\"ListItem\",\"position\":2,\"name\":\"Fondo Del Libro: La Creaci\u00f3n Literaria Sometida A Las Reglas Del Mercado\"}]},{\"@type\":\"WebSite\",\"@id\":\"https:\\\/\\\/www.fraczinet.cl\\\/sitio\\\/#website\",\"url\":\"https:\\\/\\\/www.fraczinet.cl\\\/sitio\\\/\",\"name\":\"Nuestro Bio B\u00edo\",\"description\":\"Tierra de Encuentros\",\"potentialAction\":[{\"@type\":\"SearchAction\",\"target\":{\"@type\":\"EntryPoint\",\"urlTemplate\":\"https:\\\/\\\/www.fraczinet.cl\\\/sitio\\\/?s={search_term_string}\"},\"query-input\":{\"@type\":\"PropertyValueSpecification\",\"valueRequired\":true,\"valueName\":\"search_term_string\"}}],\"inLanguage\":\"es\"},{\"@type\":\"Person\",\"@id\":\"\"}]}<\/script>\n<!-- \/ Yoast SEO plugin. -->","yoast_head_json":{"title":"Fondo Del Libro: La Creaci\u00f3n Literaria Sometida A Las Reglas Del Mercado - Nuestro Bio B\u00edo","robots":{"index":"index","follow":"follow","max-snippet":"max-snippet:-1","max-image-preview":"max-image-preview:large","max-video-preview":"max-video-preview:-1"},"canonical":"https:\/\/www.fraczinet.cl\/sitio\/fondo-del-libro-la-creacion-literaria-sometida-a-las-reglas-del-mercado\/","og_locale":"es_ES","og_type":"article","og_title":"Fondo Del Libro: La Creaci\u00f3n Literaria Sometida A Las Reglas Del Mercado - Nuestro Bio B\u00edo","og_description":"DECLARACI\u00d3N SOCIEDAD DE ESCRITORES DE CHILE Y LETRAS DE CHILE: La Sociedad de Escritores de Chile y la Corporaci\u00f3n Letras de Chile comunican al p\u00fablico en general y muy especialmente a la comunidad art\u00edstica y literaria, nuestra m\u00e1s absoluta disconformidad con las nuevas bases de postulaci\u00f3n que el Consejo del Libro y la Lectura, dependiente [&hellip;]","og_url":"https:\/\/www.fraczinet.cl\/sitio\/fondo-del-libro-la-creacion-literaria-sometida-a-las-reglas-del-mercado\/","og_site_name":"Nuestro Bio B\u00edo","article_publisher":"https:\/\/www.facebook.com\/groups\/15721414452\/","article_published_time":"2011-11-14T23:48:00+00:00","article_modified_time":"2022-09-23T20:53:33+00:00","og_image":[{"width":300,"height":168,"url":"https:\/\/www.fraczinet.cl\/sitio\/wp-content\/uploads\/2011\/11\/Fondos-de-cultura.png","type":"image\/png"}],"twitter_card":"summary_large_image","twitter_creator":"@nuestrobiobio","twitter_site":"@nuestrobiobio","twitter_misc":{"Escrito por":"","Tiempo de lectura":"3 minutos"},"schema":{"@context":"https:\/\/schema.org","@graph":[{"@type":"Article","@id":"https:\/\/www.fraczinet.cl\/sitio\/fondo-del-libro-la-creacion-literaria-sometida-a-las-reglas-del-mercado\/#article","isPartOf":{"@id":"https:\/\/www.fraczinet.cl\/sitio\/fondo-del-libro-la-creacion-literaria-sometida-a-las-reglas-del-mercado\/"},"author":{"name":"","@id":""},"headline":"Fondo Del Libro: La Creaci\u00f3n Literaria Sometida A Las Reglas Del Mercado","datePublished":"2011-11-14T23:48:00+00:00","dateModified":"2022-09-23T20:53:33+00:00","mainEntityOfPage":{"@id":"https:\/\/www.fraczinet.cl\/sitio\/fondo-del-libro-la-creacion-literaria-sometida-a-las-reglas-del-mercado\/"},"wordCount":611,"commentCount":0,"image":{"@id":"https:\/\/www.fraczinet.cl\/sitio\/fondo-del-libro-la-creacion-literaria-sometida-a-las-reglas-del-mercado\/#primaryimage"},"thumbnailUrl":"https:\/\/www.fraczinet.cl\/sitio\/wp-content\/uploads\/2011\/11\/Fondos-de-cultura.png","articleSection":["Fondos Concursables","Libros"],"inLanguage":"es","potentialAction":[{"@type":"CommentAction","name":"Comment","target":["https:\/\/www.fraczinet.cl\/sitio\/fondo-del-libro-la-creacion-literaria-sometida-a-las-reglas-del-mercado\/#respond"]}]},{"@type":"WebPage","@id":"https:\/\/www.fraczinet.cl\/sitio\/fondo-del-libro-la-creacion-literaria-sometida-a-las-reglas-del-mercado\/","url":"https:\/\/www.fraczinet.cl\/sitio\/fondo-del-libro-la-creacion-literaria-sometida-a-las-reglas-del-mercado\/","name":"Fondo Del Libro: La Creaci\u00f3n Literaria Sometida A Las Reglas Del Mercado - Nuestro Bio B\u00edo","isPartOf":{"@id":"https:\/\/www.fraczinet.cl\/sitio\/#website"},"primaryImageOfPage":{"@id":"https:\/\/www.fraczinet.cl\/sitio\/fondo-del-libro-la-creacion-literaria-sometida-a-las-reglas-del-mercado\/#primaryimage"},"image":{"@id":"https:\/\/www.fraczinet.cl\/sitio\/fondo-del-libro-la-creacion-literaria-sometida-a-las-reglas-del-mercado\/#primaryimage"},"thumbnailUrl":"https:\/\/www.fraczinet.cl\/sitio\/wp-content\/uploads\/2011\/11\/Fondos-de-cultura.png","datePublished":"2011-11-14T23:48:00+00:00","dateModified":"2022-09-23T20:53:33+00:00","author":{"@id":""},"breadcrumb":{"@id":"https:\/\/www.fraczinet.cl\/sitio\/fondo-del-libro-la-creacion-literaria-sometida-a-las-reglas-del-mercado\/#breadcrumb"},"inLanguage":"es","potentialAction":[{"@type":"ReadAction","target":["https:\/\/www.fraczinet.cl\/sitio\/fondo-del-libro-la-creacion-literaria-sometida-a-las-reglas-del-mercado\/"]}]},{"@type":"ImageObject","inLanguage":"es","@id":"https:\/\/www.fraczinet.cl\/sitio\/fondo-del-libro-la-creacion-literaria-sometida-a-las-reglas-del-mercado\/#primaryimage","url":"https:\/\/www.fraczinet.cl\/sitio\/wp-content\/uploads\/2011\/11\/Fondos-de-cultura.png","contentUrl":"https:\/\/www.fraczinet.cl\/sitio\/wp-content\/uploads\/2011\/11\/Fondos-de-cultura.png","width":300,"height":168},{"@type":"BreadcrumbList","@id":"https:\/\/www.fraczinet.cl\/sitio\/fondo-del-libro-la-creacion-literaria-sometida-a-las-reglas-del-mercado\/#breadcrumb","itemListElement":[{"@type":"ListItem","position":1,"name":"Portada","item":"https:\/\/www.fraczinet.cl\/sitio\/"},{"@type":"ListItem","position":2,"name":"Fondo Del Libro: La Creaci\u00f3n Literaria Sometida A Las Reglas Del Mercado"}]},{"@type":"WebSite","@id":"https:\/\/www.fraczinet.cl\/sitio\/#website","url":"https:\/\/www.fraczinet.cl\/sitio\/","name":"Nuestro Bio B\u00edo","description":"Tierra de Encuentros","potentialAction":[{"@type":"SearchAction","target":{"@type":"EntryPoint","urlTemplate":"https:\/\/www.fraczinet.cl\/sitio\/?s={search_term_string}"},"query-input":{"@type":"PropertyValueSpecification","valueRequired":true,"valueName":"search_term_string"}}],"inLanguage":"es"},{"@type":"Person","@id":""}]}},"_links":{"self":[{"href":"https:\/\/www.fraczinet.cl\/sitio\/wp-json\/wp\/v2\/posts\/5998","targetHints":{"allow":["GET"]}}],"collection":[{"href":"https:\/\/www.fraczinet.cl\/sitio\/wp-json\/wp\/v2\/posts"}],"about":[{"href":"https:\/\/www.fraczinet.cl\/sitio\/wp-json\/wp\/v2\/types\/post"}],"author":[{"embeddable":true,"href":"https:\/\/www.fraczinet.cl\/sitio\/wp-json\/wp\/v2\/users\/1"}],"replies":[{"embeddable":true,"href":"https:\/\/www.fraczinet.cl\/sitio\/wp-json\/wp\/v2\/comments?post=5998"}],"version-history":[{"count":1,"href":"https:\/\/www.fraczinet.cl\/sitio\/wp-json\/wp\/v2\/posts\/5998\/revisions"}],"predecessor-version":[{"id":13237,"href":"https:\/\/www.fraczinet.cl\/sitio\/wp-json\/wp\/v2\/posts\/5998\/revisions\/13237"}],"wp:featuredmedia":[{"embeddable":true,"href":"https:\/\/www.fraczinet.cl\/sitio\/wp-json\/wp\/v2\/media\/13236"}],"wp:attachment":[{"href":"https:\/\/www.fraczinet.cl\/sitio\/wp-json\/wp\/v2\/media?parent=5998"}],"wp:term":[{"taxonomy":"category","embeddable":true,"href":"https:\/\/www.fraczinet.cl\/sitio\/wp-json\/wp\/v2\/categories?post=5998"},{"taxonomy":"post_tag","embeddable":true,"href":"https:\/\/www.fraczinet.cl\/sitio\/wp-json\/wp\/v2\/tags?post=5998"}],"curies":[{"name":"wp","href":"https:\/\/api.w.org\/{rel}","templated":true}]}}