{"id":5999,"date":"2011-11-14T23:05:00","date_gmt":"2011-11-14T23:05:00","guid":{"rendered":"https:\/\/www.fraczinet.cl\/sitio\/2011\/11\/14\/obesidad-causas-y-efectos-de-una-pandemia-mundial\/"},"modified":"2022-10-05T20:46:10","modified_gmt":"2022-10-05T20:46:10","slug":"obesidad-causas-y-efectos-de-una-pandemia-mundial","status":"publish","type":"post","link":"https:\/\/www.fraczinet.cl\/sitio\/2011\/11\/14\/obesidad-causas-y-efectos-de-una-pandemia-mundial\/","title":{"rendered":"Obesidad: Causas Y Efectos De Una Pandemia Mundial"},"content":{"rendered":"<p><a href=\"http:\/\/4.bp.blogspot.com\/-M1Miaus3qR8\/TsGfep7-6qI\/AAAAAAAATvQ\/46GIrRoiIP4\/s1600\/caf%25C3%25A9s%2Bcientificos.jpg\"><img decoding=\"async\" alt=\"\" border=\"0\" id=\"BLOGGER_PHOTO_ID_5674992354465868450\" src=\"http:\/\/4.bp.blogspot.com\/-M1Miaus3qR8\/TsGfep7-6qI\/AAAAAAAATvQ\/46GIrRoiIP4\/s320\/caf%25C3%25A9s%2Bcientificos.jpg\" style=\"cursor: pointer; float: left; height: 143px; margin: 0px 10px 10px 0px; width: 180px;\" \/><\/a>El Centro de Biotecnolog\u00eda UdeC, el Programa EXPLORA CONICYT Regi\u00f3n del B\u00edo B\u00edo y la Direcci\u00f3n de Extensi\u00f3n de la Universidad de Concepci\u00f3n, invitan al Caf\u00e9 Cient\u00edfico \u00abObesidad: causas y efectos de una pandemia mundial\u00bb a realizarse el pr\u00f3ximo jueves 17 de noviembre a las 19:00 hrs. en la Biblioteca Municipal de Concepci\u00f3n.  Para este caf\u00e9, conversaremos con la Dra. Sylvia Asenjo, Directora del Programa de Estrategia contra la Obesidad y acad\u00e9mica del Departamento de Pediatr\u00eda, Facultad de Medicina, Universidad de Concepci\u00f3n.&nbsp;<\/p>\n<div><\/div>\n<div>La obesidad es considerada una enfermedad cr\u00f3nica, que produce un exceso de grasa en el cuerpo y un aumento en el peso del individuo. Las consecuencias de la obesidad son variadas y pueden ser graves: diabetes mellitus, hipertensi\u00f3n arterial, incremento del colesterol y triglic\u00e9ridos, aumento en el riesgo de los infartos card\u00edacos, accidentes vasculares cerebrales, algunos tipos de c\u00e1nceres y enfermedades osteoarticulares. En nuestra regi\u00f3n, en poblaciones infantiles, casi un tercio tiene sobrepeso u obesidad. Las cifras de obesidad preocupan en todo el mundo, en especial en pa\u00edses desarrollados o que se acercan al desarrollo, porque implican gastos millonarios en salud que pueden ser evitados con prevenci\u00f3n y buena nutrici\u00f3n. \u00bfqu\u00e9 factores nos empujan a la obesidad? \u00bfpor qu\u00e9 es importante prevenir?  \u00a1Los esperamos!&nbsp;<\/p>\n<div><span style=\"font-weight: bold;\"><br \/><\/span><\/div>\n<div><span style=\"font-weight: bold;\">Fecha<\/span>: jueves, 17 de noviembre \u00b7 19:00 &#8211; 20:30&nbsp;<\/div>\n<div><span style=\"font-weight: bold;\">Lugar<\/span>: Biblioteca Municipal, V\u00edctor Lamas esquina Caupolic\u00e1n, Concepci\u00f3n.&nbsp;<\/div>\n<\/div>\n","protected":false},"excerpt":{"rendered":"<p>El Centro de Biotecnolog\u00eda UdeC, el Programa EXPLORA CONICYT Regi\u00f3n del B\u00edo B\u00edo y la Direcci\u00f3n de Extensi\u00f3n de la Universidad de Concepci\u00f3n, invitan al Caf\u00e9 Cient\u00edfico \u00abObesidad: causas y efectos de una pandemia mundial\u00bb a realizarse el pr\u00f3ximo jueves 17 de noviembre a las 19:00 hrs. en la Biblioteca Municipal de Concepci\u00f3n. Para este [&hellip;]<\/p>\n","protected":false},"author":1,"featured_media":0,"comment_status":"open","ping_status":"open","sticky":false,"template":"","format":"standard","meta":{"footnotes":""},"categories":[180],"tags":[],"class_list":["post-5999","post","type-post","status-publish","format-standard","hentry","category-salud"],"yoast_head":"<!-- This site is optimized with the Yoast SEO plugin v25.0 - https:\/\/yoast.com\/wordpress\/plugins\/seo\/ -->\n<title>Obesidad: Causas Y Efectos De Una Pandemia Mundial - Nuestro Bio B\u00edo<\/title>\n<meta name=\"robots\" content=\"index, follow, max-snippet:-1, max-image-preview:large, max-video-preview:-1\" \/>\n<link rel=\"canonical\" href=\"https:\/\/www.fraczinet.cl\/sitio\/2011\/11\/14\/obesidad-causas-y-efectos-de-una-pandemia-mundial\/\" \/>\n<meta property=\"og:locale\" content=\"es_ES\" \/>\n<meta property=\"og:type\" content=\"article\" \/>\n<meta property=\"og:title\" content=\"Obesidad: Causas Y Efectos De Una Pandemia Mundial - Nuestro Bio B\u00edo\" \/>\n<meta property=\"og:description\" content=\"El Centro de Biotecnolog\u00eda UdeC, el Programa EXPLORA CONICYT Regi\u00f3n del B\u00edo B\u00edo y la Direcci\u00f3n de Extensi\u00f3n de la Universidad de Concepci\u00f3n, invitan al Caf\u00e9 Cient\u00edfico \u00abObesidad: causas y efectos de una pandemia mundial\u00bb a realizarse el pr\u00f3ximo jueves 17 de noviembre a las 19:00 hrs. en la Biblioteca Municipal de Concepci\u00f3n. Para este [&hellip;]\" \/>\n<meta property=\"og:url\" content=\"https:\/\/www.fraczinet.cl\/sitio\/2011\/11\/14\/obesidad-causas-y-efectos-de-una-pandemia-mundial\/\" \/>\n<meta property=\"og:site_name\" content=\"Nuestro Bio B\u00edo\" \/>\n<meta property=\"article:published_time\" content=\"2011-11-14T23:05:00+00:00\" \/>\n<meta property=\"article:modified_time\" content=\"2022-10-05T20:46:10+00:00\" \/>\n<meta property=\"og:image\" content=\"http:\/\/4.bp.blogspot.com\/-M1Miaus3qR8\/TsGfep7-6qI\/AAAAAAAATvQ\/46GIrRoiIP4\/s320\/caf%25C3%25A9s%2Bcientificos.jpg\" \/>\n<meta name=\"author\" content=\"admin\" \/>\n<meta name=\"twitter:card\" content=\"summary_large_image\" \/>\n<meta name=\"twitter:creator\" content=\"@nuestrobiobio\" \/>\n<meta name=\"twitter:site\" content=\"@nuestrobiobio\" \/>\n<meta name=\"twitter:label1\" content=\"Escrito por\" \/>\n\t<meta name=\"twitter:data1\" content=\"admin\" \/>\n\t<meta name=\"twitter:label2\" content=\"Tiempo de lectura\" \/>\n\t<meta name=\"twitter:data2\" content=\"1 minuto\" \/>\n<script type=\"application\/ld+json\" class=\"yoast-schema-graph\">{\"@context\":\"https:\/\/schema.org\",\"@graph\":[{\"@type\":\"Article\",\"@id\":\"https:\/\/www.fraczinet.cl\/sitio\/2011\/11\/14\/obesidad-causas-y-efectos-de-una-pandemia-mundial\/#article\",\"isPartOf\":{\"@id\":\"https:\/\/www.fraczinet.cl\/sitio\/2011\/11\/14\/obesidad-causas-y-efectos-de-una-pandemia-mundial\/\"},\"author\":{\"name\":\"admin\",\"@id\":\"https:\/\/www.fraczinet.cl\/sitio\/#\/schema\/person\/bc30f98e9cb10ae7e119dbe14bc93784\"},\"headline\":\"Obesidad: Causas Y Efectos De Una Pandemia Mundial\",\"datePublished\":\"2011-11-14T23:05:00+00:00\",\"dateModified\":\"2022-10-05T20:46:10+00:00\",\"mainEntityOfPage\":{\"@id\":\"https:\/\/www.fraczinet.cl\/sitio\/2011\/11\/14\/obesidad-causas-y-efectos-de-una-pandemia-mundial\/\"},\"wordCount\":254,\"commentCount\":0,\"publisher\":{\"@id\":\"https:\/\/www.fraczinet.cl\/sitio\/#\/schema\/person\/aec8ee4da68df2b9b0eefdad24a0d582\"},\"image\":{\"@id\":\"https:\/\/www.fraczinet.cl\/sitio\/2011\/11\/14\/obesidad-causas-y-efectos-de-una-pandemia-mundial\/#primaryimage\"},\"thumbnailUrl\":\"http:\/\/4.bp.blogspot.com\/-M1Miaus3qR8\/TsGfep7-6qI\/AAAAAAAATvQ\/46GIrRoiIP4\/s320\/caf%25C3%25A9s%2Bcientificos.jpg\",\"articleSection\":[\"Salud\"],\"inLanguage\":\"es\",\"potentialAction\":[{\"@type\":\"CommentAction\",\"name\":\"Comment\",\"target\":[\"https:\/\/www.fraczinet.cl\/sitio\/2011\/11\/14\/obesidad-causas-y-efectos-de-una-pandemia-mundial\/#respond\"]}]},{\"@type\":\"WebPage\",\"@id\":\"https:\/\/www.fraczinet.cl\/sitio\/2011\/11\/14\/obesidad-causas-y-efectos-de-una-pandemia-mundial\/\",\"url\":\"https:\/\/www.fraczinet.cl\/sitio\/2011\/11\/14\/obesidad-causas-y-efectos-de-una-pandemia-mundial\/\",\"name\":\"Obesidad: Causas Y Efectos De Una Pandemia Mundial - Nuestro Bio B\u00edo\",\"isPartOf\":{\"@id\":\"https:\/\/www.fraczinet.cl\/sitio\/#website\"},\"primaryImageOfPage\":{\"@id\":\"https:\/\/www.fraczinet.cl\/sitio\/2011\/11\/14\/obesidad-causas-y-efectos-de-una-pandemia-mundial\/#primaryimage\"},\"image\":{\"@id\":\"https:\/\/www.fraczinet.cl\/sitio\/2011\/11\/14\/obesidad-causas-y-efectos-de-una-pandemia-mundial\/#primaryimage\"},\"thumbnailUrl\":\"http:\/\/4.bp.blogspot.com\/-M1Miaus3qR8\/TsGfep7-6qI\/AAAAAAAATvQ\/46GIrRoiIP4\/s320\/caf%25C3%25A9s%2Bcientificos.jpg\",\"datePublished\":\"2011-11-14T23:05:00+00:00\",\"dateModified\":\"2022-10-05T20:46:10+00:00\",\"breadcrumb\":{\"@id\":\"https:\/\/www.fraczinet.cl\/sitio\/2011\/11\/14\/obesidad-causas-y-efectos-de-una-pandemia-mundial\/#breadcrumb\"},\"inLanguage\":\"es\",\"potentialAction\":[{\"@type\":\"ReadAction\",\"target\":[\"https:\/\/www.fraczinet.cl\/sitio\/2011\/11\/14\/obesidad-causas-y-efectos-de-una-pandemia-mundial\/\"]}]},{\"@type\":\"ImageObject\",\"inLanguage\":\"es\",\"@id\":\"https:\/\/www.fraczinet.cl\/sitio\/2011\/11\/14\/obesidad-causas-y-efectos-de-una-pandemia-mundial\/#primaryimage\",\"url\":\"http:\/\/4.bp.blogspot.com\/-M1Miaus3qR8\/TsGfep7-6qI\/AAAAAAAATvQ\/46GIrRoiIP4\/s320\/caf%25C3%25A9s%2Bcientificos.jpg\",\"contentUrl\":\"http:\/\/4.bp.blogspot.com\/-M1Miaus3qR8\/TsGfep7-6qI\/AAAAAAAATvQ\/46GIrRoiIP4\/s320\/caf%25C3%25A9s%2Bcientificos.jpg\"},{\"@type\":\"BreadcrumbList\",\"@id\":\"https:\/\/www.fraczinet.cl\/sitio\/2011\/11\/14\/obesidad-causas-y-efectos-de-una-pandemia-mundial\/#breadcrumb\",\"itemListElement\":[{\"@type\":\"ListItem\",\"position\":1,\"name\":\"Portada\",\"item\":\"https:\/\/www.fraczinet.cl\/sitio\/\"},{\"@type\":\"ListItem\",\"position\":2,\"name\":\"Obesidad: Causas Y Efectos De Una Pandemia Mundial\"}]},{\"@type\":\"WebSite\",\"@id\":\"https:\/\/www.fraczinet.cl\/sitio\/#website\",\"url\":\"https:\/\/www.fraczinet.cl\/sitio\/\",\"name\":\"Nuestro Bio B\u00edo\",\"description\":\"Tierra de Encuentros\",\"publisher\":{\"@id\":\"https:\/\/www.fraczinet.cl\/sitio\/#\/schema\/person\/aec8ee4da68df2b9b0eefdad24a0d582\"},\"potentialAction\":[{\"@type\":\"SearchAction\",\"target\":{\"@type\":\"EntryPoint\",\"urlTemplate\":\"https:\/\/www.fraczinet.cl\/sitio\/?s={search_term_string}\"},\"query-input\":{\"@type\":\"PropertyValueSpecification\",\"valueRequired\":true,\"valueName\":\"search_term_string\"}}],\"inLanguage\":\"es\"},{\"@type\":[\"Person\",\"Organization\"],\"@id\":\"https:\/\/www.fraczinet.cl\/sitio\/#\/schema\/person\/aec8ee4da68df2b9b0eefdad24a0d582\",\"name\":\"Luis Fernando Fraczinet\",\"image\":{\"@type\":\"ImageObject\",\"inLanguage\":\"es\",\"@id\":\"https:\/\/www.fraczinet.cl\/sitio\/#\/schema\/person\/image\/\",\"url\":\"https:\/\/www.fraczinet.cl\/sitio\/wp-content\/uploads\/2021\/07\/bannerlogo-1.gif\",\"contentUrl\":\"https:\/\/www.fraczinet.cl\/sitio\/wp-content\/uploads\/2021\/07\/bannerlogo-1.gif\",\"width\":159,\"height\":79,\"caption\":\"Luis Fernando Fraczinet\"},\"logo\":{\"@id\":\"https:\/\/www.fraczinet.cl\/sitio\/#\/schema\/person\/image\/\"},\"sameAs\":[\"https:\/\/www.fraczinet.cl\/sitio\/\"]},{\"@type\":\"Person\",\"@id\":\"https:\/\/www.fraczinet.cl\/sitio\/#\/schema\/person\/bc30f98e9cb10ae7e119dbe14bc93784\",\"name\":\"admin\",\"image\":{\"@type\":\"ImageObject\",\"inLanguage\":\"es\",\"@id\":\"https:\/\/www.fraczinet.cl\/sitio\/#\/schema\/person\/image\/\",\"url\":\"https:\/\/secure.gravatar.com\/avatar\/d5ad3cf7ef3b23a2bb5be73be780c86b2fc8545c3ad6b149f3913ff458c00099?s=96&d=mm&r=g\",\"contentUrl\":\"https:\/\/secure.gravatar.com\/avatar\/d5ad3cf7ef3b23a2bb5be73be780c86b2fc8545c3ad6b149f3913ff458c00099?s=96&d=mm&r=g\",\"caption\":\"admin\"},\"sameAs\":[\"https:\/\/www.fraczinet.cl\/sitio\"]}]}<\/script>\n<!-- \/ Yoast SEO plugin. -->","yoast_head_json":{"title":"Obesidad: Causas Y Efectos De Una Pandemia Mundial - Nuestro Bio B\u00edo","robots":{"index":"index","follow":"follow","max-snippet":"max-snippet:-1","max-image-preview":"max-image-preview:large","max-video-preview":"max-video-preview:-1"},"canonical":"https:\/\/www.fraczinet.cl\/sitio\/2011\/11\/14\/obesidad-causas-y-efectos-de-una-pandemia-mundial\/","og_locale":"es_ES","og_type":"article","og_title":"Obesidad: Causas Y Efectos De Una Pandemia Mundial - Nuestro Bio B\u00edo","og_description":"El Centro de Biotecnolog\u00eda UdeC, el Programa EXPLORA CONICYT Regi\u00f3n del B\u00edo B\u00edo y la Direcci\u00f3n de Extensi\u00f3n de la Universidad de Concepci\u00f3n, invitan al Caf\u00e9 Cient\u00edfico \u00abObesidad: causas y efectos de una pandemia mundial\u00bb a realizarse el pr\u00f3ximo jueves 17 de noviembre a las 19:00 hrs. en la Biblioteca Municipal de Concepci\u00f3n. Para este [&hellip;]","og_url":"https:\/\/www.fraczinet.cl\/sitio\/2011\/11\/14\/obesidad-causas-y-efectos-de-una-pandemia-mundial\/","og_site_name":"Nuestro Bio B\u00edo","article_published_time":"2011-11-14T23:05:00+00:00","article_modified_time":"2022-10-05T20:46:10+00:00","og_image":[{"url":"http:\/\/4.bp.blogspot.com\/-M1Miaus3qR8\/TsGfep7-6qI\/AAAAAAAATvQ\/46GIrRoiIP4\/s320\/caf%25C3%25A9s%2Bcientificos.jpg","type":"","width":"","height":""}],"author":"admin","twitter_card":"summary_large_image","twitter_creator":"@nuestrobiobio","twitter_site":"@nuestrobiobio","twitter_misc":{"Escrito por":"admin","Tiempo de lectura":"1 minuto"},"schema":{"@context":"https:\/\/schema.org","@graph":[{"@type":"Article","@id":"https:\/\/www.fraczinet.cl\/sitio\/2011\/11\/14\/obesidad-causas-y-efectos-de-una-pandemia-mundial\/#article","isPartOf":{"@id":"https:\/\/www.fraczinet.cl\/sitio\/2011\/11\/14\/obesidad-causas-y-efectos-de-una-pandemia-mundial\/"},"author":{"name":"admin","@id":"https:\/\/www.fraczinet.cl\/sitio\/#\/schema\/person\/bc30f98e9cb10ae7e119dbe14bc93784"},"headline":"Obesidad: Causas Y Efectos De Una Pandemia Mundial","datePublished":"2011-11-14T23:05:00+00:00","dateModified":"2022-10-05T20:46:10+00:00","mainEntityOfPage":{"@id":"https:\/\/www.fraczinet.cl\/sitio\/2011\/11\/14\/obesidad-causas-y-efectos-de-una-pandemia-mundial\/"},"wordCount":254,"commentCount":0,"publisher":{"@id":"https:\/\/www.fraczinet.cl\/sitio\/#\/schema\/person\/aec8ee4da68df2b9b0eefdad24a0d582"},"image":{"@id":"https:\/\/www.fraczinet.cl\/sitio\/2011\/11\/14\/obesidad-causas-y-efectos-de-una-pandemia-mundial\/#primaryimage"},"thumbnailUrl":"http:\/\/4.bp.blogspot.com\/-M1Miaus3qR8\/TsGfep7-6qI\/AAAAAAAATvQ\/46GIrRoiIP4\/s320\/caf%25C3%25A9s%2Bcientificos.jpg","articleSection":["Salud"],"inLanguage":"es","potentialAction":[{"@type":"CommentAction","name":"Comment","target":["https:\/\/www.fraczinet.cl\/sitio\/2011\/11\/14\/obesidad-causas-y-efectos-de-una-pandemia-mundial\/#respond"]}]},{"@type":"WebPage","@id":"https:\/\/www.fraczinet.cl\/sitio\/2011\/11\/14\/obesidad-causas-y-efectos-de-una-pandemia-mundial\/","url":"https:\/\/www.fraczinet.cl\/sitio\/2011\/11\/14\/obesidad-causas-y-efectos-de-una-pandemia-mundial\/","name":"Obesidad: Causas Y Efectos De Una Pandemia Mundial - Nuestro Bio B\u00edo","isPartOf":{"@id":"https:\/\/www.fraczinet.cl\/sitio\/#website"},"primaryImageOfPage":{"@id":"https:\/\/www.fraczinet.cl\/sitio\/2011\/11\/14\/obesidad-causas-y-efectos-de-una-pandemia-mundial\/#primaryimage"},"image":{"@id":"https:\/\/www.fraczinet.cl\/sitio\/2011\/11\/14\/obesidad-causas-y-efectos-de-una-pandemia-mundial\/#primaryimage"},"thumbnailUrl":"http:\/\/4.bp.blogspot.com\/-M1Miaus3qR8\/TsGfep7-6qI\/AAAAAAAATvQ\/46GIrRoiIP4\/s320\/caf%25C3%25A9s%2Bcientificos.jpg","datePublished":"2011-11-14T23:05:00+00:00","dateModified":"2022-10-05T20:46:10+00:00","breadcrumb":{"@id":"https:\/\/www.fraczinet.cl\/sitio\/2011\/11\/14\/obesidad-causas-y-efectos-de-una-pandemia-mundial\/#breadcrumb"},"inLanguage":"es","potentialAction":[{"@type":"ReadAction","target":["https:\/\/www.fraczinet.cl\/sitio\/2011\/11\/14\/obesidad-causas-y-efectos-de-una-pandemia-mundial\/"]}]},{"@type":"ImageObject","inLanguage":"es","@id":"https:\/\/www.fraczinet.cl\/sitio\/2011\/11\/14\/obesidad-causas-y-efectos-de-una-pandemia-mundial\/#primaryimage","url":"http:\/\/4.bp.blogspot.com\/-M1Miaus3qR8\/TsGfep7-6qI\/AAAAAAAATvQ\/46GIrRoiIP4\/s320\/caf%25C3%25A9s%2Bcientificos.jpg","contentUrl":"http:\/\/4.bp.blogspot.com\/-M1Miaus3qR8\/TsGfep7-6qI\/AAAAAAAATvQ\/46GIrRoiIP4\/s320\/caf%25C3%25A9s%2Bcientificos.jpg"},{"@type":"BreadcrumbList","@id":"https:\/\/www.fraczinet.cl\/sitio\/2011\/11\/14\/obesidad-causas-y-efectos-de-una-pandemia-mundial\/#breadcrumb","itemListElement":[{"@type":"ListItem","position":1,"name":"Portada","item":"https:\/\/www.fraczinet.cl\/sitio\/"},{"@type":"ListItem","position":2,"name":"Obesidad: Causas Y Efectos De Una Pandemia Mundial"}]},{"@type":"WebSite","@id":"https:\/\/www.fraczinet.cl\/sitio\/#website","url":"https:\/\/www.fraczinet.cl\/sitio\/","name":"Nuestro Bio B\u00edo","description":"Tierra de Encuentros","publisher":{"@id":"https:\/\/www.fraczinet.cl\/sitio\/#\/schema\/person\/aec8ee4da68df2b9b0eefdad24a0d582"},"potentialAction":[{"@type":"SearchAction","target":{"@type":"EntryPoint","urlTemplate":"https:\/\/www.fraczinet.cl\/sitio\/?s={search_term_string}"},"query-input":{"@type":"PropertyValueSpecification","valueRequired":true,"valueName":"search_term_string"}}],"inLanguage":"es"},{"@type":["Person","Organization"],"@id":"https:\/\/www.fraczinet.cl\/sitio\/#\/schema\/person\/aec8ee4da68df2b9b0eefdad24a0d582","name":"Luis Fernando Fraczinet","image":{"@type":"ImageObject","inLanguage":"es","@id":"https:\/\/www.fraczinet.cl\/sitio\/#\/schema\/person\/image\/","url":"https:\/\/www.fraczinet.cl\/sitio\/wp-content\/uploads\/2021\/07\/bannerlogo-1.gif","contentUrl":"https:\/\/www.fraczinet.cl\/sitio\/wp-content\/uploads\/2021\/07\/bannerlogo-1.gif","width":159,"height":79,"caption":"Luis Fernando Fraczinet"},"logo":{"@id":"https:\/\/www.fraczinet.cl\/sitio\/#\/schema\/person\/image\/"},"sameAs":["https:\/\/www.fraczinet.cl\/sitio\/"]},{"@type":"Person","@id":"https:\/\/www.fraczinet.cl\/sitio\/#\/schema\/person\/bc30f98e9cb10ae7e119dbe14bc93784","name":"admin","image":{"@type":"ImageObject","inLanguage":"es","@id":"https:\/\/www.fraczinet.cl\/sitio\/#\/schema\/person\/image\/","url":"https:\/\/secure.gravatar.com\/avatar\/d5ad3cf7ef3b23a2bb5be73be780c86b2fc8545c3ad6b149f3913ff458c00099?s=96&d=mm&r=g","contentUrl":"https:\/\/secure.gravatar.com\/avatar\/d5ad3cf7ef3b23a2bb5be73be780c86b2fc8545c3ad6b149f3913ff458c00099?s=96&d=mm&r=g","caption":"admin"},"sameAs":["https:\/\/www.fraczinet.cl\/sitio"]}]}},"_links":{"self":[{"href":"https:\/\/www.fraczinet.cl\/sitio\/wp-json\/wp\/v2\/posts\/5999","targetHints":{"allow":["GET"]}}],"collection":[{"href":"https:\/\/www.fraczinet.cl\/sitio\/wp-json\/wp\/v2\/posts"}],"about":[{"href":"https:\/\/www.fraczinet.cl\/sitio\/wp-json\/wp\/v2\/types\/post"}],"author":[{"embeddable":true,"href":"https:\/\/www.fraczinet.cl\/sitio\/wp-json\/wp\/v2\/users\/1"}],"replies":[{"embeddable":true,"href":"https:\/\/www.fraczinet.cl\/sitio\/wp-json\/wp\/v2\/comments?post=5999"}],"version-history":[{"count":1,"href":"https:\/\/www.fraczinet.cl\/sitio\/wp-json\/wp\/v2\/posts\/5999\/revisions"}],"predecessor-version":[{"id":14065,"href":"https:\/\/www.fraczinet.cl\/sitio\/wp-json\/wp\/v2\/posts\/5999\/revisions\/14065"}],"wp:attachment":[{"href":"https:\/\/www.fraczinet.cl\/sitio\/wp-json\/wp\/v2\/media?parent=5999"}],"wp:term":[{"taxonomy":"category","embeddable":true,"href":"https:\/\/www.fraczinet.cl\/sitio\/wp-json\/wp\/v2\/categories?post=5999"},{"taxonomy":"post_tag","embeddable":true,"href":"https:\/\/www.fraczinet.cl\/sitio\/wp-json\/wp\/v2\/tags?post=5999"}],"curies":[{"name":"wp","href":"https:\/\/api.w.org\/{rel}","templated":true}]}}