{"id":6019,"date":"2011-10-27T22:45:00","date_gmt":"2011-10-27T22:45:00","guid":{"rendered":"https:\/\/www.fraczinet.cl\/sitio\/2011\/10\/27\/3-4-y-5-de-noviembre-se-realizara-el-primer-congreso-nacional-de-gestion-cultural\/"},"modified":"2022-09-23T21:01:30","modified_gmt":"2022-09-23T21:01:30","slug":"3-4-y-5-de-noviembre-se-realizara-el-primer-congreso-nacional-de-gestion-cultural","status":"publish","type":"post","link":"https:\/\/www.fraczinet.cl\/sitio\/2011\/10\/27\/3-4-y-5-de-noviembre-se-realizara-el-primer-congreso-nacional-de-gestion-cultural\/","title":{"rendered":"3, 4 y 5 de Noviembre Se Realizar\u00e1 El Primer Congreso Nacional De Gesti\u00f3n Cultural"},"content":{"rendered":"<p><a href=\"http:\/\/3.bp.blogspot.com\/-XKNaNyyWHQk\/TqnfqirpvhI\/AAAAAAAATkw\/yI4JxoffOHk\/s1600\/primer%2Bcongreso%2Bde%2Bgestion%2Bcultural.jpg\"><img decoding=\"async\" id=\"BLOGGER_PHOTO_ID_5668307527979875858\" style=\"display: block; margin: 0px auto 10px; text-align: center; cursor: hand; width: 400px; height: 153px;\" src=\"http:\/\/3.bp.blogspot.com\/-XKNaNyyWHQk\/TqnfqirpvhI\/AAAAAAAATkw\/yI4JxoffOHk\/s400\/primer%2Bcongreso%2Bde%2Bgestion%2Bcultural.jpg\" alt=\"\" border=\"0\" \/><\/a><\/p>\n<p style=\"text-align: justify;\">\n<p style=\"text-align: justify;\">A objeto de estimular y apoyar la participaci\u00f3n de los agentes culturales en el <span style=\"color: #0000ff;\"><strong><a href=\"http:\/\/congresogcchile.wordpress.com\/\"><span style=\"color: #0000ff;\">Primer Congreso Nacional de Gesti\u00f3n Cultural<\/span><\/a><\/strong><\/span>, <em>Escenarios, tensiones y desaf\u00edos de la Gesti\u00f3n Cultural en Chile<\/em>, a realizarse los d\u00edas 3, 4 y 5 de Noviembre de 2011 en la ciudad de Santiago, la Secretar\u00eda t\u00e9cnica del Congreso adjudicar\u00e1 un m\u00e1ximo de <strong>100 ayudas a la participaci\u00f3n<\/strong>.<\/p>\n<p style=\"text-align: justify;\">La ayuda consiste en un descuento de $ 10.000 y $ 5.000 en las categor\u00edas de \u201cgestor cultural\u201d y \u201cestudiante\u201d respectivamente, establecidas en la Convocatoria al Congreso. Estas, buscan favorecer la participaci\u00f3n de los agentes culturales, que contando con el inter\u00e9s en participar, presentan dificultades econ\u00f3micas para solventar los costos de acreditaci\u00f3n. En vista de lo anterior, el costo total de acreditaci\u00f3n por concepto de las ayudas ser\u00e1 de <strong>$ 10.000<\/strong>.-<\/p>\n<p>Ser\u00e1n beneficiarios de las ayudas las personas que re\u00fanan los siguientes requisitos:<\/p>\n<p><span style=\"color: #333399;\"><strong>::<\/strong><\/span> Ser gestor cultural, artista, miembro de alguna organizaci\u00f3n o colectivo cultural interesado en participar en el Congreso y poseer dificultades econ\u00f3micas para costear el pago de la acreditaci\u00f3n normal del Congreso.<\/p>\n<p><span style=\"color: #333399;\"><strong>::<\/strong><\/span> Solicitar el beneficio adjuntando formulario de inscripci\u00f3n completo y cancelar el respectivo monto de inscripci\u00f3n a m\u00e1s tardar el <strong>31 de octubre<\/strong>, por alguno de los medios indicados en la Convocatoria. Descargar Formulario: <span style=\"color: #0000ff;\"><strong><a href=\"http:\/\/congresogcchile.wordpress.com\/inscripciones\/\"><span style=\"color: #0000ff;\">CLIC AQU\u00cd<\/span><\/a><\/strong><\/span><\/p>\n<p>No podr\u00e1n ser objeto del beneficio:<\/p>\n<p style=\"text-align: justify;\"><span style=\"color: #333399;\"><strong>::<\/strong><\/span> Las personas que a la fecha de la presente se hayan inscrito y\/o acreditado en el Congreso en cualquiera de las categor\u00edas establecidas.<\/p>\n<p style=\"text-align: justify;\"><span style=\"color: #333399;\"><strong>::<\/strong><\/span> Los funcionarios p\u00fablicos, gestores culturales o responsables de Corporaciones e instituciones Culturales p\u00fablicas o privadas, acad\u00e9micos y estudiantes de post grado.<\/p>\n<p style=\"text-align: justify;\"><span style=\"color: #333399;\"><strong>::<\/strong><\/span> Los gestores culturales comunitarios, quienes ya poseen el mencionado beneficio, establecido en la Convocatoria desde el inicio del proceso.<\/p>\n<p style=\"text-align: justify;\">Se ponderar\u00e1 positivamente la pertenencia a la Asociaci\u00f3n Nacional de Gestores Culturales de Chile, ANGECU-AG, estudiantes de la Universidad De Los Lagos, de la Carrera de Gesti\u00f3n en Turismo y Cultura de la Universidad de Valpara\u00edso, y los ex alumnos de la Escuela de Gestores y Animadores Culturales, Egac.<\/p>\n<p style=\"text-align: justify;\">Las solicitudes deber\u00e1n ser enviadas al correo <a href=\"mailto:congresogc@gmail.com\">congresogc@gmail.com<\/a> acompa\u00f1adas del formulario de inscripci\u00f3n, indicando en el asunto \u201cpostulaci\u00f3n ayuda a la participaci\u00f3n\u201d.<\/p>\n<p style=\"text-align: justify;\">Atte.<\/p>\n<p>Secretar\u00eda t\u00e9cnica<\/p>\n<p>Primer Congreso Nacional de Gesti\u00f3n Cultural<br \/>\nEscuela de Gestores y Animadores Culturales, EGAC<\/p>\n","protected":false},"excerpt":{"rendered":"<p>A objeto de estimular y apoyar la participaci\u00f3n de los agentes culturales en el Primer Congreso Nacional de Gesti\u00f3n Cultural, Escenarios, tensiones y desaf\u00edos de la Gesti\u00f3n Cultural en Chile, a realizarse los d\u00edas 3, 4 y 5 de Noviembre de 2011 en la ciudad de Santiago, la Secretar\u00eda t\u00e9cnica del Congreso adjudicar\u00e1 un m\u00e1ximo [&hellip;]<\/p>\n","protected":false},"author":1,"featured_media":13245,"comment_status":"open","ping_status":"open","sticky":false,"template":"","format":"standard","meta":{"footnotes":""},"categories":[196,160],"tags":[],"class_list":["post-6019","post","type-post","status-publish","format-standard","has-post-thumbnail","hentry","category-congresos","category-cultura"],"yoast_head":"<!-- This site is optimized with the Yoast SEO plugin v25.0 - https:\/\/yoast.com\/wordpress\/plugins\/seo\/ -->\n<title>3, 4 y 5 de Noviembre Se Realizar\u00e1 El Primer Congreso Nacional De Gesti\u00f3n Cultural - Nuestro Bio B\u00edo<\/title>\n<meta name=\"robots\" content=\"index, follow, max-snippet:-1, max-image-preview:large, max-video-preview:-1\" \/>\n<link rel=\"canonical\" href=\"https:\/\/www.fraczinet.cl\/sitio\/2011\/10\/27\/3-4-y-5-de-noviembre-se-realizara-el-primer-congreso-nacional-de-gestion-cultural\/\" \/>\n<meta property=\"og:locale\" content=\"es_ES\" \/>\n<meta property=\"og:type\" content=\"article\" \/>\n<meta property=\"og:title\" content=\"3, 4 y 5 de Noviembre Se Realizar\u00e1 El Primer Congreso Nacional De Gesti\u00f3n Cultural - Nuestro Bio B\u00edo\" \/>\n<meta property=\"og:description\" content=\"A objeto de estimular y apoyar la participaci\u00f3n de los agentes culturales en el Primer Congreso Nacional de Gesti\u00f3n Cultural, Escenarios, tensiones y desaf\u00edos de la Gesti\u00f3n Cultural en Chile, a realizarse los d\u00edas 3, 4 y 5 de Noviembre de 2011 en la ciudad de Santiago, la Secretar\u00eda t\u00e9cnica del Congreso adjudicar\u00e1 un m\u00e1ximo [&hellip;]\" \/>\n<meta property=\"og:url\" content=\"https:\/\/www.fraczinet.cl\/sitio\/2011\/10\/27\/3-4-y-5-de-noviembre-se-realizara-el-primer-congreso-nacional-de-gestion-cultural\/\" \/>\n<meta property=\"og:site_name\" content=\"Nuestro Bio B\u00edo\" \/>\n<meta property=\"article:published_time\" content=\"2011-10-27T22:45:00+00:00\" \/>\n<meta property=\"article:modified_time\" content=\"2022-09-23T21:01:30+00:00\" \/>\n<meta property=\"og:image\" content=\"https:\/\/www.fraczinet.cl\/sitio\/wp-content\/uploads\/2011\/10\/primer-congreso-de-gestion-cultural.jpg\" \/>\n\t<meta property=\"og:image:width\" content=\"400\" \/>\n\t<meta property=\"og:image:height\" content=\"153\" \/>\n\t<meta property=\"og:image:type\" content=\"image\/jpeg\" \/>\n<meta name=\"author\" content=\"admin\" \/>\n<meta name=\"twitter:card\" content=\"summary_large_image\" \/>\n<meta name=\"twitter:creator\" content=\"@nuestrobiobio\" \/>\n<meta name=\"twitter:site\" content=\"@nuestrobiobio\" \/>\n<meta name=\"twitter:label1\" content=\"Escrito por\" \/>\n\t<meta name=\"twitter:data1\" content=\"admin\" \/>\n\t<meta name=\"twitter:label2\" content=\"Tiempo de lectura\" \/>\n\t<meta name=\"twitter:data2\" content=\"2 minutos\" \/>\n<script type=\"application\/ld+json\" class=\"yoast-schema-graph\">{\"@context\":\"https:\/\/schema.org\",\"@graph\":[{\"@type\":\"Article\",\"@id\":\"https:\/\/www.fraczinet.cl\/sitio\/2011\/10\/27\/3-4-y-5-de-noviembre-se-realizara-el-primer-congreso-nacional-de-gestion-cultural\/#article\",\"isPartOf\":{\"@id\":\"https:\/\/www.fraczinet.cl\/sitio\/2011\/10\/27\/3-4-y-5-de-noviembre-se-realizara-el-primer-congreso-nacional-de-gestion-cultural\/\"},\"author\":{\"name\":\"admin\",\"@id\":\"https:\/\/www.fraczinet.cl\/sitio\/#\/schema\/person\/bc30f98e9cb10ae7e119dbe14bc93784\"},\"headline\":\"3, 4 y 5 de Noviembre Se Realizar\u00e1 El Primer Congreso Nacional De Gesti\u00f3n Cultural\",\"datePublished\":\"2011-10-27T22:45:00+00:00\",\"dateModified\":\"2022-09-23T21:01:30+00:00\",\"mainEntityOfPage\":{\"@id\":\"https:\/\/www.fraczinet.cl\/sitio\/2011\/10\/27\/3-4-y-5-de-noviembre-se-realizara-el-primer-congreso-nacional-de-gestion-cultural\/\"},\"wordCount\":410,\"commentCount\":0,\"publisher\":{\"@id\":\"https:\/\/www.fraczinet.cl\/sitio\/#\/schema\/person\/aec8ee4da68df2b9b0eefdad24a0d582\"},\"image\":{\"@id\":\"https:\/\/www.fraczinet.cl\/sitio\/2011\/10\/27\/3-4-y-5-de-noviembre-se-realizara-el-primer-congreso-nacional-de-gestion-cultural\/#primaryimage\"},\"thumbnailUrl\":\"https:\/\/www.fraczinet.cl\/sitio\/wp-content\/uploads\/2011\/10\/primer-congreso-de-gestion-cultural.jpg\",\"articleSection\":[\"Congresos\",\"Cultura\"],\"inLanguage\":\"es\",\"potentialAction\":[{\"@type\":\"CommentAction\",\"name\":\"Comment\",\"target\":[\"https:\/\/www.fraczinet.cl\/sitio\/2011\/10\/27\/3-4-y-5-de-noviembre-se-realizara-el-primer-congreso-nacional-de-gestion-cultural\/#respond\"]}]},{\"@type\":\"WebPage\",\"@id\":\"https:\/\/www.fraczinet.cl\/sitio\/2011\/10\/27\/3-4-y-5-de-noviembre-se-realizara-el-primer-congreso-nacional-de-gestion-cultural\/\",\"url\":\"https:\/\/www.fraczinet.cl\/sitio\/2011\/10\/27\/3-4-y-5-de-noviembre-se-realizara-el-primer-congreso-nacional-de-gestion-cultural\/\",\"name\":\"3, 4 y 5 de Noviembre Se Realizar\u00e1 El Primer Congreso Nacional De Gesti\u00f3n Cultural - Nuestro Bio B\u00edo\",\"isPartOf\":{\"@id\":\"https:\/\/www.fraczinet.cl\/sitio\/#website\"},\"primaryImageOfPage\":{\"@id\":\"https:\/\/www.fraczinet.cl\/sitio\/2011\/10\/27\/3-4-y-5-de-noviembre-se-realizara-el-primer-congreso-nacional-de-gestion-cultural\/#primaryimage\"},\"image\":{\"@id\":\"https:\/\/www.fraczinet.cl\/sitio\/2011\/10\/27\/3-4-y-5-de-noviembre-se-realizara-el-primer-congreso-nacional-de-gestion-cultural\/#primaryimage\"},\"thumbnailUrl\":\"https:\/\/www.fraczinet.cl\/sitio\/wp-content\/uploads\/2011\/10\/primer-congreso-de-gestion-cultural.jpg\",\"datePublished\":\"2011-10-27T22:45:00+00:00\",\"dateModified\":\"2022-09-23T21:01:30+00:00\",\"breadcrumb\":{\"@id\":\"https:\/\/www.fraczinet.cl\/sitio\/2011\/10\/27\/3-4-y-5-de-noviembre-se-realizara-el-primer-congreso-nacional-de-gestion-cultural\/#breadcrumb\"},\"inLanguage\":\"es\",\"potentialAction\":[{\"@type\":\"ReadAction\",\"target\":[\"https:\/\/www.fraczinet.cl\/sitio\/2011\/10\/27\/3-4-y-5-de-noviembre-se-realizara-el-primer-congreso-nacional-de-gestion-cultural\/\"]}]},{\"@type\":\"ImageObject\",\"inLanguage\":\"es\",\"@id\":\"https:\/\/www.fraczinet.cl\/sitio\/2011\/10\/27\/3-4-y-5-de-noviembre-se-realizara-el-primer-congreso-nacional-de-gestion-cultural\/#primaryimage\",\"url\":\"https:\/\/www.fraczinet.cl\/sitio\/wp-content\/uploads\/2011\/10\/primer-congreso-de-gestion-cultural.jpg\",\"contentUrl\":\"https:\/\/www.fraczinet.cl\/sitio\/wp-content\/uploads\/2011\/10\/primer-congreso-de-gestion-cultural.jpg\",\"width\":400,\"height\":153},{\"@type\":\"BreadcrumbList\",\"@id\":\"https:\/\/www.fraczinet.cl\/sitio\/2011\/10\/27\/3-4-y-5-de-noviembre-se-realizara-el-primer-congreso-nacional-de-gestion-cultural\/#breadcrumb\",\"itemListElement\":[{\"@type\":\"ListItem\",\"position\":1,\"name\":\"Portada\",\"item\":\"https:\/\/www.fraczinet.cl\/sitio\/\"},{\"@type\":\"ListItem\",\"position\":2,\"name\":\"3, 4 y 5 de Noviembre Se Realizar\u00e1 El Primer Congreso Nacional De Gesti\u00f3n Cultural\"}]},{\"@type\":\"WebSite\",\"@id\":\"https:\/\/www.fraczinet.cl\/sitio\/#website\",\"url\":\"https:\/\/www.fraczinet.cl\/sitio\/\",\"name\":\"Nuestro Bio B\u00edo\",\"description\":\"Tierra de Encuentros\",\"publisher\":{\"@id\":\"https:\/\/www.fraczinet.cl\/sitio\/#\/schema\/person\/aec8ee4da68df2b9b0eefdad24a0d582\"},\"potentialAction\":[{\"@type\":\"SearchAction\",\"target\":{\"@type\":\"EntryPoint\",\"urlTemplate\":\"https:\/\/www.fraczinet.cl\/sitio\/?s={search_term_string}\"},\"query-input\":{\"@type\":\"PropertyValueSpecification\",\"valueRequired\":true,\"valueName\":\"search_term_string\"}}],\"inLanguage\":\"es\"},{\"@type\":[\"Person\",\"Organization\"],\"@id\":\"https:\/\/www.fraczinet.cl\/sitio\/#\/schema\/person\/aec8ee4da68df2b9b0eefdad24a0d582\",\"name\":\"Luis Fernando Fraczinet\",\"image\":{\"@type\":\"ImageObject\",\"inLanguage\":\"es\",\"@id\":\"https:\/\/www.fraczinet.cl\/sitio\/#\/schema\/person\/image\/\",\"url\":\"https:\/\/www.fraczinet.cl\/sitio\/wp-content\/uploads\/2021\/07\/bannerlogo-1.gif\",\"contentUrl\":\"https:\/\/www.fraczinet.cl\/sitio\/wp-content\/uploads\/2021\/07\/bannerlogo-1.gif\",\"width\":159,\"height\":79,\"caption\":\"Luis Fernando Fraczinet\"},\"logo\":{\"@id\":\"https:\/\/www.fraczinet.cl\/sitio\/#\/schema\/person\/image\/\"},\"sameAs\":[\"https:\/\/www.fraczinet.cl\/sitio\/\"]},{\"@type\":\"Person\",\"@id\":\"https:\/\/www.fraczinet.cl\/sitio\/#\/schema\/person\/bc30f98e9cb10ae7e119dbe14bc93784\",\"name\":\"admin\",\"image\":{\"@type\":\"ImageObject\",\"inLanguage\":\"es\",\"@id\":\"https:\/\/www.fraczinet.cl\/sitio\/#\/schema\/person\/image\/\",\"url\":\"https:\/\/secure.gravatar.com\/avatar\/d5ad3cf7ef3b23a2bb5be73be780c86b2fc8545c3ad6b149f3913ff458c00099?s=96&d=mm&r=g\",\"contentUrl\":\"https:\/\/secure.gravatar.com\/avatar\/d5ad3cf7ef3b23a2bb5be73be780c86b2fc8545c3ad6b149f3913ff458c00099?s=96&d=mm&r=g\",\"caption\":\"admin\"},\"sameAs\":[\"https:\/\/www.fraczinet.cl\/sitio\"]}]}<\/script>\n<!-- \/ Yoast SEO plugin. -->","yoast_head_json":{"title":"3, 4 y 5 de Noviembre Se Realizar\u00e1 El Primer Congreso Nacional De Gesti\u00f3n Cultural - Nuestro Bio B\u00edo","robots":{"index":"index","follow":"follow","max-snippet":"max-snippet:-1","max-image-preview":"max-image-preview:large","max-video-preview":"max-video-preview:-1"},"canonical":"https:\/\/www.fraczinet.cl\/sitio\/2011\/10\/27\/3-4-y-5-de-noviembre-se-realizara-el-primer-congreso-nacional-de-gestion-cultural\/","og_locale":"es_ES","og_type":"article","og_title":"3, 4 y 5 de Noviembre Se Realizar\u00e1 El Primer Congreso Nacional De Gesti\u00f3n Cultural - Nuestro Bio B\u00edo","og_description":"A objeto de estimular y apoyar la participaci\u00f3n de los agentes culturales en el Primer Congreso Nacional de Gesti\u00f3n Cultural, Escenarios, tensiones y desaf\u00edos de la Gesti\u00f3n Cultural en Chile, a realizarse los d\u00edas 3, 4 y 5 de Noviembre de 2011 en la ciudad de Santiago, la Secretar\u00eda t\u00e9cnica del Congreso adjudicar\u00e1 un m\u00e1ximo [&hellip;]","og_url":"https:\/\/www.fraczinet.cl\/sitio\/2011\/10\/27\/3-4-y-5-de-noviembre-se-realizara-el-primer-congreso-nacional-de-gestion-cultural\/","og_site_name":"Nuestro Bio B\u00edo","article_published_time":"2011-10-27T22:45:00+00:00","article_modified_time":"2022-09-23T21:01:30+00:00","og_image":[{"width":400,"height":153,"url":"https:\/\/www.fraczinet.cl\/sitio\/wp-content\/uploads\/2011\/10\/primer-congreso-de-gestion-cultural.jpg","type":"image\/jpeg"}],"author":"admin","twitter_card":"summary_large_image","twitter_creator":"@nuestrobiobio","twitter_site":"@nuestrobiobio","twitter_misc":{"Escrito por":"admin","Tiempo de lectura":"2 minutos"},"schema":{"@context":"https:\/\/schema.org","@graph":[{"@type":"Article","@id":"https:\/\/www.fraczinet.cl\/sitio\/2011\/10\/27\/3-4-y-5-de-noviembre-se-realizara-el-primer-congreso-nacional-de-gestion-cultural\/#article","isPartOf":{"@id":"https:\/\/www.fraczinet.cl\/sitio\/2011\/10\/27\/3-4-y-5-de-noviembre-se-realizara-el-primer-congreso-nacional-de-gestion-cultural\/"},"author":{"name":"admin","@id":"https:\/\/www.fraczinet.cl\/sitio\/#\/schema\/person\/bc30f98e9cb10ae7e119dbe14bc93784"},"headline":"3, 4 y 5 de Noviembre Se Realizar\u00e1 El Primer Congreso Nacional De Gesti\u00f3n Cultural","datePublished":"2011-10-27T22:45:00+00:00","dateModified":"2022-09-23T21:01:30+00:00","mainEntityOfPage":{"@id":"https:\/\/www.fraczinet.cl\/sitio\/2011\/10\/27\/3-4-y-5-de-noviembre-se-realizara-el-primer-congreso-nacional-de-gestion-cultural\/"},"wordCount":410,"commentCount":0,"publisher":{"@id":"https:\/\/www.fraczinet.cl\/sitio\/#\/schema\/person\/aec8ee4da68df2b9b0eefdad24a0d582"},"image":{"@id":"https:\/\/www.fraczinet.cl\/sitio\/2011\/10\/27\/3-4-y-5-de-noviembre-se-realizara-el-primer-congreso-nacional-de-gestion-cultural\/#primaryimage"},"thumbnailUrl":"https:\/\/www.fraczinet.cl\/sitio\/wp-content\/uploads\/2011\/10\/primer-congreso-de-gestion-cultural.jpg","articleSection":["Congresos","Cultura"],"inLanguage":"es","potentialAction":[{"@type":"CommentAction","name":"Comment","target":["https:\/\/www.fraczinet.cl\/sitio\/2011\/10\/27\/3-4-y-5-de-noviembre-se-realizara-el-primer-congreso-nacional-de-gestion-cultural\/#respond"]}]},{"@type":"WebPage","@id":"https:\/\/www.fraczinet.cl\/sitio\/2011\/10\/27\/3-4-y-5-de-noviembre-se-realizara-el-primer-congreso-nacional-de-gestion-cultural\/","url":"https:\/\/www.fraczinet.cl\/sitio\/2011\/10\/27\/3-4-y-5-de-noviembre-se-realizara-el-primer-congreso-nacional-de-gestion-cultural\/","name":"3, 4 y 5 de Noviembre Se Realizar\u00e1 El Primer Congreso Nacional De Gesti\u00f3n Cultural - Nuestro Bio B\u00edo","isPartOf":{"@id":"https:\/\/www.fraczinet.cl\/sitio\/#website"},"primaryImageOfPage":{"@id":"https:\/\/www.fraczinet.cl\/sitio\/2011\/10\/27\/3-4-y-5-de-noviembre-se-realizara-el-primer-congreso-nacional-de-gestion-cultural\/#primaryimage"},"image":{"@id":"https:\/\/www.fraczinet.cl\/sitio\/2011\/10\/27\/3-4-y-5-de-noviembre-se-realizara-el-primer-congreso-nacional-de-gestion-cultural\/#primaryimage"},"thumbnailUrl":"https:\/\/www.fraczinet.cl\/sitio\/wp-content\/uploads\/2011\/10\/primer-congreso-de-gestion-cultural.jpg","datePublished":"2011-10-27T22:45:00+00:00","dateModified":"2022-09-23T21:01:30+00:00","breadcrumb":{"@id":"https:\/\/www.fraczinet.cl\/sitio\/2011\/10\/27\/3-4-y-5-de-noviembre-se-realizara-el-primer-congreso-nacional-de-gestion-cultural\/#breadcrumb"},"inLanguage":"es","potentialAction":[{"@type":"ReadAction","target":["https:\/\/www.fraczinet.cl\/sitio\/2011\/10\/27\/3-4-y-5-de-noviembre-se-realizara-el-primer-congreso-nacional-de-gestion-cultural\/"]}]},{"@type":"ImageObject","inLanguage":"es","@id":"https:\/\/www.fraczinet.cl\/sitio\/2011\/10\/27\/3-4-y-5-de-noviembre-se-realizara-el-primer-congreso-nacional-de-gestion-cultural\/#primaryimage","url":"https:\/\/www.fraczinet.cl\/sitio\/wp-content\/uploads\/2011\/10\/primer-congreso-de-gestion-cultural.jpg","contentUrl":"https:\/\/www.fraczinet.cl\/sitio\/wp-content\/uploads\/2011\/10\/primer-congreso-de-gestion-cultural.jpg","width":400,"height":153},{"@type":"BreadcrumbList","@id":"https:\/\/www.fraczinet.cl\/sitio\/2011\/10\/27\/3-4-y-5-de-noviembre-se-realizara-el-primer-congreso-nacional-de-gestion-cultural\/#breadcrumb","itemListElement":[{"@type":"ListItem","position":1,"name":"Portada","item":"https:\/\/www.fraczinet.cl\/sitio\/"},{"@type":"ListItem","position":2,"name":"3, 4 y 5 de Noviembre Se Realizar\u00e1 El Primer Congreso Nacional De Gesti\u00f3n Cultural"}]},{"@type":"WebSite","@id":"https:\/\/www.fraczinet.cl\/sitio\/#website","url":"https:\/\/www.fraczinet.cl\/sitio\/","name":"Nuestro Bio B\u00edo","description":"Tierra de Encuentros","publisher":{"@id":"https:\/\/www.fraczinet.cl\/sitio\/#\/schema\/person\/aec8ee4da68df2b9b0eefdad24a0d582"},"potentialAction":[{"@type":"SearchAction","target":{"@type":"EntryPoint","urlTemplate":"https:\/\/www.fraczinet.cl\/sitio\/?s={search_term_string}"},"query-input":{"@type":"PropertyValueSpecification","valueRequired":true,"valueName":"search_term_string"}}],"inLanguage":"es"},{"@type":["Person","Organization"],"@id":"https:\/\/www.fraczinet.cl\/sitio\/#\/schema\/person\/aec8ee4da68df2b9b0eefdad24a0d582","name":"Luis Fernando Fraczinet","image":{"@type":"ImageObject","inLanguage":"es","@id":"https:\/\/www.fraczinet.cl\/sitio\/#\/schema\/person\/image\/","url":"https:\/\/www.fraczinet.cl\/sitio\/wp-content\/uploads\/2021\/07\/bannerlogo-1.gif","contentUrl":"https:\/\/www.fraczinet.cl\/sitio\/wp-content\/uploads\/2021\/07\/bannerlogo-1.gif","width":159,"height":79,"caption":"Luis Fernando Fraczinet"},"logo":{"@id":"https:\/\/www.fraczinet.cl\/sitio\/#\/schema\/person\/image\/"},"sameAs":["https:\/\/www.fraczinet.cl\/sitio\/"]},{"@type":"Person","@id":"https:\/\/www.fraczinet.cl\/sitio\/#\/schema\/person\/bc30f98e9cb10ae7e119dbe14bc93784","name":"admin","image":{"@type":"ImageObject","inLanguage":"es","@id":"https:\/\/www.fraczinet.cl\/sitio\/#\/schema\/person\/image\/","url":"https:\/\/secure.gravatar.com\/avatar\/d5ad3cf7ef3b23a2bb5be73be780c86b2fc8545c3ad6b149f3913ff458c00099?s=96&d=mm&r=g","contentUrl":"https:\/\/secure.gravatar.com\/avatar\/d5ad3cf7ef3b23a2bb5be73be780c86b2fc8545c3ad6b149f3913ff458c00099?s=96&d=mm&r=g","caption":"admin"},"sameAs":["https:\/\/www.fraczinet.cl\/sitio"]}]}},"_links":{"self":[{"href":"https:\/\/www.fraczinet.cl\/sitio\/wp-json\/wp\/v2\/posts\/6019","targetHints":{"allow":["GET"]}}],"collection":[{"href":"https:\/\/www.fraczinet.cl\/sitio\/wp-json\/wp\/v2\/posts"}],"about":[{"href":"https:\/\/www.fraczinet.cl\/sitio\/wp-json\/wp\/v2\/types\/post"}],"author":[{"embeddable":true,"href":"https:\/\/www.fraczinet.cl\/sitio\/wp-json\/wp\/v2\/users\/1"}],"replies":[{"embeddable":true,"href":"https:\/\/www.fraczinet.cl\/sitio\/wp-json\/wp\/v2\/comments?post=6019"}],"version-history":[{"count":1,"href":"https:\/\/www.fraczinet.cl\/sitio\/wp-json\/wp\/v2\/posts\/6019\/revisions"}],"predecessor-version":[{"id":13246,"href":"https:\/\/www.fraczinet.cl\/sitio\/wp-json\/wp\/v2\/posts\/6019\/revisions\/13246"}],"wp:featuredmedia":[{"embeddable":true,"href":"https:\/\/www.fraczinet.cl\/sitio\/wp-json\/wp\/v2\/media\/13245"}],"wp:attachment":[{"href":"https:\/\/www.fraczinet.cl\/sitio\/wp-json\/wp\/v2\/media?parent=6019"}],"wp:term":[{"taxonomy":"category","embeddable":true,"href":"https:\/\/www.fraczinet.cl\/sitio\/wp-json\/wp\/v2\/categories?post=6019"},{"taxonomy":"post_tag","embeddable":true,"href":"https:\/\/www.fraczinet.cl\/sitio\/wp-json\/wp\/v2\/tags?post=6019"}],"curies":[{"name":"wp","href":"https:\/\/api.w.org\/{rel}","templated":true}]}}