{"id":6020,"date":"2011-10-27T22:25:00","date_gmt":"2011-10-27T22:25:00","guid":{"rendered":"https:\/\/www.fraczinet.cl\/sitio\/2011\/10\/27\/performance-y-conversatorio-del-artista-visual-guillermo-moscoso-en-los-angeles\/"},"modified":"2022-10-04T13:10:49","modified_gmt":"2022-10-04T13:10:49","slug":"performance-y-conversatorio-del-artista-visual-guillermo-moscoso-en-los-angeles","status":"publish","type":"post","link":"https:\/\/www.fraczinet.cl\/sitio\/2011\/10\/27\/performance-y-conversatorio-del-artista-visual-guillermo-moscoso-en-los-angeles\/","title":{"rendered":"Performance Y Conversatorio Del Artista Visual Guillermo Moscoso En Los \u00c1ngeles"},"content":{"rendered":"<p><a href=\"http:\/\/4.bp.blogspot.com\/-CQyzWrJi13g\/TqncHwRJ1oI\/AAAAAAAATkk\/rA-NZjWPnSY\/s1600\/performance.jpg\"><img decoding=\"async\" alt=\"\" border=\"0\" id=\"BLOGGER_PHOTO_ID_5668303631796524674\" src=\"http:\/\/4.bp.blogspot.com\/-CQyzWrJi13g\/TqncHwRJ1oI\/AAAAAAAATkk\/rA-NZjWPnSY\/s400\/performance.jpg\" style=\"cursor: pointer; float: left; height: 135px; margin: 0px 10px 10px 0px; width: 180px;\" \/><\/a>El Centro cultural 7 Ramas trae al destacado artista de la performance local.  Guillermo Moscoso, el artista que invita a la reflexi\u00f3n a trav\u00e9s de tem\u00e1ticas invisibilizadas por la sociedad en su conjunto, llega a la ciudad de Los \u00c1ngeles.  Con el objetivo de \u201cVisibilizar el trabajo en el \u00e1rea del Arte Acci\u00f3n, en especial la performance\u201d, el artista visual Guillermo Moscoso oriundo de la ciudad de Concepci\u00f3n realizara una actividad cultural de car\u00e1cter gratuito y abierto a toda la comunidad, el lunes 07 de noviembre de 2011 en el Auditorium Manuel Rioseco de la Universidad de Concepci\u00f3n del Campus Los \u00c1ngeles.&nbsp;<\/p>\n<div><\/div>\n<div>La actividad programada cuenta de dos partes que se describen a continuaci\u00f3n:  16:00 horas: Charla \u201cEl cuerpo visible\u201d. En esta ponencia el artista ahondara en el contexto local y nacional del arte de la performance, en especial el desarrollo, contexto y alcance social de su obra. Adem\u00e1s presentara el libro \u201cPerformance: Reconstrucci\u00f3n de la memoria\u201d, una iniciativa que reflexiona desde el arte acci\u00f3n sobre procesos socioculturales de cuatro localidades afectadas por el terremoto y maremoto del 27 de febrero de 2010.  19:00 horas: Presentaci\u00f3n de la Performance \u201cLa ultima cena\u201d. Acci\u00f3n que reflexiona a trav\u00e9s de met\u00e1foras sobre la memoria y reivindicaci\u00f3n de los derechos humanos y ciudadanos de todas aquellas personas que fallecieron y viven con VIH\/SIDA en la actualidad, junto a sus familiares y amigos\/as. A la vez ahonda en los distintos tipos de discriminaci\u00f3n ejercidos hacia las personas seropositivas en nuestra ciudad-pa\u00eds.&nbsp;<\/div>\n<div><\/div>\n<div>Para participar de esta actividad solo debes llegar o inscribirte en la Unidad de Extensi\u00f3n Universidad de Concepci\u00f3n, Juan Antonio Coloma 0201, Los \u00c1ngeles. Fono: 043-405225. Email: extensionla@audec.cl&nbsp;<\/div>\n<div><\/div>\n<div><span style=\"font-weight: bold;\">Sobre Guillermo Moscoso:<\/span> Artista Visual procedente de Concepci\u00f3n. Con estudios en Artes Pl\u00e1sticas en la Universidad de Concepci\u00f3n. La obra de Guillermo Moscoso ha transitado por los espacios de denuncia social, ligados a tem\u00e1ticas tan complejas como el VIH\/SIDA, pobreza, discriminaci\u00f3n, violencia y soledad. A partir de 1996, viene desarrollando la t\u00e9cnica del Arte de Acci\u00f3n, siendo un destacado exponente local en el \u00e1rea de la performance, hecho que lo ha llevado a presentarse en diversos encuentros, festivales y bienales en la regi\u00f3n y el pa\u00eds. Paralelo a ello su obra ha utilizado la t\u00e9cnica del grabado, pintura e instalaci\u00f3n. Su trabajo ha sido publicado en diversos libros y revistas especializadas.&nbsp;<\/div>\n<div><\/div>\n<div>En la actualidad publico el libro \u201cPerformance: reconstrucci\u00f3n de la memoria\u201d una reflexi\u00f3n en torno a la reconstrucci\u00f3n y recuperaci\u00f3n de la memoria de cuatro localidades afectadas por el terremoto y maremoto del 27 de febrero de 2010, proyecto financiado por el Fondo de Cultura del Gobierno Regional (FNDR).&nbsp;<\/div>\n","protected":false},"excerpt":{"rendered":"<p>El Centro cultural 7 Ramas trae al destacado artista de la performance local. Guillermo Moscoso, el artista que invita a la reflexi\u00f3n a trav\u00e9s de tem\u00e1ticas invisibilizadas por la sociedad en su conjunto, llega a la ciudad de Los \u00c1ngeles. Con el objetivo de \u201cVisibilizar el trabajo en el \u00e1rea del Arte Acci\u00f3n, en especial [&hellip;]<\/p>\n","protected":false},"author":1,"featured_media":0,"comment_status":"open","ping_status":"open","sticky":false,"template":"","format":"standard","meta":{"footnotes":""},"categories":[68,44],"tags":[],"class_list":["post-6020","post","type-post","status-publish","format-standard","hentry","category-artes-visuales","category-eventos"],"yoast_head":"<!-- This site is optimized with the Yoast SEO plugin v25.0 - https:\/\/yoast.com\/wordpress\/plugins\/seo\/ -->\n<title>Performance Y Conversatorio Del Artista Visual Guillermo Moscoso En Los \u00c1ngeles - Nuestro Bio B\u00edo<\/title>\n<meta name=\"robots\" content=\"index, follow, max-snippet:-1, max-image-preview:large, max-video-preview:-1\" \/>\n<link rel=\"canonical\" href=\"https:\/\/www.fraczinet.cl\/sitio\/2011\/10\/27\/performance-y-conversatorio-del-artista-visual-guillermo-moscoso-en-los-angeles\/\" \/>\n<meta property=\"og:locale\" content=\"es_ES\" \/>\n<meta property=\"og:type\" content=\"article\" \/>\n<meta property=\"og:title\" content=\"Performance Y Conversatorio Del Artista Visual Guillermo Moscoso En Los \u00c1ngeles - Nuestro Bio B\u00edo\" \/>\n<meta property=\"og:description\" content=\"El Centro cultural 7 Ramas trae al destacado artista de la performance local. Guillermo Moscoso, el artista que invita a la reflexi\u00f3n a trav\u00e9s de tem\u00e1ticas invisibilizadas por la sociedad en su conjunto, llega a la ciudad de Los \u00c1ngeles. Con el objetivo de \u201cVisibilizar el trabajo en el \u00e1rea del Arte Acci\u00f3n, en especial [&hellip;]\" \/>\n<meta property=\"og:url\" content=\"https:\/\/www.fraczinet.cl\/sitio\/2011\/10\/27\/performance-y-conversatorio-del-artista-visual-guillermo-moscoso-en-los-angeles\/\" \/>\n<meta property=\"og:site_name\" content=\"Nuestro Bio B\u00edo\" \/>\n<meta property=\"article:published_time\" content=\"2011-10-27T22:25:00+00:00\" \/>\n<meta property=\"article:modified_time\" content=\"2022-10-04T13:10:49+00:00\" \/>\n<meta property=\"og:image\" content=\"http:\/\/4.bp.blogspot.com\/-CQyzWrJi13g\/TqncHwRJ1oI\/AAAAAAAATkk\/rA-NZjWPnSY\/s400\/performance.jpg\" \/>\n<meta name=\"author\" content=\"admin\" \/>\n<meta name=\"twitter:card\" content=\"summary_large_image\" \/>\n<meta name=\"twitter:creator\" content=\"@nuestrobiobio\" \/>\n<meta name=\"twitter:site\" content=\"@nuestrobiobio\" \/>\n<meta name=\"twitter:label1\" content=\"Escrito por\" \/>\n\t<meta name=\"twitter:data1\" content=\"admin\" \/>\n\t<meta name=\"twitter:label2\" content=\"Tiempo de lectura\" \/>\n\t<meta name=\"twitter:data2\" content=\"2 minutos\" \/>\n<script type=\"application\/ld+json\" class=\"yoast-schema-graph\">{\"@context\":\"https:\/\/schema.org\",\"@graph\":[{\"@type\":\"Article\",\"@id\":\"https:\/\/www.fraczinet.cl\/sitio\/2011\/10\/27\/performance-y-conversatorio-del-artista-visual-guillermo-moscoso-en-los-angeles\/#article\",\"isPartOf\":{\"@id\":\"https:\/\/www.fraczinet.cl\/sitio\/2011\/10\/27\/performance-y-conversatorio-del-artista-visual-guillermo-moscoso-en-los-angeles\/\"},\"author\":{\"name\":\"admin\",\"@id\":\"https:\/\/www.fraczinet.cl\/sitio\/#\/schema\/person\/bc30f98e9cb10ae7e119dbe14bc93784\"},\"headline\":\"Performance Y Conversatorio Del Artista Visual Guillermo Moscoso En Los \u00c1ngeles\",\"datePublished\":\"2011-10-27T22:25:00+00:00\",\"dateModified\":\"2022-10-04T13:10:49+00:00\",\"mainEntityOfPage\":{\"@id\":\"https:\/\/www.fraczinet.cl\/sitio\/2011\/10\/27\/performance-y-conversatorio-del-artista-visual-guillermo-moscoso-en-los-angeles\/\"},\"wordCount\":480,\"commentCount\":0,\"publisher\":{\"@id\":\"https:\/\/www.fraczinet.cl\/sitio\/#\/schema\/person\/aec8ee4da68df2b9b0eefdad24a0d582\"},\"image\":{\"@id\":\"https:\/\/www.fraczinet.cl\/sitio\/2011\/10\/27\/performance-y-conversatorio-del-artista-visual-guillermo-moscoso-en-los-angeles\/#primaryimage\"},\"thumbnailUrl\":\"http:\/\/4.bp.blogspot.com\/-CQyzWrJi13g\/TqncHwRJ1oI\/AAAAAAAATkk\/rA-NZjWPnSY\/s400\/performance.jpg\",\"articleSection\":[\"Artes Visuales\",\"Eventos\"],\"inLanguage\":\"es\",\"potentialAction\":[{\"@type\":\"CommentAction\",\"name\":\"Comment\",\"target\":[\"https:\/\/www.fraczinet.cl\/sitio\/2011\/10\/27\/performance-y-conversatorio-del-artista-visual-guillermo-moscoso-en-los-angeles\/#respond\"]}]},{\"@type\":\"WebPage\",\"@id\":\"https:\/\/www.fraczinet.cl\/sitio\/2011\/10\/27\/performance-y-conversatorio-del-artista-visual-guillermo-moscoso-en-los-angeles\/\",\"url\":\"https:\/\/www.fraczinet.cl\/sitio\/2011\/10\/27\/performance-y-conversatorio-del-artista-visual-guillermo-moscoso-en-los-angeles\/\",\"name\":\"Performance Y Conversatorio Del Artista Visual Guillermo Moscoso En Los \u00c1ngeles - Nuestro Bio B\u00edo\",\"isPartOf\":{\"@id\":\"https:\/\/www.fraczinet.cl\/sitio\/#website\"},\"primaryImageOfPage\":{\"@id\":\"https:\/\/www.fraczinet.cl\/sitio\/2011\/10\/27\/performance-y-conversatorio-del-artista-visual-guillermo-moscoso-en-los-angeles\/#primaryimage\"},\"image\":{\"@id\":\"https:\/\/www.fraczinet.cl\/sitio\/2011\/10\/27\/performance-y-conversatorio-del-artista-visual-guillermo-moscoso-en-los-angeles\/#primaryimage\"},\"thumbnailUrl\":\"http:\/\/4.bp.blogspot.com\/-CQyzWrJi13g\/TqncHwRJ1oI\/AAAAAAAATkk\/rA-NZjWPnSY\/s400\/performance.jpg\",\"datePublished\":\"2011-10-27T22:25:00+00:00\",\"dateModified\":\"2022-10-04T13:10:49+00:00\",\"breadcrumb\":{\"@id\":\"https:\/\/www.fraczinet.cl\/sitio\/2011\/10\/27\/performance-y-conversatorio-del-artista-visual-guillermo-moscoso-en-los-angeles\/#breadcrumb\"},\"inLanguage\":\"es\",\"potentialAction\":[{\"@type\":\"ReadAction\",\"target\":[\"https:\/\/www.fraczinet.cl\/sitio\/2011\/10\/27\/performance-y-conversatorio-del-artista-visual-guillermo-moscoso-en-los-angeles\/\"]}]},{\"@type\":\"ImageObject\",\"inLanguage\":\"es\",\"@id\":\"https:\/\/www.fraczinet.cl\/sitio\/2011\/10\/27\/performance-y-conversatorio-del-artista-visual-guillermo-moscoso-en-los-angeles\/#primaryimage\",\"url\":\"http:\/\/4.bp.blogspot.com\/-CQyzWrJi13g\/TqncHwRJ1oI\/AAAAAAAATkk\/rA-NZjWPnSY\/s400\/performance.jpg\",\"contentUrl\":\"http:\/\/4.bp.blogspot.com\/-CQyzWrJi13g\/TqncHwRJ1oI\/AAAAAAAATkk\/rA-NZjWPnSY\/s400\/performance.jpg\"},{\"@type\":\"BreadcrumbList\",\"@id\":\"https:\/\/www.fraczinet.cl\/sitio\/2011\/10\/27\/performance-y-conversatorio-del-artista-visual-guillermo-moscoso-en-los-angeles\/#breadcrumb\",\"itemListElement\":[{\"@type\":\"ListItem\",\"position\":1,\"name\":\"Portada\",\"item\":\"https:\/\/www.fraczinet.cl\/sitio\/\"},{\"@type\":\"ListItem\",\"position\":2,\"name\":\"Performance Y Conversatorio Del Artista Visual Guillermo Moscoso En Los \u00c1ngeles\"}]},{\"@type\":\"WebSite\",\"@id\":\"https:\/\/www.fraczinet.cl\/sitio\/#website\",\"url\":\"https:\/\/www.fraczinet.cl\/sitio\/\",\"name\":\"Nuestro Bio B\u00edo\",\"description\":\"Tierra de Encuentros\",\"publisher\":{\"@id\":\"https:\/\/www.fraczinet.cl\/sitio\/#\/schema\/person\/aec8ee4da68df2b9b0eefdad24a0d582\"},\"potentialAction\":[{\"@type\":\"SearchAction\",\"target\":{\"@type\":\"EntryPoint\",\"urlTemplate\":\"https:\/\/www.fraczinet.cl\/sitio\/?s={search_term_string}\"},\"query-input\":{\"@type\":\"PropertyValueSpecification\",\"valueRequired\":true,\"valueName\":\"search_term_string\"}}],\"inLanguage\":\"es\"},{\"@type\":[\"Person\",\"Organization\"],\"@id\":\"https:\/\/www.fraczinet.cl\/sitio\/#\/schema\/person\/aec8ee4da68df2b9b0eefdad24a0d582\",\"name\":\"Luis Fernando Fraczinet\",\"image\":{\"@type\":\"ImageObject\",\"inLanguage\":\"es\",\"@id\":\"https:\/\/www.fraczinet.cl\/sitio\/#\/schema\/person\/image\/\",\"url\":\"https:\/\/www.fraczinet.cl\/sitio\/wp-content\/uploads\/2021\/07\/bannerlogo-1.gif\",\"contentUrl\":\"https:\/\/www.fraczinet.cl\/sitio\/wp-content\/uploads\/2021\/07\/bannerlogo-1.gif\",\"width\":159,\"height\":79,\"caption\":\"Luis Fernando Fraczinet\"},\"logo\":{\"@id\":\"https:\/\/www.fraczinet.cl\/sitio\/#\/schema\/person\/image\/\"},\"sameAs\":[\"https:\/\/www.fraczinet.cl\/sitio\/\"]},{\"@type\":\"Person\",\"@id\":\"https:\/\/www.fraczinet.cl\/sitio\/#\/schema\/person\/bc30f98e9cb10ae7e119dbe14bc93784\",\"name\":\"admin\",\"image\":{\"@type\":\"ImageObject\",\"inLanguage\":\"es\",\"@id\":\"https:\/\/www.fraczinet.cl\/sitio\/#\/schema\/person\/image\/\",\"url\":\"https:\/\/secure.gravatar.com\/avatar\/d5ad3cf7ef3b23a2bb5be73be780c86b2fc8545c3ad6b149f3913ff458c00099?s=96&d=mm&r=g\",\"contentUrl\":\"https:\/\/secure.gravatar.com\/avatar\/d5ad3cf7ef3b23a2bb5be73be780c86b2fc8545c3ad6b149f3913ff458c00099?s=96&d=mm&r=g\",\"caption\":\"admin\"},\"sameAs\":[\"https:\/\/www.fraczinet.cl\/sitio\"]}]}<\/script>\n<!-- \/ Yoast SEO plugin. -->","yoast_head_json":{"title":"Performance Y Conversatorio Del Artista Visual Guillermo Moscoso En Los \u00c1ngeles - Nuestro Bio B\u00edo","robots":{"index":"index","follow":"follow","max-snippet":"max-snippet:-1","max-image-preview":"max-image-preview:large","max-video-preview":"max-video-preview:-1"},"canonical":"https:\/\/www.fraczinet.cl\/sitio\/2011\/10\/27\/performance-y-conversatorio-del-artista-visual-guillermo-moscoso-en-los-angeles\/","og_locale":"es_ES","og_type":"article","og_title":"Performance Y Conversatorio Del Artista Visual Guillermo Moscoso En Los \u00c1ngeles - Nuestro Bio B\u00edo","og_description":"El Centro cultural 7 Ramas trae al destacado artista de la performance local. Guillermo Moscoso, el artista que invita a la reflexi\u00f3n a trav\u00e9s de tem\u00e1ticas invisibilizadas por la sociedad en su conjunto, llega a la ciudad de Los \u00c1ngeles. Con el objetivo de \u201cVisibilizar el trabajo en el \u00e1rea del Arte Acci\u00f3n, en especial [&hellip;]","og_url":"https:\/\/www.fraczinet.cl\/sitio\/2011\/10\/27\/performance-y-conversatorio-del-artista-visual-guillermo-moscoso-en-los-angeles\/","og_site_name":"Nuestro Bio B\u00edo","article_published_time":"2011-10-27T22:25:00+00:00","article_modified_time":"2022-10-04T13:10:49+00:00","og_image":[{"url":"http:\/\/4.bp.blogspot.com\/-CQyzWrJi13g\/TqncHwRJ1oI\/AAAAAAAATkk\/rA-NZjWPnSY\/s400\/performance.jpg","type":"","width":"","height":""}],"author":"admin","twitter_card":"summary_large_image","twitter_creator":"@nuestrobiobio","twitter_site":"@nuestrobiobio","twitter_misc":{"Escrito por":"admin","Tiempo de lectura":"2 minutos"},"schema":{"@context":"https:\/\/schema.org","@graph":[{"@type":"Article","@id":"https:\/\/www.fraczinet.cl\/sitio\/2011\/10\/27\/performance-y-conversatorio-del-artista-visual-guillermo-moscoso-en-los-angeles\/#article","isPartOf":{"@id":"https:\/\/www.fraczinet.cl\/sitio\/2011\/10\/27\/performance-y-conversatorio-del-artista-visual-guillermo-moscoso-en-los-angeles\/"},"author":{"name":"admin","@id":"https:\/\/www.fraczinet.cl\/sitio\/#\/schema\/person\/bc30f98e9cb10ae7e119dbe14bc93784"},"headline":"Performance Y Conversatorio Del Artista Visual Guillermo Moscoso En Los \u00c1ngeles","datePublished":"2011-10-27T22:25:00+00:00","dateModified":"2022-10-04T13:10:49+00:00","mainEntityOfPage":{"@id":"https:\/\/www.fraczinet.cl\/sitio\/2011\/10\/27\/performance-y-conversatorio-del-artista-visual-guillermo-moscoso-en-los-angeles\/"},"wordCount":480,"commentCount":0,"publisher":{"@id":"https:\/\/www.fraczinet.cl\/sitio\/#\/schema\/person\/aec8ee4da68df2b9b0eefdad24a0d582"},"image":{"@id":"https:\/\/www.fraczinet.cl\/sitio\/2011\/10\/27\/performance-y-conversatorio-del-artista-visual-guillermo-moscoso-en-los-angeles\/#primaryimage"},"thumbnailUrl":"http:\/\/4.bp.blogspot.com\/-CQyzWrJi13g\/TqncHwRJ1oI\/AAAAAAAATkk\/rA-NZjWPnSY\/s400\/performance.jpg","articleSection":["Artes Visuales","Eventos"],"inLanguage":"es","potentialAction":[{"@type":"CommentAction","name":"Comment","target":["https:\/\/www.fraczinet.cl\/sitio\/2011\/10\/27\/performance-y-conversatorio-del-artista-visual-guillermo-moscoso-en-los-angeles\/#respond"]}]},{"@type":"WebPage","@id":"https:\/\/www.fraczinet.cl\/sitio\/2011\/10\/27\/performance-y-conversatorio-del-artista-visual-guillermo-moscoso-en-los-angeles\/","url":"https:\/\/www.fraczinet.cl\/sitio\/2011\/10\/27\/performance-y-conversatorio-del-artista-visual-guillermo-moscoso-en-los-angeles\/","name":"Performance Y Conversatorio Del Artista Visual Guillermo Moscoso En Los \u00c1ngeles - Nuestro Bio B\u00edo","isPartOf":{"@id":"https:\/\/www.fraczinet.cl\/sitio\/#website"},"primaryImageOfPage":{"@id":"https:\/\/www.fraczinet.cl\/sitio\/2011\/10\/27\/performance-y-conversatorio-del-artista-visual-guillermo-moscoso-en-los-angeles\/#primaryimage"},"image":{"@id":"https:\/\/www.fraczinet.cl\/sitio\/2011\/10\/27\/performance-y-conversatorio-del-artista-visual-guillermo-moscoso-en-los-angeles\/#primaryimage"},"thumbnailUrl":"http:\/\/4.bp.blogspot.com\/-CQyzWrJi13g\/TqncHwRJ1oI\/AAAAAAAATkk\/rA-NZjWPnSY\/s400\/performance.jpg","datePublished":"2011-10-27T22:25:00+00:00","dateModified":"2022-10-04T13:10:49+00:00","breadcrumb":{"@id":"https:\/\/www.fraczinet.cl\/sitio\/2011\/10\/27\/performance-y-conversatorio-del-artista-visual-guillermo-moscoso-en-los-angeles\/#breadcrumb"},"inLanguage":"es","potentialAction":[{"@type":"ReadAction","target":["https:\/\/www.fraczinet.cl\/sitio\/2011\/10\/27\/performance-y-conversatorio-del-artista-visual-guillermo-moscoso-en-los-angeles\/"]}]},{"@type":"ImageObject","inLanguage":"es","@id":"https:\/\/www.fraczinet.cl\/sitio\/2011\/10\/27\/performance-y-conversatorio-del-artista-visual-guillermo-moscoso-en-los-angeles\/#primaryimage","url":"http:\/\/4.bp.blogspot.com\/-CQyzWrJi13g\/TqncHwRJ1oI\/AAAAAAAATkk\/rA-NZjWPnSY\/s400\/performance.jpg","contentUrl":"http:\/\/4.bp.blogspot.com\/-CQyzWrJi13g\/TqncHwRJ1oI\/AAAAAAAATkk\/rA-NZjWPnSY\/s400\/performance.jpg"},{"@type":"BreadcrumbList","@id":"https:\/\/www.fraczinet.cl\/sitio\/2011\/10\/27\/performance-y-conversatorio-del-artista-visual-guillermo-moscoso-en-los-angeles\/#breadcrumb","itemListElement":[{"@type":"ListItem","position":1,"name":"Portada","item":"https:\/\/www.fraczinet.cl\/sitio\/"},{"@type":"ListItem","position":2,"name":"Performance Y Conversatorio Del Artista Visual Guillermo Moscoso En Los \u00c1ngeles"}]},{"@type":"WebSite","@id":"https:\/\/www.fraczinet.cl\/sitio\/#website","url":"https:\/\/www.fraczinet.cl\/sitio\/","name":"Nuestro Bio B\u00edo","description":"Tierra de Encuentros","publisher":{"@id":"https:\/\/www.fraczinet.cl\/sitio\/#\/schema\/person\/aec8ee4da68df2b9b0eefdad24a0d582"},"potentialAction":[{"@type":"SearchAction","target":{"@type":"EntryPoint","urlTemplate":"https:\/\/www.fraczinet.cl\/sitio\/?s={search_term_string}"},"query-input":{"@type":"PropertyValueSpecification","valueRequired":true,"valueName":"search_term_string"}}],"inLanguage":"es"},{"@type":["Person","Organization"],"@id":"https:\/\/www.fraczinet.cl\/sitio\/#\/schema\/person\/aec8ee4da68df2b9b0eefdad24a0d582","name":"Luis Fernando Fraczinet","image":{"@type":"ImageObject","inLanguage":"es","@id":"https:\/\/www.fraczinet.cl\/sitio\/#\/schema\/person\/image\/","url":"https:\/\/www.fraczinet.cl\/sitio\/wp-content\/uploads\/2021\/07\/bannerlogo-1.gif","contentUrl":"https:\/\/www.fraczinet.cl\/sitio\/wp-content\/uploads\/2021\/07\/bannerlogo-1.gif","width":159,"height":79,"caption":"Luis Fernando Fraczinet"},"logo":{"@id":"https:\/\/www.fraczinet.cl\/sitio\/#\/schema\/person\/image\/"},"sameAs":["https:\/\/www.fraczinet.cl\/sitio\/"]},{"@type":"Person","@id":"https:\/\/www.fraczinet.cl\/sitio\/#\/schema\/person\/bc30f98e9cb10ae7e119dbe14bc93784","name":"admin","image":{"@type":"ImageObject","inLanguage":"es","@id":"https:\/\/www.fraczinet.cl\/sitio\/#\/schema\/person\/image\/","url":"https:\/\/secure.gravatar.com\/avatar\/d5ad3cf7ef3b23a2bb5be73be780c86b2fc8545c3ad6b149f3913ff458c00099?s=96&d=mm&r=g","contentUrl":"https:\/\/secure.gravatar.com\/avatar\/d5ad3cf7ef3b23a2bb5be73be780c86b2fc8545c3ad6b149f3913ff458c00099?s=96&d=mm&r=g","caption":"admin"},"sameAs":["https:\/\/www.fraczinet.cl\/sitio"]}]}},"_links":{"self":[{"href":"https:\/\/www.fraczinet.cl\/sitio\/wp-json\/wp\/v2\/posts\/6020","targetHints":{"allow":["GET"]}}],"collection":[{"href":"https:\/\/www.fraczinet.cl\/sitio\/wp-json\/wp\/v2\/posts"}],"about":[{"href":"https:\/\/www.fraczinet.cl\/sitio\/wp-json\/wp\/v2\/types\/post"}],"author":[{"embeddable":true,"href":"https:\/\/www.fraczinet.cl\/sitio\/wp-json\/wp\/v2\/users\/1"}],"replies":[{"embeddable":true,"href":"https:\/\/www.fraczinet.cl\/sitio\/wp-json\/wp\/v2\/comments?post=6020"}],"version-history":[{"count":1,"href":"https:\/\/www.fraczinet.cl\/sitio\/wp-json\/wp\/v2\/posts\/6020\/revisions"}],"predecessor-version":[{"id":13826,"href":"https:\/\/www.fraczinet.cl\/sitio\/wp-json\/wp\/v2\/posts\/6020\/revisions\/13826"}],"wp:attachment":[{"href":"https:\/\/www.fraczinet.cl\/sitio\/wp-json\/wp\/v2\/media?parent=6020"}],"wp:term":[{"taxonomy":"category","embeddable":true,"href":"https:\/\/www.fraczinet.cl\/sitio\/wp-json\/wp\/v2\/categories?post=6020"},{"taxonomy":"post_tag","embeddable":true,"href":"https:\/\/www.fraczinet.cl\/sitio\/wp-json\/wp\/v2\/tags?post=6020"}],"curies":[{"name":"wp","href":"https:\/\/api.w.org\/{rel}","templated":true}]}}