{"id":6023,"date":"2011-10-26T12:14:00","date_gmt":"2011-10-26T12:14:00","guid":{"rendered":"https:\/\/www.fraczinet.cl\/sitio\/2011\/10\/26\/fotografos-organizan-primer-photowalk-caminata-fotografica-en-tome\/"},"modified":"2022-10-06T23:01:36","modified_gmt":"2022-10-06T23:01:36","slug":"fotografos-organizan-primer-photowalk-caminata-fotografica-en-tome","status":"publish","type":"post","link":"https:\/\/www.fraczinet.cl\/sitio\/fotografos-organizan-primer-photowalk-caminata-fotografica-en-tome\/","title":{"rendered":"Fot\u00f3grafos Organizan Primer Photowalk (Caminata Fotogr\u00e1fica) En Tom\u00e9"},"content":{"rendered":"<p><a href=\"http:\/\/1.bp.blogspot.com\/-ul9iECcJAk8\/Tqf7gw5wZzI\/AAAAAAAATkY\/47xZKImSa7E\/s1600\/FOT3ROS_Tom%25C3%25A9600.jpg\"><img decoding=\"async\" alt=\"\" border=\"0\" id=\"BLOGGER_PHOTO_ID_5667775196370593586\" src=\"http:\/\/1.bp.blogspot.com\/-ul9iECcJAk8\/Tqf7gw5wZzI\/AAAAAAAATkY\/47xZKImSa7E\/s400\/FOT3ROS_Tom%25C3%25A9600.jpg\" style=\"cursor: pointer; display: block; height: 400px; margin: 0px auto 10px; text-align: center; width: 306px;\" \/><\/a> El equipo del videopodcast de fotograf\u00eda \u201cfot3ros\u201d organiza esta actividad, que consiste en realizar una caminata por la ciudad para tomar fotograf\u00edas.  Al finalizar la jornada, los asistentes podr\u00e1n ser parte de la grabaci\u00f3n de un cap\u00edtulo especial en el restaurant \u201cMargarita\u201d.  El viernes 28 de octubre, desde las 17 horas se realizar\u00e1 un photowalk en la ciudad de Tom\u00e9, organizado por el equipo del videopodcast fotogr\u00e1fico, \u201cfot3ros\u201d.  La invitaci\u00f3n es para todos los fot\u00f3grafos, tanto aficionados como profesionales, a participar de un tour por la ciudad costera, donde podr\u00e1n capturar fotograf\u00edas del entorno. Para finalizar la jornada, los asistentes podr\u00e1n ser parte de la grabaci\u00f3n de un cap\u00edtulo especial del videopodcast en el restaurant \u201cMargarita\u201d.&nbsp;<\/p>\n<div><\/div>\n<div>El lugar de encuentro para comenzar el recorrido ser\u00e1 el mercado fluvial (sector Explanada), a un costado de la estatua de San Pedro ubicada en dicha ciudad. Luego el grupo se reunir\u00e1 nuevamente a las 19 horas en las afueras del restaurant \u201cMargarita\u201d, situado en frente de la Plaza de Armas de Tom\u00e9.  El objetivo de esta actividad es difundir la pr\u00e1ctica de la fotograf\u00eda en la regi\u00f3n, y adem\u00e1s mostrar los parajes de la ciudad de Tom\u00e9 a quienes no los conozcan. Cuenta con el auspicio de la empresa Crisol y Taz\u00f3nMan\u00eda.  \u201cfot3ros\u201d es un videopodcast penquista dedicado a hablar de fotograf\u00eda y a difundir actividades en torno a este arte. Actualmente tiene 8 cap\u00edtulos, los cuales pueden encontrarse en YouTube. Su realizaci\u00f3n es posible gracias al \u00c1rea de Dise\u00f1o de Santo Tom\u00e1s y a Editando.cl  Para m\u00e1s informaci\u00f3n visitar la p\u00e1gina de Facebook www.facebook.com\/fot3ros&nbsp;<\/div>\n","protected":false},"excerpt":{"rendered":"<p>El equipo del videopodcast de fotograf\u00eda \u201cfot3ros\u201d organiza esta actividad, que consiste en realizar una caminata por la ciudad para tomar fotograf\u00edas. Al finalizar la jornada, los asistentes podr\u00e1n ser parte de la grabaci\u00f3n de un cap\u00edtulo especial en el restaurant \u201cMargarita\u201d. El viernes 28 de octubre, desde las 17 horas se realizar\u00e1 un photowalk [&hellip;]<\/p>\n","protected":false},"author":1,"featured_media":0,"comment_status":"open","ping_status":"closed","sticky":false,"template":"","format":"standard","meta":{"footnotes":""},"categories":[208],"tags":[],"class_list":["post-6023","post","type-post","status-publish","format-standard","hentry","category-fotografia"],"yoast_head":"<!-- This site is optimized with the Yoast SEO plugin v28.2 - https:\/\/yoast.com\/product\/yoast-seo-wordpress\/ -->\n<title>Fot\u00f3grafos Organizan Primer Photowalk (Caminata Fotogr\u00e1fica) En Tom\u00e9 - Nuestro Bio B\u00edo<\/title>\n<meta name=\"robots\" content=\"index, follow, max-snippet:-1, max-image-preview:large, max-video-preview:-1\" \/>\n<link rel=\"canonical\" href=\"https:\/\/www.fraczinet.cl\/sitio\/fotografos-organizan-primer-photowalk-caminata-fotografica-en-tome\/\" \/>\n<meta property=\"og:locale\" content=\"es_ES\" \/>\n<meta property=\"og:type\" content=\"article\" \/>\n<meta property=\"og:title\" content=\"Fot\u00f3grafos Organizan Primer Photowalk (Caminata Fotogr\u00e1fica) En Tom\u00e9 - Nuestro Bio B\u00edo\" \/>\n<meta property=\"og:description\" content=\"El equipo del videopodcast de fotograf\u00eda \u201cfot3ros\u201d organiza esta actividad, que consiste en realizar una caminata por la ciudad para tomar fotograf\u00edas. Al finalizar la jornada, los asistentes podr\u00e1n ser parte de la grabaci\u00f3n de un cap\u00edtulo especial en el restaurant \u201cMargarita\u201d. El viernes 28 de octubre, desde las 17 horas se realizar\u00e1 un photowalk [&hellip;]\" \/>\n<meta property=\"og:url\" content=\"https:\/\/www.fraczinet.cl\/sitio\/fotografos-organizan-primer-photowalk-caminata-fotografica-en-tome\/\" \/>\n<meta property=\"og:site_name\" content=\"Nuestro Bio B\u00edo\" \/>\n<meta property=\"article:publisher\" content=\"https:\/\/www.facebook.com\/groups\/15721414452\/\" \/>\n<meta property=\"article:published_time\" content=\"2011-10-26T12:14:00+00:00\" \/>\n<meta property=\"article:modified_time\" content=\"2022-10-06T23:01:36+00:00\" \/>\n<meta property=\"og:image\" content=\"http:\/\/1.bp.blogspot.com\/-ul9iECcJAk8\/Tqf7gw5wZzI\/AAAAAAAATkY\/47xZKImSa7E\/s400\/FOT3ROS_Tom%25C3%25A9600.jpg\" \/>\n<meta name=\"twitter:card\" content=\"summary_large_image\" \/>\n<meta name=\"twitter:creator\" content=\"@nuestrobiobio\" \/>\n<meta name=\"twitter:site\" content=\"@nuestrobiobio\" \/>\n<meta name=\"twitter:label1\" content=\"Escrito por\" \/>\n\t<meta name=\"twitter:data1\" content=\"\" \/>\n\t<meta name=\"twitter:label2\" content=\"Tiempo de lectura\" \/>\n\t<meta name=\"twitter:data2\" content=\"1 minuto\" \/>\n<script type=\"application\/ld+json\" class=\"yoast-schema-graph\">{\"@context\":\"https:\\\/\\\/schema.org\",\"@graph\":[{\"@type\":\"Article\",\"@id\":\"https:\\\/\\\/www.fraczinet.cl\\\/sitio\\\/fotografos-organizan-primer-photowalk-caminata-fotografica-en-tome\\\/#article\",\"isPartOf\":{\"@id\":\"https:\\\/\\\/www.fraczinet.cl\\\/sitio\\\/fotografos-organizan-primer-photowalk-caminata-fotografica-en-tome\\\/\"},\"author\":{\"name\":\"\",\"@id\":\"\"},\"headline\":\"Fot\u00f3grafos Organizan Primer Photowalk (Caminata Fotogr\u00e1fica) En Tom\u00e9\",\"datePublished\":\"2011-10-26T12:14:00+00:00\",\"dateModified\":\"2022-10-06T23:01:36+00:00\",\"mainEntityOfPage\":{\"@id\":\"https:\\\/\\\/www.fraczinet.cl\\\/sitio\\\/fotografos-organizan-primer-photowalk-caminata-fotografica-en-tome\\\/\"},\"wordCount\":305,\"commentCount\":0,\"image\":{\"@id\":\"https:\\\/\\\/www.fraczinet.cl\\\/sitio\\\/fotografos-organizan-primer-photowalk-caminata-fotografica-en-tome\\\/#primaryimage\"},\"thumbnailUrl\":\"http:\\\/\\\/1.bp.blogspot.com\\\/-ul9iECcJAk8\\\/Tqf7gw5wZzI\\\/AAAAAAAATkY\\\/47xZKImSa7E\\\/s400\\\/FOT3ROS_Tom%25C3%25A9600.jpg\",\"articleSection\":[\"Fotograf\u00eda\"],\"inLanguage\":\"es\",\"potentialAction\":[{\"@type\":\"CommentAction\",\"name\":\"Comment\",\"target\":[\"https:\\\/\\\/www.fraczinet.cl\\\/sitio\\\/fotografos-organizan-primer-photowalk-caminata-fotografica-en-tome\\\/#respond\"]}]},{\"@type\":\"WebPage\",\"@id\":\"https:\\\/\\\/www.fraczinet.cl\\\/sitio\\\/fotografos-organizan-primer-photowalk-caminata-fotografica-en-tome\\\/\",\"url\":\"https:\\\/\\\/www.fraczinet.cl\\\/sitio\\\/fotografos-organizan-primer-photowalk-caminata-fotografica-en-tome\\\/\",\"name\":\"Fot\u00f3grafos Organizan Primer Photowalk (Caminata Fotogr\u00e1fica) En Tom\u00e9 - Nuestro Bio B\u00edo\",\"isPartOf\":{\"@id\":\"https:\\\/\\\/www.fraczinet.cl\\\/sitio\\\/#website\"},\"primaryImageOfPage\":{\"@id\":\"https:\\\/\\\/www.fraczinet.cl\\\/sitio\\\/fotografos-organizan-primer-photowalk-caminata-fotografica-en-tome\\\/#primaryimage\"},\"image\":{\"@id\":\"https:\\\/\\\/www.fraczinet.cl\\\/sitio\\\/fotografos-organizan-primer-photowalk-caminata-fotografica-en-tome\\\/#primaryimage\"},\"thumbnailUrl\":\"http:\\\/\\\/1.bp.blogspot.com\\\/-ul9iECcJAk8\\\/Tqf7gw5wZzI\\\/AAAAAAAATkY\\\/47xZKImSa7E\\\/s400\\\/FOT3ROS_Tom%25C3%25A9600.jpg\",\"datePublished\":\"2011-10-26T12:14:00+00:00\",\"dateModified\":\"2022-10-06T23:01:36+00:00\",\"author\":{\"@id\":\"\"},\"breadcrumb\":{\"@id\":\"https:\\\/\\\/www.fraczinet.cl\\\/sitio\\\/fotografos-organizan-primer-photowalk-caminata-fotografica-en-tome\\\/#breadcrumb\"},\"inLanguage\":\"es\",\"potentialAction\":[{\"@type\":\"ReadAction\",\"target\":[\"https:\\\/\\\/www.fraczinet.cl\\\/sitio\\\/fotografos-organizan-primer-photowalk-caminata-fotografica-en-tome\\\/\"]}]},{\"@type\":\"ImageObject\",\"inLanguage\":\"es\",\"@id\":\"https:\\\/\\\/www.fraczinet.cl\\\/sitio\\\/fotografos-organizan-primer-photowalk-caminata-fotografica-en-tome\\\/#primaryimage\",\"url\":\"http:\\\/\\\/1.bp.blogspot.com\\\/-ul9iECcJAk8\\\/Tqf7gw5wZzI\\\/AAAAAAAATkY\\\/47xZKImSa7E\\\/s400\\\/FOT3ROS_Tom%25C3%25A9600.jpg\",\"contentUrl\":\"http:\\\/\\\/1.bp.blogspot.com\\\/-ul9iECcJAk8\\\/Tqf7gw5wZzI\\\/AAAAAAAATkY\\\/47xZKImSa7E\\\/s400\\\/FOT3ROS_Tom%25C3%25A9600.jpg\"},{\"@type\":\"BreadcrumbList\",\"@id\":\"https:\\\/\\\/www.fraczinet.cl\\\/sitio\\\/fotografos-organizan-primer-photowalk-caminata-fotografica-en-tome\\\/#breadcrumb\",\"itemListElement\":[{\"@type\":\"ListItem\",\"position\":1,\"name\":\"Portada\",\"item\":\"https:\\\/\\\/www.fraczinet.cl\\\/sitio\\\/\"},{\"@type\":\"ListItem\",\"position\":2,\"name\":\"Fot\u00f3grafos Organizan Primer Photowalk (Caminata Fotogr\u00e1fica) En Tom\u00e9\"}]},{\"@type\":\"WebSite\",\"@id\":\"https:\\\/\\\/www.fraczinet.cl\\\/sitio\\\/#website\",\"url\":\"https:\\\/\\\/www.fraczinet.cl\\\/sitio\\\/\",\"name\":\"Nuestro Bio B\u00edo\",\"description\":\"Tierra de Encuentros\",\"potentialAction\":[{\"@type\":\"SearchAction\",\"target\":{\"@type\":\"EntryPoint\",\"urlTemplate\":\"https:\\\/\\\/www.fraczinet.cl\\\/sitio\\\/?s={search_term_string}\"},\"query-input\":{\"@type\":\"PropertyValueSpecification\",\"valueRequired\":true,\"valueName\":\"search_term_string\"}}],\"inLanguage\":\"es\"},{\"@type\":\"Person\",\"@id\":\"\"}]}<\/script>\n<!-- \/ Yoast SEO plugin. -->","yoast_head_json":{"title":"Fot\u00f3grafos Organizan Primer Photowalk (Caminata Fotogr\u00e1fica) En Tom\u00e9 - Nuestro Bio B\u00edo","robots":{"index":"index","follow":"follow","max-snippet":"max-snippet:-1","max-image-preview":"max-image-preview:large","max-video-preview":"max-video-preview:-1"},"canonical":"https:\/\/www.fraczinet.cl\/sitio\/fotografos-organizan-primer-photowalk-caminata-fotografica-en-tome\/","og_locale":"es_ES","og_type":"article","og_title":"Fot\u00f3grafos Organizan Primer Photowalk (Caminata Fotogr\u00e1fica) En Tom\u00e9 - Nuestro Bio B\u00edo","og_description":"El equipo del videopodcast de fotograf\u00eda \u201cfot3ros\u201d organiza esta actividad, que consiste en realizar una caminata por la ciudad para tomar fotograf\u00edas. Al finalizar la jornada, los asistentes podr\u00e1n ser parte de la grabaci\u00f3n de un cap\u00edtulo especial en el restaurant \u201cMargarita\u201d. El viernes 28 de octubre, desde las 17 horas se realizar\u00e1 un photowalk [&hellip;]","og_url":"https:\/\/www.fraczinet.cl\/sitio\/fotografos-organizan-primer-photowalk-caminata-fotografica-en-tome\/","og_site_name":"Nuestro Bio B\u00edo","article_publisher":"https:\/\/www.facebook.com\/groups\/15721414452\/","article_published_time":"2011-10-26T12:14:00+00:00","article_modified_time":"2022-10-06T23:01:36+00:00","og_image":[{"url":"http:\/\/1.bp.blogspot.com\/-ul9iECcJAk8\/Tqf7gw5wZzI\/AAAAAAAATkY\/47xZKImSa7E\/s400\/FOT3ROS_Tom%25C3%25A9600.jpg","type":"","width":"","height":""}],"twitter_card":"summary_large_image","twitter_creator":"@nuestrobiobio","twitter_site":"@nuestrobiobio","twitter_misc":{"Escrito por":"","Tiempo de lectura":"1 minuto"},"schema":{"@context":"https:\/\/schema.org","@graph":[{"@type":"Article","@id":"https:\/\/www.fraczinet.cl\/sitio\/fotografos-organizan-primer-photowalk-caminata-fotografica-en-tome\/#article","isPartOf":{"@id":"https:\/\/www.fraczinet.cl\/sitio\/fotografos-organizan-primer-photowalk-caminata-fotografica-en-tome\/"},"author":{"name":"","@id":""},"headline":"Fot\u00f3grafos Organizan Primer Photowalk (Caminata Fotogr\u00e1fica) En Tom\u00e9","datePublished":"2011-10-26T12:14:00+00:00","dateModified":"2022-10-06T23:01:36+00:00","mainEntityOfPage":{"@id":"https:\/\/www.fraczinet.cl\/sitio\/fotografos-organizan-primer-photowalk-caminata-fotografica-en-tome\/"},"wordCount":305,"commentCount":0,"image":{"@id":"https:\/\/www.fraczinet.cl\/sitio\/fotografos-organizan-primer-photowalk-caminata-fotografica-en-tome\/#primaryimage"},"thumbnailUrl":"http:\/\/1.bp.blogspot.com\/-ul9iECcJAk8\/Tqf7gw5wZzI\/AAAAAAAATkY\/47xZKImSa7E\/s400\/FOT3ROS_Tom%25C3%25A9600.jpg","articleSection":["Fotograf\u00eda"],"inLanguage":"es","potentialAction":[{"@type":"CommentAction","name":"Comment","target":["https:\/\/www.fraczinet.cl\/sitio\/fotografos-organizan-primer-photowalk-caminata-fotografica-en-tome\/#respond"]}]},{"@type":"WebPage","@id":"https:\/\/www.fraczinet.cl\/sitio\/fotografos-organizan-primer-photowalk-caminata-fotografica-en-tome\/","url":"https:\/\/www.fraczinet.cl\/sitio\/fotografos-organizan-primer-photowalk-caminata-fotografica-en-tome\/","name":"Fot\u00f3grafos Organizan Primer Photowalk (Caminata Fotogr\u00e1fica) En Tom\u00e9 - Nuestro Bio B\u00edo","isPartOf":{"@id":"https:\/\/www.fraczinet.cl\/sitio\/#website"},"primaryImageOfPage":{"@id":"https:\/\/www.fraczinet.cl\/sitio\/fotografos-organizan-primer-photowalk-caminata-fotografica-en-tome\/#primaryimage"},"image":{"@id":"https:\/\/www.fraczinet.cl\/sitio\/fotografos-organizan-primer-photowalk-caminata-fotografica-en-tome\/#primaryimage"},"thumbnailUrl":"http:\/\/1.bp.blogspot.com\/-ul9iECcJAk8\/Tqf7gw5wZzI\/AAAAAAAATkY\/47xZKImSa7E\/s400\/FOT3ROS_Tom%25C3%25A9600.jpg","datePublished":"2011-10-26T12:14:00+00:00","dateModified":"2022-10-06T23:01:36+00:00","author":{"@id":""},"breadcrumb":{"@id":"https:\/\/www.fraczinet.cl\/sitio\/fotografos-organizan-primer-photowalk-caminata-fotografica-en-tome\/#breadcrumb"},"inLanguage":"es","potentialAction":[{"@type":"ReadAction","target":["https:\/\/www.fraczinet.cl\/sitio\/fotografos-organizan-primer-photowalk-caminata-fotografica-en-tome\/"]}]},{"@type":"ImageObject","inLanguage":"es","@id":"https:\/\/www.fraczinet.cl\/sitio\/fotografos-organizan-primer-photowalk-caminata-fotografica-en-tome\/#primaryimage","url":"http:\/\/1.bp.blogspot.com\/-ul9iECcJAk8\/Tqf7gw5wZzI\/AAAAAAAATkY\/47xZKImSa7E\/s400\/FOT3ROS_Tom%25C3%25A9600.jpg","contentUrl":"http:\/\/1.bp.blogspot.com\/-ul9iECcJAk8\/Tqf7gw5wZzI\/AAAAAAAATkY\/47xZKImSa7E\/s400\/FOT3ROS_Tom%25C3%25A9600.jpg"},{"@type":"BreadcrumbList","@id":"https:\/\/www.fraczinet.cl\/sitio\/fotografos-organizan-primer-photowalk-caminata-fotografica-en-tome\/#breadcrumb","itemListElement":[{"@type":"ListItem","position":1,"name":"Portada","item":"https:\/\/www.fraczinet.cl\/sitio\/"},{"@type":"ListItem","position":2,"name":"Fot\u00f3grafos Organizan Primer Photowalk (Caminata Fotogr\u00e1fica) En Tom\u00e9"}]},{"@type":"WebSite","@id":"https:\/\/www.fraczinet.cl\/sitio\/#website","url":"https:\/\/www.fraczinet.cl\/sitio\/","name":"Nuestro Bio B\u00edo","description":"Tierra de Encuentros","potentialAction":[{"@type":"SearchAction","target":{"@type":"EntryPoint","urlTemplate":"https:\/\/www.fraczinet.cl\/sitio\/?s={search_term_string}"},"query-input":{"@type":"PropertyValueSpecification","valueRequired":true,"valueName":"search_term_string"}}],"inLanguage":"es"},{"@type":"Person","@id":""}]}},"_links":{"self":[{"href":"https:\/\/www.fraczinet.cl\/sitio\/wp-json\/wp\/v2\/posts\/6023","targetHints":{"allow":["GET"]}}],"collection":[{"href":"https:\/\/www.fraczinet.cl\/sitio\/wp-json\/wp\/v2\/posts"}],"about":[{"href":"https:\/\/www.fraczinet.cl\/sitio\/wp-json\/wp\/v2\/types\/post"}],"author":[{"embeddable":true,"href":"https:\/\/www.fraczinet.cl\/sitio\/wp-json\/wp\/v2\/users\/1"}],"replies":[{"embeddable":true,"href":"https:\/\/www.fraczinet.cl\/sitio\/wp-json\/wp\/v2\/comments?post=6023"}],"version-history":[{"count":1,"href":"https:\/\/www.fraczinet.cl\/sitio\/wp-json\/wp\/v2\/posts\/6023\/revisions"}],"predecessor-version":[{"id":14325,"href":"https:\/\/www.fraczinet.cl\/sitio\/wp-json\/wp\/v2\/posts\/6023\/revisions\/14325"}],"wp:attachment":[{"href":"https:\/\/www.fraczinet.cl\/sitio\/wp-json\/wp\/v2\/media?parent=6023"}],"wp:term":[{"taxonomy":"category","embeddable":true,"href":"https:\/\/www.fraczinet.cl\/sitio\/wp-json\/wp\/v2\/categories?post=6023"},{"taxonomy":"post_tag","embeddable":true,"href":"https:\/\/www.fraczinet.cl\/sitio\/wp-json\/wp\/v2\/tags?post=6023"}],"curies":[{"name":"wp","href":"https:\/\/api.w.org\/{rel}","templated":true}]}}